{"id":12792,"date":"2020-06-08T13:42:54","date_gmt":"2020-06-08T11:42:54","guid":{"rendered":"https:\/\/www.apfelpatient.de\/?p=12792"},"modified":"2025-04-11T14:57:27","modified_gmt":"2025-04-11T12:57:27","slug":"corona-warning-app-starts-next-week","status":"publish","type":"post","link":"https:\/\/www.apfelpatient.de\/en\/news\/corona-warn-app-naechste-woche-gehts-los","title":{"rendered":"Corona warning app: It starts next week"},"content":{"rendered":"<p class=\"has-drop-cap\"><strong>About a week ago, the design of the Corona warning app was presented for the first time <a href=\"https:\/\/www.apfelpatient.de\/en\/news\/this-is-what-the-corona-warning-app-looks-like\" class=\"ek-link\"><span style=\"text-decoration: underline;\" class=\"ek-underline\">revealed<\/span><\/a>Now there is concrete information about the release date.&nbsp;<\/strong><\/p>\n\n\n\n<p>It took a long time, there was a lot of discussion - now it is finally here. According to Health Minister Spahn, the Corona warning app will be released next week. He explained to the &quot;Rheinische Post&quot;:&nbsp;<\/p>\n\n\n\n<blockquote class=\"wp-block-quote is-layout-flow wp-block-quote-is-layout-flow\"><p>We will introduce the app over the next week.<\/p><\/blockquote>\n\n\n\n<p>According to him, the app will have strict data protection requirements and will be energy efficient.&nbsp;<\/p>\n\n\n\n<blockquote class=\"wp-block-quote is-layout-flow wp-block-quote-is-layout-flow\"><p>Nobody uses an app that drains the phone\u2019s battery in just a few hours.<\/p><\/blockquote>\n\n\n\n<p>As is already known, the German Corona warning app relies entirely on decentralized storage. In order to offer maximum transparency, the application was made into an open source project. Originally, the <a href=\"https:\/\/www.apfelpatient.de\/en\/news\/corona-warn-app-new-website-goes-live\" class=\"ek-link\"><span style=\"text-decoration: underline;\" class=\"ek-underline\">app<\/span><\/a>, which is being developed by Deutsche Telekom and SAP, will be released in April. However, due to &quot;high demands&quot; on the software, the whole thing was delayed - as Spahn explained. It is also important that the Corona warning app works on all possible devices. It continues:&nbsp;<\/p>\n\n\n\n<h3 class=\"wp-block-heading\">Corona warning app is not a spy tool<\/h3>\n\n\n\n\n\n\n\n<blockquote class=\"wp-block-quote is-layout-flow wp-block-quote-is-layout-flow\"><p>If we can convince a few million citizens to use the app in the coming weeks, then I will be satisfied.<\/p><\/blockquote>\n\n\n\n<p>The federal government is planning a broad-based campaign, as has now become known. The purpose of the app is to break chains of infection and thus contain the spread of COVID-19. The bottom line is that the app should only be able to process the most relevant data and comply with both German and European data protection guidelines. However, there is no danger of tracking, as many believe. This is not only evident from the statements of those responsible but also from the <span style=\"text-decoration: underline;\" class=\"ek-underline\">code<\/span>The app will require iOS 13.5 or later as it uses Apple&#039;s new &quot;COVID-19 Exposure Notifications&quot; interface.&nbsp;<a href=\"https:\/\/www.amazon.de\/shop\/apfelpatientofficial?listId=2SH1KEP4J41TE&amp;ref=cm_sw_em_r_inf_list_own_apfelpatientofficial_dp_ZrWfgRbpxgBlW\" class=\"ek-link\"><span style=\"text-decoration: underline;\" class=\"ek-underline\">AirPods Pro on special offer at Amazon \u2013 now available for 226 euros<\/span><\/a>. <em>(Photo by Kzenon \/ Bigstockphoto)<\/em><\/p>\n\n\n\n\n\n<h6 class=\"wp-block-heading translation-block\" id=\"h-der-beitrag-enthalt-partnerlinks\">This post contains <a data-type=\"URL\" data-id=\"https:\/\/www.apfelpatient.de\/partnerprogramm\" href=\"https:\/\/www.apfelpatient.de\/en\/partner-program\" data-wpel-link=\"internal\" target=\"_self\">affiliate links<\/a>.<\/h6>","protected":false},"excerpt":{"rendered":"<p>About a week ago, the design of the Corona warning app was revealed for the first time. Now there is concrete information about the release date. <\/p>","protected":false},"author":2,"featured_media":12793,"comment_status":"closed","ping_status":"closed","sticky":false,"template":"","format":"standard","meta":{"jnews-multi-image_gallery":[],"jnews_single_post":{"subtitle":"","format":"standard","video":"","gallery":"","source_name":"","source_url":"","via_name":"","via_url":"","override":[{"single_blog_custom":"","sidebar":"","second_sidebar":"","share_position":"","share_float_style":"","post_date_format":"","post_date_format_custom":"","post_reading_time_wpm":"","zoom_button_out_step":"1","zoom_button_in_step":"1","number_popup_post":"1"}],"image_override":[{"single_post_thumbnail_size":"","single_post_gallery_size":""}],"trending_post_position":"","trending_post_label":"","sponsored_post_label":"","sponsored_post_name":"","sponsored_post_url":"","sponsored_post_logo":"","sponsored_post_desc":""},"jnews_primary_category":{"id":"265"},"footnotes":""},"categories":[9],"tags":[6,376,3],"class_list":["post-12792","post","type-post","status-publish","format-standard","has-post-thumbnail","hentry","category-news","tag-app-store","tag-coronavirus","tag-ios"],"yoast_head":"<!-- This site is optimized with the Yoast SEO Premium plugin v27.5 (Yoast SEO v27.5) - https:\/\/yoast.com\/product\/yoast-seo-premium-wordpress\/ -->\n<title>Corona-Warn-App: N\u00e4chste Woche gehts los Apfelpatient<\/title>\n<meta name=\"description\" content=\"Vor rund einer Woche wurde erstmals das Design der Corona-Warn-App enth\u00fcllt. Nun gibt es konkrete Informationen zum Erscheinungsdatum.\" \/>\n<meta name=\"robots\" content=\"index, follow, max-snippet:-1, max-image-preview:large, max-video-preview:-1\" \/>\n<link rel=\"canonical\" href=\"https:\/\/www.apfelpatient.de\/en\/news\/corona-warning-app-starts-next-week\" \/>\n<meta property=\"og:locale\" content=\"en_US\" \/>\n<meta property=\"og:type\" content=\"article\" \/>\n<meta property=\"og:title\" content=\"Corona-Warn-App: N\u00e4chste Woche gehts los\" \/>\n<meta property=\"og:description\" content=\"Vor rund einer Woche wurde erstmals das Design der Corona-Warn-App enth\u00fcllt. Nun gibt es konkrete Informationen zum Erscheinungsdatum.\" \/>\n<meta property=\"og:url\" content=\"https:\/\/www.apfelpatient.de\/en\/news\/corona-warning-app-starts-next-week\" \/>\n<meta property=\"og:site_name\" content=\"Apfelpatient\" \/>\n<meta property=\"article:publisher\" content=\"https:\/\/www.facebook.com\/apfelpatientOfficial\" \/>\n<meta property=\"article:author\" content=\"https:\/\/www.facebook.com\/apfelpatientOfficial\" \/>\n<meta property=\"article:published_time\" content=\"2020-06-08T11:42:54+00:00\" \/>\n<meta property=\"article:modified_time\" content=\"2025-04-11T12:57:27+00:00\" \/>\n<meta property=\"og:image\" content=\"https:\/\/www.apfelpatient.de\/wp-content\/uploads\/2020\/06\/bigstock-Woman-and-man-with-contact-tra-364447948.jpg\" \/>\n\t<meta property=\"og:image:width\" content=\"1600\" \/>\n\t<meta property=\"og:image:height\" content=\"1067\" \/>\n\t<meta property=\"og:image:type\" content=\"image\/jpeg\" \/>\n<meta name=\"author\" content=\"Milan\" \/>\n<meta name=\"twitter:card\" content=\"summary_large_image\" \/>\n<meta name=\"twitter:description\" content=\"Vor rund einer Woche wurde erstmals das Design der Corona-Warn-App enth\u00fcllt. Nun gibt es konkrete Informationen zum Erscheinungsdatum.\" \/>\n<meta name=\"twitter:label1\" content=\"Written by\" \/>\n\t<meta name=\"twitter:data1\" content=\"Milan\" \/>\n\t<meta name=\"twitter:label2\" content=\"Est. reading time\" \/>\n\t<meta name=\"twitter:data2\" content=\"5 minutes\" \/>\n<script type=\"application\/ld+json\" class=\"yoast-schema-graph\">{\"@context\":\"https:\\\/\\\/schema.org\",\"@graph\":[{\"@type\":\"NewsArticle\",\"@id\":\"https:\\\/\\\/www.apfelpatient.de\\\/news\\\/corona-warn-app-naechste-woche-gehts-los#article\",\"isPartOf\":{\"@id\":\"https:\\\/\\\/www.apfelpatient.de\\\/news\\\/corona-warn-app-naechste-woche-gehts-los\"},\"author\":{\"@type\":\"Organization\",\"@id\":\"https:\\\/\\\/www.apfelpatient.de\\\/en\\\/#organization\",\"name\":\"Apfelpatient\",\"url\":\"https:\\\/\\\/www.apfelpatient.de\\\/en\\\/\"},\"headline\":\"Corona-Warn-App: N\u00e4chste Woche gehts los\",\"datePublished\":\"2020-06-08T11:42:54+00:00\",\"dateModified\":\"2025-04-11T12:57:27+00:00\",\"mainEntityOfPage\":{\"@id\":\"https:\\\/\\\/www.apfelpatient.de\\\/news\\\/corona-warn-app-naechste-woche-gehts-los\"},\"wordCount\":317,\"publisher\":{\"@type\":\"Organization\",\"@id\":\"https:\\\/\\\/www.apfelpatient.de\\\/en\\\/#organization\",\"name\":\"Apfelpatient\",\"url\":\"https:\\\/\\\/www.apfelpatient.de\\\/en\\\/\"},\"image\":{\"@id\":\"https:\\\/\\\/www.apfelpatient.de\\\/news\\\/corona-warn-app-naechste-woche-gehts-los#primaryimage\"},\"thumbnailUrl\":\"https:\\\/\\\/www.apfelpatient.de\\\/wp-content\\\/uploads\\\/2020\\\/06\\\/bigstock-Woman-and-man-with-contact-tra-364447948.jpg\",\"keywords\":[\"App Store\",\"Coronavirus\",\"iOS\"],\"articleSection\":\"News\",\"inLanguage\":\"en-US\",\"copyrightYear\":\"2020\",\"copyrightHolder\":{\"@id\":\"https:\\\/\\\/www.apfelpatient.de\\\/en\\\/#organization\"}},{\"@type\":\"WebPage\",\"@id\":\"https:\\\/\\\/www.apfelpatient.de\\\/news\\\/corona-warn-app-naechste-woche-gehts-los\",\"url\":\"https:\\\/\\\/www.apfelpatient.de\\\/news\\\/corona-warn-app-naechste-woche-gehts-los\",\"name\":\"Corona-Warn-App: N\u00e4chste Woche gehts los Apfelpatient\",\"isPartOf\":{\"@id\":\"https:\\\/\\\/www.apfelpatient.de\\\/#website\"},\"primaryImageOfPage\":{\"@id\":\"https:\\\/\\\/www.apfelpatient.de\\\/news\\\/corona-warn-app-naechste-woche-gehts-los#primaryimage\"},\"image\":{\"@id\":\"https:\\\/\\\/www.apfelpatient.de\\\/news\\\/corona-warn-app-naechste-woche-gehts-los#primaryimage\"},\"thumbnailUrl\":\"https:\\\/\\\/www.apfelpatient.de\\\/wp-content\\\/uploads\\\/2020\\\/06\\\/bigstock-Woman-and-man-with-contact-tra-364447948.jpg\",\"datePublished\":\"2020-06-08T11:42:54+00:00\",\"dateModified\":\"2025-04-11T12:57:27+00:00\",\"description\":\"Vor rund einer Woche wurde erstmals das Design der Corona-Warn-App enth\u00fcllt. Nun gibt es konkrete Informationen zum Erscheinungsdatum.\",\"breadcrumb\":{\"@id\":\"https:\\\/\\\/www.apfelpatient.de\\\/news\\\/corona-warn-app-naechste-woche-gehts-los#breadcrumb\"},\"inLanguage\":\"en-US\",\"potentialAction\":[{\"@type\":\"ReadAction\",\"target\":[\"https:\\\/\\\/www.apfelpatient.de\\\/news\\\/corona-warn-app-naechste-woche-gehts-los\"]}]},{\"@type\":\"ImageObject\",\"inLanguage\":\"en-US\",\"@id\":\"https:\\\/\\\/www.apfelpatient.de\\\/news\\\/corona-warn-app-naechste-woche-gehts-los#primaryimage\",\"url\":\"https:\\\/\\\/www.apfelpatient.de\\\/wp-content\\\/uploads\\\/2020\\\/06\\\/bigstock-Woman-and-man-with-contact-tra-364447948.jpg\",\"contentUrl\":\"https:\\\/\\\/www.apfelpatient.de\\\/wp-content\\\/uploads\\\/2020\\\/06\\\/bigstock-Woman-and-man-with-contact-tra-364447948.jpg\",\"width\":1600,\"height\":1067,\"caption\":\"Woman and man with contact tracing app on their phones, only arms\"},{\"@type\":\"BreadcrumbList\",\"@id\":\"https:\\\/\\\/www.apfelpatient.de\\\/news\\\/corona-warn-app-naechste-woche-gehts-los#breadcrumb\",\"itemListElement\":[{\"@type\":\"ListItem\",\"position\":1,\"name\":\"Startseite\",\"item\":\"https:\\\/\\\/www.apfelpatient.de\\\/\"},{\"@type\":\"ListItem\",\"position\":2,\"name\":\"Corona-Warn-App: N\u00e4chste Woche gehts los\"}]},{\"@type\":\"WebSite\",\"@id\":\"https:\\\/\\\/www.apfelpatient.de\\\/#website\",\"url\":\"https:\\\/\\\/www.apfelpatient.de\\\/\",\"name\":\"Apfelpatient\",\"description\":\"Alles rund um Apple!\",\"publisher\":{\"@type\":\"Organization\",\"@id\":\"https:\\\/\\\/www.apfelpatient.de\\\/en\\\/#organization\",\"name\":\"Apfelpatient\",\"url\":\"https:\\\/\\\/www.apfelpatient.de\\\/en\\\/\"},\"alternateName\":\"Apfelpatient\",\"potentialAction\":[{\"@type\":\"SearchAction\",\"target\":{\"@type\":\"EntryPoint\",\"urlTemplate\":\"https:\\\/\\\/www.apfelpatient.de\\\/?s={search_term_string}\"},\"query-input\":{\"@type\":\"PropertyValueSpecification\",\"valueRequired\":true,\"valueName\":\"search_term_string\"}}],\"inLanguage\":\"en-US\"},{\"@type\":[\"Person\",\"Organization\"],\"@id\":\"https:\\\/\\\/www.apfelpatient.de\\\/#\\\/schema\\\/person\\\/7dc56ad6c8e9824b76d2c08d4c140e13\",\"name\":\"Milan\",\"logo\":{\"@id\":\"https:\\\/\\\/www.apfelpatient.de\\\/#\\\/schema\\\/person\\\/image\\\/\"},\"description\":\"Hallo und herzlich willkommen auf meinem Technik-Blog! Als gro\u00dfer Apple-Fan berichte ich hier \u00fcber alles, was mit Apple zu tun hat: von den neuesten News und spannenden Ger\u00fcchten \u00fcber hilfreiche Tipps und Tricks bis hin zu ausf\u00fchrlichen Produkttests. Wenn du genauso technikbegeistert bist wie ich, bist du hier genau richtig!\",\"sameAs\":[\"https:\\\/\\\/www.facebook.com\\\/apfelpatientOfficial\",\"https:\\\/\\\/www.linkedin.com\\\/in\\\/milan-jovicic-42aa0231b\"],\"url\":\"https:\\\/\\\/www.apfelpatient.de\\\/en\\\/author\\\/apfeladmin\"}]}<\/script>\n<!-- \/ Yoast SEO Premium plugin. -->","yoast_head_json":{"title":"Corona warning app: It starts next week Apfelpatient","description":"About a week ago, the design of the Corona warning app was revealed for the first time. Now there is concrete information about the release date.","robots":{"index":"index","follow":"follow","max-snippet":"max-snippet:-1","max-image-preview":"max-image-preview:large","max-video-preview":"max-video-preview:-1"},"canonical":"https:\/\/www.apfelpatient.de\/en\/news\/corona-warning-app-starts-next-week","og_locale":"en_US","og_type":"article","og_title":"Corona-Warn-App: N\u00e4chste Woche gehts los","og_description":"Vor rund einer Woche wurde erstmals das Design der Corona-Warn-App enth\u00fcllt. Nun gibt es konkrete Informationen zum Erscheinungsdatum.","og_url":"https:\/\/www.apfelpatient.de\/en\/news\/corona-warning-app-starts-next-week","og_site_name":"Apfelpatient","article_publisher":"https:\/\/www.facebook.com\/apfelpatientOfficial","article_author":"https:\/\/www.facebook.com\/apfelpatientOfficial","article_published_time":"2020-06-08T11:42:54+00:00","article_modified_time":"2025-04-11T12:57:27+00:00","og_image":[{"width":1600,"height":1067,"url":"https:\/\/www.apfelpatient.de\/wp-content\/uploads\/2020\/06\/bigstock-Woman-and-man-with-contact-tra-364447948.jpg","type":"image\/jpeg"}],"author":"Milan","twitter_card":"summary_large_image","twitter_description":"Vor rund einer Woche wurde erstmals das Design der Corona-Warn-App enth\u00fcllt. Nun gibt es konkrete Informationen zum Erscheinungsdatum.","twitter_misc":{"Written by":"Milan","Est. reading time":"5 minutes"},"schema":{"@context":"https:\/\/schema.org","@graph":[{"@type":"NewsArticle","@id":"https:\/\/www.apfelpatient.de\/news\/corona-warn-app-naechste-woche-gehts-los#article","isPartOf":{"@id":"https:\/\/www.apfelpatient.de\/news\/corona-warn-app-naechste-woche-gehts-los"},"author":{"@type":"Organization","@id":"https:\/\/www.apfelpatient.de\/en\/#organization","name":"Apfelpatient","url":"https:\/\/www.apfelpatient.de\/en\/"},"headline":"Corona-Warn-App: N\u00e4chste Woche gehts los","datePublished":"2020-06-08T11:42:54+00:00","dateModified":"2025-04-11T12:57:27+00:00","mainEntityOfPage":{"@id":"https:\/\/www.apfelpatient.de\/news\/corona-warn-app-naechste-woche-gehts-los"},"wordCount":317,"publisher":{"@type":"Organization","@id":"https:\/\/www.apfelpatient.de\/en\/#organization","name":"Apfelpatient","url":"https:\/\/www.apfelpatient.de\/en\/"},"image":{"@id":"https:\/\/www.apfelpatient.de\/news\/corona-warn-app-naechste-woche-gehts-los#primaryimage"},"thumbnailUrl":"https:\/\/www.apfelpatient.de\/wp-content\/uploads\/2020\/06\/bigstock-Woman-and-man-with-contact-tra-364447948.jpg","keywords":["App Store","Coronavirus","iOS"],"articleSection":"News","inLanguage":"en-US","copyrightYear":"2020","copyrightHolder":{"@id":"https:\/\/www.apfelpatient.de\/en\/#organization"}},{"@type":"WebPage","@id":"https:\/\/www.apfelpatient.de\/news\/corona-warn-app-naechste-woche-gehts-los","url":"https:\/\/www.apfelpatient.de\/news\/corona-warn-app-naechste-woche-gehts-los","name":"Corona warning app: It starts next week Apfelpatient","isPartOf":{"@id":"https:\/\/www.apfelpatient.de\/#website"},"primaryImageOfPage":{"@id":"https:\/\/www.apfelpatient.de\/news\/corona-warn-app-naechste-woche-gehts-los#primaryimage"},"image":{"@id":"https:\/\/www.apfelpatient.de\/news\/corona-warn-app-naechste-woche-gehts-los#primaryimage"},"thumbnailUrl":"https:\/\/www.apfelpatient.de\/wp-content\/uploads\/2020\/06\/bigstock-Woman-and-man-with-contact-tra-364447948.jpg","datePublished":"2020-06-08T11:42:54+00:00","dateModified":"2025-04-11T12:57:27+00:00","description":"About a week ago, the design of the Corona warning app was revealed for the first time. Now there is concrete information about the release date.","breadcrumb":{"@id":"https:\/\/www.apfelpatient.de\/news\/corona-warn-app-naechste-woche-gehts-los#breadcrumb"},"inLanguage":"en-US","potentialAction":[{"@type":"ReadAction","target":["https:\/\/www.apfelpatient.de\/news\/corona-warn-app-naechste-woche-gehts-los"]}]},{"@type":"ImageObject","inLanguage":"en-US","@id":"https:\/\/www.apfelpatient.de\/news\/corona-warn-app-naechste-woche-gehts-los#primaryimage","url":"https:\/\/www.apfelpatient.de\/wp-content\/uploads\/2020\/06\/bigstock-Woman-and-man-with-contact-tra-364447948.jpg","contentUrl":"https:\/\/www.apfelpatient.de\/wp-content\/uploads\/2020\/06\/bigstock-Woman-and-man-with-contact-tra-364447948.jpg","width":1600,"height":1067,"caption":"Woman and man with contact tracing app on their phones, only arms"},{"@type":"BreadcrumbList","@id":"https:\/\/www.apfelpatient.de\/news\/corona-warn-app-naechste-woche-gehts-los#breadcrumb","itemListElement":[{"@type":"ListItem","position":1,"name":"Startseite","item":"https:\/\/www.apfelpatient.de\/"},{"@type":"ListItem","position":2,"name":"Corona-Warn-App: N\u00e4chste Woche gehts los"}]},{"@type":"WebSite","@id":"https:\/\/www.apfelpatient.de\/#website","url":"https:\/\/www.apfelpatient.de\/","name":"apple patient","description":"Everything about Apple!","publisher":{"@type":"Organization","@id":"https:\/\/www.apfelpatient.de\/en\/#organization","name":"Apfelpatient","url":"https:\/\/www.apfelpatient.de\/en\/"},"alternateName":"Apfelpatient","potentialAction":[{"@type":"SearchAction","target":{"@type":"EntryPoint","urlTemplate":"https:\/\/www.apfelpatient.de\/?s={search_term_string}"},"query-input":{"@type":"PropertyValueSpecification","valueRequired":true,"valueName":"search_term_string"}}],"inLanguage":"en-US"},{"@type":["Person","Organization"],"@id":"https:\/\/www.apfelpatient.de\/#\/schema\/person\/7dc56ad6c8e9824b76d2c08d4c140e13","name":"Milan","logo":{"@id":"https:\/\/www.apfelpatient.de\/#\/schema\/person\/image\/"},"description":"Hello and welcome to my technology blog! As a big Apple fan, I report on everything to do with Apple: from the latest news and exciting rumors to helpful tips and tricks and detailed product tests. If you are as enthusiastic about technology as I am, you have come to the right place!","sameAs":["https:\/\/www.facebook.com\/apfelpatientOfficial","https:\/\/www.linkedin.com\/in\/milan-jovicic-42aa0231b"],"url":"https:\/\/www.apfelpatient.de\/en\/author\/apfeladmin"}]}},"_links":{"self":[{"href":"https:\/\/www.apfelpatient.de\/en\/wp-json\/wp\/v2\/posts\/12792","targetHints":{"allow":["GET"]}}],"collection":[{"href":"https:\/\/www.apfelpatient.de\/en\/wp-json\/wp\/v2\/posts"}],"about":[{"href":"https:\/\/www.apfelpatient.de\/en\/wp-json\/wp\/v2\/types\/post"}],"author":[{"embeddable":true,"href":"https:\/\/www.apfelpatient.de\/en\/wp-json\/wp\/v2\/users\/2"}],"replies":[{"embeddable":true,"href":"https:\/\/www.apfelpatient.de\/en\/wp-json\/wp\/v2\/comments?post=12792"}],"version-history":[{"count":0,"href":"https:\/\/www.apfelpatient.de\/en\/wp-json\/wp\/v2\/posts\/12792\/revisions"}],"wp:featuredmedia":[{"embeddable":true,"href":"https:\/\/www.apfelpatient.de\/en\/wp-json\/wp\/v2\/media\/12793"}],"wp:attachment":[{"href":"https:\/\/www.apfelpatient.de\/en\/wp-json\/wp\/v2\/media?parent=12792"}],"wp:term":[{"taxonomy":"category","embeddable":true,"href":"https:\/\/www.apfelpatient.de\/en\/wp-json\/wp\/v2\/categories?post=12792"},{"taxonomy":"post_tag","embeddable":true,"href":"https:\/\/www.apfelpatient.de\/en\/wp-json\/wp\/v2\/tags?post=12792"}],"curies":[{"name":"wp","href":"https:\/\/api.w.org\/{rel}","templated":true}]}}