{"id":12739,"date":"2020-06-03T16:55:51","date_gmt":"2020-06-03T14:55:51","guid":{"rendered":"https:\/\/www.apfelpatient.de\/?p=12739"},"modified":"2020-06-03T16:55:51","modified_gmt":"2020-06-03T14:55:51","slug":"ipad-pro-2021-with-a14x-miniled-and-more","status":"publish","type":"post","link":"https:\/\/www.apfelpatient.de\/en\/rumors\/ipad-pro-2021-mit-a14x-miniled-und-mehr","title":{"rendered":"iPad Pro 2021: With A14X, MiniLED and more"},"content":{"rendered":"<p class=\"has-drop-cap\"><strong>Apple launched the iPad Pro series in March 2020 <a href=\"https:\/\/www.apple.com\/de\/ipad\/\" class=\"ek-link\"><span style=\"text-decoration: underline;\" class=\"ek-underline\">updated<\/span><\/a> and made minimal changes - the main innovation is a new camera with a LiDAR scanner. Now there are rumors that a major update is due in early 2021.&nbsp;<\/strong><\/p>\n\n\n\n<p>The anonymous but also accurate Twitter account @<a href=\"https:\/\/twitter.com\/L0vetodream\" class=\"ek-link\"><span style=\"text-decoration: underline;\" class=\"ek-underline\">L0vetodream<\/span><\/a> confirmed details in a tweet that Apple will introduce new iPad Pro models in the first half of 2021. The devices are said to have Qualcomm&#039;s Snapdragon X55 modem and thus support 5G. They will work with both mmWave and sub-6GHz. Note: Although sub-6 GHz is slower than mmWave 5G technology, it has a greater range - suitable for rural areas. Since mmWave is faster but has a shorter range, this technology is more intended for large cities or urban areas.&nbsp;<\/p>\n\n\n\n<h3 class=\"wp-block-heading\">iPad Pro 2021 with new display technology<\/h3>\n\n\n\n\n\n\n\n<p>The same X55 modem is reportedly also being used in the iPhone 12 series. In addition to 5G, the new iPad Pro series will receive the A14X chip and have a miniLED display. The use of miniLED technology would also enable a flatter design, so it cannot be ruled out that the new tablet series will receive a modified housing. Originally, some sources claimed that the iPad Pro update in this form could still take place at the end of 2020. But these reports have since been corrected. Since the latest update is actually a <a href=\"https:\/\/www.apfelpatient.de\/en\/news\/ipad-pro-2020-old-chip-new-name\" class=\"ek-link\"><span style=\"text-decoration: underline;\" class=\"ek-underline\">minor update<\/span><\/a> was, it can be assumed that Apple is now preparing a comprehensive update of the professional tablet series. At the moment there is no reason to doubt @L0vetodream&#039;s statements, as he already stands out with an excellent success rate in this area. Apart from that, we have already read similar reports several times.&nbsp;<a href=\"https:\/\/www.amazon.de\/shop\/apfelpatientofficial?listId=2SH1KEP4J41TE&amp;ref=cm_sw_em_r_inf_list_own_apfelpatientofficial_dp_ZrWfgRbpxgBlW\" class=\"ek-link\"><span style=\"text-decoration: underline;\" class=\"ek-underline\">AirPods Pro on special offer at Amazon \u2013 now available for 228 euros<\/span><\/a>. <em>(Image: Apple)<\/em><\/p>\n\n\n\n\n\n<h6 class=\"wp-block-heading translation-block\" id=\"h-der-beitrag-enthalt-partnerlinks\">This post contains <a data-type=\"URL\" data-id=\"https:\/\/www.apfelpatient.de\/partnerprogramm\" href=\"https:\/\/www.apfelpatient.de\/en\/partner-program\" data-wpel-link=\"internal\" target=\"_self\">affiliate links<\/a>.<\/h6>","protected":false},"excerpt":{"rendered":"<p>iPad Pro 2021: There are now rumors that a major update is coming in early 2021. In addition to the A14X chip, 5G and more will be coming.<\/p>","protected":false},"author":2,"featured_media":10942,"comment_status":"closed","ping_status":"closed","sticky":false,"template":"","format":"standard","meta":{"jnews-multi-image_gallery":[],"jnews_single_post":{"subtitle":"","format":"standard","video":"","gallery":"","source_name":"","source_url":"","via_name":"","via_url":"","override":[{"single_blog_custom":"","sidebar":"","second_sidebar":"","share_position":"","share_float_style":"","post_date_format":"","post_date_format_custom":"","post_reading_time_wpm":"","zoom_button_out_step":"1","zoom_button_in_step":"1","number_popup_post":"1"}],"image_override":[{"single_post_thumbnail_size":"","single_post_gallery_size":""}],"trending_post_position":"","trending_post_label":"","sponsored_post_label":"","sponsored_post_name":"","sponsored_post_url":"","sponsored_post_logo":"","sponsored_post_desc":""},"jnews_primary_category":{"id":"274"},"footnotes":""},"categories":[25],"tags":[18,337],"class_list":["post-12739","post","type-post","status-publish","format-standard","has-post-thumbnail","hentry","category-rumors","tag-ipad","tag-ipad-pro-2021"],"yoast_head":"<!-- This site is optimized with the Yoast SEO Premium plugin v27.5 (Yoast SEO v27.5) - https:\/\/yoast.com\/product\/yoast-seo-premium-wordpress\/ -->\n<title>iPad Pro 2021: Mit A14X, MiniLED und mehr Apfelpatient<\/title>\n<meta name=\"description\" content=\"iPad Pro 2021: Nun gibt es Ger\u00fcchte, wonach ein umfangreiches Update Anfang 2021 anstehen soll. Neben dem A14X-Chip wird 5G und mehr kommen.\" \/>\n<meta name=\"robots\" content=\"index, follow, max-snippet:-1, max-image-preview:large, max-video-preview:-1\" \/>\n<link rel=\"canonical\" href=\"https:\/\/www.apfelpatient.de\/en\/rumors\/ipad-pro-2021-with-a14x-miniled-and-more\" \/>\n<meta property=\"og:locale\" content=\"en_US\" \/>\n<meta property=\"og:type\" content=\"article\" \/>\n<meta property=\"og:title\" content=\"iPad Pro 2021: Mit A14X, MiniLED und mehr\" \/>\n<meta property=\"og:description\" content=\"iPad Pro 2021: Nun gibt es Ger\u00fcchte, wonach ein umfangreiches Update Anfang 2021 anstehen soll. Neben dem A14X-Chip wird 5G und mehr kommen.\" \/>\n<meta property=\"og:url\" content=\"https:\/\/www.apfelpatient.de\/en\/rumors\/ipad-pro-2021-with-a14x-miniled-and-more\" \/>\n<meta property=\"og:site_name\" content=\"Apfelpatient\" \/>\n<meta property=\"article:publisher\" content=\"https:\/\/www.facebook.com\/apfelpatientOfficial\" \/>\n<meta property=\"article:author\" content=\"https:\/\/www.facebook.com\/apfelpatientOfficial\" \/>\n<meta property=\"article:published_time\" content=\"2020-06-03T14:55:51+00:00\" \/>\n<meta property=\"og:image\" content=\"https:\/\/www.apfelpatient.de\/wp-content\/uploads\/2020\/03\/Apple_new-iPad-Pro-AR-screen-3_03182020.jpg\" \/>\n\t<meta property=\"og:image:width\" content=\"1600\" \/>\n\t<meta property=\"og:image:height\" content=\"900\" \/>\n\t<meta property=\"og:image:type\" content=\"image\/jpeg\" \/>\n<meta name=\"author\" content=\"Milan\" \/>\n<meta name=\"twitter:card\" content=\"summary_large_image\" \/>\n<meta name=\"twitter:description\" content=\"iPad Pro 2021: Nun gibt es Ger\u00fcchte, wonach ein umfangreiches Update Anfang 2021 anstehen soll. Neben dem A14X-Chip wird 5G und mehr kommen.\" \/>\n<meta name=\"twitter:label1\" content=\"Written by\" \/>\n\t<meta name=\"twitter:data1\" content=\"Milan\" \/>\n\t<meta name=\"twitter:label2\" content=\"Est. reading time\" \/>\n\t<meta name=\"twitter:data2\" content=\"2 minutes\" \/>\n<script type=\"application\/ld+json\" class=\"yoast-schema-graph\">{\"@context\":\"https:\\\/\\\/schema.org\",\"@graph\":[{\"@type\":\"NewsArticle\",\"@id\":\"https:\\\/\\\/www.apfelpatient.de\\\/rumors\\\/ipad-pro-2021-mit-a14x-miniled-und-mehr#article\",\"isPartOf\":{\"@id\":\"https:\\\/\\\/www.apfelpatient.de\\\/rumors\\\/ipad-pro-2021-mit-a14x-miniled-und-mehr\"},\"author\":{\"@type\":\"Organization\",\"@id\":\"https:\\\/\\\/www.apfelpatient.de\\\/en\\\/#organization\",\"name\":\"Apfelpatient\",\"url\":\"https:\\\/\\\/www.apfelpatient.de\\\/en\\\/\"},\"headline\":\"iPad Pro 2021: Mit A14X, MiniLED und mehr\",\"datePublished\":\"2020-06-03T14:55:51+00:00\",\"mainEntityOfPage\":{\"@id\":\"https:\\\/\\\/www.apfelpatient.de\\\/rumors\\\/ipad-pro-2021-mit-a14x-miniled-und-mehr\"},\"wordCount\":314,\"publisher\":{\"@type\":\"Organization\",\"@id\":\"https:\\\/\\\/www.apfelpatient.de\\\/en\\\/#organization\",\"name\":\"Apfelpatient\",\"url\":\"https:\\\/\\\/www.apfelpatient.de\\\/en\\\/\"},\"image\":{\"@id\":\"https:\\\/\\\/www.apfelpatient.de\\\/rumors\\\/ipad-pro-2021-mit-a14x-miniled-und-mehr#primaryimage\"},\"thumbnailUrl\":\"https:\\\/\\\/www.apfelpatient.de\\\/wp-content\\\/uploads\\\/2020\\\/03\\\/Apple_new-iPad-Pro-AR-screen-3_03182020.jpg\",\"keywords\":[\"iPad\",\"iPad Pro 2021\"],\"articleSection\":\"Rumors\",\"inLanguage\":\"en-US\",\"copyrightYear\":\"2020\",\"copyrightHolder\":{\"@id\":\"https:\\\/\\\/www.apfelpatient.de\\\/en\\\/#organization\"}},{\"@type\":\"WebPage\",\"@id\":\"https:\\\/\\\/www.apfelpatient.de\\\/rumors\\\/ipad-pro-2021-mit-a14x-miniled-und-mehr\",\"url\":\"https:\\\/\\\/www.apfelpatient.de\\\/rumors\\\/ipad-pro-2021-mit-a14x-miniled-und-mehr\",\"name\":\"iPad Pro 2021: Mit A14X, MiniLED und mehr Apfelpatient\",\"isPartOf\":{\"@id\":\"https:\\\/\\\/www.apfelpatient.de\\\/#website\"},\"primaryImageOfPage\":{\"@id\":\"https:\\\/\\\/www.apfelpatient.de\\\/rumors\\\/ipad-pro-2021-mit-a14x-miniled-und-mehr#primaryimage\"},\"image\":{\"@id\":\"https:\\\/\\\/www.apfelpatient.de\\\/rumors\\\/ipad-pro-2021-mit-a14x-miniled-und-mehr#primaryimage\"},\"thumbnailUrl\":\"https:\\\/\\\/www.apfelpatient.de\\\/wp-content\\\/uploads\\\/2020\\\/03\\\/Apple_new-iPad-Pro-AR-screen-3_03182020.jpg\",\"datePublished\":\"2020-06-03T14:55:51+00:00\",\"description\":\"iPad Pro 2021: Nun gibt es Ger\u00fcchte, wonach ein umfangreiches Update Anfang 2021 anstehen soll. Neben dem A14X-Chip wird 5G und mehr kommen.\",\"breadcrumb\":{\"@id\":\"https:\\\/\\\/www.apfelpatient.de\\\/rumors\\\/ipad-pro-2021-mit-a14x-miniled-und-mehr#breadcrumb\"},\"inLanguage\":\"en-US\",\"potentialAction\":[{\"@type\":\"ReadAction\",\"target\":[\"https:\\\/\\\/www.apfelpatient.de\\\/rumors\\\/ipad-pro-2021-mit-a14x-miniled-und-mehr\"]}]},{\"@type\":\"ImageObject\",\"inLanguage\":\"en-US\",\"@id\":\"https:\\\/\\\/www.apfelpatient.de\\\/rumors\\\/ipad-pro-2021-mit-a14x-miniled-und-mehr#primaryimage\",\"url\":\"https:\\\/\\\/www.apfelpatient.de\\\/wp-content\\\/uploads\\\/2020\\\/03\\\/Apple_new-iPad-Pro-AR-screen-3_03182020.jpg\",\"contentUrl\":\"https:\\\/\\\/www.apfelpatient.de\\\/wp-content\\\/uploads\\\/2020\\\/03\\\/Apple_new-iPad-Pro-AR-screen-3_03182020.jpg\",\"width\":1600,\"height\":900,\"caption\":\"Bild: Apple\"},{\"@type\":\"BreadcrumbList\",\"@id\":\"https:\\\/\\\/www.apfelpatient.de\\\/rumors\\\/ipad-pro-2021-mit-a14x-miniled-und-mehr#breadcrumb\",\"itemListElement\":[{\"@type\":\"ListItem\",\"position\":1,\"name\":\"Startseite\",\"item\":\"https:\\\/\\\/www.apfelpatient.de\\\/\"},{\"@type\":\"ListItem\",\"position\":2,\"name\":\"iPad Pro 2021: Mit A14X, MiniLED und mehr\"}]},{\"@type\":\"WebSite\",\"@id\":\"https:\\\/\\\/www.apfelpatient.de\\\/#website\",\"url\":\"https:\\\/\\\/www.apfelpatient.de\\\/\",\"name\":\"Apfelpatient\",\"description\":\"Alles rund um Apple!\",\"publisher\":{\"@type\":\"Organization\",\"@id\":\"https:\\\/\\\/www.apfelpatient.de\\\/en\\\/#organization\",\"name\":\"Apfelpatient\",\"url\":\"https:\\\/\\\/www.apfelpatient.de\\\/en\\\/\"},\"alternateName\":\"Apfelpatient\",\"potentialAction\":[{\"@type\":\"SearchAction\",\"target\":{\"@type\":\"EntryPoint\",\"urlTemplate\":\"https:\\\/\\\/www.apfelpatient.de\\\/?s={search_term_string}\"},\"query-input\":{\"@type\":\"PropertyValueSpecification\",\"valueRequired\":true,\"valueName\":\"search_term_string\"}}],\"inLanguage\":\"en-US\"},{\"@type\":[\"Person\",\"Organization\"],\"@id\":\"https:\\\/\\\/www.apfelpatient.de\\\/#\\\/schema\\\/person\\\/7dc56ad6c8e9824b76d2c08d4c140e13\",\"name\":\"Milan\",\"logo\":{\"@id\":\"https:\\\/\\\/www.apfelpatient.de\\\/#\\\/schema\\\/person\\\/image\\\/\"},\"description\":\"Hallo und herzlich willkommen auf meinem Technik-Blog! Als gro\u00dfer Apple-Fan berichte ich hier \u00fcber alles, was mit Apple zu tun hat: von den neuesten News und spannenden Ger\u00fcchten \u00fcber hilfreiche Tipps und Tricks bis hin zu ausf\u00fchrlichen Produkttests. Wenn du genauso technikbegeistert bist wie ich, bist du hier genau richtig!\",\"sameAs\":[\"https:\\\/\\\/www.facebook.com\\\/apfelpatientOfficial\",\"https:\\\/\\\/www.linkedin.com\\\/in\\\/milan-jovicic-42aa0231b\"],\"url\":\"https:\\\/\\\/www.apfelpatient.de\\\/en\\\/author\\\/apfeladmin\"}]}<\/script>\n<!-- \/ Yoast SEO Premium plugin. -->","yoast_head_json":{"title":"iPad Pro 2021: With A14X, MiniLED and more Apfelpatient","description":"iPad Pro 2021: There are now rumors that a major update is coming in early 2021. In addition to the A14X chip, 5G and more will be coming.","robots":{"index":"index","follow":"follow","max-snippet":"max-snippet:-1","max-image-preview":"max-image-preview:large","max-video-preview":"max-video-preview:-1"},"canonical":"https:\/\/www.apfelpatient.de\/en\/rumors\/ipad-pro-2021-with-a14x-miniled-and-more","og_locale":"en_US","og_type":"article","og_title":"iPad Pro 2021: Mit A14X, MiniLED und mehr","og_description":"iPad Pro 2021: Nun gibt es Ger\u00fcchte, wonach ein umfangreiches Update Anfang 2021 anstehen soll. Neben dem A14X-Chip wird 5G und mehr kommen.","og_url":"https:\/\/www.apfelpatient.de\/en\/rumors\/ipad-pro-2021-with-a14x-miniled-and-more","og_site_name":"Apfelpatient","article_publisher":"https:\/\/www.facebook.com\/apfelpatientOfficial","article_author":"https:\/\/www.facebook.com\/apfelpatientOfficial","article_published_time":"2020-06-03T14:55:51+00:00","og_image":[{"width":1600,"height":900,"url":"https:\/\/www.apfelpatient.de\/wp-content\/uploads\/2020\/03\/Apple_new-iPad-Pro-AR-screen-3_03182020.jpg","type":"image\/jpeg"}],"author":"Milan","twitter_card":"summary_large_image","twitter_description":"iPad Pro 2021: Nun gibt es Ger\u00fcchte, wonach ein umfangreiches Update Anfang 2021 anstehen soll. Neben dem A14X-Chip wird 5G und mehr kommen.","twitter_misc":{"Written by":"Milan","Est. reading time":"2 minutes"},"schema":{"@context":"https:\/\/schema.org","@graph":[{"@type":"NewsArticle","@id":"https:\/\/www.apfelpatient.de\/rumors\/ipad-pro-2021-mit-a14x-miniled-und-mehr#article","isPartOf":{"@id":"https:\/\/www.apfelpatient.de\/rumors\/ipad-pro-2021-mit-a14x-miniled-und-mehr"},"author":{"@type":"Organization","@id":"https:\/\/www.apfelpatient.de\/en\/#organization","name":"Apfelpatient","url":"https:\/\/www.apfelpatient.de\/en\/"},"headline":"iPad Pro 2021: Mit A14X, MiniLED und mehr","datePublished":"2020-06-03T14:55:51+00:00","mainEntityOfPage":{"@id":"https:\/\/www.apfelpatient.de\/rumors\/ipad-pro-2021-mit-a14x-miniled-und-mehr"},"wordCount":314,"publisher":{"@type":"Organization","@id":"https:\/\/www.apfelpatient.de\/en\/#organization","name":"Apfelpatient","url":"https:\/\/www.apfelpatient.de\/en\/"},"image":{"@id":"https:\/\/www.apfelpatient.de\/rumors\/ipad-pro-2021-mit-a14x-miniled-und-mehr#primaryimage"},"thumbnailUrl":"https:\/\/www.apfelpatient.de\/wp-content\/uploads\/2020\/03\/Apple_new-iPad-Pro-AR-screen-3_03182020.jpg","keywords":["iPad","iPad Pro 2021"],"articleSection":"Rumors","inLanguage":"en-US","copyrightYear":"2020","copyrightHolder":{"@id":"https:\/\/www.apfelpatient.de\/en\/#organization"}},{"@type":"WebPage","@id":"https:\/\/www.apfelpatient.de\/rumors\/ipad-pro-2021-mit-a14x-miniled-und-mehr","url":"https:\/\/www.apfelpatient.de\/rumors\/ipad-pro-2021-mit-a14x-miniled-und-mehr","name":"iPad Pro 2021: With A14X, MiniLED and more Apfelpatient","isPartOf":{"@id":"https:\/\/www.apfelpatient.de\/#website"},"primaryImageOfPage":{"@id":"https:\/\/www.apfelpatient.de\/rumors\/ipad-pro-2021-mit-a14x-miniled-und-mehr#primaryimage"},"image":{"@id":"https:\/\/www.apfelpatient.de\/rumors\/ipad-pro-2021-mit-a14x-miniled-und-mehr#primaryimage"},"thumbnailUrl":"https:\/\/www.apfelpatient.de\/wp-content\/uploads\/2020\/03\/Apple_new-iPad-Pro-AR-screen-3_03182020.jpg","datePublished":"2020-06-03T14:55:51+00:00","description":"iPad Pro 2021: There are now rumors that a major update is coming in early 2021. In addition to the A14X chip, 5G and more will be coming.","breadcrumb":{"@id":"https:\/\/www.apfelpatient.de\/rumors\/ipad-pro-2021-mit-a14x-miniled-und-mehr#breadcrumb"},"inLanguage":"en-US","potentialAction":[{"@type":"ReadAction","target":["https:\/\/www.apfelpatient.de\/rumors\/ipad-pro-2021-mit-a14x-miniled-und-mehr"]}]},{"@type":"ImageObject","inLanguage":"en-US","@id":"https:\/\/www.apfelpatient.de\/rumors\/ipad-pro-2021-mit-a14x-miniled-und-mehr#primaryimage","url":"https:\/\/www.apfelpatient.de\/wp-content\/uploads\/2020\/03\/Apple_new-iPad-Pro-AR-screen-3_03182020.jpg","contentUrl":"https:\/\/www.apfelpatient.de\/wp-content\/uploads\/2020\/03\/Apple_new-iPad-Pro-AR-screen-3_03182020.jpg","width":1600,"height":900,"caption":"Bild: Apple"},{"@type":"BreadcrumbList","@id":"https:\/\/www.apfelpatient.de\/rumors\/ipad-pro-2021-mit-a14x-miniled-und-mehr#breadcrumb","itemListElement":[{"@type":"ListItem","position":1,"name":"Startseite","item":"https:\/\/www.apfelpatient.de\/"},{"@type":"ListItem","position":2,"name":"iPad Pro 2021: Mit A14X, MiniLED und mehr"}]},{"@type":"WebSite","@id":"https:\/\/www.apfelpatient.de\/#website","url":"https:\/\/www.apfelpatient.de\/","name":"apple patient","description":"Everything about Apple!","publisher":{"@type":"Organization","@id":"https:\/\/www.apfelpatient.de\/en\/#organization","name":"Apfelpatient","url":"https:\/\/www.apfelpatient.de\/en\/"},"alternateName":"Apfelpatient","potentialAction":[{"@type":"SearchAction","target":{"@type":"EntryPoint","urlTemplate":"https:\/\/www.apfelpatient.de\/?s={search_term_string}"},"query-input":{"@type":"PropertyValueSpecification","valueRequired":true,"valueName":"search_term_string"}}],"inLanguage":"en-US"},{"@type":["Person","Organization"],"@id":"https:\/\/www.apfelpatient.de\/#\/schema\/person\/7dc56ad6c8e9824b76d2c08d4c140e13","name":"Milan","logo":{"@id":"https:\/\/www.apfelpatient.de\/#\/schema\/person\/image\/"},"description":"Hello and welcome to my technology blog! As a big Apple fan, I report on everything to do with Apple: from the latest news and exciting rumors to helpful tips and tricks and detailed product tests. If you are as enthusiastic about technology as I am, you have come to the right place!","sameAs":["https:\/\/www.facebook.com\/apfelpatientOfficial","https:\/\/www.linkedin.com\/in\/milan-jovicic-42aa0231b"],"url":"https:\/\/www.apfelpatient.de\/en\/author\/apfeladmin"}]}},"_links":{"self":[{"href":"https:\/\/www.apfelpatient.de\/en\/wp-json\/wp\/v2\/posts\/12739","targetHints":{"allow":["GET"]}}],"collection":[{"href":"https:\/\/www.apfelpatient.de\/en\/wp-json\/wp\/v2\/posts"}],"about":[{"href":"https:\/\/www.apfelpatient.de\/en\/wp-json\/wp\/v2\/types\/post"}],"author":[{"embeddable":true,"href":"https:\/\/www.apfelpatient.de\/en\/wp-json\/wp\/v2\/users\/2"}],"replies":[{"embeddable":true,"href":"https:\/\/www.apfelpatient.de\/en\/wp-json\/wp\/v2\/comments?post=12739"}],"version-history":[{"count":0,"href":"https:\/\/www.apfelpatient.de\/en\/wp-json\/wp\/v2\/posts\/12739\/revisions"}],"wp:featuredmedia":[{"embeddable":true,"href":"https:\/\/www.apfelpatient.de\/en\/wp-json\/wp\/v2\/media\/10942"}],"wp:attachment":[{"href":"https:\/\/www.apfelpatient.de\/en\/wp-json\/wp\/v2\/media?parent=12739"}],"wp:term":[{"taxonomy":"category","embeddable":true,"href":"https:\/\/www.apfelpatient.de\/en\/wp-json\/wp\/v2\/categories?post=12739"},{"taxonomy":"post_tag","embeddable":true,"href":"https:\/\/www.apfelpatient.de\/en\/wp-json\/wp\/v2\/tags?post=12739"}],"curies":[{"name":"wp","href":"https:\/\/api.w.org\/{rel}","templated":true}]}}