{"id":12729,"date":"2020-06-03T11:37:13","date_gmt":"2020-06-03T09:37:13","guid":{"rendered":"https:\/\/www.apfelpatient.de\/?p=12729"},"modified":"2020-06-03T11:37:13","modified_gmt":"2020-06-03T09:37:13","slug":"the-new-ipad-air-with-usb-c-will-be-released","status":"publish","type":"post","link":"https:\/\/www.apfelpatient.de\/en\/rumors\/erscheint-das-neue-ipad-air-mit-usb-c","title":{"rendered":"Will the new iPad Air come with USB-C?"},"content":{"rendered":"<p class=\"has-drop-cap\"><strong>The fourth generation iPad Air could debut in the second half of 2020, preferably in the fall. Now there is speculation about the connection.<\/strong><\/p>\n\n\n\n<p>Rumors about the iPad Air 4 have been documented several times. Now the Japanese Apple Blog <a href=\"http:\/\/www.macotakara.jp\/blog\/rumor\/entry-39860.html\" class=\"ek-link\"><span style=\"text-decoration: underline;\" class=\"ek-underline\">Mac Otakara<\/span><\/a> has spoken out again. He claims to have received information from suppliers that the upcoming iPad Air could come with a USB-C port. It is also said that the device will be based on the 11-inch iPad Pro. This statement is in line with previous reports from other sources.<\/p>\n\n\n\n<h3 class=\"wp-block-heading\">iPad Air with MiniLED and Touch ID 2.0?<\/h3>\n\n\n\n\n\n\n\n<p>The well-known analyst Ming-Chi Kuo also believes that Apple will introduce a new 10.8-inch iPad at the end of the year. He did not reveal whether it will be an Air model, but it is likely. The anonymous Twitter user @<a href=\"https:\/\/www.apfelpatient.de\/en\/rumors\/ipad-air-with-touch-id-2-0-and-more-in-the-works\" class=\"ek-link\"><span style=\"text-decoration: underline;\" class=\"ek-underline\">L0vetodream<\/span><\/a> has also predicted a new iPad Air. But this one went a step further and announced an Air model with mini-LED technology and Touch ID in the display. Whether this is one and the same device remains to be seen. In addition to the iPad Air, Mac Otakara also mentioned an iPad mini, which is due to be released in 2021. It will be 8.5 to 9 inches in size and will continue to use Lightning rather than USB-C.&nbsp;<a href=\"https:\/\/www.amazon.de\/shop\/apfelpatientofficial?listId=2SH1KEP4J41TE&amp;ref=cm_sw_em_r_inf_list_own_apfelpatientofficial_dp_ZrWfgRbpxgBlW\" class=\"ek-link\"><span style=\"text-decoration: underline;\" class=\"ek-underline\">AirPods Pro on special offer at Amazon \u2013 now available for 228 euros<\/span>. <\/a><em>(Photo by tashka2000 \/ Bigstockphoto)<\/em><\/p>\n\n\n\n\n\n<h6 class=\"wp-block-heading translation-block\" id=\"h-der-beitrag-enthalt-partnerlinks\">This post contains <a data-type=\"URL\" data-id=\"https:\/\/www.apfelpatient.de\/partnerprogramm\" href=\"https:\/\/www.apfelpatient.de\/en\/partner-program\" data-wpel-link=\"internal\" target=\"_self\">affiliate links<\/a>.<\/h6>","protected":false},"excerpt":{"rendered":"<p>The fourth generation iPad Air could debut in the second half of 2020, preferably in the fall. USB-C in the future?<\/p>","protected":false},"author":2,"featured_media":12730,"comment_status":"closed","ping_status":"closed","sticky":false,"template":"","format":"standard","meta":{"jnews-multi-image_gallery":[],"jnews_single_post":{"subtitle":"","format":"standard","video":"","gallery":"","source_name":"","source_url":"","via_name":"","via_url":"","override":[{"single_blog_custom":"","sidebar":"","second_sidebar":"","share_position":"","share_float_style":"","post_date_format":"","post_date_format_custom":"","post_reading_time_wpm":"","zoom_button_out_step":"1","zoom_button_in_step":"1","number_popup_post":"1"}],"image_override":[{"single_post_thumbnail_size":"","single_post_gallery_size":""}],"trending_post_position":"","trending_post_label":"","sponsored_post_label":"","sponsored_post_name":"","sponsored_post_url":"","sponsored_post_logo":"","sponsored_post_desc":""},"jnews_primary_category":{"id":"274"},"footnotes":""},"categories":[25],"tags":[18,240],"class_list":["post-12729","post","type-post","status-publish","format-standard","has-post-thumbnail","hentry","category-rumors","tag-ipad","tag-ipad-air"],"yoast_head":"<!-- This site is optimized with the Yoast SEO Premium plugin v27.5 (Yoast SEO v27.5) - https:\/\/yoast.com\/product\/yoast-seo-premium-wordpress\/ -->\n<title>Erscheint das neue iPad Air mit USB-C? Apfelpatient<\/title>\n<meta name=\"description\" content=\"Das iPad Air der vierten Generation k\u00f6nnte in der zweiten Jahresh\u00e4lfte 2020 deb\u00fctieren, vorzugsweise im Herbst. In Zukunft mit USB-C?\" \/>\n<meta name=\"robots\" content=\"index, follow, max-snippet:-1, max-image-preview:large, max-video-preview:-1\" \/>\n<link rel=\"canonical\" href=\"https:\/\/www.apfelpatient.de\/en\/rumors\/the-new-ipad-air-with-usb-c-will-be-released\" \/>\n<meta property=\"og:locale\" content=\"en_US\" \/>\n<meta property=\"og:type\" content=\"article\" \/>\n<meta property=\"og:title\" content=\"Erscheint das neue iPad Air mit USB-C?\" \/>\n<meta property=\"og:description\" content=\"Das iPad Air der vierten Generation k\u00f6nnte in der zweiten Jahresh\u00e4lfte 2020 deb\u00fctieren, vorzugsweise im Herbst. In Zukunft mit USB-C?\" \/>\n<meta property=\"og:url\" content=\"https:\/\/www.apfelpatient.de\/en\/rumors\/the-new-ipad-air-with-usb-c-will-be-released\" \/>\n<meta property=\"og:site_name\" content=\"Apfelpatient\" \/>\n<meta property=\"article:publisher\" content=\"https:\/\/www.facebook.com\/apfelpatientOfficial\" \/>\n<meta property=\"article:author\" content=\"https:\/\/www.facebook.com\/apfelpatientOfficial\" \/>\n<meta property=\"article:published_time\" content=\"2020-06-03T09:37:13+00:00\" \/>\n<meta property=\"og:image\" content=\"https:\/\/www.apfelpatient.de\/wp-content\/uploads\/2020\/06\/bigstock-Apple-Ipad-Air-82579082.jpg\" \/>\n\t<meta property=\"og:image:width\" content=\"1600\" \/>\n\t<meta property=\"og:image:height\" content=\"1302\" \/>\n\t<meta property=\"og:image:type\" content=\"image\/jpeg\" \/>\n<meta name=\"author\" content=\"Milan\" \/>\n<meta name=\"twitter:card\" content=\"summary_large_image\" \/>\n<meta name=\"twitter:description\" content=\"Das iPad Air der vierten Generation k\u00f6nnte in der zweiten Jahresh\u00e4lfte 2020 deb\u00fctieren, vorzugsweise im Herbst. In Zukunft mit USB-C?\" \/>\n<meta name=\"twitter:label1\" content=\"Written by\" \/>\n\t<meta name=\"twitter:data1\" content=\"Milan\" \/>\n\t<meta name=\"twitter:label2\" content=\"Est. reading time\" \/>\n\t<meta name=\"twitter:data2\" content=\"1 minute\" \/>\n<script type=\"application\/ld+json\" class=\"yoast-schema-graph\">{\"@context\":\"https:\\\/\\\/schema.org\",\"@graph\":[{\"@type\":\"NewsArticle\",\"@id\":\"https:\\\/\\\/www.apfelpatient.de\\\/rumors\\\/erscheint-das-neue-ipad-air-mit-usb-c#article\",\"isPartOf\":{\"@id\":\"https:\\\/\\\/www.apfelpatient.de\\\/rumors\\\/erscheint-das-neue-ipad-air-mit-usb-c\"},\"author\":{\"@type\":\"Organization\",\"@id\":\"https:\\\/\\\/www.apfelpatient.de\\\/en\\\/#organization\",\"name\":\"Apfelpatient\",\"url\":\"https:\\\/\\\/www.apfelpatient.de\\\/en\\\/\"},\"headline\":\"Erscheint das neue iPad Air mit USB-C?\",\"datePublished\":\"2020-06-03T09:37:13+00:00\",\"mainEntityOfPage\":{\"@id\":\"https:\\\/\\\/www.apfelpatient.de\\\/rumors\\\/erscheint-das-neue-ipad-air-mit-usb-c\"},\"wordCount\":241,\"publisher\":{\"@type\":\"Organization\",\"@id\":\"https:\\\/\\\/www.apfelpatient.de\\\/en\\\/#organization\",\"name\":\"Apfelpatient\",\"url\":\"https:\\\/\\\/www.apfelpatient.de\\\/en\\\/\"},\"image\":{\"@id\":\"https:\\\/\\\/www.apfelpatient.de\\\/rumors\\\/erscheint-das-neue-ipad-air-mit-usb-c#primaryimage\"},\"thumbnailUrl\":\"https:\\\/\\\/www.apfelpatient.de\\\/wp-content\\\/uploads\\\/2020\\\/06\\\/bigstock-Apple-Ipad-Air-82579082.jpg\",\"keywords\":[\"iPad\",\"iPad Air\"],\"articleSection\":\"Rumors\",\"inLanguage\":\"en-US\",\"copyrightYear\":\"2020\",\"copyrightHolder\":{\"@id\":\"https:\\\/\\\/www.apfelpatient.de\\\/en\\\/#organization\"}},{\"@type\":\"WebPage\",\"@id\":\"https:\\\/\\\/www.apfelpatient.de\\\/rumors\\\/erscheint-das-neue-ipad-air-mit-usb-c\",\"url\":\"https:\\\/\\\/www.apfelpatient.de\\\/rumors\\\/erscheint-das-neue-ipad-air-mit-usb-c\",\"name\":\"Erscheint das neue iPad Air mit USB-C? Apfelpatient\",\"isPartOf\":{\"@id\":\"https:\\\/\\\/www.apfelpatient.de\\\/#website\"},\"primaryImageOfPage\":{\"@id\":\"https:\\\/\\\/www.apfelpatient.de\\\/rumors\\\/erscheint-das-neue-ipad-air-mit-usb-c#primaryimage\"},\"image\":{\"@id\":\"https:\\\/\\\/www.apfelpatient.de\\\/rumors\\\/erscheint-das-neue-ipad-air-mit-usb-c#primaryimage\"},\"thumbnailUrl\":\"https:\\\/\\\/www.apfelpatient.de\\\/wp-content\\\/uploads\\\/2020\\\/06\\\/bigstock-Apple-Ipad-Air-82579082.jpg\",\"datePublished\":\"2020-06-03T09:37:13+00:00\",\"description\":\"Das iPad Air der vierten Generation k\u00f6nnte in der zweiten Jahresh\u00e4lfte 2020 deb\u00fctieren, vorzugsweise im Herbst. In Zukunft mit USB-C?\",\"breadcrumb\":{\"@id\":\"https:\\\/\\\/www.apfelpatient.de\\\/rumors\\\/erscheint-das-neue-ipad-air-mit-usb-c#breadcrumb\"},\"inLanguage\":\"en-US\",\"potentialAction\":[{\"@type\":\"ReadAction\",\"target\":[\"https:\\\/\\\/www.apfelpatient.de\\\/rumors\\\/erscheint-das-neue-ipad-air-mit-usb-c\"]}]},{\"@type\":\"ImageObject\",\"inLanguage\":\"en-US\",\"@id\":\"https:\\\/\\\/www.apfelpatient.de\\\/rumors\\\/erscheint-das-neue-ipad-air-mit-usb-c#primaryimage\",\"url\":\"https:\\\/\\\/www.apfelpatient.de\\\/wp-content\\\/uploads\\\/2020\\\/06\\\/bigstock-Apple-Ipad-Air-82579082.jpg\",\"contentUrl\":\"https:\\\/\\\/www.apfelpatient.de\\\/wp-content\\\/uploads\\\/2020\\\/06\\\/bigstock-Apple-Ipad-Air-82579082.jpg\",\"width\":1600,\"height\":1302,\"caption\":\"KIEV UKRAINE - JANUARY 29 2015: Brand new white Apple iPad Air 2 6th generation of the iPad developed by Apple inc. and was released on October 16 2014\"},{\"@type\":\"BreadcrumbList\",\"@id\":\"https:\\\/\\\/www.apfelpatient.de\\\/rumors\\\/erscheint-das-neue-ipad-air-mit-usb-c#breadcrumb\",\"itemListElement\":[{\"@type\":\"ListItem\",\"position\":1,\"name\":\"Startseite\",\"item\":\"https:\\\/\\\/www.apfelpatient.de\\\/\"},{\"@type\":\"ListItem\",\"position\":2,\"name\":\"Erscheint das neue iPad Air mit USB-C?\"}]},{\"@type\":\"WebSite\",\"@id\":\"https:\\\/\\\/www.apfelpatient.de\\\/#website\",\"url\":\"https:\\\/\\\/www.apfelpatient.de\\\/\",\"name\":\"Apfelpatient\",\"description\":\"Alles rund um Apple!\",\"publisher\":{\"@type\":\"Organization\",\"@id\":\"https:\\\/\\\/www.apfelpatient.de\\\/en\\\/#organization\",\"name\":\"Apfelpatient\",\"url\":\"https:\\\/\\\/www.apfelpatient.de\\\/en\\\/\"},\"alternateName\":\"Apfelpatient\",\"potentialAction\":[{\"@type\":\"SearchAction\",\"target\":{\"@type\":\"EntryPoint\",\"urlTemplate\":\"https:\\\/\\\/www.apfelpatient.de\\\/?s={search_term_string}\"},\"query-input\":{\"@type\":\"PropertyValueSpecification\",\"valueRequired\":true,\"valueName\":\"search_term_string\"}}],\"inLanguage\":\"en-US\"},{\"@type\":[\"Person\",\"Organization\"],\"@id\":\"https:\\\/\\\/www.apfelpatient.de\\\/#\\\/schema\\\/person\\\/35b3ddba5832f2bfc7fff5206d4f6b7b\",\"name\":\"Milan\",\"logo\":{\"@id\":\"https:\\\/\\\/www.apfelpatient.de\\\/#\\\/schema\\\/person\\\/image\\\/\"},\"description\":\"Hallo und herzlich willkommen auf meinem Technik-Blog! Als gro\u00dfer Apple-Fan berichte ich hier \u00fcber alles, was mit Apple zu tun hat: von den neuesten News und spannenden Ger\u00fcchten \u00fcber hilfreiche Tipps und Tricks bis hin zu ausf\u00fchrlichen Produkttests. Wenn du genauso technikbegeistert bist wie ich, bist du hier genau richtig!\",\"sameAs\":[\"https:\\\/\\\/www.facebook.com\\\/apfelpatientOfficial\",\"https:\\\/\\\/www.linkedin.com\\\/in\\\/milan-jovicic-42aa0231b\"],\"url\":\"https:\\\/\\\/www.apfelpatient.de\\\/en\\\/author\\\/apfeladmin\"}]}<\/script>\n<!-- \/ Yoast SEO Premium plugin. -->","yoast_head_json":{"title":"Will the new iPad Air come with USB-C? Apfelpatient","description":"The fourth generation iPad Air could debut in the second half of 2020, preferably in the fall. USB-C in the future?","robots":{"index":"index","follow":"follow","max-snippet":"max-snippet:-1","max-image-preview":"max-image-preview:large","max-video-preview":"max-video-preview:-1"},"canonical":"https:\/\/www.apfelpatient.de\/en\/rumors\/the-new-ipad-air-with-usb-c-will-be-released","og_locale":"en_US","og_type":"article","og_title":"Erscheint das neue iPad Air mit USB-C?","og_description":"Das iPad Air der vierten Generation k\u00f6nnte in der zweiten Jahresh\u00e4lfte 2020 deb\u00fctieren, vorzugsweise im Herbst. In Zukunft mit USB-C?","og_url":"https:\/\/www.apfelpatient.de\/en\/rumors\/the-new-ipad-air-with-usb-c-will-be-released","og_site_name":"Apfelpatient","article_publisher":"https:\/\/www.facebook.com\/apfelpatientOfficial","article_author":"https:\/\/www.facebook.com\/apfelpatientOfficial","article_published_time":"2020-06-03T09:37:13+00:00","og_image":[{"width":1600,"height":1302,"url":"https:\/\/www.apfelpatient.de\/wp-content\/uploads\/2020\/06\/bigstock-Apple-Ipad-Air-82579082.jpg","type":"image\/jpeg"}],"author":"Milan","twitter_card":"summary_large_image","twitter_description":"Das iPad Air der vierten Generation k\u00f6nnte in der zweiten Jahresh\u00e4lfte 2020 deb\u00fctieren, vorzugsweise im Herbst. In Zukunft mit USB-C?","twitter_misc":{"Written by":"Milan","Est. reading time":"1 minute"},"schema":{"@context":"https:\/\/schema.org","@graph":[{"@type":"NewsArticle","@id":"https:\/\/www.apfelpatient.de\/rumors\/erscheint-das-neue-ipad-air-mit-usb-c#article","isPartOf":{"@id":"https:\/\/www.apfelpatient.de\/rumors\/erscheint-das-neue-ipad-air-mit-usb-c"},"author":{"@type":"Organization","@id":"https:\/\/www.apfelpatient.de\/en\/#organization","name":"Apfelpatient","url":"https:\/\/www.apfelpatient.de\/en\/"},"headline":"Erscheint das neue iPad Air mit USB-C?","datePublished":"2020-06-03T09:37:13+00:00","mainEntityOfPage":{"@id":"https:\/\/www.apfelpatient.de\/rumors\/erscheint-das-neue-ipad-air-mit-usb-c"},"wordCount":241,"publisher":{"@type":"Organization","@id":"https:\/\/www.apfelpatient.de\/en\/#organization","name":"Apfelpatient","url":"https:\/\/www.apfelpatient.de\/en\/"},"image":{"@id":"https:\/\/www.apfelpatient.de\/rumors\/erscheint-das-neue-ipad-air-mit-usb-c#primaryimage"},"thumbnailUrl":"https:\/\/www.apfelpatient.de\/wp-content\/uploads\/2020\/06\/bigstock-Apple-Ipad-Air-82579082.jpg","keywords":["iPad","iPad Air"],"articleSection":"Rumors","inLanguage":"en-US","copyrightYear":"2020","copyrightHolder":{"@id":"https:\/\/www.apfelpatient.de\/en\/#organization"}},{"@type":"WebPage","@id":"https:\/\/www.apfelpatient.de\/rumors\/erscheint-das-neue-ipad-air-mit-usb-c","url":"https:\/\/www.apfelpatient.de\/rumors\/erscheint-das-neue-ipad-air-mit-usb-c","name":"Will the new iPad Air come with USB-C? Apfelpatient","isPartOf":{"@id":"https:\/\/www.apfelpatient.de\/#website"},"primaryImageOfPage":{"@id":"https:\/\/www.apfelpatient.de\/rumors\/erscheint-das-neue-ipad-air-mit-usb-c#primaryimage"},"image":{"@id":"https:\/\/www.apfelpatient.de\/rumors\/erscheint-das-neue-ipad-air-mit-usb-c#primaryimage"},"thumbnailUrl":"https:\/\/www.apfelpatient.de\/wp-content\/uploads\/2020\/06\/bigstock-Apple-Ipad-Air-82579082.jpg","datePublished":"2020-06-03T09:37:13+00:00","description":"The fourth generation iPad Air could debut in the second half of 2020, preferably in the fall. USB-C in the future?","breadcrumb":{"@id":"https:\/\/www.apfelpatient.de\/rumors\/erscheint-das-neue-ipad-air-mit-usb-c#breadcrumb"},"inLanguage":"en-US","potentialAction":[{"@type":"ReadAction","target":["https:\/\/www.apfelpatient.de\/rumors\/erscheint-das-neue-ipad-air-mit-usb-c"]}]},{"@type":"ImageObject","inLanguage":"en-US","@id":"https:\/\/www.apfelpatient.de\/rumors\/erscheint-das-neue-ipad-air-mit-usb-c#primaryimage","url":"https:\/\/www.apfelpatient.de\/wp-content\/uploads\/2020\/06\/bigstock-Apple-Ipad-Air-82579082.jpg","contentUrl":"https:\/\/www.apfelpatient.de\/wp-content\/uploads\/2020\/06\/bigstock-Apple-Ipad-Air-82579082.jpg","width":1600,"height":1302,"caption":"KIEV UKRAINE - JANUARY 29 2015: Brand new white Apple iPad Air 2 6th generation of the iPad developed by Apple inc. and was released on October 16 2014"},{"@type":"BreadcrumbList","@id":"https:\/\/www.apfelpatient.de\/rumors\/erscheint-das-neue-ipad-air-mit-usb-c#breadcrumb","itemListElement":[{"@type":"ListItem","position":1,"name":"Startseite","item":"https:\/\/www.apfelpatient.de\/"},{"@type":"ListItem","position":2,"name":"Erscheint das neue iPad Air mit USB-C?"}]},{"@type":"WebSite","@id":"https:\/\/www.apfelpatient.de\/#website","url":"https:\/\/www.apfelpatient.de\/","name":"apple patient","description":"Everything about Apple!","publisher":{"@type":"Organization","@id":"https:\/\/www.apfelpatient.de\/en\/#organization","name":"Apfelpatient","url":"https:\/\/www.apfelpatient.de\/en\/"},"alternateName":"Apfelpatient","potentialAction":[{"@type":"SearchAction","target":{"@type":"EntryPoint","urlTemplate":"https:\/\/www.apfelpatient.de\/?s={search_term_string}"},"query-input":{"@type":"PropertyValueSpecification","valueRequired":true,"valueName":"search_term_string"}}],"inLanguage":"en-US"},{"@type":["Person","Organization"],"@id":"https:\/\/www.apfelpatient.de\/#\/schema\/person\/35b3ddba5832f2bfc7fff5206d4f6b7b","name":"Milan","logo":{"@id":"https:\/\/www.apfelpatient.de\/#\/schema\/person\/image\/"},"description":"Hello and welcome to my technology blog! As a big Apple fan, I report on everything to do with Apple: from the latest news and exciting rumors to helpful tips and tricks and detailed product tests. If you are as enthusiastic about technology as I am, you have come to the right place!","sameAs":["https:\/\/www.facebook.com\/apfelpatientOfficial","https:\/\/www.linkedin.com\/in\/milan-jovicic-42aa0231b"],"url":"https:\/\/www.apfelpatient.de\/en\/author\/apfeladmin"}]}},"_links":{"self":[{"href":"https:\/\/www.apfelpatient.de\/en\/wp-json\/wp\/v2\/posts\/12729","targetHints":{"allow":["GET"]}}],"collection":[{"href":"https:\/\/www.apfelpatient.de\/en\/wp-json\/wp\/v2\/posts"}],"about":[{"href":"https:\/\/www.apfelpatient.de\/en\/wp-json\/wp\/v2\/types\/post"}],"author":[{"embeddable":true,"href":"https:\/\/www.apfelpatient.de\/en\/wp-json\/wp\/v2\/users\/2"}],"replies":[{"embeddable":true,"href":"https:\/\/www.apfelpatient.de\/en\/wp-json\/wp\/v2\/comments?post=12729"}],"version-history":[{"count":0,"href":"https:\/\/www.apfelpatient.de\/en\/wp-json\/wp\/v2\/posts\/12729\/revisions"}],"wp:featuredmedia":[{"embeddable":true,"href":"https:\/\/www.apfelpatient.de\/en\/wp-json\/wp\/v2\/media\/12730"}],"wp:attachment":[{"href":"https:\/\/www.apfelpatient.de\/en\/wp-json\/wp\/v2\/media?parent=12729"}],"wp:term":[{"taxonomy":"category","embeddable":true,"href":"https:\/\/www.apfelpatient.de\/en\/wp-json\/wp\/v2\/categories?post=12729"},{"taxonomy":"post_tag","embeddable":true,"href":"https:\/\/www.apfelpatient.de\/en\/wp-json\/wp\/v2\/tags?post=12729"}],"curies":[{"name":"wp","href":"https:\/\/api.w.org\/{rel}","templated":true}]}}