{"id":12718,"date":"2020-06-02T20:40:15","date_gmt":"2020-06-02T18:40:15","guid":{"rendered":"https:\/\/www.apfelpatient.de\/?p=12718"},"modified":"2020-06-02T20:40:15","modified_gmt":"2020-06-02T18:40:15","slug":"apple-pencil-3-could-appear-in-black","status":"publish","type":"post","link":"https:\/\/www.apfelpatient.de\/en\/rumors\/apple-pencil-3-koennte-in-schwarz-erscheinen","title":{"rendered":"Apple Pencil 3 could appear in black"},"content":{"rendered":"<p class=\"has-drop-cap\"><strong>Rumors about iPhones, iPads, etc. are almost commonplace. But reports about the next generation of the Apple Pencil are truly a rarity.&nbsp;<\/strong><\/p>\n\n\n\n<p>There are a few users on Twitter who often share details about unreleased Apple products that turn out to be real. One of them is called <a href=\"https:\/\/twitter.com\/laobaiTD\/status\/1267854985779458048?s=20\" class=\"ek-link\"><span style=\"text-decoration: underline;\" class=\"ek-underline\">Mr. White<\/span><\/a> and has already stood out in the past. Now, in a new post, he has announced the availability of an Apple Pencil in black. No further details are available. This means that the third generation of the Apple Pencil could be available in black as well as a white version. However, since there are no details about an update, the information cannot be compared with other sources.&nbsp;<\/p>\n\n\n\n<h3 class=\"wp-block-heading\">Apple Pencil 3 for iPad Pro with MiniLED screen?<\/h3>\n\n\n\n\n\n\n\n<p>It also remains unclear whether Apple is even working on a new version of the <a href=\"https:\/\/www.apple.com\/apple-pencil\/\" class=\"ek-link\"><span style=\"text-decoration: underline;\" class=\"ek-underline\">stylus<\/span><\/a> However, since rumors keep talking about an iPad Pro 12.9-inch with a mini-LED screen, it could well be possible that Apple will also introduce a new Apple Pencil that is also compatible with the device. If this is the case, both products could be unveiled at the end of this year or the beginning of next year. An iPad Pro with a mini-LED display was originally announced for this spring, but the update did not materialize in this form. Instead, an iPad Pro with a LiDAR scanner was announced. <a href=\"https:\/\/www.apfelpatient.de\/en\/news\/ipad-pro-2020-old-chip-new-name\" class=\"ek-link\"><span style=\"text-decoration: underline;\" class=\"ek-underline\">presented<\/span><\/a>. Whether Mr. White will be right this time remains to be seen. The anonymous account is known for revealing prototypes before their launch - so it remains exciting as always.&nbsp;<em>(Photo by Poravute Siriphiroon \/ Bigstockphoto)<\/em><\/p>\n\n\n\n<h6 class=\"wp-block-heading translation-block\" id=\"h-kennt-ihr-schon-unsere-amazon-storefront-dort-findet-ihr-eine-handverlesene-auswahl-von-diversen-produkten-f-r-euer-iphone-und-co-viel-spa-beim-st-bern\"><em>Have you already visited our Amazon Storefront? There you&#039;ll find a hand-picked selection of various products for your iPhone and other devices \u2013 <span class=\"has-inline-color has-vivid-red-color\"><a href=\"https:\/\/www.amazon.de\/shop\/apfelpatientofficial\" class=\"ek-link\" data-wpel-link=\"exclude\" rel=\"follow noopener\" target=\"_self\"><span style=\"text-decoration: underline\" class=\"ek-underline\">enjoy browsing<\/span><\/a> !<\/span><\/em><\/h6>\n\n\n\n\n\n<h6 class=\"wp-block-heading translation-block\" id=\"h-der-beitrag-enthalt-partnerlinks\">This post contains <a data-type=\"URL\" data-id=\"https:\/\/www.apfelpatient.de\/partnerprogramm\" href=\"https:\/\/www.apfelpatient.de\/en\/partner-program\" data-wpel-link=\"internal\" target=\"_self\">affiliate links<\/a>.<\/h6>","protected":false},"excerpt":{"rendered":"<p>Reports about the next generation of the Apple Pencil are truly rare. What can the new stylus do and when will it be released?<\/p>","protected":false},"author":2,"featured_media":12717,"comment_status":"closed","ping_status":"closed","sticky":false,"template":"","format":"standard","meta":{"jnews-multi-image_gallery":[],"jnews_single_post":{"subtitle":"","format":"standard","video":"","gallery":"","source_name":"","source_url":"","via_name":"","via_url":"","override":[{"single_blog_custom":"","sidebar":"","second_sidebar":"","share_position":"","share_float_style":"","post_date_format":"","post_date_format_custom":"","post_reading_time_wpm":"","zoom_button_out_step":"1","zoom_button_in_step":"1","number_popup_post":"1"}],"image_override":[{"single_post_thumbnail_size":"","single_post_gallery_size":""}],"trending_post_position":"","trending_post_label":"","sponsored_post_label":"","sponsored_post_name":"","sponsored_post_url":"","sponsored_post_logo":"","sponsored_post_desc":""},"jnews_primary_category":{"id":"274"},"footnotes":""},"categories":[25],"tags":[17,18,66],"class_list":["post-12718","post","type-post","status-publish","format-standard","has-post-thumbnail","hentry","category-rumors","tag-apple-pencil","tag-ipad","tag-ipad-pro"],"yoast_head":"<!-- This site is optimized with the Yoast SEO Premium plugin v27.5 (Yoast SEO v27.5) - https:\/\/yoast.com\/product\/yoast-seo-premium-wordpress\/ -->\n<title>Apple Pencil 3 k\u00f6nnte in Schwarz erscheinen Apfelpatient<\/title>\n<meta name=\"description\" content=\"Berichte rund um die n\u00e4chste Generation des Apple Pencil sind wahrlich eine Seltenheit. Was kann der neue Stylus und wann erscheint er?\" \/>\n<meta name=\"robots\" content=\"index, follow, max-snippet:-1, max-image-preview:large, max-video-preview:-1\" \/>\n<link rel=\"canonical\" href=\"https:\/\/www.apfelpatient.de\/en\/rumors\/apple-pencil-3-could-appear-in-black\" \/>\n<meta property=\"og:locale\" content=\"en_US\" \/>\n<meta property=\"og:type\" content=\"article\" \/>\n<meta property=\"og:title\" content=\"Apple Pencil 3 k\u00f6nnte in Schwarz erscheinen\" \/>\n<meta property=\"og:description\" content=\"Berichte rund um die n\u00e4chste Generation des Apple Pencil sind wahrlich eine Seltenheit. Was kann der neue Stylus und wann erscheint er?\" \/>\n<meta property=\"og:url\" content=\"https:\/\/www.apfelpatient.de\/en\/rumors\/apple-pencil-3-could-appear-in-black\" \/>\n<meta property=\"og:site_name\" content=\"Apfelpatient\" \/>\n<meta property=\"article:publisher\" content=\"https:\/\/www.facebook.com\/apfelpatientOfficial\" \/>\n<meta property=\"article:author\" content=\"https:\/\/www.facebook.com\/apfelpatientOfficial\" \/>\n<meta property=\"article:published_time\" content=\"2020-06-02T18:40:15+00:00\" \/>\n<meta property=\"og:image\" content=\"https:\/\/www.apfelpatient.de\/wp-content\/uploads\/2020\/06\/bigstock-Chiang-Rai-Thailand-Septembe-330063499.jpg\" \/>\n\t<meta property=\"og:image:width\" content=\"1600\" \/>\n\t<meta property=\"og:image:height\" content=\"1200\" \/>\n\t<meta property=\"og:image:type\" content=\"image\/jpeg\" \/>\n<meta name=\"author\" content=\"Milan\" \/>\n<meta name=\"twitter:card\" content=\"summary_large_image\" \/>\n<meta name=\"twitter:description\" content=\"Berichte rund um die n\u00e4chste Generation des Apple Pencil sind wahrlich eine Seltenheit. Was kann der neue Stylus und wann erscheint er?\" \/>\n<meta name=\"twitter:label1\" content=\"Written by\" \/>\n\t<meta name=\"twitter:data1\" content=\"Milan\" \/>\n\t<meta name=\"twitter:label2\" content=\"Est. reading time\" \/>\n\t<meta name=\"twitter:data2\" content=\"1 minute\" \/>\n<script type=\"application\/ld+json\" class=\"yoast-schema-graph\">{\"@context\":\"https:\\\/\\\/schema.org\",\"@graph\":[{\"@type\":\"NewsArticle\",\"@id\":\"https:\\\/\\\/www.apfelpatient.de\\\/rumors\\\/apple-pencil-3-koennte-in-schwarz-erscheinen#article\",\"isPartOf\":{\"@id\":\"https:\\\/\\\/www.apfelpatient.de\\\/rumors\\\/apple-pencil-3-koennte-in-schwarz-erscheinen\"},\"author\":{\"@type\":\"Organization\",\"@id\":\"https:\\\/\\\/www.apfelpatient.de\\\/en\\\/#organization\",\"name\":\"Apfelpatient\",\"url\":\"https:\\\/\\\/www.apfelpatient.de\\\/en\\\/\"},\"headline\":\"Apple Pencil 3 k\u00f6nnte in Schwarz erscheinen\",\"datePublished\":\"2020-06-02T18:40:15+00:00\",\"mainEntityOfPage\":{\"@id\":\"https:\\\/\\\/www.apfelpatient.de\\\/rumors\\\/apple-pencil-3-koennte-in-schwarz-erscheinen\"},\"wordCount\":289,\"publisher\":{\"@type\":\"Organization\",\"@id\":\"https:\\\/\\\/www.apfelpatient.de\\\/en\\\/#organization\",\"name\":\"Apfelpatient\",\"url\":\"https:\\\/\\\/www.apfelpatient.de\\\/en\\\/\"},\"image\":{\"@id\":\"https:\\\/\\\/www.apfelpatient.de\\\/rumors\\\/apple-pencil-3-koennte-in-schwarz-erscheinen#primaryimage\"},\"thumbnailUrl\":\"https:\\\/\\\/www.apfelpatient.de\\\/wp-content\\\/uploads\\\/2020\\\/06\\\/bigstock-Chiang-Rai-Thailand-Septembe-330063499.jpg\",\"keywords\":[\"Apple Pencil\",\"iPad\",\"iPad Pro\"],\"articleSection\":\"Rumors\",\"inLanguage\":\"en-US\",\"copyrightYear\":\"2020\",\"copyrightHolder\":{\"@id\":\"https:\\\/\\\/www.apfelpatient.de\\\/en\\\/#organization\"}},{\"@type\":\"WebPage\",\"@id\":\"https:\\\/\\\/www.apfelpatient.de\\\/rumors\\\/apple-pencil-3-koennte-in-schwarz-erscheinen\",\"url\":\"https:\\\/\\\/www.apfelpatient.de\\\/rumors\\\/apple-pencil-3-koennte-in-schwarz-erscheinen\",\"name\":\"Apple Pencil 3 k\u00f6nnte in Schwarz erscheinen Apfelpatient\",\"isPartOf\":{\"@id\":\"https:\\\/\\\/www.apfelpatient.de\\\/#website\"},\"primaryImageOfPage\":{\"@id\":\"https:\\\/\\\/www.apfelpatient.de\\\/rumors\\\/apple-pencil-3-koennte-in-schwarz-erscheinen#primaryimage\"},\"image\":{\"@id\":\"https:\\\/\\\/www.apfelpatient.de\\\/rumors\\\/apple-pencil-3-koennte-in-schwarz-erscheinen#primaryimage\"},\"thumbnailUrl\":\"https:\\\/\\\/www.apfelpatient.de\\\/wp-content\\\/uploads\\\/2020\\\/06\\\/bigstock-Chiang-Rai-Thailand-Septembe-330063499.jpg\",\"datePublished\":\"2020-06-02T18:40:15+00:00\",\"description\":\"Berichte rund um die n\u00e4chste Generation des Apple Pencil sind wahrlich eine Seltenheit. Was kann der neue Stylus und wann erscheint er?\",\"breadcrumb\":{\"@id\":\"https:\\\/\\\/www.apfelpatient.de\\\/rumors\\\/apple-pencil-3-koennte-in-schwarz-erscheinen#breadcrumb\"},\"inLanguage\":\"en-US\",\"potentialAction\":[{\"@type\":\"ReadAction\",\"target\":[\"https:\\\/\\\/www.apfelpatient.de\\\/rumors\\\/apple-pencil-3-koennte-in-schwarz-erscheinen\"]}]},{\"@type\":\"ImageObject\",\"inLanguage\":\"en-US\",\"@id\":\"https:\\\/\\\/www.apfelpatient.de\\\/rumors\\\/apple-pencil-3-koennte-in-schwarz-erscheinen#primaryimage\",\"url\":\"https:\\\/\\\/www.apfelpatient.de\\\/wp-content\\\/uploads\\\/2020\\\/06\\\/bigstock-Chiang-Rai-Thailand-Septembe-330063499.jpg\",\"contentUrl\":\"https:\\\/\\\/www.apfelpatient.de\\\/wp-content\\\/uploads\\\/2020\\\/06\\\/bigstock-Chiang-Rai-Thailand-Septembe-330063499.jpg\",\"width\":1600,\"height\":1200,\"caption\":\"Chiang Rai, Thailand: September 12, 2019 - New Apple Pencil with Apple iPad Pro 11 inch 2018.\"},{\"@type\":\"BreadcrumbList\",\"@id\":\"https:\\\/\\\/www.apfelpatient.de\\\/rumors\\\/apple-pencil-3-koennte-in-schwarz-erscheinen#breadcrumb\",\"itemListElement\":[{\"@type\":\"ListItem\",\"position\":1,\"name\":\"Startseite\",\"item\":\"https:\\\/\\\/www.apfelpatient.de\\\/\"},{\"@type\":\"ListItem\",\"position\":2,\"name\":\"Apple Pencil 3 k\u00f6nnte in Schwarz erscheinen\"}]},{\"@type\":\"WebSite\",\"@id\":\"https:\\\/\\\/www.apfelpatient.de\\\/#website\",\"url\":\"https:\\\/\\\/www.apfelpatient.de\\\/\",\"name\":\"Apfelpatient\",\"description\":\"Alles rund um Apple!\",\"publisher\":{\"@type\":\"Organization\",\"@id\":\"https:\\\/\\\/www.apfelpatient.de\\\/en\\\/#organization\",\"name\":\"Apfelpatient\",\"url\":\"https:\\\/\\\/www.apfelpatient.de\\\/en\\\/\"},\"alternateName\":\"Apfelpatient\",\"potentialAction\":[{\"@type\":\"SearchAction\",\"target\":{\"@type\":\"EntryPoint\",\"urlTemplate\":\"https:\\\/\\\/www.apfelpatient.de\\\/?s={search_term_string}\"},\"query-input\":{\"@type\":\"PropertyValueSpecification\",\"valueRequired\":true,\"valueName\":\"search_term_string\"}}],\"inLanguage\":\"en-US\"},{\"@type\":[\"Person\",\"Organization\"],\"@id\":\"https:\\\/\\\/www.apfelpatient.de\\\/#\\\/schema\\\/person\\\/35b3ddba5832f2bfc7fff5206d4f6b7b\",\"name\":\"Milan\",\"logo\":{\"@id\":\"https:\\\/\\\/www.apfelpatient.de\\\/#\\\/schema\\\/person\\\/image\\\/\"},\"description\":\"Hallo und herzlich willkommen auf meinem Technik-Blog! Als gro\u00dfer Apple-Fan berichte ich hier \u00fcber alles, was mit Apple zu tun hat: von den neuesten News und spannenden Ger\u00fcchten \u00fcber hilfreiche Tipps und Tricks bis hin zu ausf\u00fchrlichen Produkttests. Wenn du genauso technikbegeistert bist wie ich, bist du hier genau richtig!\",\"sameAs\":[\"https:\\\/\\\/www.facebook.com\\\/apfelpatientOfficial\",\"https:\\\/\\\/www.linkedin.com\\\/in\\\/milan-jovicic-42aa0231b\"],\"url\":\"https:\\\/\\\/www.apfelpatient.de\\\/en\\\/author\\\/apfeladmin\"}]}<\/script>\n<!-- \/ Yoast SEO Premium plugin. -->","yoast_head_json":{"title":"Apple Pencil 3 could appear in black Apfelpatient","description":"Reports about the next generation of the Apple Pencil are truly rare. What can the new stylus do and when will it be released?","robots":{"index":"index","follow":"follow","max-snippet":"max-snippet:-1","max-image-preview":"max-image-preview:large","max-video-preview":"max-video-preview:-1"},"canonical":"https:\/\/www.apfelpatient.de\/en\/rumors\/apple-pencil-3-could-appear-in-black","og_locale":"en_US","og_type":"article","og_title":"Apple Pencil 3 k\u00f6nnte in Schwarz erscheinen","og_description":"Berichte rund um die n\u00e4chste Generation des Apple Pencil sind wahrlich eine Seltenheit. Was kann der neue Stylus und wann erscheint er?","og_url":"https:\/\/www.apfelpatient.de\/en\/rumors\/apple-pencil-3-could-appear-in-black","og_site_name":"Apfelpatient","article_publisher":"https:\/\/www.facebook.com\/apfelpatientOfficial","article_author":"https:\/\/www.facebook.com\/apfelpatientOfficial","article_published_time":"2020-06-02T18:40:15+00:00","og_image":[{"width":1600,"height":1200,"url":"https:\/\/www.apfelpatient.de\/wp-content\/uploads\/2020\/06\/bigstock-Chiang-Rai-Thailand-Septembe-330063499.jpg","type":"image\/jpeg"}],"author":"Milan","twitter_card":"summary_large_image","twitter_description":"Berichte rund um die n\u00e4chste Generation des Apple Pencil sind wahrlich eine Seltenheit. Was kann der neue Stylus und wann erscheint er?","twitter_misc":{"Written by":"Milan","Est. reading time":"1 minute"},"schema":{"@context":"https:\/\/schema.org","@graph":[{"@type":"NewsArticle","@id":"https:\/\/www.apfelpatient.de\/rumors\/apple-pencil-3-koennte-in-schwarz-erscheinen#article","isPartOf":{"@id":"https:\/\/www.apfelpatient.de\/rumors\/apple-pencil-3-koennte-in-schwarz-erscheinen"},"author":{"@type":"Organization","@id":"https:\/\/www.apfelpatient.de\/en\/#organization","name":"Apfelpatient","url":"https:\/\/www.apfelpatient.de\/en\/"},"headline":"Apple Pencil 3 k\u00f6nnte in Schwarz erscheinen","datePublished":"2020-06-02T18:40:15+00:00","mainEntityOfPage":{"@id":"https:\/\/www.apfelpatient.de\/rumors\/apple-pencil-3-koennte-in-schwarz-erscheinen"},"wordCount":289,"publisher":{"@type":"Organization","@id":"https:\/\/www.apfelpatient.de\/en\/#organization","name":"Apfelpatient","url":"https:\/\/www.apfelpatient.de\/en\/"},"image":{"@id":"https:\/\/www.apfelpatient.de\/rumors\/apple-pencil-3-koennte-in-schwarz-erscheinen#primaryimage"},"thumbnailUrl":"https:\/\/www.apfelpatient.de\/wp-content\/uploads\/2020\/06\/bigstock-Chiang-Rai-Thailand-Septembe-330063499.jpg","keywords":["Apple Pencil","iPad","iPad Pro"],"articleSection":"Rumors","inLanguage":"en-US","copyrightYear":"2020","copyrightHolder":{"@id":"https:\/\/www.apfelpatient.de\/en\/#organization"}},{"@type":"WebPage","@id":"https:\/\/www.apfelpatient.de\/rumors\/apple-pencil-3-koennte-in-schwarz-erscheinen","url":"https:\/\/www.apfelpatient.de\/rumors\/apple-pencil-3-koennte-in-schwarz-erscheinen","name":"Apple Pencil 3 could appear in black Apfelpatient","isPartOf":{"@id":"https:\/\/www.apfelpatient.de\/#website"},"primaryImageOfPage":{"@id":"https:\/\/www.apfelpatient.de\/rumors\/apple-pencil-3-koennte-in-schwarz-erscheinen#primaryimage"},"image":{"@id":"https:\/\/www.apfelpatient.de\/rumors\/apple-pencil-3-koennte-in-schwarz-erscheinen#primaryimage"},"thumbnailUrl":"https:\/\/www.apfelpatient.de\/wp-content\/uploads\/2020\/06\/bigstock-Chiang-Rai-Thailand-Septembe-330063499.jpg","datePublished":"2020-06-02T18:40:15+00:00","description":"Reports about the next generation of the Apple Pencil are truly rare. What can the new stylus do and when will it be released?","breadcrumb":{"@id":"https:\/\/www.apfelpatient.de\/rumors\/apple-pencil-3-koennte-in-schwarz-erscheinen#breadcrumb"},"inLanguage":"en-US","potentialAction":[{"@type":"ReadAction","target":["https:\/\/www.apfelpatient.de\/rumors\/apple-pencil-3-koennte-in-schwarz-erscheinen"]}]},{"@type":"ImageObject","inLanguage":"en-US","@id":"https:\/\/www.apfelpatient.de\/rumors\/apple-pencil-3-koennte-in-schwarz-erscheinen#primaryimage","url":"https:\/\/www.apfelpatient.de\/wp-content\/uploads\/2020\/06\/bigstock-Chiang-Rai-Thailand-Septembe-330063499.jpg","contentUrl":"https:\/\/www.apfelpatient.de\/wp-content\/uploads\/2020\/06\/bigstock-Chiang-Rai-Thailand-Septembe-330063499.jpg","width":1600,"height":1200,"caption":"Chiang Rai, Thailand: September 12, 2019 - New Apple Pencil with Apple iPad Pro 11 inch 2018."},{"@type":"BreadcrumbList","@id":"https:\/\/www.apfelpatient.de\/rumors\/apple-pencil-3-koennte-in-schwarz-erscheinen#breadcrumb","itemListElement":[{"@type":"ListItem","position":1,"name":"Startseite","item":"https:\/\/www.apfelpatient.de\/"},{"@type":"ListItem","position":2,"name":"Apple Pencil 3 k\u00f6nnte in Schwarz erscheinen"}]},{"@type":"WebSite","@id":"https:\/\/www.apfelpatient.de\/#website","url":"https:\/\/www.apfelpatient.de\/","name":"apple patient","description":"Everything about Apple!","publisher":{"@type":"Organization","@id":"https:\/\/www.apfelpatient.de\/en\/#organization","name":"Apfelpatient","url":"https:\/\/www.apfelpatient.de\/en\/"},"alternateName":"Apfelpatient","potentialAction":[{"@type":"SearchAction","target":{"@type":"EntryPoint","urlTemplate":"https:\/\/www.apfelpatient.de\/?s={search_term_string}"},"query-input":{"@type":"PropertyValueSpecification","valueRequired":true,"valueName":"search_term_string"}}],"inLanguage":"en-US"},{"@type":["Person","Organization"],"@id":"https:\/\/www.apfelpatient.de\/#\/schema\/person\/35b3ddba5832f2bfc7fff5206d4f6b7b","name":"Milan","logo":{"@id":"https:\/\/www.apfelpatient.de\/#\/schema\/person\/image\/"},"description":"Hello and welcome to my technology blog! As a big Apple fan, I report on everything to do with Apple: from the latest news and exciting rumors to helpful tips and tricks and detailed product tests. If you are as enthusiastic about technology as I am, you have come to the right place!","sameAs":["https:\/\/www.facebook.com\/apfelpatientOfficial","https:\/\/www.linkedin.com\/in\/milan-jovicic-42aa0231b"],"url":"https:\/\/www.apfelpatient.de\/en\/author\/apfeladmin"}]}},"_links":{"self":[{"href":"https:\/\/www.apfelpatient.de\/en\/wp-json\/wp\/v2\/posts\/12718","targetHints":{"allow":["GET"]}}],"collection":[{"href":"https:\/\/www.apfelpatient.de\/en\/wp-json\/wp\/v2\/posts"}],"about":[{"href":"https:\/\/www.apfelpatient.de\/en\/wp-json\/wp\/v2\/types\/post"}],"author":[{"embeddable":true,"href":"https:\/\/www.apfelpatient.de\/en\/wp-json\/wp\/v2\/users\/2"}],"replies":[{"embeddable":true,"href":"https:\/\/www.apfelpatient.de\/en\/wp-json\/wp\/v2\/comments?post=12718"}],"version-history":[{"count":0,"href":"https:\/\/www.apfelpatient.de\/en\/wp-json\/wp\/v2\/posts\/12718\/revisions"}],"wp:featuredmedia":[{"embeddable":true,"href":"https:\/\/www.apfelpatient.de\/en\/wp-json\/wp\/v2\/media\/12717"}],"wp:attachment":[{"href":"https:\/\/www.apfelpatient.de\/en\/wp-json\/wp\/v2\/media?parent=12718"}],"wp:term":[{"taxonomy":"category","embeddable":true,"href":"https:\/\/www.apfelpatient.de\/en\/wp-json\/wp\/v2\/categories?post=12718"},{"taxonomy":"post_tag","embeddable":true,"href":"https:\/\/www.apfelpatient.de\/en\/wp-json\/wp\/v2\/tags?post=12718"}],"curies":[{"name":"wp","href":"https:\/\/api.w.org\/{rel}","templated":true}]}}