{"id":12714,"date":"2020-06-02T17:47:34","date_gmt":"2020-06-02T15:47:34","guid":{"rendered":"https:\/\/www.apfelpatient.de\/?p=12714"},"modified":"2020-06-02T17:47:34","modified_gmt":"2020-06-02T15:47:34","slug":"manage-activities-facebook-announces-new-feature","status":"publish","type":"post","link":"https:\/\/www.apfelpatient.de\/en\/news\/aktivitaeten-verwalten-facebook-kuendigt-neue-funktion-an","title":{"rendered":"\u201cManage Activities\u201d \u2013 Facebook announces new feature"},"content":{"rendered":"<p class=\"has-drop-cap\"><strong>Facebook today announced a new feature called \u201cManage Activity\u201d via a press release.<\/strong><\/p>\n\n\n\n<p>Facebook has announced a new feature on its own blog page that is intended to make it easier for users to manage their own activities \u2013 it involves archiving older posts. The <a href=\"https:\/\/about.fb.com\/news\/2020\/06\/introducing-manage-activity\/\" class=\"ek-link\"><span style=\"text-decoration: underline;\" class=\"ek-underline\">notice<\/span><\/a>:<\/p>\n\n\n\n<blockquote class=\"wp-block-quote is-layout-flow wp-block-quote-is-layout-flow\"><p>Whether you&#039;re entering the workforce after college or leaving an old relationship behind, we know things change in people&#039;s lives, and we want to make it easy for you to curate your presence on Facebook to more accurately reflect who you are today. That&#039;s why we&#039;re launching Manage Activity to help you archive or destroy old posts \u2014 all in one place. The archive feature is for content that you no longer want others to see on Facebook, but that you still want to keep for yourself. For example, you might archive a post you made in high school that you still find amusing, but would rather not show to others on Facebook.<\/p><\/blockquote>\n\n\n\n<h3 class=\"wp-block-heading\">Facebook: &quot;Manage Activities&quot; with filter function<\/h3>\n\n\n\n\n\n\n\n<p>Of course, users can still delete old posts, but the new feature is designed to make the whole process easier, as it is designed to remove multiple posts at once. Deleted posts will also end up in a trash can that only empties automatically after 30 days. Users can of course speed up or reverse the process. The feature also includes a filter that allows posts - for example with certain people - to be displayed directly. However, the filter function also includes other values. By and large, this is a feature that already exists on Instagram - but Facebook&#039;s version has been given more options in the process. According to the company, &quot;Manage Activity&quot; will appear on the mobile version first. An introduction on the desktop and the Facebook Lite app will follow later. When the feature will be available in this country is still unknown.&nbsp;<em>(Photo by oasisamuel \/ Bigstockphoto)<\/em><\/p>\n\n\n\n<ul class=\"wp-block-list\"><li><a href=\"https:\/\/www.apfelpatient.de\/en\/news\/catchup-facebook-releases-new-app\" class=\"ek-link\"><span style=\"text-decoration: underline;\" class=\"ek-underline\">Catchup: Facebook releases new app<\/span><\/a><\/li><\/ul>\n\n\n\n<h6 class=\"wp-block-heading translation-block\" id=\"h-kennt-ihr-schon-unsere-amazon-storefront-dort-findet-ihr-eine-handverlesene-auswahl-von-diversen-produkten-f-r-euer-iphone-und-co-viel-spa-beim-st-bern\"><em>Have you already visited our Amazon Storefront? There you&#039;ll find a hand-picked selection of various products for your iPhone and other devices \u2013 <span class=\"has-inline-color has-vivid-red-color\"><a href=\"https:\/\/www.amazon.de\/shop\/apfelpatientofficial\" class=\"ek-link\" data-wpel-link=\"exclude\" rel=\"follow noopener\" target=\"_self\"><span style=\"text-decoration: underline\" class=\"ek-underline\">enjoy browsing<\/span><\/a> !<\/span><\/em><\/h6>\n\n\n\n\n\n<h6 class=\"wp-block-heading translation-block\" id=\"h-der-beitrag-enthalt-partnerlinks\">This post contains <a data-type=\"URL\" data-id=\"https:\/\/www.apfelpatient.de\/partnerprogramm\" href=\"https:\/\/www.apfelpatient.de\/en\/partner-program\" data-wpel-link=\"internal\" target=\"_self\">affiliate links<\/a>.<\/h6>","protected":false},"excerpt":{"rendered":"<p>Facebook today announced a new feature called \u201cManage Activity\u201d via a press release.<\/p>","protected":false},"author":2,"featured_media":12713,"comment_status":"closed","ping_status":"closed","sticky":false,"template":"","format":"standard","meta":{"jnews-multi-image_gallery":[],"jnews_single_post":{"subtitle":"","format":"standard","video":"","gallery":"","source_name":"","source_url":"","via_name":"","via_url":"","override":[{"single_blog_custom":"","sidebar":"","second_sidebar":"","share_position":"","share_float_style":"","post_date_format":"","post_date_format_custom":"","post_reading_time_wpm":"","zoom_button_out_step":"1","zoom_button_in_step":"1","number_popup_post":"1"}],"image_override":[{"single_post_thumbnail_size":"","single_post_gallery_size":""}],"trending_post_position":"","trending_post_label":"","sponsored_post_label":"","sponsored_post_name":"","sponsored_post_url":"","sponsored_post_logo":"","sponsored_post_desc":""},"jnews_primary_category":{"id":"265"},"footnotes":""},"categories":[9],"tags":[6,34,142,3],"class_list":["post-12714","post","type-post","status-publish","format-standard","has-post-thumbnail","hentry","category-news","tag-app-store","tag-apple-dienste","tag-facebook","tag-ios"],"yoast_head":"<!-- This site is optimized with the Yoast SEO Premium plugin v27.5 (Yoast SEO v27.5) - https:\/\/yoast.com\/product\/yoast-seo-premium-wordpress\/ -->\n<title>&quot;Aktivit\u00e4ten verwalten&quot; - Facebook k\u00fcndigt neue Funktion an Apfelpatient<\/title>\n<meta name=\"description\" content=\"Facebook hat heute mittels einer Pressemitteilung eine neue Funktionen namens &quot;Aktivit\u00e4ten verwalten&quot; angek\u00fcndigt.\" \/>\n<meta name=\"robots\" content=\"index, follow, max-snippet:-1, max-image-preview:large, max-video-preview:-1\" \/>\n<link rel=\"canonical\" href=\"https:\/\/www.apfelpatient.de\/en\/news\/manage-activities-facebook-announces-new-feature\" \/>\n<meta property=\"og:locale\" content=\"en_US\" \/>\n<meta property=\"og:type\" content=\"article\" \/>\n<meta property=\"og:title\" content=\"&quot;Aktivit\u00e4ten verwalten&quot; - Facebook k\u00fcndigt neue Funktion an\" \/>\n<meta property=\"og:description\" content=\"Facebook hat heute mittels einer Pressemitteilung eine neue Funktionen namens &quot;Aktivit\u00e4ten verwalten&quot; angek\u00fcndigt.\" \/>\n<meta property=\"og:url\" content=\"https:\/\/www.apfelpatient.de\/en\/news\/manage-activities-facebook-announces-new-feature\" \/>\n<meta property=\"og:site_name\" content=\"Apfelpatient\" \/>\n<meta property=\"article:publisher\" content=\"https:\/\/www.facebook.com\/apfelpatientOfficial\" \/>\n<meta property=\"article:author\" content=\"https:\/\/www.facebook.com\/apfelpatientOfficial\" \/>\n<meta property=\"article:published_time\" content=\"2020-06-02T15:47:34+00:00\" \/>\n<meta property=\"og:image\" content=\"https:\/\/www.apfelpatient.de\/wp-content\/uploads\/2020\/06\/bigstock-Calgary-Alberta-Canada-Dec-337823722.jpg\" \/>\n\t<meta property=\"og:image:width\" content=\"1600\" \/>\n\t<meta property=\"og:image:height\" content=\"1067\" \/>\n\t<meta property=\"og:image:type\" content=\"image\/jpeg\" \/>\n<meta name=\"author\" content=\"Milan\" \/>\n<meta name=\"twitter:card\" content=\"summary_large_image\" \/>\n<meta name=\"twitter:description\" content=\"Facebook hat heute mittels einer Pressemitteilung eine neue Funktionen namens &quot;Aktivit\u00e4ten verwalten&quot; angek\u00fcndigt.\" \/>\n<meta name=\"twitter:label1\" content=\"Written by\" \/>\n\t<meta name=\"twitter:data1\" content=\"Milan\" \/>\n\t<meta name=\"twitter:label2\" content=\"Est. reading time\" \/>\n\t<meta name=\"twitter:data2\" content=\"2 minutes\" \/>\n<script type=\"application\/ld+json\" class=\"yoast-schema-graph\">{\"@context\":\"https:\\\/\\\/schema.org\",\"@graph\":[{\"@type\":\"NewsArticle\",\"@id\":\"https:\\\/\\\/www.apfelpatient.de\\\/news\\\/aktivitaeten-verwalten-facebook-kuendigt-neue-funktion-an#article\",\"isPartOf\":{\"@id\":\"https:\\\/\\\/www.apfelpatient.de\\\/news\\\/aktivitaeten-verwalten-facebook-kuendigt-neue-funktion-an\"},\"author\":{\"@type\":\"Organization\",\"@id\":\"https:\\\/\\\/www.apfelpatient.de\\\/en\\\/#organization\",\"name\":\"Apfelpatient\",\"url\":\"https:\\\/\\\/www.apfelpatient.de\\\/en\\\/\"},\"headline\":\"&#8222;Aktivit\u00e4ten verwalten&#8220; &#8211; Facebook k\u00fcndigt neue Funktion an\",\"datePublished\":\"2020-06-02T15:47:34+00:00\",\"mainEntityOfPage\":{\"@id\":\"https:\\\/\\\/www.apfelpatient.de\\\/news\\\/aktivitaeten-verwalten-facebook-kuendigt-neue-funktion-an\"},\"wordCount\":383,\"publisher\":{\"@type\":\"Organization\",\"@id\":\"https:\\\/\\\/www.apfelpatient.de\\\/en\\\/#organization\",\"name\":\"Apfelpatient\",\"url\":\"https:\\\/\\\/www.apfelpatient.de\\\/en\\\/\"},\"image\":{\"@id\":\"https:\\\/\\\/www.apfelpatient.de\\\/news\\\/aktivitaeten-verwalten-facebook-kuendigt-neue-funktion-an#primaryimage\"},\"thumbnailUrl\":\"https:\\\/\\\/www.apfelpatient.de\\\/wp-content\\\/uploads\\\/2020\\\/06\\\/bigstock-Calgary-Alberta-Canada-Dec-337823722.jpg\",\"keywords\":[\"App Store\",\"Apple Dienste\",\"Facebook\",\"iOS\"],\"articleSection\":\"News\",\"inLanguage\":\"en-US\",\"copyrightYear\":\"2020\",\"copyrightHolder\":{\"@id\":\"https:\\\/\\\/www.apfelpatient.de\\\/en\\\/#organization\"}},{\"@type\":\"WebPage\",\"@id\":\"https:\\\/\\\/www.apfelpatient.de\\\/news\\\/aktivitaeten-verwalten-facebook-kuendigt-neue-funktion-an\",\"url\":\"https:\\\/\\\/www.apfelpatient.de\\\/news\\\/aktivitaeten-verwalten-facebook-kuendigt-neue-funktion-an\",\"name\":\"\\\"Aktivit\u00e4ten verwalten\\\" - Facebook k\u00fcndigt neue Funktion an Apfelpatient\",\"isPartOf\":{\"@id\":\"https:\\\/\\\/www.apfelpatient.de\\\/#website\"},\"primaryImageOfPage\":{\"@id\":\"https:\\\/\\\/www.apfelpatient.de\\\/news\\\/aktivitaeten-verwalten-facebook-kuendigt-neue-funktion-an#primaryimage\"},\"image\":{\"@id\":\"https:\\\/\\\/www.apfelpatient.de\\\/news\\\/aktivitaeten-verwalten-facebook-kuendigt-neue-funktion-an#primaryimage\"},\"thumbnailUrl\":\"https:\\\/\\\/www.apfelpatient.de\\\/wp-content\\\/uploads\\\/2020\\\/06\\\/bigstock-Calgary-Alberta-Canada-Dec-337823722.jpg\",\"datePublished\":\"2020-06-02T15:47:34+00:00\",\"description\":\"Facebook hat heute mittels einer Pressemitteilung eine neue Funktionen namens \\\"Aktivit\u00e4ten verwalten\\\" angek\u00fcndigt.\",\"breadcrumb\":{\"@id\":\"https:\\\/\\\/www.apfelpatient.de\\\/news\\\/aktivitaeten-verwalten-facebook-kuendigt-neue-funktion-an#breadcrumb\"},\"inLanguage\":\"en-US\",\"potentialAction\":[{\"@type\":\"ReadAction\",\"target\":[\"https:\\\/\\\/www.apfelpatient.de\\\/news\\\/aktivitaeten-verwalten-facebook-kuendigt-neue-funktion-an\"]}]},{\"@type\":\"ImageObject\",\"inLanguage\":\"en-US\",\"@id\":\"https:\\\/\\\/www.apfelpatient.de\\\/news\\\/aktivitaeten-verwalten-facebook-kuendigt-neue-funktion-an#primaryimage\",\"url\":\"https:\\\/\\\/www.apfelpatient.de\\\/wp-content\\\/uploads\\\/2020\\\/06\\\/bigstock-Calgary-Alberta-Canada-Dec-337823722.jpg\",\"contentUrl\":\"https:\\\/\\\/www.apfelpatient.de\\\/wp-content\\\/uploads\\\/2020\\\/06\\\/bigstock-Calgary-Alberta-Canada-Dec-337823722.jpg\",\"width\":1600,\"height\":1067,\"caption\":\"Calgary, Alberta. Canada Dec 4 2019: Close up of the Facebook app. Facebook provides employees a chat to help answering hard questions from relatives. Illustrative\"},{\"@type\":\"BreadcrumbList\",\"@id\":\"https:\\\/\\\/www.apfelpatient.de\\\/news\\\/aktivitaeten-verwalten-facebook-kuendigt-neue-funktion-an#breadcrumb\",\"itemListElement\":[{\"@type\":\"ListItem\",\"position\":1,\"name\":\"Startseite\",\"item\":\"https:\\\/\\\/www.apfelpatient.de\\\/\"},{\"@type\":\"ListItem\",\"position\":2,\"name\":\"&#8222;Aktivit\u00e4ten verwalten&#8220; &#8211; Facebook k\u00fcndigt neue Funktion an\"}]},{\"@type\":\"WebSite\",\"@id\":\"https:\\\/\\\/www.apfelpatient.de\\\/#website\",\"url\":\"https:\\\/\\\/www.apfelpatient.de\\\/\",\"name\":\"Apfelpatient\",\"description\":\"Alles rund um Apple!\",\"publisher\":{\"@type\":\"Organization\",\"@id\":\"https:\\\/\\\/www.apfelpatient.de\\\/en\\\/#organization\",\"name\":\"Apfelpatient\",\"url\":\"https:\\\/\\\/www.apfelpatient.de\\\/en\\\/\"},\"alternateName\":\"Apfelpatient\",\"potentialAction\":[{\"@type\":\"SearchAction\",\"target\":{\"@type\":\"EntryPoint\",\"urlTemplate\":\"https:\\\/\\\/www.apfelpatient.de\\\/?s={search_term_string}\"},\"query-input\":{\"@type\":\"PropertyValueSpecification\",\"valueRequired\":true,\"valueName\":\"search_term_string\"}}],\"inLanguage\":\"en-US\"},{\"@type\":[\"Person\",\"Organization\"],\"@id\":\"https:\\\/\\\/www.apfelpatient.de\\\/#\\\/schema\\\/person\\\/35b3ddba5832f2bfc7fff5206d4f6b7b\",\"name\":\"Milan\",\"logo\":{\"@id\":\"https:\\\/\\\/www.apfelpatient.de\\\/#\\\/schema\\\/person\\\/image\\\/\"},\"description\":\"Hallo und herzlich willkommen auf meinem Technik-Blog! Als gro\u00dfer Apple-Fan berichte ich hier \u00fcber alles, was mit Apple zu tun hat: von den neuesten News und spannenden Ger\u00fcchten \u00fcber hilfreiche Tipps und Tricks bis hin zu ausf\u00fchrlichen Produkttests. Wenn du genauso technikbegeistert bist wie ich, bist du hier genau richtig!\",\"sameAs\":[\"https:\\\/\\\/www.facebook.com\\\/apfelpatientOfficial\",\"https:\\\/\\\/www.linkedin.com\\\/in\\\/milan-jovicic-42aa0231b\"],\"url\":\"https:\\\/\\\/www.apfelpatient.de\\\/en\\\/author\\\/apfeladmin\"}]}<\/script>\n<!-- \/ Yoast SEO Premium plugin. -->","yoast_head_json":{"title":"&quot;Manage Activities&quot; - Facebook announces new feature Apfelpatient","description":"Facebook today announced a new feature called &quot;Manage Activity&quot; via a press release.","robots":{"index":"index","follow":"follow","max-snippet":"max-snippet:-1","max-image-preview":"max-image-preview:large","max-video-preview":"max-video-preview:-1"},"canonical":"https:\/\/www.apfelpatient.de\/en\/news\/manage-activities-facebook-announces-new-feature","og_locale":"en_US","og_type":"article","og_title":"\"Aktivit\u00e4ten verwalten\" - Facebook k\u00fcndigt neue Funktion an","og_description":"Facebook hat heute mittels einer Pressemitteilung eine neue Funktionen namens \"Aktivit\u00e4ten verwalten\" angek\u00fcndigt.","og_url":"https:\/\/www.apfelpatient.de\/en\/news\/manage-activities-facebook-announces-new-feature","og_site_name":"Apfelpatient","article_publisher":"https:\/\/www.facebook.com\/apfelpatientOfficial","article_author":"https:\/\/www.facebook.com\/apfelpatientOfficial","article_published_time":"2020-06-02T15:47:34+00:00","og_image":[{"width":1600,"height":1067,"url":"https:\/\/www.apfelpatient.de\/wp-content\/uploads\/2020\/06\/bigstock-Calgary-Alberta-Canada-Dec-337823722.jpg","type":"image\/jpeg"}],"author":"Milan","twitter_card":"summary_large_image","twitter_description":"Facebook hat heute mittels einer Pressemitteilung eine neue Funktionen namens \"Aktivit\u00e4ten verwalten\" angek\u00fcndigt.","twitter_misc":{"Written by":"Milan","Est. reading time":"2 minutes"},"schema":{"@context":"https:\/\/schema.org","@graph":[{"@type":"NewsArticle","@id":"https:\/\/www.apfelpatient.de\/news\/aktivitaeten-verwalten-facebook-kuendigt-neue-funktion-an#article","isPartOf":{"@id":"https:\/\/www.apfelpatient.de\/news\/aktivitaeten-verwalten-facebook-kuendigt-neue-funktion-an"},"author":{"@type":"Organization","@id":"https:\/\/www.apfelpatient.de\/en\/#organization","name":"Apfelpatient","url":"https:\/\/www.apfelpatient.de\/en\/"},"headline":"&#8222;Aktivit\u00e4ten verwalten&#8220; &#8211; Facebook k\u00fcndigt neue Funktion an","datePublished":"2020-06-02T15:47:34+00:00","mainEntityOfPage":{"@id":"https:\/\/www.apfelpatient.de\/news\/aktivitaeten-verwalten-facebook-kuendigt-neue-funktion-an"},"wordCount":383,"publisher":{"@type":"Organization","@id":"https:\/\/www.apfelpatient.de\/en\/#organization","name":"Apfelpatient","url":"https:\/\/www.apfelpatient.de\/en\/"},"image":{"@id":"https:\/\/www.apfelpatient.de\/news\/aktivitaeten-verwalten-facebook-kuendigt-neue-funktion-an#primaryimage"},"thumbnailUrl":"https:\/\/www.apfelpatient.de\/wp-content\/uploads\/2020\/06\/bigstock-Calgary-Alberta-Canada-Dec-337823722.jpg","keywords":["App Store","Apple Dienste","Facebook","iOS"],"articleSection":"News","inLanguage":"en-US","copyrightYear":"2020","copyrightHolder":{"@id":"https:\/\/www.apfelpatient.de\/en\/#organization"}},{"@type":"WebPage","@id":"https:\/\/www.apfelpatient.de\/news\/aktivitaeten-verwalten-facebook-kuendigt-neue-funktion-an","url":"https:\/\/www.apfelpatient.de\/news\/aktivitaeten-verwalten-facebook-kuendigt-neue-funktion-an","name":"&quot;Manage Activities&quot; - Facebook announces new feature Apfelpatient","isPartOf":{"@id":"https:\/\/www.apfelpatient.de\/#website"},"primaryImageOfPage":{"@id":"https:\/\/www.apfelpatient.de\/news\/aktivitaeten-verwalten-facebook-kuendigt-neue-funktion-an#primaryimage"},"image":{"@id":"https:\/\/www.apfelpatient.de\/news\/aktivitaeten-verwalten-facebook-kuendigt-neue-funktion-an#primaryimage"},"thumbnailUrl":"https:\/\/www.apfelpatient.de\/wp-content\/uploads\/2020\/06\/bigstock-Calgary-Alberta-Canada-Dec-337823722.jpg","datePublished":"2020-06-02T15:47:34+00:00","description":"Facebook today announced a new feature called &quot;Manage Activity&quot; via a press release.","breadcrumb":{"@id":"https:\/\/www.apfelpatient.de\/news\/aktivitaeten-verwalten-facebook-kuendigt-neue-funktion-an#breadcrumb"},"inLanguage":"en-US","potentialAction":[{"@type":"ReadAction","target":["https:\/\/www.apfelpatient.de\/news\/aktivitaeten-verwalten-facebook-kuendigt-neue-funktion-an"]}]},{"@type":"ImageObject","inLanguage":"en-US","@id":"https:\/\/www.apfelpatient.de\/news\/aktivitaeten-verwalten-facebook-kuendigt-neue-funktion-an#primaryimage","url":"https:\/\/www.apfelpatient.de\/wp-content\/uploads\/2020\/06\/bigstock-Calgary-Alberta-Canada-Dec-337823722.jpg","contentUrl":"https:\/\/www.apfelpatient.de\/wp-content\/uploads\/2020\/06\/bigstock-Calgary-Alberta-Canada-Dec-337823722.jpg","width":1600,"height":1067,"caption":"Calgary, Alberta. Canada Dec 4 2019: Close up of the Facebook app. Facebook provides employees a chat to help answering hard questions from relatives. Illustrative"},{"@type":"BreadcrumbList","@id":"https:\/\/www.apfelpatient.de\/news\/aktivitaeten-verwalten-facebook-kuendigt-neue-funktion-an#breadcrumb","itemListElement":[{"@type":"ListItem","position":1,"name":"Startseite","item":"https:\/\/www.apfelpatient.de\/"},{"@type":"ListItem","position":2,"name":"&#8222;Aktivit\u00e4ten verwalten&#8220; &#8211; Facebook k\u00fcndigt neue Funktion an"}]},{"@type":"WebSite","@id":"https:\/\/www.apfelpatient.de\/#website","url":"https:\/\/www.apfelpatient.de\/","name":"apple patient","description":"Everything about Apple!","publisher":{"@type":"Organization","@id":"https:\/\/www.apfelpatient.de\/en\/#organization","name":"Apfelpatient","url":"https:\/\/www.apfelpatient.de\/en\/"},"alternateName":"Apfelpatient","potentialAction":[{"@type":"SearchAction","target":{"@type":"EntryPoint","urlTemplate":"https:\/\/www.apfelpatient.de\/?s={search_term_string}"},"query-input":{"@type":"PropertyValueSpecification","valueRequired":true,"valueName":"search_term_string"}}],"inLanguage":"en-US"},{"@type":["Person","Organization"],"@id":"https:\/\/www.apfelpatient.de\/#\/schema\/person\/35b3ddba5832f2bfc7fff5206d4f6b7b","name":"Milan","logo":{"@id":"https:\/\/www.apfelpatient.de\/#\/schema\/person\/image\/"},"description":"Hello and welcome to my technology blog! As a big Apple fan, I report on everything to do with Apple: from the latest news and exciting rumors to helpful tips and tricks and detailed product tests. If you are as enthusiastic about technology as I am, you have come to the right place!","sameAs":["https:\/\/www.facebook.com\/apfelpatientOfficial","https:\/\/www.linkedin.com\/in\/milan-jovicic-42aa0231b"],"url":"https:\/\/www.apfelpatient.de\/en\/author\/apfeladmin"}]}},"_links":{"self":[{"href":"https:\/\/www.apfelpatient.de\/en\/wp-json\/wp\/v2\/posts\/12714","targetHints":{"allow":["GET"]}}],"collection":[{"href":"https:\/\/www.apfelpatient.de\/en\/wp-json\/wp\/v2\/posts"}],"about":[{"href":"https:\/\/www.apfelpatient.de\/en\/wp-json\/wp\/v2\/types\/post"}],"author":[{"embeddable":true,"href":"https:\/\/www.apfelpatient.de\/en\/wp-json\/wp\/v2\/users\/2"}],"replies":[{"embeddable":true,"href":"https:\/\/www.apfelpatient.de\/en\/wp-json\/wp\/v2\/comments?post=12714"}],"version-history":[{"count":0,"href":"https:\/\/www.apfelpatient.de\/en\/wp-json\/wp\/v2\/posts\/12714\/revisions"}],"wp:featuredmedia":[{"embeddable":true,"href":"https:\/\/www.apfelpatient.de\/en\/wp-json\/wp\/v2\/media\/12713"}],"wp:attachment":[{"href":"https:\/\/www.apfelpatient.de\/en\/wp-json\/wp\/v2\/media?parent=12714"}],"wp:term":[{"taxonomy":"category","embeddable":true,"href":"https:\/\/www.apfelpatient.de\/en\/wp-json\/wp\/v2\/categories?post=12714"},{"taxonomy":"post_tag","embeddable":true,"href":"https:\/\/www.apfelpatient.de\/en\/wp-json\/wp\/v2\/tags?post=12714"}],"curies":[{"name":"wp","href":"https:\/\/api.w.org\/{rel}","templated":true}]}}