{"id":1269,"date":"2018-07-23T15:17:34","date_gmt":"2018-07-23T13:17:34","guid":{"rendered":"https:\/\/www.apfelpatient.de\/?p=1269"},"modified":"2025-02-06T07:04:36","modified_gmt":"2025-02-06T06:04:36","slug":"breaking-news-homepod-apple-announces-an-event-for-july-25th","status":"publish","type":"post","link":"https:\/\/www.apfelpatient.de\/en\/news\/breaking-news-homepod-apple-kuendigt-fuer-den-25-juli-ein-event-an","title":{"rendered":"Breaking News \u2013 HomePod: Apple announces an event for July 25th"},"content":{"rendered":"<p style=\"text-align: left;\"><strong>This has never happened before. For the first time in history, Apple announces a <em><a href=\"https:\/\/support.apple.com\/homepod-event-july-2018\">live chat event<\/a><\/em> to.<\/strong><\/p>\n<p style=\"text-align: left;\"><strong><em>Questions for the experts<\/em><\/strong><\/p>\n<p style=\"text-align: left;\">All users are invited to ask Apple employees questions about HomePod on the evening in question. The event will take the form of a live chat on the <em><a href=\"https:\/\/discussions.apple.com\/community\/homepod\">Apple support page<\/a><\/em> held in English. To participate in this event, all participants must log in with their Apple ID.<\/p>\n<p style=\"text-align: left;\"><strong><em>The event will take place on July 25, 2018 and will run from 8:00 p.m. to midnight.<\/em><\/strong><\/p>\n<h6 style=\"text-align: left;\"><strong>Also interesting:<\/strong><\/h6>\n<h6 style=\"text-align: left;\"><strong><em><a href=\"https:\/\/www.apfelpatient.de\/en\">HomePod Leak: These features are expected to arrive in fall<\/a><\/em><\/strong><\/h6>","protected":false},"excerpt":{"rendered":"<p>Das gab es noch nie. Apple k\u00fcndigt zum ersten Mal in der Geschichte ein Live-Chat-Event an. Fragen an die Experten Es sind alle Nutzer dazu eingeladen am besagten Abend Apple-Mitarbeitern Fragen zum Thema HomePod zu stellen. Das Event wird in Form von einem Live-Chat auf der Apple-Supportseite in Englisch abgehalten. Um an diesem Event teilnehmen [&hellip;]<\/p>\n","protected":false},"author":2,"featured_media":1273,"comment_status":"open","ping_status":"open","sticky":false,"template":"","format":"standard","meta":{"jnews-multi-image_gallery":[],"jnews_single_post":[],"jnews_primary_category":[],"footnotes":""},"categories":[9],"tags":[86,85],"class_list":["post-1269","post","type-post","status-publish","format-standard","has-post-thumbnail","hentry","category-news","tag-apple-event","tag-homepod"],"yoast_head":"<!-- This site is optimized with the Yoast SEO Premium plugin v27.5 (Yoast SEO v27.5) - https:\/\/yoast.com\/product\/yoast-seo-premium-wordpress\/ -->\n<title>Breaking News - HomePod: Apple k\u00fcndigt f\u00fcr den 25. Juli ein Event an Apfelpatient<\/title>\n<meta name=\"description\" content=\"Das gab es noch nie. Apple k\u00fcndigt zum ersten Mal in der Geschichte ein Live-Chat-Event an. Fragen an die Experten Es sind alle Nutzer dazu eingeladen am\" \/>\n<meta name=\"robots\" content=\"index, follow, max-snippet:-1, max-image-preview:large, max-video-preview:-1\" \/>\n<link rel=\"canonical\" href=\"https:\/\/www.apfelpatient.de\/en\/news\/breaking-news-homepod-apple-announces-an-event-for-july-25th\" \/>\n<meta property=\"og:locale\" content=\"en_US\" \/>\n<meta property=\"og:type\" content=\"article\" \/>\n<meta property=\"og:title\" content=\"Breaking News - HomePod: Apple k\u00fcndigt f\u00fcr den 25. Juli ein Event an\" \/>\n<meta property=\"og:description\" content=\"Das gab es noch nie. Apple k\u00fcndigt zum ersten Mal in der Geschichte ein Live-Chat-Event an. Fragen an die Experten Es sind alle Nutzer dazu eingeladen am\" \/>\n<meta property=\"og:url\" content=\"https:\/\/www.apfelpatient.de\/en\/news\/breaking-news-homepod-apple-announces-an-event-for-july-25th\" \/>\n<meta property=\"og:site_name\" content=\"Apfelpatient\" \/>\n<meta property=\"article:publisher\" content=\"https:\/\/www.facebook.com\/apfelpatientOfficial\" \/>\n<meta property=\"article:author\" content=\"https:\/\/www.facebook.com\/apfelpatientOfficial\" \/>\n<meta property=\"article:published_time\" content=\"2018-07-23T13:17:34+00:00\" \/>\n<meta property=\"article:modified_time\" content=\"2025-02-06T06:04:36+00:00\" \/>\n<meta property=\"og:image\" content=\"https:\/\/www.apfelpatient.de\/wp-content\/uploads\/2018\/07\/B2FAEF55-3331-424E-B407-365EABD4DC46.jpeg\" \/>\n\t<meta property=\"og:image:width\" content=\"1632\" \/>\n\t<meta property=\"og:image:height\" content=\"1230\" \/>\n\t<meta property=\"og:image:type\" content=\"image\/jpeg\" \/>\n<meta name=\"author\" content=\"Milan\" \/>\n<meta name=\"twitter:card\" content=\"summary_large_image\" \/>\n<meta name=\"twitter:label1\" content=\"Written by\" \/>\n\t<meta name=\"twitter:data1\" content=\"Milan\" \/>\n<script type=\"application\/ld+json\" class=\"yoast-schema-graph\">{\"@context\":\"https:\\\/\\\/schema.org\",\"@graph\":[{\"@type\":\"NewsArticle\",\"@id\":\"https:\\\/\\\/www.apfelpatient.de\\\/news\\\/breaking-news-homepod-apple-kuendigt-fuer-den-25-juli-ein-event-an#article\",\"isPartOf\":{\"@id\":\"https:\\\/\\\/www.apfelpatient.de\\\/news\\\/breaking-news-homepod-apple-kuendigt-fuer-den-25-juli-ein-event-an\"},\"author\":{\"@type\":\"Organization\",\"@id\":\"https:\\\/\\\/www.apfelpatient.de\\\/en\\\/#organization\",\"name\":\"Apfelpatient\",\"url\":\"https:\\\/\\\/www.apfelpatient.de\\\/en\\\/\"},\"headline\":\"Breaking News &#8211; HomePod: Apple k\u00fcndigt f\u00fcr den 25. Juli ein Event an\",\"datePublished\":\"2018-07-23T13:17:34+00:00\",\"dateModified\":\"2025-02-06T06:04:36+00:00\",\"mainEntityOfPage\":{\"@id\":\"https:\\\/\\\/www.apfelpatient.de\\\/news\\\/breaking-news-homepod-apple-kuendigt-fuer-den-25-juli-ein-event-an\"},\"wordCount\":105,\"commentCount\":0,\"publisher\":{\"@type\":\"Organization\",\"@id\":\"https:\\\/\\\/www.apfelpatient.de\\\/en\\\/#organization\",\"name\":\"Apfelpatient\",\"url\":\"https:\\\/\\\/www.apfelpatient.de\\\/en\\\/\"},\"image\":{\"@id\":\"https:\\\/\\\/www.apfelpatient.de\\\/news\\\/breaking-news-homepod-apple-kuendigt-fuer-den-25-juli-ein-event-an#primaryimage\"},\"thumbnailUrl\":\"https:\\\/\\\/www.apfelpatient.de\\\/wp-content\\\/uploads\\\/2018\\\/07\\\/B2FAEF55-3331-424E-B407-365EABD4DC46.jpeg\",\"keywords\":[\"Apple Event\",\"HomePod\"],\"articleSection\":\"News\",\"inLanguage\":\"en-US\",\"potentialAction\":[{\"@type\":\"CommentAction\",\"name\":\"Comment\",\"target\":[\"https:\\\/\\\/www.apfelpatient.de\\\/news\\\/breaking-news-homepod-apple-kuendigt-fuer-den-25-juli-ein-event-an#respond\"]}],\"copyrightYear\":\"2018\",\"copyrightHolder\":{\"@id\":\"https:\\\/\\\/www.apfelpatient.de\\\/en\\\/#organization\"}},{\"@type\":\"WebPage\",\"@id\":\"https:\\\/\\\/www.apfelpatient.de\\\/news\\\/breaking-news-homepod-apple-kuendigt-fuer-den-25-juli-ein-event-an\",\"url\":\"https:\\\/\\\/www.apfelpatient.de\\\/news\\\/breaking-news-homepod-apple-kuendigt-fuer-den-25-juli-ein-event-an\",\"name\":\"Breaking News - HomePod: Apple k\u00fcndigt f\u00fcr den 25. Juli ein Event an Apfelpatient\",\"isPartOf\":{\"@id\":\"https:\\\/\\\/www.apfelpatient.de\\\/#website\"},\"primaryImageOfPage\":{\"@id\":\"https:\\\/\\\/www.apfelpatient.de\\\/news\\\/breaking-news-homepod-apple-kuendigt-fuer-den-25-juli-ein-event-an#primaryimage\"},\"image\":{\"@id\":\"https:\\\/\\\/www.apfelpatient.de\\\/news\\\/breaking-news-homepod-apple-kuendigt-fuer-den-25-juli-ein-event-an#primaryimage\"},\"thumbnailUrl\":\"https:\\\/\\\/www.apfelpatient.de\\\/wp-content\\\/uploads\\\/2018\\\/07\\\/B2FAEF55-3331-424E-B407-365EABD4DC46.jpeg\",\"datePublished\":\"2018-07-23T13:17:34+00:00\",\"dateModified\":\"2025-02-06T06:04:36+00:00\",\"description\":\"Das gab es noch nie. Apple k\u00fcndigt zum ersten Mal in der Geschichte ein Live-Chat-Event an. Fragen an die Experten Es sind alle Nutzer dazu eingeladen am\",\"breadcrumb\":{\"@id\":\"https:\\\/\\\/www.apfelpatient.de\\\/news\\\/breaking-news-homepod-apple-kuendigt-fuer-den-25-juli-ein-event-an#breadcrumb\"},\"inLanguage\":\"en-US\",\"potentialAction\":[{\"@type\":\"ReadAction\",\"target\":[\"https:\\\/\\\/www.apfelpatient.de\\\/news\\\/breaking-news-homepod-apple-kuendigt-fuer-den-25-juli-ein-event-an\"]}]},{\"@type\":\"ImageObject\",\"inLanguage\":\"en-US\",\"@id\":\"https:\\\/\\\/www.apfelpatient.de\\\/news\\\/breaking-news-homepod-apple-kuendigt-fuer-den-25-juli-ein-event-an#primaryimage\",\"url\":\"https:\\\/\\\/www.apfelpatient.de\\\/wp-content\\\/uploads\\\/2018\\\/07\\\/B2FAEF55-3331-424E-B407-365EABD4DC46.jpeg\",\"contentUrl\":\"https:\\\/\\\/www.apfelpatient.de\\\/wp-content\\\/uploads\\\/2018\\\/07\\\/B2FAEF55-3331-424E-B407-365EABD4DC46.jpeg\",\"width\":1632,\"height\":1230,\"caption\":\"Bild: Apple\"},{\"@type\":\"BreadcrumbList\",\"@id\":\"https:\\\/\\\/www.apfelpatient.de\\\/news\\\/breaking-news-homepod-apple-kuendigt-fuer-den-25-juli-ein-event-an#breadcrumb\",\"itemListElement\":[{\"@type\":\"ListItem\",\"position\":1,\"name\":\"Startseite\",\"item\":\"https:\\\/\\\/www.apfelpatient.de\\\/\"},{\"@type\":\"ListItem\",\"position\":2,\"name\":\"Breaking News &#8211; HomePod: Apple k\u00fcndigt f\u00fcr den 25. Juli ein Event an\"}]},{\"@type\":\"WebSite\",\"@id\":\"https:\\\/\\\/www.apfelpatient.de\\\/#website\",\"url\":\"https:\\\/\\\/www.apfelpatient.de\\\/\",\"name\":\"Apfelpatient\",\"description\":\"Alles rund um Apple!\",\"publisher\":{\"@type\":\"Organization\",\"@id\":\"https:\\\/\\\/www.apfelpatient.de\\\/en\\\/#organization\",\"name\":\"Apfelpatient\",\"url\":\"https:\\\/\\\/www.apfelpatient.de\\\/en\\\/\"},\"alternateName\":\"Apfelpatient\",\"potentialAction\":[{\"@type\":\"SearchAction\",\"target\":{\"@type\":\"EntryPoint\",\"urlTemplate\":\"https:\\\/\\\/www.apfelpatient.de\\\/?s={search_term_string}\"},\"query-input\":{\"@type\":\"PropertyValueSpecification\",\"valueRequired\":true,\"valueName\":\"search_term_string\"}}],\"inLanguage\":\"en-US\"},{\"@type\":[\"Person\",\"Organization\"],\"@id\":\"https:\\\/\\\/www.apfelpatient.de\\\/#\\\/schema\\\/person\\\/7dc56ad6c8e9824b76d2c08d4c140e13\",\"name\":\"Milan\",\"logo\":{\"@id\":\"https:\\\/\\\/www.apfelpatient.de\\\/#\\\/schema\\\/person\\\/image\\\/\"},\"description\":\"Hallo und herzlich willkommen auf meinem Technik-Blog! Als gro\u00dfer Apple-Fan berichte ich hier \u00fcber alles, was mit Apple zu tun hat: von den neuesten News und spannenden Ger\u00fcchten \u00fcber hilfreiche Tipps und Tricks bis hin zu ausf\u00fchrlichen Produkttests. Wenn du genauso technikbegeistert bist wie ich, bist du hier genau richtig!\",\"sameAs\":[\"https:\\\/\\\/www.facebook.com\\\/apfelpatientOfficial\",\"https:\\\/\\\/www.linkedin.com\\\/in\\\/milan-jovicic-42aa0231b\"],\"url\":\"https:\\\/\\\/www.apfelpatient.de\\\/en\\\/author\\\/apfeladmin\"}]}<\/script>\n<!-- \/ Yoast SEO Premium plugin. -->","yoast_head_json":{"title":"Breaking News - HomePod: Apple announces an event for July 25th Apfelpatient","description":"This has never happened before. Apple announces a live chat event for the first time in history. Questions for the experts All users are invited to","robots":{"index":"index","follow":"follow","max-snippet":"max-snippet:-1","max-image-preview":"max-image-preview:large","max-video-preview":"max-video-preview:-1"},"canonical":"https:\/\/www.apfelpatient.de\/en\/news\/breaking-news-homepod-apple-announces-an-event-for-july-25th","og_locale":"en_US","og_type":"article","og_title":"Breaking News - HomePod: Apple k\u00fcndigt f\u00fcr den 25. Juli ein Event an","og_description":"Das gab es noch nie. Apple k\u00fcndigt zum ersten Mal in der Geschichte ein Live-Chat-Event an. Fragen an die Experten Es sind alle Nutzer dazu eingeladen am","og_url":"https:\/\/www.apfelpatient.de\/en\/news\/breaking-news-homepod-apple-announces-an-event-for-july-25th","og_site_name":"Apfelpatient","article_publisher":"https:\/\/www.facebook.com\/apfelpatientOfficial","article_author":"https:\/\/www.facebook.com\/apfelpatientOfficial","article_published_time":"2018-07-23T13:17:34+00:00","article_modified_time":"2025-02-06T06:04:36+00:00","og_image":[{"width":1632,"height":1230,"url":"https:\/\/www.apfelpatient.de\/wp-content\/uploads\/2018\/07\/B2FAEF55-3331-424E-B407-365EABD4DC46.jpeg","type":"image\/jpeg"}],"author":"Milan","twitter_card":"summary_large_image","twitter_misc":{"Written by":"Milan"},"schema":{"@context":"https:\/\/schema.org","@graph":[{"@type":"NewsArticle","@id":"https:\/\/www.apfelpatient.de\/news\/breaking-news-homepod-apple-kuendigt-fuer-den-25-juli-ein-event-an#article","isPartOf":{"@id":"https:\/\/www.apfelpatient.de\/news\/breaking-news-homepod-apple-kuendigt-fuer-den-25-juli-ein-event-an"},"author":{"@type":"Organization","@id":"https:\/\/www.apfelpatient.de\/en\/#organization","name":"Apfelpatient","url":"https:\/\/www.apfelpatient.de\/en\/"},"headline":"Breaking News &#8211; HomePod: Apple k\u00fcndigt f\u00fcr den 25. Juli ein Event an","datePublished":"2018-07-23T13:17:34+00:00","dateModified":"2025-02-06T06:04:36+00:00","mainEntityOfPage":{"@id":"https:\/\/www.apfelpatient.de\/news\/breaking-news-homepod-apple-kuendigt-fuer-den-25-juli-ein-event-an"},"wordCount":105,"commentCount":0,"publisher":{"@type":"Organization","@id":"https:\/\/www.apfelpatient.de\/en\/#organization","name":"Apfelpatient","url":"https:\/\/www.apfelpatient.de\/en\/"},"image":{"@id":"https:\/\/www.apfelpatient.de\/news\/breaking-news-homepod-apple-kuendigt-fuer-den-25-juli-ein-event-an#primaryimage"},"thumbnailUrl":"https:\/\/www.apfelpatient.de\/wp-content\/uploads\/2018\/07\/B2FAEF55-3331-424E-B407-365EABD4DC46.jpeg","keywords":["Apple Event","HomePod"],"articleSection":"News","inLanguage":"en-US","potentialAction":[{"@type":"CommentAction","name":"Comment","target":["https:\/\/www.apfelpatient.de\/news\/breaking-news-homepod-apple-kuendigt-fuer-den-25-juli-ein-event-an#respond"]}],"copyrightYear":"2018","copyrightHolder":{"@id":"https:\/\/www.apfelpatient.de\/en\/#organization"}},{"@type":"WebPage","@id":"https:\/\/www.apfelpatient.de\/news\/breaking-news-homepod-apple-kuendigt-fuer-den-25-juli-ein-event-an","url":"https:\/\/www.apfelpatient.de\/news\/breaking-news-homepod-apple-kuendigt-fuer-den-25-juli-ein-event-an","name":"Breaking News - HomePod: Apple announces an event for July 25th Apfelpatient","isPartOf":{"@id":"https:\/\/www.apfelpatient.de\/#website"},"primaryImageOfPage":{"@id":"https:\/\/www.apfelpatient.de\/news\/breaking-news-homepod-apple-kuendigt-fuer-den-25-juli-ein-event-an#primaryimage"},"image":{"@id":"https:\/\/www.apfelpatient.de\/news\/breaking-news-homepod-apple-kuendigt-fuer-den-25-juli-ein-event-an#primaryimage"},"thumbnailUrl":"https:\/\/www.apfelpatient.de\/wp-content\/uploads\/2018\/07\/B2FAEF55-3331-424E-B407-365EABD4DC46.jpeg","datePublished":"2018-07-23T13:17:34+00:00","dateModified":"2025-02-06T06:04:36+00:00","description":"This has never happened before. Apple announces a live chat event for the first time in history. Questions for the experts All users are invited to","breadcrumb":{"@id":"https:\/\/www.apfelpatient.de\/news\/breaking-news-homepod-apple-kuendigt-fuer-den-25-juli-ein-event-an#breadcrumb"},"inLanguage":"en-US","potentialAction":[{"@type":"ReadAction","target":["https:\/\/www.apfelpatient.de\/news\/breaking-news-homepod-apple-kuendigt-fuer-den-25-juli-ein-event-an"]}]},{"@type":"ImageObject","inLanguage":"en-US","@id":"https:\/\/www.apfelpatient.de\/news\/breaking-news-homepod-apple-kuendigt-fuer-den-25-juli-ein-event-an#primaryimage","url":"https:\/\/www.apfelpatient.de\/wp-content\/uploads\/2018\/07\/B2FAEF55-3331-424E-B407-365EABD4DC46.jpeg","contentUrl":"https:\/\/www.apfelpatient.de\/wp-content\/uploads\/2018\/07\/B2FAEF55-3331-424E-B407-365EABD4DC46.jpeg","width":1632,"height":1230,"caption":"Bild: Apple"},{"@type":"BreadcrumbList","@id":"https:\/\/www.apfelpatient.de\/news\/breaking-news-homepod-apple-kuendigt-fuer-den-25-juli-ein-event-an#breadcrumb","itemListElement":[{"@type":"ListItem","position":1,"name":"Startseite","item":"https:\/\/www.apfelpatient.de\/"},{"@type":"ListItem","position":2,"name":"Breaking News &#8211; HomePod: Apple k\u00fcndigt f\u00fcr den 25. Juli ein Event an"}]},{"@type":"WebSite","@id":"https:\/\/www.apfelpatient.de\/#website","url":"https:\/\/www.apfelpatient.de\/","name":"apple patient","description":"Everything about Apple!","publisher":{"@type":"Organization","@id":"https:\/\/www.apfelpatient.de\/en\/#organization","name":"Apfelpatient","url":"https:\/\/www.apfelpatient.de\/en\/"},"alternateName":"Apfelpatient","potentialAction":[{"@type":"SearchAction","target":{"@type":"EntryPoint","urlTemplate":"https:\/\/www.apfelpatient.de\/?s={search_term_string}"},"query-input":{"@type":"PropertyValueSpecification","valueRequired":true,"valueName":"search_term_string"}}],"inLanguage":"en-US"},{"@type":["Person","Organization"],"@id":"https:\/\/www.apfelpatient.de\/#\/schema\/person\/7dc56ad6c8e9824b76d2c08d4c140e13","name":"Milan","logo":{"@id":"https:\/\/www.apfelpatient.de\/#\/schema\/person\/image\/"},"description":"Hello and welcome to my technology blog! As a big Apple fan, I report on everything to do with Apple: from the latest news and exciting rumors to helpful tips and tricks and detailed product tests. If you are as enthusiastic about technology as I am, you have come to the right place!","sameAs":["https:\/\/www.facebook.com\/apfelpatientOfficial","https:\/\/www.linkedin.com\/in\/milan-jovicic-42aa0231b"],"url":"https:\/\/www.apfelpatient.de\/en\/author\/apfeladmin"}]}},"_links":{"self":[{"href":"https:\/\/www.apfelpatient.de\/en\/wp-json\/wp\/v2\/posts\/1269","targetHints":{"allow":["GET"]}}],"collection":[{"href":"https:\/\/www.apfelpatient.de\/en\/wp-json\/wp\/v2\/posts"}],"about":[{"href":"https:\/\/www.apfelpatient.de\/en\/wp-json\/wp\/v2\/types\/post"}],"author":[{"embeddable":true,"href":"https:\/\/www.apfelpatient.de\/en\/wp-json\/wp\/v2\/users\/2"}],"replies":[{"embeddable":true,"href":"https:\/\/www.apfelpatient.de\/en\/wp-json\/wp\/v2\/comments?post=1269"}],"version-history":[{"count":0,"href":"https:\/\/www.apfelpatient.de\/en\/wp-json\/wp\/v2\/posts\/1269\/revisions"}],"wp:featuredmedia":[{"embeddable":true,"href":"https:\/\/www.apfelpatient.de\/en\/wp-json\/wp\/v2\/media\/1273"}],"wp:attachment":[{"href":"https:\/\/www.apfelpatient.de\/en\/wp-json\/wp\/v2\/media?parent=1269"}],"wp:term":[{"taxonomy":"category","embeddable":true,"href":"https:\/\/www.apfelpatient.de\/en\/wp-json\/wp\/v2\/categories?post=1269"},{"taxonomy":"post_tag","embeddable":true,"href":"https:\/\/www.apfelpatient.de\/en\/wp-json\/wp\/v2\/tags?post=1269"}],"curies":[{"name":"wp","href":"https:\/\/api.w.org\/{rel}","templated":true}]}}