{"id":12622,"date":"2020-05-29T17:38:08","date_gmt":"2020-05-29T15:38:08","guid":{"rendered":"https:\/\/www.apfelpatient.de\/?p=12622"},"modified":"2020-05-29T17:38:08","modified_gmt":"2020-05-29T15:38:08","slug":"airtags-tile-relies-on-eu-commission-against-apple","status":"publish","type":"post","link":"https:\/\/www.apfelpatient.de\/en\/news\/airtags-tile-setzt-auf-eu-kommission-gegen-apple","title":{"rendered":"AirTags: Tile relies on EU Commission against Apple"},"content":{"rendered":"<p class=\"has-drop-cap\"><strong>Tile, a manufacturer of Bluetooth trackers, is worried about its future. The reason for this is Apple&#039;s upcoming AirTags and related business practices. Now the EU Commission is also supposed to help.<\/strong><\/p>\n\n\n\n<p>Tile is a small Bluetooth tracker that is attached to handbags, jackets, wallets or other items to find them if they are lost. Apple&#039;s AirTags can do practically the same thing - only probably better. However, this is because AirTags are deeply integrated into iOS. Tile feels attacked. The company accuses Cupertino of abusing its market power and is hoping for help from the US Congress. A corresponding lawsuit has been pending since January. Now Tile has also turned to the EU Commission and is demanding an investigation. To be precise, Apple&#039;s business practices should be examined more closely, as they are &quot;highly anti-competitive&quot;. While Tile was initially allowed to market its products in the Apple Store, they were gradually removed from the range. At the software level, changes were made under iOS 13 that make using Tile products with an iPhone significantly more difficult. Now the <a href=\"https:\/\/www.ft.com\/content\/a08627c5-61d6-4513-9e7e-acac6b1ba862\" class=\"ek-link\"><span style=\"text-decoration: underline;\" class=\"ek-underline\">Financial Times<\/span><\/a>, according to which Tiles&#039; letter was delivered to European Competition Commissioner Margrethe Vestager on 26 May. It states:&nbsp;<\/p>\n\n\n\n<h3 class=\"wp-block-heading\">Apple comments on the allegations<\/h3>\n\n\n\n\n\n\n\n<blockquote class=\"wp-block-quote is-layout-flow wp-block-quote-is-layout-flow\"><p>&quot;Over the past 12 months, Apple has taken several steps to completely disadvantag Tile, including by making it harder for consumers to use our products and services,&quot; Tile general counsel Kirsten Daru said in the letter, seen by the Financial Times.<\/p><p>&quot;This is particularly troubling because Apple&#039;s actions come at the same time that Apple has launched a new FindMy app that competes even more directly with Tile, and is also preparing to launch a competing hardware product.&quot;<\/p><\/blockquote>\n\n\n\n<p>Basically, Apple is deliberately restricting Tile in order to be able to better market its own product, which has not yet been introduced - the AirTags. Of course, Apple has already reacted and made the following statement:<\/p>\n\n\n\n<blockquote class=\"wp-block-quote is-layout-flow wp-block-quote-is-layout-flow\"><p>We vigorously reject the allegations of anti-competitive behavior made against us by Tile. In keeping with the critical path we have been on for over a decade, we have implemented additional privacy protections over the past year that protect users&#039; location data,&quot; Apple responded. &quot;Tile does not like this decision, so rather than argue the issue on its merits, they have instead chosen to launch meritless attacks.<\/p><\/blockquote>\n\n\n\n<p>It is doubtful whether Tile will actually be successful in the end. Nevertheless, the whole thing remains exciting. If you want to find out more about Apple&#039;s upcoming AirTags, I recommend our big summary on the topic - enjoy reading.&nbsp;<strong>Anker discount campaign:<\/strong>&nbsp;<span style=\"text-decoration: underline;\" class=\"ek-underline\"><a href=\"https:\/\/www.amazon.de\/shop\/apfelpatientofficial?listId=3KIBW1BQD22W&amp;ref=idea_share_inf\" class=\"ek-link\">Save up to 25 percent on security cameras, headphones, speakers and more. The discount ends on May 31, 2020.<\/a><\/span> <em>(Photo by rstavila \/ Bigstockphoto)<\/em><\/p>\n\n\n\n<ul class=\"wp-block-list\"><li><a href=\"https:\/\/www.apfelpatient.de\/en\/generally\/airtags-what-we-know-about-apples-new-product\" class=\"ek-link\"><span style=\"text-decoration: underline;\" class=\"ek-underline\">AirTags \u2013 What we know about Apple\u2019s new product<\/span><\/a><\/li><\/ul>\n\n\n\n\n\n<h6 class=\"wp-block-heading translation-block\" id=\"h-der-beitrag-enthalt-partnerlinks\">This post contains <a data-type=\"URL\" data-id=\"https:\/\/www.apfelpatient.de\/partnerprogramm\" href=\"https:\/\/www.apfelpatient.de\/en\/partner-program\" data-wpel-link=\"internal\" target=\"_self\">affiliate links<\/a>.<\/h6>","protected":false},"excerpt":{"rendered":"<p>Tile, a manufacturer of Bluetooth trackers, is worried about its future. The reason for this is Apple&#039;s upcoming AirTags and related business practices. Now the EU Commission is also supposed to help.<\/p>","protected":false},"author":2,"featured_media":12623,"comment_status":"closed","ping_status":"closed","sticky":false,"template":"","format":"standard","meta":{"jnews-multi-image_gallery":[],"jnews_single_post":{"subtitle":"","format":"standard","video":"","gallery":"","source_name":"","source_url":"","via_name":"Financial Times","via_url":"https:\/\/www.ft.com\/content\/a08627c5-61d6-4513-9e7e-acac6b1ba862","override":[{"single_blog_custom":"","sidebar":"","second_sidebar":"","share_position":"","share_float_style":"","post_date_format":"","post_date_format_custom":"","post_reading_time_wpm":"","zoom_button_out_step":"1","zoom_button_in_step":"1","number_popup_post":"1"}],"image_override":[{"single_post_thumbnail_size":"","single_post_gallery_size":""}],"trending_post_position":"","trending_post_label":"","sponsored_post_label":"","sponsored_post_name":"","sponsored_post_url":"","sponsored_post_logo":"","sponsored_post_desc":""},"jnews_primary_category":{"id":"265"},"footnotes":""},"categories":[9],"tags":[328,96,3,8],"class_list":["post-12622","post","type-post","status-publish","format-standard","has-post-thumbnail","hentry","category-news","tag-airtag","tag-eu-kommission","tag-ios","tag-iphone"],"yoast_head":"<!-- This site is optimized with the Yoast SEO Premium plugin v27.5 (Yoast SEO v27.5) - https:\/\/yoast.com\/product\/yoast-seo-premium-wordpress\/ -->\n<title>AirTags: Tile setzt auf EU-Kommission gegen Apple Apfelpatient<\/title>\n<meta name=\"description\" content=\"Tile, ein Hersteller von Bluetooth-Trackern bangt um seine Zukunft. Grund daf\u00fcr sind Apples kommende AirTags und damit verbundene Gesch\u00e4ftspraktiken.\" \/>\n<meta name=\"robots\" content=\"index, follow, max-snippet:-1, max-image-preview:large, max-video-preview:-1\" \/>\n<link rel=\"canonical\" href=\"https:\/\/www.apfelpatient.de\/en\/news\/airtags-tile-relies-on-eu-commission-against-apple\" \/>\n<meta property=\"og:locale\" content=\"en_US\" \/>\n<meta property=\"og:type\" content=\"article\" \/>\n<meta property=\"og:title\" content=\"AirTags: Tile setzt auf EU-Kommission gegen Apple\" \/>\n<meta property=\"og:description\" content=\"Tile, ein Hersteller von Bluetooth-Trackern bangt um seine Zukunft. Grund daf\u00fcr sind Apples kommende AirTags und damit verbundene Gesch\u00e4ftspraktiken. Nun soll auch die EU-Kommission helfen.\" \/>\n<meta property=\"og:url\" content=\"https:\/\/www.apfelpatient.de\/en\/news\/airtags-tile-relies-on-eu-commission-against-apple\" \/>\n<meta property=\"og:site_name\" content=\"Apfelpatient\" \/>\n<meta property=\"article:publisher\" content=\"https:\/\/www.facebook.com\/apfelpatientOfficial\" \/>\n<meta property=\"article:author\" content=\"https:\/\/www.facebook.com\/apfelpatientOfficial\" \/>\n<meta property=\"article:published_time\" content=\"2020-05-29T15:38:08+00:00\" \/>\n<meta property=\"og:image\" content=\"https:\/\/www.apfelpatient.de\/wp-content\/uploads\/2020\/05\/bigstock-Germany-Hamm-Bla-351983750.jpg\" \/>\n\t<meta property=\"og:image:width\" content=\"1600\" \/>\n\t<meta property=\"og:image:height\" content=\"1162\" \/>\n\t<meta property=\"og:image:type\" content=\"image\/jpeg\" \/>\n<meta name=\"author\" content=\"Milan\" \/>\n<meta name=\"twitter:card\" content=\"summary_large_image\" \/>\n<meta name=\"twitter:description\" content=\"Tile, ein Hersteller von Bluetooth-Trackern bangt um seine Zukunft. Grund daf\u00fcr sind Apples kommende AirTags und damit verbundene Gesch\u00e4ftspraktiken. Nun soll auch die EU-Kommission helfen.\" \/>\n<meta name=\"twitter:label1\" content=\"Written by\" \/>\n\t<meta name=\"twitter:data1\" content=\"Milan\" \/>\n\t<meta name=\"twitter:label2\" content=\"Est. reading time\" \/>\n\t<meta name=\"twitter:data2\" content=\"2 minutes\" \/>\n<script type=\"application\/ld+json\" class=\"yoast-schema-graph\">{\"@context\":\"https:\\\/\\\/schema.org\",\"@graph\":[{\"@type\":\"NewsArticle\",\"@id\":\"https:\\\/\\\/www.apfelpatient.de\\\/en\\\/news\\\/airtags-tile-setzt-auf-eu-kommission-gegen-apple#article\",\"isPartOf\":{\"@id\":\"https:\\\/\\\/www.apfelpatient.de\\\/en\\\/news\\\/airtags-tile-setzt-auf-eu-kommission-gegen-apple\"},\"author\":{\"@type\":\"Organization\",\"@id\":\"https:\\\/\\\/www.apfelpatient.de\\\/en\\\/#organization\",\"name\":\"Apfelpatient\",\"url\":\"https:\\\/\\\/www.apfelpatient.de\\\/en\\\/\"},\"headline\":\"AirTags: Tile setzt auf EU-Kommission gegen Apple\",\"datePublished\":\"2020-05-29T15:38:08+00:00\",\"mainEntityOfPage\":{\"@id\":\"https:\\\/\\\/www.apfelpatient.de\\\/en\\\/news\\\/airtags-tile-setzt-auf-eu-kommission-gegen-apple\"},\"wordCount\":493,\"publisher\":{\"@type\":\"Organization\",\"@id\":\"https:\\\/\\\/www.apfelpatient.de\\\/en\\\/#organization\",\"name\":\"Apfelpatient\",\"url\":\"https:\\\/\\\/www.apfelpatient.de\\\/en\\\/\"},\"image\":{\"@id\":\"https:\\\/\\\/www.apfelpatient.de\\\/en\\\/news\\\/airtags-tile-setzt-auf-eu-kommission-gegen-apple#primaryimage\"},\"thumbnailUrl\":\"https:\\\/\\\/www.apfelpatient.de\\\/wp-content\\\/uploads\\\/2020\\\/05\\\/bigstock-Germany-Hamm-Bla-351983750.jpg\",\"keywords\":[\"AirTags\",\"EU-Kommission\",\"iOS\",\"iPhone\"],\"articleSection\":\"News\",\"inLanguage\":\"en-US\",\"copyrightYear\":\"2020\",\"copyrightHolder\":{\"@id\":\"https:\\\/\\\/www.apfelpatient.de\\\/en\\\/#organization\"}},{\"@type\":\"WebPage\",\"@id\":\"https:\\\/\\\/www.apfelpatient.de\\\/en\\\/news\\\/airtags-tile-setzt-auf-eu-kommission-gegen-apple\",\"url\":\"https:\\\/\\\/www.apfelpatient.de\\\/en\\\/news\\\/airtags-tile-setzt-auf-eu-kommission-gegen-apple\",\"name\":\"AirTags: Tile setzt auf EU-Kommission gegen Apple Apfelpatient\",\"isPartOf\":{\"@id\":\"https:\\\/\\\/www.apfelpatient.de\\\/#website\"},\"primaryImageOfPage\":{\"@id\":\"https:\\\/\\\/www.apfelpatient.de\\\/en\\\/news\\\/airtags-tile-setzt-auf-eu-kommission-gegen-apple#primaryimage\"},\"image\":{\"@id\":\"https:\\\/\\\/www.apfelpatient.de\\\/en\\\/news\\\/airtags-tile-setzt-auf-eu-kommission-gegen-apple#primaryimage\"},\"thumbnailUrl\":\"https:\\\/\\\/www.apfelpatient.de\\\/wp-content\\\/uploads\\\/2020\\\/05\\\/bigstock-Germany-Hamm-Bla-351983750.jpg\",\"datePublished\":\"2020-05-29T15:38:08+00:00\",\"description\":\"Tile, ein Hersteller von Bluetooth-Trackern bangt um seine Zukunft. Grund daf\u00fcr sind Apples kommende AirTags und damit verbundene Gesch\u00e4ftspraktiken.\",\"breadcrumb\":{\"@id\":\"https:\\\/\\\/www.apfelpatient.de\\\/en\\\/news\\\/airtags-tile-setzt-auf-eu-kommission-gegen-apple#breadcrumb\"},\"inLanguage\":\"en-US\",\"potentialAction\":[{\"@type\":\"ReadAction\",\"target\":[\"https:\\\/\\\/www.apfelpatient.de\\\/en\\\/news\\\/airtags-tile-setzt-auf-eu-kommission-gegen-apple\"]}]},{\"@type\":\"ImageObject\",\"inLanguage\":\"en-US\",\"@id\":\"https:\\\/\\\/www.apfelpatient.de\\\/en\\\/news\\\/airtags-tile-setzt-auf-eu-kommission-gegen-apple#primaryimage\",\"url\":\"https:\\\/\\\/www.apfelpatient.de\\\/wp-content\\\/uploads\\\/2020\\\/05\\\/bigstock-Germany-Hamm-Bla-351983750.jpg\",\"contentUrl\":\"https:\\\/\\\/www.apfelpatient.de\\\/wp-content\\\/uploads\\\/2020\\\/05\\\/bigstock-Germany-Hamm-Bla-351983750.jpg\",\"width\":1600,\"height\":1162,\"caption\":\"GERMANY, HAMM, 20.02.2020: Black iPhone X logo, back panel with logo.\"},{\"@type\":\"BreadcrumbList\",\"@id\":\"https:\\\/\\\/www.apfelpatient.de\\\/en\\\/news\\\/airtags-tile-setzt-auf-eu-kommission-gegen-apple#breadcrumb\",\"itemListElement\":[{\"@type\":\"ListItem\",\"position\":1,\"name\":\"Startseite\",\"item\":\"https:\\\/\\\/www.apfelpatient.de\\\/\"},{\"@type\":\"ListItem\",\"position\":2,\"name\":\"AirTags: Tile setzt auf EU-Kommission gegen Apple\"}]},{\"@type\":\"WebSite\",\"@id\":\"https:\\\/\\\/www.apfelpatient.de\\\/#website\",\"url\":\"https:\\\/\\\/www.apfelpatient.de\\\/\",\"name\":\"Apfelpatient\",\"description\":\"Alles rund um Apple!\",\"publisher\":{\"@type\":\"Organization\",\"@id\":\"https:\\\/\\\/www.apfelpatient.de\\\/en\\\/#organization\",\"name\":\"Apfelpatient\",\"url\":\"https:\\\/\\\/www.apfelpatient.de\\\/en\\\/\"},\"alternateName\":\"Apfelpatient\",\"potentialAction\":[{\"@type\":\"SearchAction\",\"target\":{\"@type\":\"EntryPoint\",\"urlTemplate\":\"https:\\\/\\\/www.apfelpatient.de\\\/?s={search_term_string}\"},\"query-input\":{\"@type\":\"PropertyValueSpecification\",\"valueRequired\":true,\"valueName\":\"search_term_string\"}}],\"inLanguage\":\"en-US\"},{\"@type\":[\"Person\",\"Organization\"],\"@id\":\"https:\\\/\\\/www.apfelpatient.de\\\/#\\\/schema\\\/person\\\/7dc56ad6c8e9824b76d2c08d4c140e13\",\"name\":\"Milan\",\"logo\":{\"@id\":\"https:\\\/\\\/www.apfelpatient.de\\\/#\\\/schema\\\/person\\\/image\\\/\"},\"description\":\"Hallo und herzlich willkommen auf meinem Technik-Blog! Als gro\u00dfer Apple-Fan berichte ich hier \u00fcber alles, was mit Apple zu tun hat: von den neuesten News und spannenden Ger\u00fcchten \u00fcber hilfreiche Tipps und Tricks bis hin zu ausf\u00fchrlichen Produkttests. Wenn du genauso technikbegeistert bist wie ich, bist du hier genau richtig!\",\"sameAs\":[\"https:\\\/\\\/www.facebook.com\\\/apfelpatientOfficial\",\"https:\\\/\\\/www.linkedin.com\\\/in\\\/milan-jovicic-42aa0231b\"],\"url\":\"https:\\\/\\\/www.apfelpatient.de\\\/en\\\/author\\\/apfeladmin\"}]}<\/script>\n<!-- \/ Yoast SEO Premium plugin. -->","yoast_head_json":{"title":"AirTags: Tile relies on EU Commission against Apple Apfelpatient","description":"Tile, a manufacturer of Bluetooth trackers, is worried about its future. The reason for this is Apple&#039;s upcoming AirTags and related business practices.","robots":{"index":"index","follow":"follow","max-snippet":"max-snippet:-1","max-image-preview":"max-image-preview:large","max-video-preview":"max-video-preview:-1"},"canonical":"https:\/\/www.apfelpatient.de\/en\/news\/airtags-tile-relies-on-eu-commission-against-apple","og_locale":"en_US","og_type":"article","og_title":"AirTags: Tile setzt auf EU-Kommission gegen Apple","og_description":"Tile, ein Hersteller von Bluetooth-Trackern bangt um seine Zukunft. Grund daf\u00fcr sind Apples kommende AirTags und damit verbundene Gesch\u00e4ftspraktiken. Nun soll auch die EU-Kommission helfen.","og_url":"https:\/\/www.apfelpatient.de\/en\/news\/airtags-tile-relies-on-eu-commission-against-apple","og_site_name":"Apfelpatient","article_publisher":"https:\/\/www.facebook.com\/apfelpatientOfficial","article_author":"https:\/\/www.facebook.com\/apfelpatientOfficial","article_published_time":"2020-05-29T15:38:08+00:00","og_image":[{"width":1600,"height":1162,"url":"https:\/\/www.apfelpatient.de\/wp-content\/uploads\/2020\/05\/bigstock-Germany-Hamm-Bla-351983750.jpg","type":"image\/jpeg"}],"author":"Milan","twitter_card":"summary_large_image","twitter_description":"Tile, ein Hersteller von Bluetooth-Trackern bangt um seine Zukunft. Grund daf\u00fcr sind Apples kommende AirTags und damit verbundene Gesch\u00e4ftspraktiken. Nun soll auch die EU-Kommission helfen.","twitter_misc":{"Written by":"Milan","Est. reading time":"2 minutes"},"schema":{"@context":"https:\/\/schema.org","@graph":[{"@type":"NewsArticle","@id":"https:\/\/www.apfelpatient.de\/en\/news\/airtags-tile-setzt-auf-eu-kommission-gegen-apple#article","isPartOf":{"@id":"https:\/\/www.apfelpatient.de\/en\/news\/airtags-tile-setzt-auf-eu-kommission-gegen-apple"},"author":{"@type":"Organization","@id":"https:\/\/www.apfelpatient.de\/en\/#organization","name":"Apfelpatient","url":"https:\/\/www.apfelpatient.de\/en\/"},"headline":"AirTags: Tile setzt auf EU-Kommission gegen Apple","datePublished":"2020-05-29T15:38:08+00:00","mainEntityOfPage":{"@id":"https:\/\/www.apfelpatient.de\/en\/news\/airtags-tile-setzt-auf-eu-kommission-gegen-apple"},"wordCount":493,"publisher":{"@type":"Organization","@id":"https:\/\/www.apfelpatient.de\/en\/#organization","name":"Apfelpatient","url":"https:\/\/www.apfelpatient.de\/en\/"},"image":{"@id":"https:\/\/www.apfelpatient.de\/en\/news\/airtags-tile-setzt-auf-eu-kommission-gegen-apple#primaryimage"},"thumbnailUrl":"https:\/\/www.apfelpatient.de\/wp-content\/uploads\/2020\/05\/bigstock-Germany-Hamm-Bla-351983750.jpg","keywords":["AirTags","EU-Kommission","iOS","iPhone"],"articleSection":"News","inLanguage":"en-US","copyrightYear":"2020","copyrightHolder":{"@id":"https:\/\/www.apfelpatient.de\/en\/#organization"}},{"@type":"WebPage","@id":"https:\/\/www.apfelpatient.de\/en\/news\/airtags-tile-setzt-auf-eu-kommission-gegen-apple","url":"https:\/\/www.apfelpatient.de\/en\/news\/airtags-tile-setzt-auf-eu-kommission-gegen-apple","name":"AirTags: Tile relies on EU Commission against Apple Apfelpatient","isPartOf":{"@id":"https:\/\/www.apfelpatient.de\/#website"},"primaryImageOfPage":{"@id":"https:\/\/www.apfelpatient.de\/en\/news\/airtags-tile-setzt-auf-eu-kommission-gegen-apple#primaryimage"},"image":{"@id":"https:\/\/www.apfelpatient.de\/en\/news\/airtags-tile-setzt-auf-eu-kommission-gegen-apple#primaryimage"},"thumbnailUrl":"https:\/\/www.apfelpatient.de\/wp-content\/uploads\/2020\/05\/bigstock-Germany-Hamm-Bla-351983750.jpg","datePublished":"2020-05-29T15:38:08+00:00","description":"Tile, a manufacturer of Bluetooth trackers, is worried about its future. The reason for this is Apple&#039;s upcoming AirTags and related business practices.","breadcrumb":{"@id":"https:\/\/www.apfelpatient.de\/en\/news\/airtags-tile-setzt-auf-eu-kommission-gegen-apple#breadcrumb"},"inLanguage":"en-US","potentialAction":[{"@type":"ReadAction","target":["https:\/\/www.apfelpatient.de\/en\/news\/airtags-tile-setzt-auf-eu-kommission-gegen-apple"]}]},{"@type":"ImageObject","inLanguage":"en-US","@id":"https:\/\/www.apfelpatient.de\/en\/news\/airtags-tile-setzt-auf-eu-kommission-gegen-apple#primaryimage","url":"https:\/\/www.apfelpatient.de\/wp-content\/uploads\/2020\/05\/bigstock-Germany-Hamm-Bla-351983750.jpg","contentUrl":"https:\/\/www.apfelpatient.de\/wp-content\/uploads\/2020\/05\/bigstock-Germany-Hamm-Bla-351983750.jpg","width":1600,"height":1162,"caption":"GERMANY, HAMM, 20.02.2020: Black iPhone X logo, back panel with logo."},{"@type":"BreadcrumbList","@id":"https:\/\/www.apfelpatient.de\/en\/news\/airtags-tile-setzt-auf-eu-kommission-gegen-apple#breadcrumb","itemListElement":[{"@type":"ListItem","position":1,"name":"Startseite","item":"https:\/\/www.apfelpatient.de\/"},{"@type":"ListItem","position":2,"name":"AirTags: Tile setzt auf EU-Kommission gegen Apple"}]},{"@type":"WebSite","@id":"https:\/\/www.apfelpatient.de\/#website","url":"https:\/\/www.apfelpatient.de\/","name":"apple patient","description":"Everything about Apple!","publisher":{"@type":"Organization","@id":"https:\/\/www.apfelpatient.de\/en\/#organization","name":"Apfelpatient","url":"https:\/\/www.apfelpatient.de\/en\/"},"alternateName":"Apfelpatient","potentialAction":[{"@type":"SearchAction","target":{"@type":"EntryPoint","urlTemplate":"https:\/\/www.apfelpatient.de\/?s={search_term_string}"},"query-input":{"@type":"PropertyValueSpecification","valueRequired":true,"valueName":"search_term_string"}}],"inLanguage":"en-US"},{"@type":["Person","Organization"],"@id":"https:\/\/www.apfelpatient.de\/#\/schema\/person\/7dc56ad6c8e9824b76d2c08d4c140e13","name":"Milan","logo":{"@id":"https:\/\/www.apfelpatient.de\/#\/schema\/person\/image\/"},"description":"Hello and welcome to my technology blog! As a big Apple fan, I report on everything to do with Apple: from the latest news and exciting rumors to helpful tips and tricks and detailed product tests. If you are as enthusiastic about technology as I am, you have come to the right place!","sameAs":["https:\/\/www.facebook.com\/apfelpatientOfficial","https:\/\/www.linkedin.com\/in\/milan-jovicic-42aa0231b"],"url":"https:\/\/www.apfelpatient.de\/en\/author\/apfeladmin"}]}},"_links":{"self":[{"href":"https:\/\/www.apfelpatient.de\/en\/wp-json\/wp\/v2\/posts\/12622","targetHints":{"allow":["GET"]}}],"collection":[{"href":"https:\/\/www.apfelpatient.de\/en\/wp-json\/wp\/v2\/posts"}],"about":[{"href":"https:\/\/www.apfelpatient.de\/en\/wp-json\/wp\/v2\/types\/post"}],"author":[{"embeddable":true,"href":"https:\/\/www.apfelpatient.de\/en\/wp-json\/wp\/v2\/users\/2"}],"replies":[{"embeddable":true,"href":"https:\/\/www.apfelpatient.de\/en\/wp-json\/wp\/v2\/comments?post=12622"}],"version-history":[{"count":0,"href":"https:\/\/www.apfelpatient.de\/en\/wp-json\/wp\/v2\/posts\/12622\/revisions"}],"wp:featuredmedia":[{"embeddable":true,"href":"https:\/\/www.apfelpatient.de\/en\/wp-json\/wp\/v2\/media\/12623"}],"wp:attachment":[{"href":"https:\/\/www.apfelpatient.de\/en\/wp-json\/wp\/v2\/media?parent=12622"}],"wp:term":[{"taxonomy":"category","embeddable":true,"href":"https:\/\/www.apfelpatient.de\/en\/wp-json\/wp\/v2\/categories?post=12622"},{"taxonomy":"post_tag","embeddable":true,"href":"https:\/\/www.apfelpatient.de\/en\/wp-json\/wp\/v2\/tags?post=12622"}],"curies":[{"name":"wp","href":"https:\/\/api.w.org\/{rel}","templated":true}]}}