{"id":1253,"date":"2018-07-21T04:50:59","date_gmt":"2018-07-21T02:50:59","guid":{"rendered":"https:\/\/www.apfelpatient.de\/?p=1253"},"modified":"2018-07-21T04:50:59","modified_gmt":"2018-07-21T02:50:59","slug":"apple-store-renovation-new-macbook-does-not-cool-reliably","status":"publish","type":"post","link":"https:\/\/www.apfelpatient.de\/en\/news\/apple-store-renovierung-neues-macbook-kuehlt-nicht-zuverlaessig","title":{"rendered":"Apple Store renovation \/ New MacBook does not cool reliably"},"content":{"rendered":"<p><strong>A short summary of the news from the last 48 hours. # Holiday Mode\u00a0<\/strong><\/p>\n<p><strong>Apple Store \u2013 The First of Its Kind<\/strong><\/p>\n<p>Steve Jobs opened the very first Apple Store on May 19, 2001 in the Tysons Corner Center in McLean, Virginia. Now the store is being renovated for the first time in over 17 years. MacRumors was able to view the construction documents submitted by Apple. The company intends to make major changes. An exact renovation date is not yet known.<\/p>\n<p><strong>MacBook Pro 15\u201d \u2013 Cooling too weak<\/strong><\/p>\n<p>Recently, there have been increasing reports that the new MacBook Pro has a cooling problem. If you want to export a large video project on the device with Core i9, it takes longer than with its predecessor. Due to excessive temperatures in the hexacore, the CPU throttles down significantly below the base clock speed. The chip should actually clock at 2.9 GHz to 4.8 GHz, but instead it heats up to 100 degrees and then throttles down to 2.2 GHz. This was discovered by Australian YouTuber Dave Lee. AppleInsider suspects that the problem was caused by a promise from Intel. They promised Apple back in 2016 that future processors would produce significantly less heat. Since the Core i9 has the same 45 watt TDP as the 2017 model and Apple believed Intel, the casing was not changed. The result is that adequate heat dissipation is now not possible. Apple could increase the speed of the fan or lower the base clock of the processor with a firmware update, which would mean that the throttle would be activated less often and the clock speed would be higher on average.<\/p>","protected":false},"excerpt":{"rendered":"<p>Eine kleine Zusammenfassung der News aus den letzten 48 Stunden. #UrlaubsModus\u00a0 Apple Store &#8211; Der Erste seiner Art Steve Jobs er\u00f6ffnete den allerersten Apple Store am 19. Mai 2001 im Tysons Corner Center in McLean, Virginia. Nun wird der Laden nach \u00fcber 17 Jahren erstmals renoviert. MacRumors konnte die von Apple eingereichten Bauunterlagen einsehen. Der [&hellip;]<\/p>\n","protected":false},"author":2,"featured_media":998,"comment_status":"open","ping_status":"open","sticky":false,"template":"","format":"standard","meta":{"jnews-multi-image_gallery":[],"jnews_single_post":[],"jnews_primary_category":[],"footnotes":""},"categories":[9],"tags":[81,40,50],"class_list":["post-1253","post","type-post","status-publish","format-standard","has-post-thumbnail","hentry","category-news","tag-apple-store","tag-mac","tag-macbook-pro"],"yoast_head":"<!-- This site is optimized with the Yoast SEO Premium plugin v27.5 (Yoast SEO v27.5) - https:\/\/yoast.com\/product\/yoast-seo-premium-wordpress\/ -->\n<title>Apple Store Renovierung \/ Neues MacBook k\u00fchlt nicht zuverl\u00e4ssig Apfelpatient<\/title>\n<meta name=\"description\" content=\"Eine kleine Zusammenfassung der News aus den letzten 48 Stunden. #UrlaubsModus\u00a0 Apple Store - Der Erste seiner Art Steve Jobs er\u00f6ffnete den allerersten\" \/>\n<meta name=\"robots\" content=\"index, follow, max-snippet:-1, max-image-preview:large, max-video-preview:-1\" \/>\n<link rel=\"canonical\" href=\"https:\/\/www.apfelpatient.de\/en\/news\/apple-store-renovation-new-macbook-does-not-cool-reliably\" \/>\n<meta property=\"og:locale\" content=\"en_US\" \/>\n<meta property=\"og:type\" content=\"article\" \/>\n<meta property=\"og:title\" content=\"Apple Store Renovierung \/ Neues MacBook k\u00fchlt nicht zuverl\u00e4ssig\" \/>\n<meta property=\"og:description\" content=\"Eine kleine Zusammenfassung der News aus den letzten 48 Stunden. #UrlaubsModus\u00a0 Apple Store - Der Erste seiner Art Steve Jobs er\u00f6ffnete den allerersten\" \/>\n<meta property=\"og:url\" content=\"https:\/\/www.apfelpatient.de\/en\/news\/apple-store-renovation-new-macbook-does-not-cool-reliably\" \/>\n<meta property=\"og:site_name\" content=\"Apfelpatient\" \/>\n<meta property=\"article:publisher\" content=\"https:\/\/www.facebook.com\/apfelpatientOfficial\" \/>\n<meta property=\"article:author\" content=\"https:\/\/www.facebook.com\/apfelpatientOfficial\" \/>\n<meta property=\"article:published_time\" content=\"2018-07-21T02:50:59+00:00\" \/>\n<meta property=\"og:image\" content=\"https:\/\/www.apfelpatient.de\/wp-content\/uploads\/2018\/07\/IMG_0636.jpg\" \/>\n\t<meta property=\"og:image:width\" content=\"1632\" \/>\n\t<meta property=\"og:image:height\" content=\"1090\" \/>\n\t<meta property=\"og:image:type\" content=\"image\/jpeg\" \/>\n<meta name=\"author\" content=\"Milan\" \/>\n<meta name=\"twitter:card\" content=\"summary_large_image\" \/>\n<meta name=\"twitter:label1\" content=\"Written by\" \/>\n\t<meta name=\"twitter:data1\" content=\"Milan\" \/>\n\t<meta name=\"twitter:label2\" content=\"Est. reading time\" \/>\n\t<meta name=\"twitter:data2\" content=\"1 minute\" \/>\n<script type=\"application\/ld+json\" class=\"yoast-schema-graph\">{\"@context\":\"https:\\\/\\\/schema.org\",\"@graph\":[{\"@type\":\"NewsArticle\",\"@id\":\"https:\\\/\\\/www.apfelpatient.de\\\/news\\\/apple-store-renovierung-neues-macbook-kuehlt-nicht-zuverlaessig#article\",\"isPartOf\":{\"@id\":\"https:\\\/\\\/www.apfelpatient.de\\\/news\\\/apple-store-renovierung-neues-macbook-kuehlt-nicht-zuverlaessig\"},\"author\":{\"@type\":\"Organization\",\"@id\":\"https:\\\/\\\/www.apfelpatient.de\\\/en\\\/#organization\",\"name\":\"Apfelpatient\",\"url\":\"https:\\\/\\\/www.apfelpatient.de\\\/en\\\/\"},\"headline\":\"Apple Store Renovierung \\\/ Neues MacBook k\u00fchlt nicht zuverl\u00e4ssig\",\"datePublished\":\"2018-07-21T02:50:59+00:00\",\"mainEntityOfPage\":{\"@id\":\"https:\\\/\\\/www.apfelpatient.de\\\/news\\\/apple-store-renovierung-neues-macbook-kuehlt-nicht-zuverlaessig\"},\"wordCount\":267,\"commentCount\":0,\"publisher\":{\"@type\":\"Organization\",\"@id\":\"https:\\\/\\\/www.apfelpatient.de\\\/en\\\/#organization\",\"name\":\"Apfelpatient\",\"url\":\"https:\\\/\\\/www.apfelpatient.de\\\/en\\\/\"},\"image\":{\"@id\":\"https:\\\/\\\/www.apfelpatient.de\\\/news\\\/apple-store-renovierung-neues-macbook-kuehlt-nicht-zuverlaessig#primaryimage\"},\"thumbnailUrl\":\"https:\\\/\\\/www.apfelpatient.de\\\/wp-content\\\/uploads\\\/2018\\\/07\\\/IMG_0636.jpg\",\"keywords\":[\"Apple Store\",\"Mac\",\"MacBook Pro\"],\"articleSection\":\"News\",\"inLanguage\":\"en-US\",\"potentialAction\":[{\"@type\":\"CommentAction\",\"name\":\"Comment\",\"target\":[\"https:\\\/\\\/www.apfelpatient.de\\\/news\\\/apple-store-renovierung-neues-macbook-kuehlt-nicht-zuverlaessig#respond\"]}],\"copyrightYear\":\"2018\",\"copyrightHolder\":{\"@id\":\"https:\\\/\\\/www.apfelpatient.de\\\/en\\\/#organization\"}},{\"@type\":\"WebPage\",\"@id\":\"https:\\\/\\\/www.apfelpatient.de\\\/news\\\/apple-store-renovierung-neues-macbook-kuehlt-nicht-zuverlaessig\",\"url\":\"https:\\\/\\\/www.apfelpatient.de\\\/news\\\/apple-store-renovierung-neues-macbook-kuehlt-nicht-zuverlaessig\",\"name\":\"Apple Store Renovierung \\\/ Neues MacBook k\u00fchlt nicht zuverl\u00e4ssig Apfelpatient\",\"isPartOf\":{\"@id\":\"https:\\\/\\\/www.apfelpatient.de\\\/#website\"},\"primaryImageOfPage\":{\"@id\":\"https:\\\/\\\/www.apfelpatient.de\\\/news\\\/apple-store-renovierung-neues-macbook-kuehlt-nicht-zuverlaessig#primaryimage\"},\"image\":{\"@id\":\"https:\\\/\\\/www.apfelpatient.de\\\/news\\\/apple-store-renovierung-neues-macbook-kuehlt-nicht-zuverlaessig#primaryimage\"},\"thumbnailUrl\":\"https:\\\/\\\/www.apfelpatient.de\\\/wp-content\\\/uploads\\\/2018\\\/07\\\/IMG_0636.jpg\",\"datePublished\":\"2018-07-21T02:50:59+00:00\",\"description\":\"Eine kleine Zusammenfassung der News aus den letzten 48 Stunden. #UrlaubsModus\u00a0 Apple Store - Der Erste seiner Art Steve Jobs er\u00f6ffnete den allerersten\",\"breadcrumb\":{\"@id\":\"https:\\\/\\\/www.apfelpatient.de\\\/news\\\/apple-store-renovierung-neues-macbook-kuehlt-nicht-zuverlaessig#breadcrumb\"},\"inLanguage\":\"en-US\",\"potentialAction\":[{\"@type\":\"ReadAction\",\"target\":[\"https:\\\/\\\/www.apfelpatient.de\\\/news\\\/apple-store-renovierung-neues-macbook-kuehlt-nicht-zuverlaessig\"]}]},{\"@type\":\"ImageObject\",\"inLanguage\":\"en-US\",\"@id\":\"https:\\\/\\\/www.apfelpatient.de\\\/news\\\/apple-store-renovierung-neues-macbook-kuehlt-nicht-zuverlaessig#primaryimage\",\"url\":\"https:\\\/\\\/www.apfelpatient.de\\\/wp-content\\\/uploads\\\/2018\\\/07\\\/IMG_0636.jpg\",\"contentUrl\":\"https:\\\/\\\/www.apfelpatient.de\\\/wp-content\\\/uploads\\\/2018\\\/07\\\/IMG_0636.jpg\",\"width\":1632,\"height\":1090},{\"@type\":\"BreadcrumbList\",\"@id\":\"https:\\\/\\\/www.apfelpatient.de\\\/news\\\/apple-store-renovierung-neues-macbook-kuehlt-nicht-zuverlaessig#breadcrumb\",\"itemListElement\":[{\"@type\":\"ListItem\",\"position\":1,\"name\":\"Startseite\",\"item\":\"https:\\\/\\\/www.apfelpatient.de\\\/\"},{\"@type\":\"ListItem\",\"position\":2,\"name\":\"Apple Store Renovierung \\\/ Neues MacBook k\u00fchlt nicht zuverl\u00e4ssig\"}]},{\"@type\":\"WebSite\",\"@id\":\"https:\\\/\\\/www.apfelpatient.de\\\/#website\",\"url\":\"https:\\\/\\\/www.apfelpatient.de\\\/\",\"name\":\"Apfelpatient\",\"description\":\"Alles rund um Apple!\",\"publisher\":{\"@type\":\"Organization\",\"@id\":\"https:\\\/\\\/www.apfelpatient.de\\\/en\\\/#organization\",\"name\":\"Apfelpatient\",\"url\":\"https:\\\/\\\/www.apfelpatient.de\\\/en\\\/\"},\"alternateName\":\"Apfelpatient\",\"potentialAction\":[{\"@type\":\"SearchAction\",\"target\":{\"@type\":\"EntryPoint\",\"urlTemplate\":\"https:\\\/\\\/www.apfelpatient.de\\\/?s={search_term_string}\"},\"query-input\":{\"@type\":\"PropertyValueSpecification\",\"valueRequired\":true,\"valueName\":\"search_term_string\"}}],\"inLanguage\":\"en-US\"},{\"@type\":[\"Person\",\"Organization\"],\"@id\":\"https:\\\/\\\/www.apfelpatient.de\\\/#\\\/schema\\\/person\\\/7dc56ad6c8e9824b76d2c08d4c140e13\",\"name\":\"Milan\",\"logo\":{\"@id\":\"https:\\\/\\\/www.apfelpatient.de\\\/#\\\/schema\\\/person\\\/image\\\/\"},\"description\":\"Hallo und herzlich willkommen auf meinem Technik-Blog! Als gro\u00dfer Apple-Fan berichte ich hier \u00fcber alles, was mit Apple zu tun hat: von den neuesten News und spannenden Ger\u00fcchten \u00fcber hilfreiche Tipps und Tricks bis hin zu ausf\u00fchrlichen Produkttests. Wenn du genauso technikbegeistert bist wie ich, bist du hier genau richtig!\",\"sameAs\":[\"https:\\\/\\\/www.facebook.com\\\/apfelpatientOfficial\",\"https:\\\/\\\/www.linkedin.com\\\/in\\\/milan-jovicic-42aa0231b\"],\"url\":\"https:\\\/\\\/www.apfelpatient.de\\\/en\\\/author\\\/apfeladmin\"}]}<\/script>\n<!-- \/ Yoast SEO Premium plugin. -->","yoast_head_json":{"title":"Apple Store renovation \/ New MacBook does not cool reliably Apfelpatient","description":"A short summary of the news from the last 48 hours. # Holiday Mode Apple Store - The first of its kind Steve Jobs opened the very first","robots":{"index":"index","follow":"follow","max-snippet":"max-snippet:-1","max-image-preview":"max-image-preview:large","max-video-preview":"max-video-preview:-1"},"canonical":"https:\/\/www.apfelpatient.de\/en\/news\/apple-store-renovation-new-macbook-does-not-cool-reliably","og_locale":"en_US","og_type":"article","og_title":"Apple Store Renovierung \/ Neues MacBook k\u00fchlt nicht zuverl\u00e4ssig","og_description":"Eine kleine Zusammenfassung der News aus den letzten 48 Stunden. #UrlaubsModus\u00a0 Apple Store - Der Erste seiner Art Steve Jobs er\u00f6ffnete den allerersten","og_url":"https:\/\/www.apfelpatient.de\/en\/news\/apple-store-renovation-new-macbook-does-not-cool-reliably","og_site_name":"Apfelpatient","article_publisher":"https:\/\/www.facebook.com\/apfelpatientOfficial","article_author":"https:\/\/www.facebook.com\/apfelpatientOfficial","article_published_time":"2018-07-21T02:50:59+00:00","og_image":[{"width":1632,"height":1090,"url":"https:\/\/www.apfelpatient.de\/wp-content\/uploads\/2018\/07\/IMG_0636.jpg","type":"image\/jpeg"}],"author":"Milan","twitter_card":"summary_large_image","twitter_misc":{"Written by":"Milan","Est. reading time":"1 minute"},"schema":{"@context":"https:\/\/schema.org","@graph":[{"@type":"NewsArticle","@id":"https:\/\/www.apfelpatient.de\/news\/apple-store-renovierung-neues-macbook-kuehlt-nicht-zuverlaessig#article","isPartOf":{"@id":"https:\/\/www.apfelpatient.de\/news\/apple-store-renovierung-neues-macbook-kuehlt-nicht-zuverlaessig"},"author":{"@type":"Organization","@id":"https:\/\/www.apfelpatient.de\/en\/#organization","name":"Apfelpatient","url":"https:\/\/www.apfelpatient.de\/en\/"},"headline":"Apple Store Renovierung \/ Neues MacBook k\u00fchlt nicht zuverl\u00e4ssig","datePublished":"2018-07-21T02:50:59+00:00","mainEntityOfPage":{"@id":"https:\/\/www.apfelpatient.de\/news\/apple-store-renovierung-neues-macbook-kuehlt-nicht-zuverlaessig"},"wordCount":267,"commentCount":0,"publisher":{"@type":"Organization","@id":"https:\/\/www.apfelpatient.de\/en\/#organization","name":"Apfelpatient","url":"https:\/\/www.apfelpatient.de\/en\/"},"image":{"@id":"https:\/\/www.apfelpatient.de\/news\/apple-store-renovierung-neues-macbook-kuehlt-nicht-zuverlaessig#primaryimage"},"thumbnailUrl":"https:\/\/www.apfelpatient.de\/wp-content\/uploads\/2018\/07\/IMG_0636.jpg","keywords":["Apple Store","Mac","MacBook Pro"],"articleSection":"News","inLanguage":"en-US","potentialAction":[{"@type":"CommentAction","name":"Comment","target":["https:\/\/www.apfelpatient.de\/news\/apple-store-renovierung-neues-macbook-kuehlt-nicht-zuverlaessig#respond"]}],"copyrightYear":"2018","copyrightHolder":{"@id":"https:\/\/www.apfelpatient.de\/en\/#organization"}},{"@type":"WebPage","@id":"https:\/\/www.apfelpatient.de\/news\/apple-store-renovierung-neues-macbook-kuehlt-nicht-zuverlaessig","url":"https:\/\/www.apfelpatient.de\/news\/apple-store-renovierung-neues-macbook-kuehlt-nicht-zuverlaessig","name":"Apple Store renovation \/ New MacBook does not cool reliably Apfelpatient","isPartOf":{"@id":"https:\/\/www.apfelpatient.de\/#website"},"primaryImageOfPage":{"@id":"https:\/\/www.apfelpatient.de\/news\/apple-store-renovierung-neues-macbook-kuehlt-nicht-zuverlaessig#primaryimage"},"image":{"@id":"https:\/\/www.apfelpatient.de\/news\/apple-store-renovierung-neues-macbook-kuehlt-nicht-zuverlaessig#primaryimage"},"thumbnailUrl":"https:\/\/www.apfelpatient.de\/wp-content\/uploads\/2018\/07\/IMG_0636.jpg","datePublished":"2018-07-21T02:50:59+00:00","description":"A short summary of the news from the last 48 hours. # Holiday Mode Apple Store - The first of its kind Steve Jobs opened the very first","breadcrumb":{"@id":"https:\/\/www.apfelpatient.de\/news\/apple-store-renovierung-neues-macbook-kuehlt-nicht-zuverlaessig#breadcrumb"},"inLanguage":"en-US","potentialAction":[{"@type":"ReadAction","target":["https:\/\/www.apfelpatient.de\/news\/apple-store-renovierung-neues-macbook-kuehlt-nicht-zuverlaessig"]}]},{"@type":"ImageObject","inLanguage":"en-US","@id":"https:\/\/www.apfelpatient.de\/news\/apple-store-renovierung-neues-macbook-kuehlt-nicht-zuverlaessig#primaryimage","url":"https:\/\/www.apfelpatient.de\/wp-content\/uploads\/2018\/07\/IMG_0636.jpg","contentUrl":"https:\/\/www.apfelpatient.de\/wp-content\/uploads\/2018\/07\/IMG_0636.jpg","width":1632,"height":1090},{"@type":"BreadcrumbList","@id":"https:\/\/www.apfelpatient.de\/news\/apple-store-renovierung-neues-macbook-kuehlt-nicht-zuverlaessig#breadcrumb","itemListElement":[{"@type":"ListItem","position":1,"name":"Startseite","item":"https:\/\/www.apfelpatient.de\/"},{"@type":"ListItem","position":2,"name":"Apple Store Renovierung \/ Neues MacBook k\u00fchlt nicht zuverl\u00e4ssig"}]},{"@type":"WebSite","@id":"https:\/\/www.apfelpatient.de\/#website","url":"https:\/\/www.apfelpatient.de\/","name":"apple patient","description":"Everything about Apple!","publisher":{"@type":"Organization","@id":"https:\/\/www.apfelpatient.de\/en\/#organization","name":"Apfelpatient","url":"https:\/\/www.apfelpatient.de\/en\/"},"alternateName":"Apfelpatient","potentialAction":[{"@type":"SearchAction","target":{"@type":"EntryPoint","urlTemplate":"https:\/\/www.apfelpatient.de\/?s={search_term_string}"},"query-input":{"@type":"PropertyValueSpecification","valueRequired":true,"valueName":"search_term_string"}}],"inLanguage":"en-US"},{"@type":["Person","Organization"],"@id":"https:\/\/www.apfelpatient.de\/#\/schema\/person\/7dc56ad6c8e9824b76d2c08d4c140e13","name":"Milan","logo":{"@id":"https:\/\/www.apfelpatient.de\/#\/schema\/person\/image\/"},"description":"Hello and welcome to my technology blog! As a big Apple fan, I report on everything to do with Apple: from the latest news and exciting rumors to helpful tips and tricks and detailed product tests. If you are as enthusiastic about technology as I am, you have come to the right place!","sameAs":["https:\/\/www.facebook.com\/apfelpatientOfficial","https:\/\/www.linkedin.com\/in\/milan-jovicic-42aa0231b"],"url":"https:\/\/www.apfelpatient.de\/en\/author\/apfeladmin"}]}},"_links":{"self":[{"href":"https:\/\/www.apfelpatient.de\/en\/wp-json\/wp\/v2\/posts\/1253","targetHints":{"allow":["GET"]}}],"collection":[{"href":"https:\/\/www.apfelpatient.de\/en\/wp-json\/wp\/v2\/posts"}],"about":[{"href":"https:\/\/www.apfelpatient.de\/en\/wp-json\/wp\/v2\/types\/post"}],"author":[{"embeddable":true,"href":"https:\/\/www.apfelpatient.de\/en\/wp-json\/wp\/v2\/users\/2"}],"replies":[{"embeddable":true,"href":"https:\/\/www.apfelpatient.de\/en\/wp-json\/wp\/v2\/comments?post=1253"}],"version-history":[{"count":0,"href":"https:\/\/www.apfelpatient.de\/en\/wp-json\/wp\/v2\/posts\/1253\/revisions"}],"wp:featuredmedia":[{"embeddable":true,"href":"https:\/\/www.apfelpatient.de\/en\/wp-json\/wp\/v2\/media\/998"}],"wp:attachment":[{"href":"https:\/\/www.apfelpatient.de\/en\/wp-json\/wp\/v2\/media?parent=1253"}],"wp:term":[{"taxonomy":"category","embeddable":true,"href":"https:\/\/www.apfelpatient.de\/en\/wp-json\/wp\/v2\/categories?post=1253"},{"taxonomy":"post_tag","embeddable":true,"href":"https:\/\/www.apfelpatient.de\/en\/wp-json\/wp\/v2\/tags?post=1253"}],"curies":[{"name":"wp","href":"https:\/\/api.w.org\/{rel}","templated":true}]}}