{"id":12460,"date":"2020-05-22T00:15:29","date_gmt":"2020-05-21T22:15:29","guid":{"rendered":"https:\/\/www.apfelpatient.de\/?p=12460"},"modified":"2025-10-14T16:06:10","modified_gmt":"2025-10-14T14:06:10","slug":"apple-tv-new-details-on-podcast-plans","status":"publish","type":"post","link":"https:\/\/www.apfelpatient.de\/en\/rumors\/apple-tv-neue-details-zu-podcast-plaenen","title":{"rendered":"Apple TV+: New details on podcast plans"},"content":{"rendered":"<p class=\"has-drop-cap\"><strong>Earlier this year it was reported that Apple was <a href=\"https:\/\/www.apfelpatient.de\/en\/rumors\/tv-apple-is-reportedly-planning-podcasts\" class=\"ek-link\"><span style=\"text-decoration: underline;\" class=\"ek-underline\">production of own podcasts<\/span><\/a> in the spirit of Apple TV+. Now there are new details on this topic.&nbsp;<\/strong><\/p>\n\n\n\n<p>According to a new Bloomberg report, Apple plans to buy exclusive original podcasts to promote Apple TV+ and compete with other services. At the same time, the company is looking for a new manager in this area. Originally, it was reported that the focus of podcasts would be on series and films. Apple wants to use this to promote TV+ content more strongly. But Cupertino seems to be interested in more. Now there is also talk of original content. According to the current information, Apple will focus on audio spinoffs of existing films and series on Apple TV+. But original podcasts also seem to be attractive, and a later film adaptation of these is also not ruled out - so <a href=\"https:\/\/www.bloomberg.com\/news\/articles\/2020-05-21\/apple-ramps-up-original-podcasts-in-part-to-help-promote-tv\" class=\"ek-link\"><span style=\"text-decoration: underline;\" class=\"ek-underline\">Bloomberg<\/span><\/a>.&nbsp;<\/p>\n\n\n\n<h3 class=\"wp-block-heading\">Apple in the fight against Spotify<\/h3>\n\n\n\n\n\n\n\n<p>In order to better implement the idea, the company is looking for a suitable manager. This person will report to Ben Cave, the current head of the entire podcast department. At the same time, Spotify is trying to challenge Apple&#039;s dominance in the podcast sector. Apple&#039;s podcast app - for iPhone, iPad and Mac - is still the first choice for Apple customers. If Cupertino really considers buying original podcasts, this could also be seen as a declaration of war against Spotify. The Swedish streaming service successfully implemented a similar strategy last year. For example, in February 2019, Spotify bought &quot;Gimlet Media&quot;, known for podcasts such as &quot;Reply All&quot; and &quot;Homecoming&quot;. The company recently announced that it had also acquired exclusive rights to the popular podcast &quot;The Joe Rogan Experience&quot;. So the future development remains exciting. <em>(Photo by Christian Horz \/ Bigstockphoto)<\/em><\/p>\n\n\n\n<h6 class=\"wp-block-heading translation-block\" id=\"h-kennt-ihr-schon-unsere-amazon-storefront-dort-findet-ihr-eine-handverlesene-auswahl-von-diversen-produkten-f-r-euer-iphone-und-co-viel-spa-beim-st-bern\"><em>Have you already visited our Amazon Storefront? There you&#039;ll find a hand-picked selection of various products for your iPhone and other devices \u2013 <span class=\"has-inline-color has-vivid-red-color\"><a href=\"https:\/\/www.amazon.de\/shop\/apfelpatientofficial\" class=\"ek-link\" data-wpel-link=\"exclude\" rel=\"follow noopener\" target=\"_self\"><span style=\"text-decoration: underline\" class=\"ek-underline\">enjoy browsing<\/span><\/a> !<\/span><\/em><\/h6>\n\n\n\n\n\n<h6 class=\"wp-block-heading translation-block\" id=\"h-der-beitrag-enthalt-partnerlinks\">This post contains <a data-type=\"URL\" data-id=\"https:\/\/www.apfelpatient.de\/partnerprogramm\" href=\"https:\/\/www.apfelpatient.de\/en\/partner-program\" data-wpel-link=\"internal\" target=\"_self\">affiliate links<\/a>.<\/h6>","protected":false},"excerpt":{"rendered":"<p>At the beginning of the year, it was reported that Apple was planning to produce its own podcasts in the spirit of Apple TV+.<\/p>","protected":false},"author":2,"featured_media":12461,"comment_status":"closed","ping_status":"closed","sticky":false,"template":"","format":"standard","meta":{"jnews-multi-image_gallery":[],"jnews_single_post":{"subtitle":"","format":"standard","video":"","gallery":"","source_name":"","source_url":"","via_name":"Bloomberg","via_url":"https:\/\/www.bloomberg.com\/news\/articles\/2020-05-21\/apple-ramps-up-original-podcasts-in-part-to-help-promote-tv","override":[{"single_blog_custom":"","sidebar":"","second_sidebar":"","share_position":"","share_float_style":"","post_date_format":"","post_date_format_custom":"","post_reading_time_wpm":"","zoom_button_out_step":"1","zoom_button_in_step":"1","number_popup_post":"1"}],"image_override":[{"single_post_thumbnail_size":"","single_post_gallery_size":""}],"trending_post_position":"","trending_post_label":"","sponsored_post_label":"","sponsored_post_name":"","sponsored_post_url":"","sponsored_post_logo":"","sponsored_post_desc":""},"jnews_primary_category":{"id":"274"},"footnotes":""},"categories":[25],"tags":[34,156,248],"class_list":["post-12460","post","type-post","status-publish","format-standard","has-post-thumbnail","hentry","category-rumors","tag-apple-dienste","tag-apple-tv","tag-apple-tv-plus"],"yoast_head":"<!-- This site is optimized with the Yoast SEO Premium plugin v27.5 (Yoast SEO v27.5) - https:\/\/yoast.com\/product\/yoast-seo-premium-wordpress\/ -->\n<title>Apple TV+: Neue Details zu Podcast Pl\u00e4nen Apfelpatient<\/title>\n<meta name=\"description\" content=\"Anfang des Jahres wurde dar\u00fcber berichtet, wonach Apple die Produktion eigener Podcasts im Sinne von Apple TV+ plant.\" \/>\n<meta name=\"robots\" content=\"index, follow, max-snippet:-1, max-image-preview:large, max-video-preview:-1\" \/>\n<link rel=\"canonical\" href=\"https:\/\/www.apfelpatient.de\/en\/rumors\/apple-tv-new-details-on-podcast-plans\" \/>\n<meta property=\"og:locale\" content=\"en_US\" \/>\n<meta property=\"og:type\" content=\"article\" \/>\n<meta property=\"og:title\" content=\"Apple TV+: Neue Details zu Podcast Pl\u00e4nen\" \/>\n<meta property=\"og:description\" content=\"Anfang des Jahres wurde dar\u00fcber berichtet, wonach Apple die Produktion eigener Podcasts im Sinne von Apple TV+ plant.\" \/>\n<meta property=\"og:url\" content=\"https:\/\/www.apfelpatient.de\/en\/rumors\/apple-tv-new-details-on-podcast-plans\" \/>\n<meta property=\"og:site_name\" content=\"Apfelpatient\" \/>\n<meta property=\"article:publisher\" content=\"https:\/\/www.facebook.com\/apfelpatientOfficial\" \/>\n<meta property=\"article:author\" content=\"https:\/\/www.facebook.com\/apfelpatientOfficial\" \/>\n<meta property=\"article:published_time\" content=\"2020-05-21T22:15:29+00:00\" \/>\n<meta property=\"article:modified_time\" content=\"2025-10-14T14:06:10+00:00\" \/>\n<meta property=\"og:image\" content=\"https:\/\/www.apfelpatient.de\/wp-content\/uploads\/2020\/05\/bigstock-Top-View-Of-Podcast-Recording-292766488.jpg\" \/>\n\t<meta property=\"og:image:width\" content=\"1600\" \/>\n\t<meta property=\"og:image:height\" content=\"1057\" \/>\n\t<meta property=\"og:image:type\" content=\"image\/jpeg\" \/>\n<meta name=\"author\" content=\"Milan\" \/>\n<meta name=\"twitter:card\" content=\"summary_large_image\" \/>\n<meta name=\"twitter:description\" content=\"Anfang des Jahres wurde dar\u00fcber berichtet, wonach Apple die Produktion eigener Podcasts im Sinne von Apple TV+ plant.\" \/>\n<meta name=\"twitter:label1\" content=\"Written by\" \/>\n\t<meta name=\"twitter:data1\" content=\"Milan\" \/>\n\t<meta name=\"twitter:label2\" content=\"Est. reading time\" \/>\n\t<meta name=\"twitter:data2\" content=\"2 minutes\" \/>\n<script type=\"application\/ld+json\" class=\"yoast-schema-graph\">{\"@context\":\"https:\\\/\\\/schema.org\",\"@graph\":[{\"@type\":\"NewsArticle\",\"@id\":\"https:\\\/\\\/www.apfelpatient.de\\\/rumors\\\/apple-tv-neue-details-zu-podcast-plaenen#article\",\"isPartOf\":{\"@id\":\"https:\\\/\\\/www.apfelpatient.de\\\/rumors\\\/apple-tv-neue-details-zu-podcast-plaenen\"},\"author\":{\"@type\":\"Organization\",\"@id\":\"https:\\\/\\\/www.apfelpatient.de\\\/en\\\/#organization\",\"name\":\"Apfelpatient\",\"url\":\"https:\\\/\\\/www.apfelpatient.de\\\/en\\\/\"},\"headline\":\"Apple TV+: Neue Details zu Podcast Pl\u00e4nen\",\"datePublished\":\"2020-05-21T22:15:29+00:00\",\"dateModified\":\"2025-10-14T14:06:10+00:00\",\"mainEntityOfPage\":{\"@id\":\"https:\\\/\\\/www.apfelpatient.de\\\/rumors\\\/apple-tv-neue-details-zu-podcast-plaenen\"},\"wordCount\":308,\"publisher\":{\"@type\":\"Organization\",\"@id\":\"https:\\\/\\\/www.apfelpatient.de\\\/en\\\/#organization\",\"name\":\"Apfelpatient\",\"url\":\"https:\\\/\\\/www.apfelpatient.de\\\/en\\\/\"},\"image\":{\"@id\":\"https:\\\/\\\/www.apfelpatient.de\\\/rumors\\\/apple-tv-neue-details-zu-podcast-plaenen#primaryimage\"},\"thumbnailUrl\":\"https:\\\/\\\/www.apfelpatient.de\\\/wp-content\\\/uploads\\\/2020\\\/05\\\/bigstock-Top-View-Of-Podcast-Recording-292766488.jpg\",\"keywords\":[\"Apple Dienste\",\"Apple TV\",\"Apple TV Plus\"],\"articleSection\":\"Rumors\",\"inLanguage\":\"en-US\",\"copyrightYear\":\"2020\",\"copyrightHolder\":{\"@id\":\"https:\\\/\\\/www.apfelpatient.de\\\/en\\\/#organization\"}},{\"@type\":\"WebPage\",\"@id\":\"https:\\\/\\\/www.apfelpatient.de\\\/rumors\\\/apple-tv-neue-details-zu-podcast-plaenen\",\"url\":\"https:\\\/\\\/www.apfelpatient.de\\\/rumors\\\/apple-tv-neue-details-zu-podcast-plaenen\",\"name\":\"Apple TV+: Neue Details zu Podcast Pl\u00e4nen Apfelpatient\",\"isPartOf\":{\"@id\":\"https:\\\/\\\/www.apfelpatient.de\\\/#website\"},\"primaryImageOfPage\":{\"@id\":\"https:\\\/\\\/www.apfelpatient.de\\\/rumors\\\/apple-tv-neue-details-zu-podcast-plaenen#primaryimage\"},\"image\":{\"@id\":\"https:\\\/\\\/www.apfelpatient.de\\\/rumors\\\/apple-tv-neue-details-zu-podcast-plaenen#primaryimage\"},\"thumbnailUrl\":\"https:\\\/\\\/www.apfelpatient.de\\\/wp-content\\\/uploads\\\/2020\\\/05\\\/bigstock-Top-View-Of-Podcast-Recording-292766488.jpg\",\"datePublished\":\"2020-05-21T22:15:29+00:00\",\"dateModified\":\"2025-10-14T14:06:10+00:00\",\"description\":\"Anfang des Jahres wurde dar\u00fcber berichtet, wonach Apple die Produktion eigener Podcasts im Sinne von Apple TV+ plant.\",\"breadcrumb\":{\"@id\":\"https:\\\/\\\/www.apfelpatient.de\\\/rumors\\\/apple-tv-neue-details-zu-podcast-plaenen#breadcrumb\"},\"inLanguage\":\"en-US\",\"potentialAction\":[{\"@type\":\"ReadAction\",\"target\":[\"https:\\\/\\\/www.apfelpatient.de\\\/rumors\\\/apple-tv-neue-details-zu-podcast-plaenen\"]}]},{\"@type\":\"ImageObject\",\"inLanguage\":\"en-US\",\"@id\":\"https:\\\/\\\/www.apfelpatient.de\\\/rumors\\\/apple-tv-neue-details-zu-podcast-plaenen#primaryimage\",\"url\":\"https:\\\/\\\/www.apfelpatient.de\\\/wp-content\\\/uploads\\\/2020\\\/05\\\/bigstock-Top-View-Of-Podcast-Recording-292766488.jpg\",\"contentUrl\":\"https:\\\/\\\/www.apfelpatient.de\\\/wp-content\\\/uploads\\\/2020\\\/05\\\/bigstock-Top-View-Of-Podcast-Recording-292766488.jpg\",\"width\":1600,\"height\":1057,\"caption\":\"top view of podcast recording equipment on desk with words new podcast episode written on note pad\"},{\"@type\":\"BreadcrumbList\",\"@id\":\"https:\\\/\\\/www.apfelpatient.de\\\/rumors\\\/apple-tv-neue-details-zu-podcast-plaenen#breadcrumb\",\"itemListElement\":[{\"@type\":\"ListItem\",\"position\":1,\"name\":\"Startseite\",\"item\":\"https:\\\/\\\/www.apfelpatient.de\\\/\"},{\"@type\":\"ListItem\",\"position\":2,\"name\":\"Apple TV+: Neue Details zu Podcast Pl\u00e4nen\"}]},{\"@type\":\"WebSite\",\"@id\":\"https:\\\/\\\/www.apfelpatient.de\\\/#website\",\"url\":\"https:\\\/\\\/www.apfelpatient.de\\\/\",\"name\":\"Apfelpatient\",\"description\":\"Alles rund um Apple!\",\"publisher\":{\"@type\":\"Organization\",\"@id\":\"https:\\\/\\\/www.apfelpatient.de\\\/en\\\/#organization\",\"name\":\"Apfelpatient\",\"url\":\"https:\\\/\\\/www.apfelpatient.de\\\/en\\\/\"},\"alternateName\":\"Apfelpatient\",\"potentialAction\":[{\"@type\":\"SearchAction\",\"target\":{\"@type\":\"EntryPoint\",\"urlTemplate\":\"https:\\\/\\\/www.apfelpatient.de\\\/?s={search_term_string}\"},\"query-input\":{\"@type\":\"PropertyValueSpecification\",\"valueRequired\":true,\"valueName\":\"search_term_string\"}}],\"inLanguage\":\"en-US\"},{\"@type\":[\"Person\",\"Organization\"],\"@id\":\"https:\\\/\\\/www.apfelpatient.de\\\/#\\\/schema\\\/person\\\/7dc56ad6c8e9824b76d2c08d4c140e13\",\"name\":\"Milan\",\"logo\":{\"@id\":\"https:\\\/\\\/www.apfelpatient.de\\\/#\\\/schema\\\/person\\\/image\\\/\"},\"description\":\"Hallo und herzlich willkommen auf meinem Technik-Blog! Als gro\u00dfer Apple-Fan berichte ich hier \u00fcber alles, was mit Apple zu tun hat: von den neuesten News und spannenden Ger\u00fcchten \u00fcber hilfreiche Tipps und Tricks bis hin zu ausf\u00fchrlichen Produkttests. Wenn du genauso technikbegeistert bist wie ich, bist du hier genau richtig!\",\"sameAs\":[\"https:\\\/\\\/www.facebook.com\\\/apfelpatientOfficial\",\"https:\\\/\\\/www.linkedin.com\\\/in\\\/milan-jovicic-42aa0231b\"],\"url\":\"https:\\\/\\\/www.apfelpatient.de\\\/en\\\/author\\\/apfeladmin\"}]}<\/script>\n<!-- \/ Yoast SEO Premium plugin. -->","yoast_head_json":{"title":"Apple TV+: New details on podcast plans Apfelpatient","description":"At the beginning of the year, it was reported that Apple was planning to produce its own podcasts in the spirit of Apple TV+.","robots":{"index":"index","follow":"follow","max-snippet":"max-snippet:-1","max-image-preview":"max-image-preview:large","max-video-preview":"max-video-preview:-1"},"canonical":"https:\/\/www.apfelpatient.de\/en\/rumors\/apple-tv-new-details-on-podcast-plans","og_locale":"en_US","og_type":"article","og_title":"Apple TV+: Neue Details zu Podcast Pl\u00e4nen","og_description":"Anfang des Jahres wurde dar\u00fcber berichtet, wonach Apple die Produktion eigener Podcasts im Sinne von Apple TV+ plant.","og_url":"https:\/\/www.apfelpatient.de\/en\/rumors\/apple-tv-new-details-on-podcast-plans","og_site_name":"Apfelpatient","article_publisher":"https:\/\/www.facebook.com\/apfelpatientOfficial","article_author":"https:\/\/www.facebook.com\/apfelpatientOfficial","article_published_time":"2020-05-21T22:15:29+00:00","article_modified_time":"2025-10-14T14:06:10+00:00","og_image":[{"width":1600,"height":1057,"url":"https:\/\/www.apfelpatient.de\/wp-content\/uploads\/2020\/05\/bigstock-Top-View-Of-Podcast-Recording-292766488.jpg","type":"image\/jpeg"}],"author":"Milan","twitter_card":"summary_large_image","twitter_description":"Anfang des Jahres wurde dar\u00fcber berichtet, wonach Apple die Produktion eigener Podcasts im Sinne von Apple TV+ plant.","twitter_misc":{"Written by":"Milan","Est. reading time":"2 minutes"},"schema":{"@context":"https:\/\/schema.org","@graph":[{"@type":"NewsArticle","@id":"https:\/\/www.apfelpatient.de\/rumors\/apple-tv-neue-details-zu-podcast-plaenen#article","isPartOf":{"@id":"https:\/\/www.apfelpatient.de\/rumors\/apple-tv-neue-details-zu-podcast-plaenen"},"author":{"@type":"Organization","@id":"https:\/\/www.apfelpatient.de\/en\/#organization","name":"Apfelpatient","url":"https:\/\/www.apfelpatient.de\/en\/"},"headline":"Apple TV+: Neue Details zu Podcast Pl\u00e4nen","datePublished":"2020-05-21T22:15:29+00:00","dateModified":"2025-10-14T14:06:10+00:00","mainEntityOfPage":{"@id":"https:\/\/www.apfelpatient.de\/rumors\/apple-tv-neue-details-zu-podcast-plaenen"},"wordCount":308,"publisher":{"@type":"Organization","@id":"https:\/\/www.apfelpatient.de\/en\/#organization","name":"Apfelpatient","url":"https:\/\/www.apfelpatient.de\/en\/"},"image":{"@id":"https:\/\/www.apfelpatient.de\/rumors\/apple-tv-neue-details-zu-podcast-plaenen#primaryimage"},"thumbnailUrl":"https:\/\/www.apfelpatient.de\/wp-content\/uploads\/2020\/05\/bigstock-Top-View-Of-Podcast-Recording-292766488.jpg","keywords":["Apple Dienste","Apple TV","Apple TV Plus"],"articleSection":"Rumors","inLanguage":"en-US","copyrightYear":"2020","copyrightHolder":{"@id":"https:\/\/www.apfelpatient.de\/en\/#organization"}},{"@type":"WebPage","@id":"https:\/\/www.apfelpatient.de\/rumors\/apple-tv-neue-details-zu-podcast-plaenen","url":"https:\/\/www.apfelpatient.de\/rumors\/apple-tv-neue-details-zu-podcast-plaenen","name":"Apple TV+: New details on podcast plans Apfelpatient","isPartOf":{"@id":"https:\/\/www.apfelpatient.de\/#website"},"primaryImageOfPage":{"@id":"https:\/\/www.apfelpatient.de\/rumors\/apple-tv-neue-details-zu-podcast-plaenen#primaryimage"},"image":{"@id":"https:\/\/www.apfelpatient.de\/rumors\/apple-tv-neue-details-zu-podcast-plaenen#primaryimage"},"thumbnailUrl":"https:\/\/www.apfelpatient.de\/wp-content\/uploads\/2020\/05\/bigstock-Top-View-Of-Podcast-Recording-292766488.jpg","datePublished":"2020-05-21T22:15:29+00:00","dateModified":"2025-10-14T14:06:10+00:00","description":"At the beginning of the year, it was reported that Apple was planning to produce its own podcasts in the spirit of Apple TV+.","breadcrumb":{"@id":"https:\/\/www.apfelpatient.de\/rumors\/apple-tv-neue-details-zu-podcast-plaenen#breadcrumb"},"inLanguage":"en-US","potentialAction":[{"@type":"ReadAction","target":["https:\/\/www.apfelpatient.de\/rumors\/apple-tv-neue-details-zu-podcast-plaenen"]}]},{"@type":"ImageObject","inLanguage":"en-US","@id":"https:\/\/www.apfelpatient.de\/rumors\/apple-tv-neue-details-zu-podcast-plaenen#primaryimage","url":"https:\/\/www.apfelpatient.de\/wp-content\/uploads\/2020\/05\/bigstock-Top-View-Of-Podcast-Recording-292766488.jpg","contentUrl":"https:\/\/www.apfelpatient.de\/wp-content\/uploads\/2020\/05\/bigstock-Top-View-Of-Podcast-Recording-292766488.jpg","width":1600,"height":1057,"caption":"top view of podcast recording equipment on desk with words new podcast episode written on note pad"},{"@type":"BreadcrumbList","@id":"https:\/\/www.apfelpatient.de\/rumors\/apple-tv-neue-details-zu-podcast-plaenen#breadcrumb","itemListElement":[{"@type":"ListItem","position":1,"name":"Startseite","item":"https:\/\/www.apfelpatient.de\/"},{"@type":"ListItem","position":2,"name":"Apple TV+: Neue Details zu Podcast Pl\u00e4nen"}]},{"@type":"WebSite","@id":"https:\/\/www.apfelpatient.de\/#website","url":"https:\/\/www.apfelpatient.de\/","name":"apple patient","description":"Everything about Apple!","publisher":{"@type":"Organization","@id":"https:\/\/www.apfelpatient.de\/en\/#organization","name":"Apfelpatient","url":"https:\/\/www.apfelpatient.de\/en\/"},"alternateName":"Apfelpatient","potentialAction":[{"@type":"SearchAction","target":{"@type":"EntryPoint","urlTemplate":"https:\/\/www.apfelpatient.de\/?s={search_term_string}"},"query-input":{"@type":"PropertyValueSpecification","valueRequired":true,"valueName":"search_term_string"}}],"inLanguage":"en-US"},{"@type":["Person","Organization"],"@id":"https:\/\/www.apfelpatient.de\/#\/schema\/person\/7dc56ad6c8e9824b76d2c08d4c140e13","name":"Milan","logo":{"@id":"https:\/\/www.apfelpatient.de\/#\/schema\/person\/image\/"},"description":"Hello and welcome to my technology blog! As a big Apple fan, I report on everything to do with Apple: from the latest news and exciting rumors to helpful tips and tricks and detailed product tests. If you are as enthusiastic about technology as I am, you have come to the right place!","sameAs":["https:\/\/www.facebook.com\/apfelpatientOfficial","https:\/\/www.linkedin.com\/in\/milan-jovicic-42aa0231b"],"url":"https:\/\/www.apfelpatient.de\/en\/author\/apfeladmin"}]}},"_links":{"self":[{"href":"https:\/\/www.apfelpatient.de\/en\/wp-json\/wp\/v2\/posts\/12460","targetHints":{"allow":["GET"]}}],"collection":[{"href":"https:\/\/www.apfelpatient.de\/en\/wp-json\/wp\/v2\/posts"}],"about":[{"href":"https:\/\/www.apfelpatient.de\/en\/wp-json\/wp\/v2\/types\/post"}],"author":[{"embeddable":true,"href":"https:\/\/www.apfelpatient.de\/en\/wp-json\/wp\/v2\/users\/2"}],"replies":[{"embeddable":true,"href":"https:\/\/www.apfelpatient.de\/en\/wp-json\/wp\/v2\/comments?post=12460"}],"version-history":[{"count":0,"href":"https:\/\/www.apfelpatient.de\/en\/wp-json\/wp\/v2\/posts\/12460\/revisions"}],"wp:featuredmedia":[{"embeddable":true,"href":"https:\/\/www.apfelpatient.de\/en\/wp-json\/wp\/v2\/media\/12461"}],"wp:attachment":[{"href":"https:\/\/www.apfelpatient.de\/en\/wp-json\/wp\/v2\/media?parent=12460"}],"wp:term":[{"taxonomy":"category","embeddable":true,"href":"https:\/\/www.apfelpatient.de\/en\/wp-json\/wp\/v2\/categories?post=12460"},{"taxonomy":"post_tag","embeddable":true,"href":"https:\/\/www.apfelpatient.de\/en\/wp-json\/wp\/v2\/tags?post=12460"}],"curies":[{"name":"wp","href":"https:\/\/api.w.org\/{rel}","templated":true}]}}