{"id":1241,"date":"2018-07-19T18:13:36","date_gmt":"2018-07-19T16:13:36","guid":{"rendered":"https:\/\/www.apfelpatient.de\/?p=1241"},"modified":"2025-02-06T07:04:29","modified_gmt":"2025-02-06T06:04:29","slug":"macbook-pro-2018-apple-confirms-protection","status":"publish","type":"post","link":"https:\/\/www.apfelpatient.de\/en\/news\/macbook-pro-2018-apple-bestaetigt-schutz","title":{"rendered":"MacBook Pro 2018: Apple confirms protection"},"content":{"rendered":"<p><strong>Each key has a silicone protector \u2013 this is responsible, among other things, for reducing typing noise and preventing dust and crumbs from getting inside.<\/strong><\/p>\n<p>Until recently, Apple left this feature uncommented. This behavior could possibly be explained by the current class action lawsuits regarding the previous models from 2016\/17. Apple told the US media that the third generation butterfly keyboard was not designed to make it more reliable than its predecessors.<\/p>\n<p>Now the turnaround \u2013 on the product side of the <em><a href=\"https:\/\/www.apfelpatient.de\/en\">new MacBook Pro<\/a><\/em> There is now a paragraph that deals specifically with the keyboard. The speculations of the last few days were therefore correct. Apple officially confirms the membrane and its purpose in a support document. It is actually intended to prevent dirt and dust from entering <em><a href=\"https:\/\/www.apfelpatient.de\/en\">the interior<\/a><\/em> the keyboard.<\/p>\n<p><em>We will find out over time whether there will really be fewer outages in the future. It is impossible to make a judgement after just a few days.<\/em><\/p>","protected":false},"excerpt":{"rendered":"<p>Jede Taste verf\u00fcgt \u00fcber einen Silikonschutz \u2013 dieser d\u00fcrfte unter Anderem f\u00fcr die Reduktion der Tippger\u00e4usche verantwortlich sein und Staub sowie Kr\u00fcmel vor einem Eindringen in das Innere abhalten. Bis vor Kurzem hat Apple dieses Merkmal unkommentiert gelassen. M\u00f6glicherweise lie\u00df sich dieses Verhalten mit den aktuellen Sammelklagen wegen der Vorg\u00e4ngermodelle aus den Jahren 2016\/17 begr\u00fcnden. [&hellip;]<\/p>\n","protected":false},"author":2,"featured_media":1064,"comment_status":"open","ping_status":"open","sticky":false,"template":"","format":"standard","meta":{"jnews-multi-image_gallery":[],"jnews_single_post":[],"jnews_primary_category":[],"footnotes":""},"categories":[75,9],"tags":[40],"class_list":["post-1241","post","type-post","status-publish","format-standard","has-post-thumbnail","hentry","category-mac","category-news","tag-mac"],"yoast_head":"<!-- This site is optimized with the Yoast SEO Premium plugin v27.5 (Yoast SEO v27.5) - https:\/\/yoast.com\/product\/yoast-seo-premium-wordpress\/ -->\n<title>MacBook Pro 2018: Apple best\u00e4tigt Schutz Apfelpatient<\/title>\n<meta name=\"description\" content=\"Jede Taste verf\u00fcgt \u00fcber einen Silikonschutz \u2013 dieser d\u00fcrfte unter Anderem f\u00fcr die Reduktion der Tippger\u00e4usche verantwortlich sein und Staub sowie Kr\u00fcmel\" \/>\n<meta name=\"robots\" content=\"index, follow, max-snippet:-1, max-image-preview:large, max-video-preview:-1\" \/>\n<link rel=\"canonical\" href=\"https:\/\/www.apfelpatient.de\/en\/news\/macbook-pro-2018-apple-confirms-protection\" \/>\n<meta property=\"og:locale\" content=\"en_US\" \/>\n<meta property=\"og:type\" content=\"article\" \/>\n<meta property=\"og:title\" content=\"MacBook Pro 2018: Apple best\u00e4tigt Schutz\" \/>\n<meta property=\"og:description\" content=\"Jede Taste verf\u00fcgt \u00fcber einen Silikonschutz \u2013 dieser d\u00fcrfte unter Anderem f\u00fcr die Reduktion der Tippger\u00e4usche verantwortlich sein und Staub sowie Kr\u00fcmel\" \/>\n<meta property=\"og:url\" content=\"https:\/\/www.apfelpatient.de\/en\/news\/macbook-pro-2018-apple-confirms-protection\" \/>\n<meta property=\"og:site_name\" content=\"Apfelpatient\" \/>\n<meta property=\"article:publisher\" content=\"https:\/\/www.facebook.com\/apfelpatientOfficial\" \/>\n<meta property=\"article:author\" content=\"https:\/\/www.facebook.com\/apfelpatientOfficial\" \/>\n<meta property=\"article:published_time\" content=\"2018-07-19T16:13:36+00:00\" \/>\n<meta property=\"article:modified_time\" content=\"2025-02-06T06:04:29+00:00\" \/>\n<meta property=\"og:image\" content=\"https:\/\/www.apfelpatient.de\/wp-content\/uploads\/2018\/07\/1D9D9786-3AE8-4816-8D95-ACC87049A2E8.jpeg\" \/>\n\t<meta property=\"og:image:width\" content=\"1600\" \/>\n\t<meta property=\"og:image:height\" content=\"672\" \/>\n\t<meta property=\"og:image:type\" content=\"image\/jpeg\" \/>\n<meta name=\"author\" content=\"Milan\" \/>\n<meta name=\"twitter:card\" content=\"summary_large_image\" \/>\n<meta name=\"twitter:label1\" content=\"Written by\" \/>\n\t<meta name=\"twitter:data1\" content=\"Milan\" \/>\n\t<meta name=\"twitter:label2\" content=\"Est. reading time\" \/>\n\t<meta name=\"twitter:data2\" content=\"1 minute\" \/>\n<script type=\"application\/ld+json\" class=\"yoast-schema-graph\">{\"@context\":\"https:\\\/\\\/schema.org\",\"@graph\":[{\"@type\":\"NewsArticle\",\"@id\":\"https:\\\/\\\/www.apfelpatient.de\\\/news\\\/macbook-pro-2018-apple-bestaetigt-schutz#article\",\"isPartOf\":{\"@id\":\"https:\\\/\\\/www.apfelpatient.de\\\/news\\\/macbook-pro-2018-apple-bestaetigt-schutz\"},\"author\":{\"@type\":\"Organization\",\"@id\":\"https:\\\/\\\/www.apfelpatient.de\\\/en\\\/#organization\",\"name\":\"Apfelpatient\",\"url\":\"https:\\\/\\\/www.apfelpatient.de\\\/en\\\/\"},\"headline\":\"MacBook Pro 2018: Apple best\u00e4tigt Schutz\",\"datePublished\":\"2018-07-19T16:13:36+00:00\",\"dateModified\":\"2025-02-06T06:04:29+00:00\",\"mainEntityOfPage\":{\"@id\":\"https:\\\/\\\/www.apfelpatient.de\\\/news\\\/macbook-pro-2018-apple-bestaetigt-schutz\"},\"wordCount\":182,\"commentCount\":0,\"publisher\":{\"@type\":\"Organization\",\"@id\":\"https:\\\/\\\/www.apfelpatient.de\\\/en\\\/#organization\",\"name\":\"Apfelpatient\",\"url\":\"https:\\\/\\\/www.apfelpatient.de\\\/en\\\/\"},\"image\":{\"@id\":\"https:\\\/\\\/www.apfelpatient.de\\\/news\\\/macbook-pro-2018-apple-bestaetigt-schutz#primaryimage\"},\"thumbnailUrl\":\"https:\\\/\\\/www.apfelpatient.de\\\/wp-content\\\/uploads\\\/2018\\\/07\\\/1D9D9786-3AE8-4816-8D95-ACC87049A2E8.jpeg\",\"keywords\":[\"Mac\"],\"articleSection\":\"Mac\",\"inLanguage\":\"en-US\",\"potentialAction\":[{\"@type\":\"CommentAction\",\"name\":\"Comment\",\"target\":[\"https:\\\/\\\/www.apfelpatient.de\\\/news\\\/macbook-pro-2018-apple-bestaetigt-schutz#respond\"]}],\"copyrightYear\":\"2018\",\"copyrightHolder\":{\"@id\":\"https:\\\/\\\/www.apfelpatient.de\\\/en\\\/#organization\"}},{\"@type\":\"WebPage\",\"@id\":\"https:\\\/\\\/www.apfelpatient.de\\\/news\\\/macbook-pro-2018-apple-bestaetigt-schutz\",\"url\":\"https:\\\/\\\/www.apfelpatient.de\\\/news\\\/macbook-pro-2018-apple-bestaetigt-schutz\",\"name\":\"MacBook Pro 2018: Apple best\u00e4tigt Schutz Apfelpatient\",\"isPartOf\":{\"@id\":\"https:\\\/\\\/www.apfelpatient.de\\\/#website\"},\"primaryImageOfPage\":{\"@id\":\"https:\\\/\\\/www.apfelpatient.de\\\/news\\\/macbook-pro-2018-apple-bestaetigt-schutz#primaryimage\"},\"image\":{\"@id\":\"https:\\\/\\\/www.apfelpatient.de\\\/news\\\/macbook-pro-2018-apple-bestaetigt-schutz#primaryimage\"},\"thumbnailUrl\":\"https:\\\/\\\/www.apfelpatient.de\\\/wp-content\\\/uploads\\\/2018\\\/07\\\/1D9D9786-3AE8-4816-8D95-ACC87049A2E8.jpeg\",\"datePublished\":\"2018-07-19T16:13:36+00:00\",\"dateModified\":\"2025-02-06T06:04:29+00:00\",\"description\":\"Jede Taste verf\u00fcgt \u00fcber einen Silikonschutz \u2013 dieser d\u00fcrfte unter Anderem f\u00fcr die Reduktion der Tippger\u00e4usche verantwortlich sein und Staub sowie Kr\u00fcmel\",\"breadcrumb\":{\"@id\":\"https:\\\/\\\/www.apfelpatient.de\\\/news\\\/macbook-pro-2018-apple-bestaetigt-schutz#breadcrumb\"},\"inLanguage\":\"en-US\",\"potentialAction\":[{\"@type\":\"ReadAction\",\"target\":[\"https:\\\/\\\/www.apfelpatient.de\\\/news\\\/macbook-pro-2018-apple-bestaetigt-schutz\"]}]},{\"@type\":\"ImageObject\",\"inLanguage\":\"en-US\",\"@id\":\"https:\\\/\\\/www.apfelpatient.de\\\/news\\\/macbook-pro-2018-apple-bestaetigt-schutz#primaryimage\",\"url\":\"https:\\\/\\\/www.apfelpatient.de\\\/wp-content\\\/uploads\\\/2018\\\/07\\\/1D9D9786-3AE8-4816-8D95-ACC87049A2E8.jpeg\",\"contentUrl\":\"https:\\\/\\\/www.apfelpatient.de\\\/wp-content\\\/uploads\\\/2018\\\/07\\\/1D9D9786-3AE8-4816-8D95-ACC87049A2E8.jpeg\",\"width\":1600,\"height\":672,\"caption\":\"Bild: Apple\"},{\"@type\":\"BreadcrumbList\",\"@id\":\"https:\\\/\\\/www.apfelpatient.de\\\/news\\\/macbook-pro-2018-apple-bestaetigt-schutz#breadcrumb\",\"itemListElement\":[{\"@type\":\"ListItem\",\"position\":1,\"name\":\"Startseite\",\"item\":\"https:\\\/\\\/www.apfelpatient.de\\\/\"},{\"@type\":\"ListItem\",\"position\":2,\"name\":\"MacBook Pro 2018: Apple best\u00e4tigt Schutz\"}]},{\"@type\":\"WebSite\",\"@id\":\"https:\\\/\\\/www.apfelpatient.de\\\/#website\",\"url\":\"https:\\\/\\\/www.apfelpatient.de\\\/\",\"name\":\"Apfelpatient\",\"description\":\"Alles rund um Apple!\",\"publisher\":{\"@type\":\"Organization\",\"@id\":\"https:\\\/\\\/www.apfelpatient.de\\\/en\\\/#organization\",\"name\":\"Apfelpatient\",\"url\":\"https:\\\/\\\/www.apfelpatient.de\\\/en\\\/\"},\"alternateName\":\"Apfelpatient\",\"potentialAction\":[{\"@type\":\"SearchAction\",\"target\":{\"@type\":\"EntryPoint\",\"urlTemplate\":\"https:\\\/\\\/www.apfelpatient.de\\\/?s={search_term_string}\"},\"query-input\":{\"@type\":\"PropertyValueSpecification\",\"valueRequired\":true,\"valueName\":\"search_term_string\"}}],\"inLanguage\":\"en-US\"},{\"@type\":[\"Person\",\"Organization\"],\"@id\":\"https:\\\/\\\/www.apfelpatient.de\\\/#\\\/schema\\\/person\\\/7dc56ad6c8e9824b76d2c08d4c140e13\",\"name\":\"Milan\",\"logo\":{\"@id\":\"https:\\\/\\\/www.apfelpatient.de\\\/#\\\/schema\\\/person\\\/image\\\/\"},\"description\":\"Hallo und herzlich willkommen auf meinem Technik-Blog! Als gro\u00dfer Apple-Fan berichte ich hier \u00fcber alles, was mit Apple zu tun hat: von den neuesten News und spannenden Ger\u00fcchten \u00fcber hilfreiche Tipps und Tricks bis hin zu ausf\u00fchrlichen Produkttests. Wenn du genauso technikbegeistert bist wie ich, bist du hier genau richtig!\",\"sameAs\":[\"https:\\\/\\\/www.facebook.com\\\/apfelpatientOfficial\",\"https:\\\/\\\/www.linkedin.com\\\/in\\\/milan-jovicic-42aa0231b\"],\"url\":\"https:\\\/\\\/www.apfelpatient.de\\\/en\\\/author\\\/apfeladmin\"}]}<\/script>\n<!-- \/ Yoast SEO Premium plugin. -->","yoast_head_json":{"title":"MacBook Pro 2018: Apple confirms protection Apfelpatient","description":"Each key has a silicone protection \u2013 this is responsible, among other things, for reducing typing noise and keeping dust and crumbs","robots":{"index":"index","follow":"follow","max-snippet":"max-snippet:-1","max-image-preview":"max-image-preview:large","max-video-preview":"max-video-preview:-1"},"canonical":"https:\/\/www.apfelpatient.de\/en\/news\/macbook-pro-2018-apple-confirms-protection","og_locale":"en_US","og_type":"article","og_title":"MacBook Pro 2018: Apple best\u00e4tigt Schutz","og_description":"Jede Taste verf\u00fcgt \u00fcber einen Silikonschutz \u2013 dieser d\u00fcrfte unter Anderem f\u00fcr die Reduktion der Tippger\u00e4usche verantwortlich sein und Staub sowie Kr\u00fcmel","og_url":"https:\/\/www.apfelpatient.de\/en\/news\/macbook-pro-2018-apple-confirms-protection","og_site_name":"Apfelpatient","article_publisher":"https:\/\/www.facebook.com\/apfelpatientOfficial","article_author":"https:\/\/www.facebook.com\/apfelpatientOfficial","article_published_time":"2018-07-19T16:13:36+00:00","article_modified_time":"2025-02-06T06:04:29+00:00","og_image":[{"width":1600,"height":672,"url":"https:\/\/www.apfelpatient.de\/wp-content\/uploads\/2018\/07\/1D9D9786-3AE8-4816-8D95-ACC87049A2E8.jpeg","type":"image\/jpeg"}],"author":"Milan","twitter_card":"summary_large_image","twitter_misc":{"Written by":"Milan","Est. reading time":"1 minute"},"schema":{"@context":"https:\/\/schema.org","@graph":[{"@type":"NewsArticle","@id":"https:\/\/www.apfelpatient.de\/news\/macbook-pro-2018-apple-bestaetigt-schutz#article","isPartOf":{"@id":"https:\/\/www.apfelpatient.de\/news\/macbook-pro-2018-apple-bestaetigt-schutz"},"author":{"@type":"Organization","@id":"https:\/\/www.apfelpatient.de\/en\/#organization","name":"Apfelpatient","url":"https:\/\/www.apfelpatient.de\/en\/"},"headline":"MacBook Pro 2018: Apple best\u00e4tigt Schutz","datePublished":"2018-07-19T16:13:36+00:00","dateModified":"2025-02-06T06:04:29+00:00","mainEntityOfPage":{"@id":"https:\/\/www.apfelpatient.de\/news\/macbook-pro-2018-apple-bestaetigt-schutz"},"wordCount":182,"commentCount":0,"publisher":{"@type":"Organization","@id":"https:\/\/www.apfelpatient.de\/en\/#organization","name":"Apfelpatient","url":"https:\/\/www.apfelpatient.de\/en\/"},"image":{"@id":"https:\/\/www.apfelpatient.de\/news\/macbook-pro-2018-apple-bestaetigt-schutz#primaryimage"},"thumbnailUrl":"https:\/\/www.apfelpatient.de\/wp-content\/uploads\/2018\/07\/1D9D9786-3AE8-4816-8D95-ACC87049A2E8.jpeg","keywords":["Mac"],"articleSection":"Mac","inLanguage":"en-US","potentialAction":[{"@type":"CommentAction","name":"Comment","target":["https:\/\/www.apfelpatient.de\/news\/macbook-pro-2018-apple-bestaetigt-schutz#respond"]}],"copyrightYear":"2018","copyrightHolder":{"@id":"https:\/\/www.apfelpatient.de\/en\/#organization"}},{"@type":"WebPage","@id":"https:\/\/www.apfelpatient.de\/news\/macbook-pro-2018-apple-bestaetigt-schutz","url":"https:\/\/www.apfelpatient.de\/news\/macbook-pro-2018-apple-bestaetigt-schutz","name":"MacBook Pro 2018: Apple confirms protection Apfelpatient","isPartOf":{"@id":"https:\/\/www.apfelpatient.de\/#website"},"primaryImageOfPage":{"@id":"https:\/\/www.apfelpatient.de\/news\/macbook-pro-2018-apple-bestaetigt-schutz#primaryimage"},"image":{"@id":"https:\/\/www.apfelpatient.de\/news\/macbook-pro-2018-apple-bestaetigt-schutz#primaryimage"},"thumbnailUrl":"https:\/\/www.apfelpatient.de\/wp-content\/uploads\/2018\/07\/1D9D9786-3AE8-4816-8D95-ACC87049A2E8.jpeg","datePublished":"2018-07-19T16:13:36+00:00","dateModified":"2025-02-06T06:04:29+00:00","description":"Each key has a silicone protection \u2013 this is responsible, among other things, for reducing typing noise and keeping dust and crumbs","breadcrumb":{"@id":"https:\/\/www.apfelpatient.de\/news\/macbook-pro-2018-apple-bestaetigt-schutz#breadcrumb"},"inLanguage":"en-US","potentialAction":[{"@type":"ReadAction","target":["https:\/\/www.apfelpatient.de\/news\/macbook-pro-2018-apple-bestaetigt-schutz"]}]},{"@type":"ImageObject","inLanguage":"en-US","@id":"https:\/\/www.apfelpatient.de\/news\/macbook-pro-2018-apple-bestaetigt-schutz#primaryimage","url":"https:\/\/www.apfelpatient.de\/wp-content\/uploads\/2018\/07\/1D9D9786-3AE8-4816-8D95-ACC87049A2E8.jpeg","contentUrl":"https:\/\/www.apfelpatient.de\/wp-content\/uploads\/2018\/07\/1D9D9786-3AE8-4816-8D95-ACC87049A2E8.jpeg","width":1600,"height":672,"caption":"Bild: Apple"},{"@type":"BreadcrumbList","@id":"https:\/\/www.apfelpatient.de\/news\/macbook-pro-2018-apple-bestaetigt-schutz#breadcrumb","itemListElement":[{"@type":"ListItem","position":1,"name":"Startseite","item":"https:\/\/www.apfelpatient.de\/"},{"@type":"ListItem","position":2,"name":"MacBook Pro 2018: Apple best\u00e4tigt Schutz"}]},{"@type":"WebSite","@id":"https:\/\/www.apfelpatient.de\/#website","url":"https:\/\/www.apfelpatient.de\/","name":"apple patient","description":"Everything about Apple!","publisher":{"@type":"Organization","@id":"https:\/\/www.apfelpatient.de\/en\/#organization","name":"Apfelpatient","url":"https:\/\/www.apfelpatient.de\/en\/"},"alternateName":"Apfelpatient","potentialAction":[{"@type":"SearchAction","target":{"@type":"EntryPoint","urlTemplate":"https:\/\/www.apfelpatient.de\/?s={search_term_string}"},"query-input":{"@type":"PropertyValueSpecification","valueRequired":true,"valueName":"search_term_string"}}],"inLanguage":"en-US"},{"@type":["Person","Organization"],"@id":"https:\/\/www.apfelpatient.de\/#\/schema\/person\/7dc56ad6c8e9824b76d2c08d4c140e13","name":"Milan","logo":{"@id":"https:\/\/www.apfelpatient.de\/#\/schema\/person\/image\/"},"description":"Hello and welcome to my technology blog! As a big Apple fan, I report on everything to do with Apple: from the latest news and exciting rumors to helpful tips and tricks and detailed product tests. If you are as enthusiastic about technology as I am, you have come to the right place!","sameAs":["https:\/\/www.facebook.com\/apfelpatientOfficial","https:\/\/www.linkedin.com\/in\/milan-jovicic-42aa0231b"],"url":"https:\/\/www.apfelpatient.de\/en\/author\/apfeladmin"}]}},"_links":{"self":[{"href":"https:\/\/www.apfelpatient.de\/en\/wp-json\/wp\/v2\/posts\/1241","targetHints":{"allow":["GET"]}}],"collection":[{"href":"https:\/\/www.apfelpatient.de\/en\/wp-json\/wp\/v2\/posts"}],"about":[{"href":"https:\/\/www.apfelpatient.de\/en\/wp-json\/wp\/v2\/types\/post"}],"author":[{"embeddable":true,"href":"https:\/\/www.apfelpatient.de\/en\/wp-json\/wp\/v2\/users\/2"}],"replies":[{"embeddable":true,"href":"https:\/\/www.apfelpatient.de\/en\/wp-json\/wp\/v2\/comments?post=1241"}],"version-history":[{"count":0,"href":"https:\/\/www.apfelpatient.de\/en\/wp-json\/wp\/v2\/posts\/1241\/revisions"}],"wp:featuredmedia":[{"embeddable":true,"href":"https:\/\/www.apfelpatient.de\/en\/wp-json\/wp\/v2\/media\/1064"}],"wp:attachment":[{"href":"https:\/\/www.apfelpatient.de\/en\/wp-json\/wp\/v2\/media?parent=1241"}],"wp:term":[{"taxonomy":"category","embeddable":true,"href":"https:\/\/www.apfelpatient.de\/en\/wp-json\/wp\/v2\/categories?post=1241"},{"taxonomy":"post_tag","embeddable":true,"href":"https:\/\/www.apfelpatient.de\/en\/wp-json\/wp\/v2\/tags?post=1241"}],"curies":[{"name":"wp","href":"https:\/\/api.w.org\/{rel}","templated":true}]}}