{"id":1237,"date":"2018-07-19T15:29:59","date_gmt":"2018-07-19T13:29:59","guid":{"rendered":"https:\/\/www.apfelpatient.de\/?p=1237"},"modified":"2025-12-17T07:56:03","modified_gmt":"2025-12-17T06:56:03","slug":"siris-last-founding-father-leaves","status":"publish","type":"post","link":"https:\/\/www.apfelpatient.de\/en\/ios\/siris-letzter-gruendervater-geht","title":{"rendered":"Siri&#039;s last founding father leaves"},"content":{"rendered":"<p><strong>Tom Gruber was the last remaining Siri co-founder at Apple. Now, after more than 8 years, he too has left, a spokeswoman for the company confirmed to the magazine\u00a0<i><a href=\"https:\/\/www.theinformation.com\/articles\/siris-last-remaining-cofounder-is-out-at-apple\">The Information<\/a>.<\/i><\/strong><\/p>\n<p>Siri Inc. was founded by Dag Kittlaus, Adam Cheyer and Tom Gruber in 2007. When the voice control Siri appeared in the AppStore in 2010, Apple bought it just two months after its release and removed the app from the store. The takeover is said to have cost 200 million US dollars. Siri was introduced by Apple during a keynote in autumn 2011. Kittlaus and Cheyer left Apple in 2011 and 2012 to start their own company again.<\/p>\n<p>Siri development fell far behind the competition, which is why Apple restructured and rebuilt the team several times, but Siri is still considered a software construction site for the company. Now we can only hope that Siri will make progress under the new leadership of John Giannandrea and become more useful in the future.<\/p>","protected":false},"excerpt":{"rendered":"<p>Tom Gruber ist der letzte verbliebene Siri-Mitbegr\u00fcnder bei Apple gewesen. Nun ist nach \u00fcber 8 Jahren auch er gegangen, das best\u00e4tigte eine Sprecherin des Konzerns gegen\u00fcber dem Magazin\u00a0The Information. Gegr\u00fcndet wurde die Siri Inc. von Dag Kittlaus, Adam Cheyer und Tom Gruber im Jahre 2007. Als 2010 die Sprachsteuerung Siri im AppStore erschien, kaufte Apple [&hellip;]<\/p>\n","protected":false},"author":2,"featured_media":1239,"comment_status":"open","ping_status":"open","sticky":false,"template":"","format":"standard","meta":{"jnews-multi-image_gallery":[],"jnews_single_post":{"format":"standard"},"jnews_primary_category":[],"footnotes":""},"categories":[29],"tags":[3,80],"class_list":["post-1237","post","type-post","status-publish","format-standard","has-post-thumbnail","hentry","category-ios","tag-ios","tag-siri"],"yoast_head":"<!-- This site is optimized with the Yoast SEO Premium plugin v27.5 (Yoast SEO v27.5) - https:\/\/yoast.com\/product\/yoast-seo-premium-wordpress\/ -->\n<title>Siris letzter Gr\u00fcndervater geht Apfelpatient<\/title>\n<meta name=\"description\" content=\"Tom Gruber ist der letzte verbliebene Siri-Mitbegr\u00fcnder bei Apple gewesen. Nun ist nach \u00fcber 8 Jahren auch er gegangen, das best\u00e4tigte eine Sprecherin des\" \/>\n<meta name=\"robots\" content=\"index, follow, max-snippet:-1, max-image-preview:large, max-video-preview:-1\" \/>\n<link rel=\"canonical\" href=\"https:\/\/www.apfelpatient.de\/en\/ios\/siris-last-founding-father-leaves\" \/>\n<meta property=\"og:locale\" content=\"en_US\" \/>\n<meta property=\"og:type\" content=\"article\" \/>\n<meta property=\"og:title\" content=\"Siris letzter Gr\u00fcndervater geht\" \/>\n<meta property=\"og:description\" content=\"Tom Gruber ist der letzte verbliebene Siri-Mitbegr\u00fcnder bei Apple gewesen. Nun ist nach \u00fcber 8 Jahren auch er gegangen, das best\u00e4tigte eine Sprecherin des\" \/>\n<meta property=\"og:url\" content=\"https:\/\/www.apfelpatient.de\/en\/ios\/siris-last-founding-father-leaves\" \/>\n<meta property=\"og:site_name\" content=\"Apfelpatient\" \/>\n<meta property=\"article:publisher\" content=\"https:\/\/www.facebook.com\/apfelpatientOfficial\" \/>\n<meta property=\"article:author\" content=\"https:\/\/www.facebook.com\/apfelpatientOfficial\" \/>\n<meta property=\"article:published_time\" content=\"2018-07-19T13:29:59+00:00\" \/>\n<meta property=\"article:modified_time\" content=\"2025-12-17T06:56:03+00:00\" \/>\n<meta property=\"og:image\" content=\"https:\/\/www.apfelpatient.de\/wp-content\/uploads\/2018\/07\/IMG_0743.jpg\" \/>\n\t<meta property=\"og:image:width\" content=\"712\" \/>\n\t<meta property=\"og:image:height\" content=\"400\" \/>\n\t<meta property=\"og:image:type\" content=\"image\/jpeg\" \/>\n<meta name=\"author\" content=\"Milan\" \/>\n<meta name=\"twitter:card\" content=\"summary_large_image\" \/>\n<meta name=\"twitter:label1\" content=\"Written by\" \/>\n\t<meta name=\"twitter:data1\" content=\"Milan\" \/>\n\t<meta name=\"twitter:label2\" content=\"Est. reading time\" \/>\n\t<meta name=\"twitter:data2\" content=\"2 minutes\" \/>\n<script type=\"application\/ld+json\" class=\"yoast-schema-graph\">{\"@context\":\"https:\\\/\\\/schema.org\",\"@graph\":[{\"@type\":\"NewsArticle\",\"@id\":\"https:\\\/\\\/www.apfelpatient.de\\\/ios\\\/siris-letzter-gruendervater-geht#article\",\"isPartOf\":{\"@id\":\"https:\\\/\\\/www.apfelpatient.de\\\/ios\\\/siris-letzter-gruendervater-geht\"},\"author\":{\"@type\":\"Organization\",\"@id\":\"https:\\\/\\\/www.apfelpatient.de\\\/en\\\/#organization\",\"name\":\"Apfelpatient\",\"url\":\"https:\\\/\\\/www.apfelpatient.de\\\/en\\\/\"},\"headline\":\"Siris letzter Gr\u00fcndervater geht\",\"datePublished\":\"2018-07-19T13:29:59+00:00\",\"dateModified\":\"2025-12-17T06:56:03+00:00\",\"mainEntityOfPage\":{\"@id\":\"https:\\\/\\\/www.apfelpatient.de\\\/ios\\\/siris-letzter-gruendervater-geht\"},\"wordCount\":164,\"commentCount\":0,\"publisher\":{\"@type\":\"Organization\",\"@id\":\"https:\\\/\\\/www.apfelpatient.de\\\/en\\\/#organization\",\"name\":\"Apfelpatient\",\"url\":\"https:\\\/\\\/www.apfelpatient.de\\\/en\\\/\"},\"image\":{\"@id\":\"https:\\\/\\\/www.apfelpatient.de\\\/ios\\\/siris-letzter-gruendervater-geht#primaryimage\"},\"thumbnailUrl\":\"https:\\\/\\\/www.apfelpatient.de\\\/wp-content\\\/uploads\\\/2018\\\/07\\\/IMG_0743.jpg\",\"keywords\":[\"iOS\",\"Siri\"],\"articleSection\":\"iOS\",\"inLanguage\":\"en-US\",\"potentialAction\":[{\"@type\":\"CommentAction\",\"name\":\"Comment\",\"target\":[\"https:\\\/\\\/www.apfelpatient.de\\\/ios\\\/siris-letzter-gruendervater-geht#respond\"]}],\"copyrightYear\":\"2018\",\"copyrightHolder\":{\"@id\":\"https:\\\/\\\/www.apfelpatient.de\\\/en\\\/#organization\"}},{\"@type\":\"WebPage\",\"@id\":\"https:\\\/\\\/www.apfelpatient.de\\\/ios\\\/siris-letzter-gruendervater-geht\",\"url\":\"https:\\\/\\\/www.apfelpatient.de\\\/ios\\\/siris-letzter-gruendervater-geht\",\"name\":\"Siris letzter Gr\u00fcndervater geht Apfelpatient\",\"isPartOf\":{\"@id\":\"https:\\\/\\\/www.apfelpatient.de\\\/#website\"},\"primaryImageOfPage\":{\"@id\":\"https:\\\/\\\/www.apfelpatient.de\\\/ios\\\/siris-letzter-gruendervater-geht#primaryimage\"},\"image\":{\"@id\":\"https:\\\/\\\/www.apfelpatient.de\\\/ios\\\/siris-letzter-gruendervater-geht#primaryimage\"},\"thumbnailUrl\":\"https:\\\/\\\/www.apfelpatient.de\\\/wp-content\\\/uploads\\\/2018\\\/07\\\/IMG_0743.jpg\",\"datePublished\":\"2018-07-19T13:29:59+00:00\",\"dateModified\":\"2025-12-17T06:56:03+00:00\",\"description\":\"Tom Gruber ist der letzte verbliebene Siri-Mitbegr\u00fcnder bei Apple gewesen. Nun ist nach \u00fcber 8 Jahren auch er gegangen, das best\u00e4tigte eine Sprecherin des\",\"breadcrumb\":{\"@id\":\"https:\\\/\\\/www.apfelpatient.de\\\/ios\\\/siris-letzter-gruendervater-geht#breadcrumb\"},\"inLanguage\":\"en-US\",\"potentialAction\":[{\"@type\":\"ReadAction\",\"target\":[\"https:\\\/\\\/www.apfelpatient.de\\\/ios\\\/siris-letzter-gruendervater-geht\"]}]},{\"@type\":\"ImageObject\",\"inLanguage\":\"en-US\",\"@id\":\"https:\\\/\\\/www.apfelpatient.de\\\/ios\\\/siris-letzter-gruendervater-geht#primaryimage\",\"url\":\"https:\\\/\\\/www.apfelpatient.de\\\/wp-content\\\/uploads\\\/2018\\\/07\\\/IMG_0743.jpg\",\"contentUrl\":\"https:\\\/\\\/www.apfelpatient.de\\\/wp-content\\\/uploads\\\/2018\\\/07\\\/IMG_0743.jpg\",\"width\":712,\"height\":400},{\"@type\":\"BreadcrumbList\",\"@id\":\"https:\\\/\\\/www.apfelpatient.de\\\/ios\\\/siris-letzter-gruendervater-geht#breadcrumb\",\"itemListElement\":[{\"@type\":\"ListItem\",\"position\":1,\"name\":\"Startseite\",\"item\":\"https:\\\/\\\/www.apfelpatient.de\\\/\"},{\"@type\":\"ListItem\",\"position\":2,\"name\":\"Siris letzter Gr\u00fcndervater geht\"}]},{\"@type\":\"WebSite\",\"@id\":\"https:\\\/\\\/www.apfelpatient.de\\\/#website\",\"url\":\"https:\\\/\\\/www.apfelpatient.de\\\/\",\"name\":\"Apfelpatient\",\"description\":\"Alles rund um Apple!\",\"publisher\":{\"@type\":\"Organization\",\"@id\":\"https:\\\/\\\/www.apfelpatient.de\\\/en\\\/#organization\",\"name\":\"Apfelpatient\",\"url\":\"https:\\\/\\\/www.apfelpatient.de\\\/en\\\/\"},\"alternateName\":\"Apfelpatient\",\"potentialAction\":[{\"@type\":\"SearchAction\",\"target\":{\"@type\":\"EntryPoint\",\"urlTemplate\":\"https:\\\/\\\/www.apfelpatient.de\\\/?s={search_term_string}\"},\"query-input\":{\"@type\":\"PropertyValueSpecification\",\"valueRequired\":true,\"valueName\":\"search_term_string\"}}],\"inLanguage\":\"en-US\"},{\"@type\":[\"Person\",\"Organization\"],\"@id\":\"https:\\\/\\\/www.apfelpatient.de\\\/#\\\/schema\\\/person\\\/7dc56ad6c8e9824b76d2c08d4c140e13\",\"name\":\"Milan\",\"logo\":{\"@id\":\"https:\\\/\\\/www.apfelpatient.de\\\/#\\\/schema\\\/person\\\/image\\\/\"},\"description\":\"Hallo und herzlich willkommen auf meinem Technik-Blog! Als gro\u00dfer Apple-Fan berichte ich hier \u00fcber alles, was mit Apple zu tun hat: von den neuesten News und spannenden Ger\u00fcchten \u00fcber hilfreiche Tipps und Tricks bis hin zu ausf\u00fchrlichen Produkttests. Wenn du genauso technikbegeistert bist wie ich, bist du hier genau richtig!\",\"sameAs\":[\"https:\\\/\\\/www.facebook.com\\\/apfelpatientOfficial\",\"https:\\\/\\\/www.linkedin.com\\\/in\\\/milan-jovicic-42aa0231b\"],\"url\":\"https:\\\/\\\/www.apfelpatient.de\\\/en\\\/author\\\/apfeladmin\"}]}<\/script>\n<!-- \/ Yoast SEO Premium plugin. -->","yoast_head_json":{"title":"Siri&#039;s last founding father goes Apfelpatient","description":"Tom Gruber was the last remaining Siri co-founder at Apple. Now, after more than 8 years, he too has left, a spokeswoman for the","robots":{"index":"index","follow":"follow","max-snippet":"max-snippet:-1","max-image-preview":"max-image-preview:large","max-video-preview":"max-video-preview:-1"},"canonical":"https:\/\/www.apfelpatient.de\/en\/ios\/siris-last-founding-father-leaves","og_locale":"en_US","og_type":"article","og_title":"Siris letzter Gr\u00fcndervater geht","og_description":"Tom Gruber ist der letzte verbliebene Siri-Mitbegr\u00fcnder bei Apple gewesen. Nun ist nach \u00fcber 8 Jahren auch er gegangen, das best\u00e4tigte eine Sprecherin des","og_url":"https:\/\/www.apfelpatient.de\/en\/ios\/siris-last-founding-father-leaves","og_site_name":"Apfelpatient","article_publisher":"https:\/\/www.facebook.com\/apfelpatientOfficial","article_author":"https:\/\/www.facebook.com\/apfelpatientOfficial","article_published_time":"2018-07-19T13:29:59+00:00","article_modified_time":"2025-12-17T06:56:03+00:00","og_image":[{"width":712,"height":400,"url":"https:\/\/www.apfelpatient.de\/wp-content\/uploads\/2018\/07\/IMG_0743.jpg","type":"image\/jpeg"}],"author":"Milan","twitter_card":"summary_large_image","twitter_misc":{"Written by":"Milan","Est. reading time":"2 minutes"},"schema":{"@context":"https:\/\/schema.org","@graph":[{"@type":"NewsArticle","@id":"https:\/\/www.apfelpatient.de\/ios\/siris-letzter-gruendervater-geht#article","isPartOf":{"@id":"https:\/\/www.apfelpatient.de\/ios\/siris-letzter-gruendervater-geht"},"author":{"@type":"Organization","@id":"https:\/\/www.apfelpatient.de\/en\/#organization","name":"Apfelpatient","url":"https:\/\/www.apfelpatient.de\/en\/"},"headline":"Siris letzter Gr\u00fcndervater geht","datePublished":"2018-07-19T13:29:59+00:00","dateModified":"2025-12-17T06:56:03+00:00","mainEntityOfPage":{"@id":"https:\/\/www.apfelpatient.de\/ios\/siris-letzter-gruendervater-geht"},"wordCount":164,"commentCount":0,"publisher":{"@type":"Organization","@id":"https:\/\/www.apfelpatient.de\/en\/#organization","name":"Apfelpatient","url":"https:\/\/www.apfelpatient.de\/en\/"},"image":{"@id":"https:\/\/www.apfelpatient.de\/ios\/siris-letzter-gruendervater-geht#primaryimage"},"thumbnailUrl":"https:\/\/www.apfelpatient.de\/wp-content\/uploads\/2018\/07\/IMG_0743.jpg","keywords":["iOS","Siri"],"articleSection":"iOS","inLanguage":"en-US","potentialAction":[{"@type":"CommentAction","name":"Comment","target":["https:\/\/www.apfelpatient.de\/ios\/siris-letzter-gruendervater-geht#respond"]}],"copyrightYear":"2018","copyrightHolder":{"@id":"https:\/\/www.apfelpatient.de\/en\/#organization"}},{"@type":"WebPage","@id":"https:\/\/www.apfelpatient.de\/ios\/siris-letzter-gruendervater-geht","url":"https:\/\/www.apfelpatient.de\/ios\/siris-letzter-gruendervater-geht","name":"Siri&#039;s last founding father goes Apfelpatient","isPartOf":{"@id":"https:\/\/www.apfelpatient.de\/#website"},"primaryImageOfPage":{"@id":"https:\/\/www.apfelpatient.de\/ios\/siris-letzter-gruendervater-geht#primaryimage"},"image":{"@id":"https:\/\/www.apfelpatient.de\/ios\/siris-letzter-gruendervater-geht#primaryimage"},"thumbnailUrl":"https:\/\/www.apfelpatient.de\/wp-content\/uploads\/2018\/07\/IMG_0743.jpg","datePublished":"2018-07-19T13:29:59+00:00","dateModified":"2025-12-17T06:56:03+00:00","description":"Tom Gruber was the last remaining Siri co-founder at Apple. Now, after more than 8 years, he too has left, a spokeswoman for the","breadcrumb":{"@id":"https:\/\/www.apfelpatient.de\/ios\/siris-letzter-gruendervater-geht#breadcrumb"},"inLanguage":"en-US","potentialAction":[{"@type":"ReadAction","target":["https:\/\/www.apfelpatient.de\/ios\/siris-letzter-gruendervater-geht"]}]},{"@type":"ImageObject","inLanguage":"en-US","@id":"https:\/\/www.apfelpatient.de\/ios\/siris-letzter-gruendervater-geht#primaryimage","url":"https:\/\/www.apfelpatient.de\/wp-content\/uploads\/2018\/07\/IMG_0743.jpg","contentUrl":"https:\/\/www.apfelpatient.de\/wp-content\/uploads\/2018\/07\/IMG_0743.jpg","width":712,"height":400},{"@type":"BreadcrumbList","@id":"https:\/\/www.apfelpatient.de\/ios\/siris-letzter-gruendervater-geht#breadcrumb","itemListElement":[{"@type":"ListItem","position":1,"name":"Startseite","item":"https:\/\/www.apfelpatient.de\/"},{"@type":"ListItem","position":2,"name":"Siris letzter Gr\u00fcndervater geht"}]},{"@type":"WebSite","@id":"https:\/\/www.apfelpatient.de\/#website","url":"https:\/\/www.apfelpatient.de\/","name":"apple patient","description":"Everything about Apple!","publisher":{"@type":"Organization","@id":"https:\/\/www.apfelpatient.de\/en\/#organization","name":"Apfelpatient","url":"https:\/\/www.apfelpatient.de\/en\/"},"alternateName":"Apfelpatient","potentialAction":[{"@type":"SearchAction","target":{"@type":"EntryPoint","urlTemplate":"https:\/\/www.apfelpatient.de\/?s={search_term_string}"},"query-input":{"@type":"PropertyValueSpecification","valueRequired":true,"valueName":"search_term_string"}}],"inLanguage":"en-US"},{"@type":["Person","Organization"],"@id":"https:\/\/www.apfelpatient.de\/#\/schema\/person\/7dc56ad6c8e9824b76d2c08d4c140e13","name":"Milan","logo":{"@id":"https:\/\/www.apfelpatient.de\/#\/schema\/person\/image\/"},"description":"Hello and welcome to my technology blog! As a big Apple fan, I report on everything to do with Apple: from the latest news and exciting rumors to helpful tips and tricks and detailed product tests. If you are as enthusiastic about technology as I am, you have come to the right place!","sameAs":["https:\/\/www.facebook.com\/apfelpatientOfficial","https:\/\/www.linkedin.com\/in\/milan-jovicic-42aa0231b"],"url":"https:\/\/www.apfelpatient.de\/en\/author\/apfeladmin"}]}},"_links":{"self":[{"href":"https:\/\/www.apfelpatient.de\/en\/wp-json\/wp\/v2\/posts\/1237","targetHints":{"allow":["GET"]}}],"collection":[{"href":"https:\/\/www.apfelpatient.de\/en\/wp-json\/wp\/v2\/posts"}],"about":[{"href":"https:\/\/www.apfelpatient.de\/en\/wp-json\/wp\/v2\/types\/post"}],"author":[{"embeddable":true,"href":"https:\/\/www.apfelpatient.de\/en\/wp-json\/wp\/v2\/users\/2"}],"replies":[{"embeddable":true,"href":"https:\/\/www.apfelpatient.de\/en\/wp-json\/wp\/v2\/comments?post=1237"}],"version-history":[{"count":1,"href":"https:\/\/www.apfelpatient.de\/en\/wp-json\/wp\/v2\/posts\/1237\/revisions"}],"predecessor-version":[{"id":62003,"href":"https:\/\/www.apfelpatient.de\/en\/wp-json\/wp\/v2\/posts\/1237\/revisions\/62003"}],"wp:featuredmedia":[{"embeddable":true,"href":"https:\/\/www.apfelpatient.de\/en\/wp-json\/wp\/v2\/media\/1239"}],"wp:attachment":[{"href":"https:\/\/www.apfelpatient.de\/en\/wp-json\/wp\/v2\/media?parent=1237"}],"wp:term":[{"taxonomy":"category","embeddable":true,"href":"https:\/\/www.apfelpatient.de\/en\/wp-json\/wp\/v2\/categories?post=1237"},{"taxonomy":"post_tag","embeddable":true,"href":"https:\/\/www.apfelpatient.de\/en\/wp-json\/wp\/v2\/tags?post=1237"}],"curies":[{"name":"wp","href":"https:\/\/api.w.org\/{rel}","templated":true}]}}