{"id":12267,"date":"2020-05-13T21:19:40","date_gmt":"2020-05-13T19:19:40","guid":{"rendered":"https:\/\/www.apfelpatient.de\/?p=12267"},"modified":"2020-05-13T21:19:40","modified_gmt":"2020-05-13T19:19:40","slug":"powerbeats-pro-four-new-colors-in-spee","status":"publish","type":"post","link":"https:\/\/www.apfelpatient.de\/en\/rumors\/powerbeats-pro-vier-neue-farben-in-spee","title":{"rendered":"Powerbeats Pro: Four new colors in Spee"},"content":{"rendered":"<p class=\"has-drop-cap\"><strong>Apple introduced the Powerbeats Pro about a year ago. Now the wireless headphones could get four new colors.<\/strong><\/p>\n\n\n\n<p>The colleagues from <a href=\"https:\/\/www.imore.com\/powerbeats-pro-cloud-pink-glacier-blue-spring-yellow-and-lava-red-possibly-leak-ahead-availability?utm_source=im_tw&amp;utm_medium=tw_card&amp;utm_content=66574&amp;utm_campaign=social\" class=\"ek-link\"><span style=\"text-decoration: underline;\" class=\"ek-underline\">iMore<\/span><\/a> have discovered a post on the Chinese social media platform Weibo, which suggests that Apple could offer the Powerbeats Pro in four new colors. According to this, the accessories will soon be available in cloud pink, glacier blue, spring yellow and lava red. An update of the Powerbeats Pro would not be completely ruled out, however, as Apple has already registered a new model in the databases of the American FCC and Malaysian SIRIM. According to speculation, this is the <a href=\"https:\/\/www.apfelpatient.de\/en\/news\/powerbeats-pro-2-new-clues-discovered\" class=\"ek-link\"><span style=\"text-decoration: underline;\" class=\"ek-underline\">Powerbeats Pro 2<\/span><\/a> But there will supposedly be only minor differences. So the new colors could be part of the update.&nbsp;<\/p>\n\n\n\n<h3 class=\"wp-block-heading\">An expansion of the existing range?<\/h3>\n\n\n\n\n\n\n\n<p>When Apple introduced the Powerbeats Pro last year, they were only available in black when they were launched. The range was only expanded later in the summer to include ivory white, moss green and navy blue. Inside is the H1 chip (known from the AirPods), which also supports the &quot;Hey Siri&quot; function. Powerbeats Pro offer up to nine hours of power between charges and up to 24 hours of battery life with the included case. Whether the new colour options will expand the existing range or replace it completely remains to be seen - if the post is even real. Do you want new headphones? Then take a look at our&nbsp;<a href=\"https:\/\/www.amazon.de\/shop\/apfelpatientofficial\" class=\"ek-link\"><span style=\"text-decoration: underline;\" class=\"ek-underline\">Amazon Storefront<\/span><\/a>&nbsp;over \u2013 there we have all the current&nbsp;<a href=\"https:\/\/www.amazon.de\/shop\/apfelpatientofficial?listId=2SH1KEP4J41TE\" class=\"ek-link\"><span style=\"text-decoration: underline;\" class=\"ek-underline\">AirPods<\/span><\/a>&nbsp;as well as&nbsp;<a href=\"https:\/\/www.amazon.de\/shop\/apfelpatientofficial?listId=Y5GHEMJAJLDF\" class=\"ek-link\"><span style=\"text-decoration: underline;\" class=\"ek-underline\">Beats<\/span><\/a>&nbsp;Models summarized for you. <em>(Image: Beats \/ Apple)<\/em><\/p>\n\n\n\n<h6 class=\"wp-block-heading translation-block\" id=\"h-kennt-ihr-schon-unsere-amazon-storefront-dort-findet-ihr-eine-handverlesene-auswahl-von-diversen-produkten-f-r-euer-iphone-und-co-viel-spa-beim-st-bern\"><em>Have you already visited our Amazon Storefront? There you&#039;ll find a hand-picked selection of various products for your iPhone and other devices \u2013 <span class=\"has-inline-color has-vivid-red-color\"><a href=\"https:\/\/www.amazon.de\/shop\/apfelpatientofficial\" class=\"ek-link\" data-wpel-link=\"exclude\" rel=\"follow noopener\" target=\"_self\"><span style=\"text-decoration: underline\" class=\"ek-underline\">enjoy browsing<\/span><\/a> !<\/span><\/em><\/h6>\n\n\n\n\n\n<h6 class=\"wp-block-heading translation-block\" id=\"h-der-beitrag-enthalt-partnerlinks\">This post contains <a data-type=\"URL\" data-id=\"https:\/\/www.apfelpatient.de\/partnerprogramm\" href=\"https:\/\/www.apfelpatient.de\/en\/partner-program\" data-wpel-link=\"internal\" target=\"_self\">affiliate links<\/a>.<\/h6>","protected":false},"excerpt":{"rendered":"<p>Apple introduced the Powerbeats Pro about a year ago. Now the wireless headphones could get four new colors.<\/p>","protected":false},"author":2,"featured_media":12268,"comment_status":"closed","ping_status":"closed","sticky":false,"template":"","format":"standard","meta":{"jnews-multi-image_gallery":[],"jnews_single_post":{"subtitle":"","format":"standard","video":"","gallery":"","source_name":"","source_url":"","via_name":"iMore","via_url":"https:\/\/www.imore.com\/powerbeats-pro-cloud-pink-glacier-blue-spring-yellow-and-lava-red-possibly-leak-ahead-availability?utm_source=im_tw&utm_medium=tw_card&utm_content=66574&utm_campaign=social","override":[{"single_blog_custom":"","sidebar":"","second_sidebar":"","share_position":"","share_float_style":"","post_date_format":"","post_date_format_custom":"","post_reading_time_wpm":"","zoom_button_out_step":"1","zoom_button_in_step":"1","number_popup_post":"1"}],"image_override":[{"single_post_thumbnail_size":"","single_post_gallery_size":""}],"trending_post_position":"","trending_post_label":"","sponsored_post_label":"","sponsored_post_name":"","sponsored_post_url":"","sponsored_post_logo":"","sponsored_post_desc":""},"jnews_primary_category":{"id":"274"},"footnotes":""},"categories":[25],"tags":[223,251,13],"class_list":["post-12267","post","type-post","status-publish","format-standard","has-post-thumbnail","hentry","category-rumors","tag-beats","tag-powerbeats-pro","tag-techpatient"],"yoast_head":"<!-- This site is optimized with the Yoast SEO Premium plugin v27.5 (Yoast SEO v27.5) - https:\/\/yoast.com\/product\/yoast-seo-premium-wordpress\/ -->\n<title>Powerbeats Pro: Vier neue Farben in Spee Apfelpatient<\/title>\n<meta name=\"description\" content=\"Apple hat die Powerbeats Pro vor rund einem Jahr vorgestellt. Nun k\u00f6nnten die kabellosen Kopfh\u00f6rer vier neue Farben erhalten.\" \/>\n<meta name=\"robots\" content=\"index, follow, max-snippet:-1, max-image-preview:large, max-video-preview:-1\" \/>\n<link rel=\"canonical\" href=\"https:\/\/www.apfelpatient.de\/en\/rumors\/powerbeats-pro-four-new-colors-in-spee\" \/>\n<meta property=\"og:locale\" content=\"en_US\" \/>\n<meta property=\"og:type\" content=\"article\" \/>\n<meta property=\"og:title\" content=\"Powerbeats Pro: Vier neue Farben in Spee\" \/>\n<meta property=\"og:description\" content=\"Apple hat die Powerbeats Pro vor rund einem Jahr vorgestellt. Nun k\u00f6nnten die kabellosen Kopfh\u00f6rer vier neue Farben erhalten.\" \/>\n<meta property=\"og:url\" content=\"https:\/\/www.apfelpatient.de\/en\/rumors\/powerbeats-pro-four-new-colors-in-spee\" \/>\n<meta property=\"og:site_name\" content=\"Apfelpatient\" \/>\n<meta property=\"article:publisher\" content=\"https:\/\/www.facebook.com\/apfelpatientOfficial\" \/>\n<meta property=\"article:author\" content=\"https:\/\/www.facebook.com\/apfelpatientOfficial\" \/>\n<meta property=\"article:published_time\" content=\"2020-05-13T19:19:40+00:00\" \/>\n<meta property=\"og:image\" content=\"https:\/\/www.apfelpatient.de\/wp-content\/uploads\/2020\/05\/Moss-PowerBeats-Pro-RGB-Angle04_v11.jpg\" \/>\n\t<meta property=\"og:image:width\" content=\"1024\" \/>\n\t<meta property=\"og:image:height\" content=\"580\" \/>\n\t<meta property=\"og:image:type\" content=\"image\/jpeg\" \/>\n<meta name=\"author\" content=\"Milan\" \/>\n<meta name=\"twitter:card\" content=\"summary_large_image\" \/>\n<meta name=\"twitter:description\" content=\"Apple hat die Powerbeats Pro vor rund einem Jahr vorgestellt. Nun k\u00f6nnten die kabellosen Kopfh\u00f6rer vier neue Farben erhalten.\" \/>\n<meta name=\"twitter:label1\" content=\"Written by\" \/>\n\t<meta name=\"twitter:data1\" content=\"Milan\" \/>\n\t<meta name=\"twitter:label2\" content=\"Est. reading time\" \/>\n\t<meta name=\"twitter:data2\" content=\"1 minute\" \/>\n<script type=\"application\/ld+json\" class=\"yoast-schema-graph\">{\"@context\":\"https:\\\/\\\/schema.org\",\"@graph\":[{\"@type\":\"NewsArticle\",\"@id\":\"https:\\\/\\\/www.apfelpatient.de\\\/rumors\\\/powerbeats-pro-vier-neue-farben-in-spee#article\",\"isPartOf\":{\"@id\":\"https:\\\/\\\/www.apfelpatient.de\\\/rumors\\\/powerbeats-pro-vier-neue-farben-in-spee\"},\"author\":{\"@type\":\"Organization\",\"@id\":\"https:\\\/\\\/www.apfelpatient.de\\\/en\\\/#organization\",\"name\":\"Apfelpatient\",\"url\":\"https:\\\/\\\/www.apfelpatient.de\\\/en\\\/\"},\"headline\":\"Powerbeats Pro: Vier neue Farben in Spee\",\"datePublished\":\"2020-05-13T19:19:40+00:00\",\"mainEntityOfPage\":{\"@id\":\"https:\\\/\\\/www.apfelpatient.de\\\/rumors\\\/powerbeats-pro-vier-neue-farben-in-spee\"},\"wordCount\":277,\"publisher\":{\"@type\":\"Organization\",\"@id\":\"https:\\\/\\\/www.apfelpatient.de\\\/en\\\/#organization\",\"name\":\"Apfelpatient\",\"url\":\"https:\\\/\\\/www.apfelpatient.de\\\/en\\\/\"},\"image\":{\"@id\":\"https:\\\/\\\/www.apfelpatient.de\\\/rumors\\\/powerbeats-pro-vier-neue-farben-in-spee#primaryimage\"},\"thumbnailUrl\":\"https:\\\/\\\/www.apfelpatient.de\\\/wp-content\\\/uploads\\\/2020\\\/05\\\/Moss-PowerBeats-Pro-RGB-Angle04_v11.jpg\",\"keywords\":[\"Beats\",\"Powerbeats Pro\",\"TechPatient\"],\"articleSection\":\"Rumors\",\"inLanguage\":\"en-US\",\"copyrightYear\":\"2020\",\"copyrightHolder\":{\"@id\":\"https:\\\/\\\/www.apfelpatient.de\\\/en\\\/#organization\"}},{\"@type\":\"WebPage\",\"@id\":\"https:\\\/\\\/www.apfelpatient.de\\\/rumors\\\/powerbeats-pro-vier-neue-farben-in-spee\",\"url\":\"https:\\\/\\\/www.apfelpatient.de\\\/rumors\\\/powerbeats-pro-vier-neue-farben-in-spee\",\"name\":\"Powerbeats Pro: Vier neue Farben in Spee Apfelpatient\",\"isPartOf\":{\"@id\":\"https:\\\/\\\/www.apfelpatient.de\\\/#website\"},\"primaryImageOfPage\":{\"@id\":\"https:\\\/\\\/www.apfelpatient.de\\\/rumors\\\/powerbeats-pro-vier-neue-farben-in-spee#primaryimage\"},\"image\":{\"@id\":\"https:\\\/\\\/www.apfelpatient.de\\\/rumors\\\/powerbeats-pro-vier-neue-farben-in-spee#primaryimage\"},\"thumbnailUrl\":\"https:\\\/\\\/www.apfelpatient.de\\\/wp-content\\\/uploads\\\/2020\\\/05\\\/Moss-PowerBeats-Pro-RGB-Angle04_v11.jpg\",\"datePublished\":\"2020-05-13T19:19:40+00:00\",\"description\":\"Apple hat die Powerbeats Pro vor rund einem Jahr vorgestellt. Nun k\u00f6nnten die kabellosen Kopfh\u00f6rer vier neue Farben erhalten.\",\"breadcrumb\":{\"@id\":\"https:\\\/\\\/www.apfelpatient.de\\\/rumors\\\/powerbeats-pro-vier-neue-farben-in-spee#breadcrumb\"},\"inLanguage\":\"en-US\",\"potentialAction\":[{\"@type\":\"ReadAction\",\"target\":[\"https:\\\/\\\/www.apfelpatient.de\\\/rumors\\\/powerbeats-pro-vier-neue-farben-in-spee\"]}]},{\"@type\":\"ImageObject\",\"inLanguage\":\"en-US\",\"@id\":\"https:\\\/\\\/www.apfelpatient.de\\\/rumors\\\/powerbeats-pro-vier-neue-farben-in-spee#primaryimage\",\"url\":\"https:\\\/\\\/www.apfelpatient.de\\\/wp-content\\\/uploads\\\/2020\\\/05\\\/Moss-PowerBeats-Pro-RGB-Angle04_v11.jpg\",\"contentUrl\":\"https:\\\/\\\/www.apfelpatient.de\\\/wp-content\\\/uploads\\\/2020\\\/05\\\/Moss-PowerBeats-Pro-RGB-Angle04_v11.jpg\",\"width\":7500,\"height\":4250,\"caption\":\"Bild: Beats \\\/ Apple\"},{\"@type\":\"BreadcrumbList\",\"@id\":\"https:\\\/\\\/www.apfelpatient.de\\\/rumors\\\/powerbeats-pro-vier-neue-farben-in-spee#breadcrumb\",\"itemListElement\":[{\"@type\":\"ListItem\",\"position\":1,\"name\":\"Startseite\",\"item\":\"https:\\\/\\\/www.apfelpatient.de\\\/\"},{\"@type\":\"ListItem\",\"position\":2,\"name\":\"Powerbeats Pro: Vier neue Farben in Spee\"}]},{\"@type\":\"WebSite\",\"@id\":\"https:\\\/\\\/www.apfelpatient.de\\\/#website\",\"url\":\"https:\\\/\\\/www.apfelpatient.de\\\/\",\"name\":\"Apfelpatient\",\"description\":\"Alles rund um Apple!\",\"publisher\":{\"@type\":\"Organization\",\"@id\":\"https:\\\/\\\/www.apfelpatient.de\\\/en\\\/#organization\",\"name\":\"Apfelpatient\",\"url\":\"https:\\\/\\\/www.apfelpatient.de\\\/en\\\/\"},\"alternateName\":\"Apfelpatient\",\"potentialAction\":[{\"@type\":\"SearchAction\",\"target\":{\"@type\":\"EntryPoint\",\"urlTemplate\":\"https:\\\/\\\/www.apfelpatient.de\\\/?s={search_term_string}\"},\"query-input\":{\"@type\":\"PropertyValueSpecification\",\"valueRequired\":true,\"valueName\":\"search_term_string\"}}],\"inLanguage\":\"en-US\"},{\"@type\":[\"Person\",\"Organization\"],\"@id\":\"https:\\\/\\\/www.apfelpatient.de\\\/#\\\/schema\\\/person\\\/7dc56ad6c8e9824b76d2c08d4c140e13\",\"name\":\"Milan\",\"logo\":{\"@id\":\"https:\\\/\\\/www.apfelpatient.de\\\/#\\\/schema\\\/person\\\/image\\\/\"},\"description\":\"Hallo und herzlich willkommen auf meinem Technik-Blog! Als gro\u00dfer Apple-Fan berichte ich hier \u00fcber alles, was mit Apple zu tun hat: von den neuesten News und spannenden Ger\u00fcchten \u00fcber hilfreiche Tipps und Tricks bis hin zu ausf\u00fchrlichen Produkttests. Wenn du genauso technikbegeistert bist wie ich, bist du hier genau richtig!\",\"sameAs\":[\"https:\\\/\\\/www.facebook.com\\\/apfelpatientOfficial\",\"https:\\\/\\\/www.linkedin.com\\\/in\\\/milan-jovicic-42aa0231b\"],\"url\":\"https:\\\/\\\/www.apfelpatient.de\\\/en\\\/author\\\/apfeladmin\"}]}<\/script>\n<!-- \/ Yoast SEO Premium plugin. -->","yoast_head_json":{"title":"Powerbeats Pro: Four new colors in Spee Apfelpatient","description":"Apple introduced the Powerbeats Pro about a year ago. Now the wireless headphones could get four new colors.","robots":{"index":"index","follow":"follow","max-snippet":"max-snippet:-1","max-image-preview":"max-image-preview:large","max-video-preview":"max-video-preview:-1"},"canonical":"https:\/\/www.apfelpatient.de\/en\/rumors\/powerbeats-pro-four-new-colors-in-spee","og_locale":"en_US","og_type":"article","og_title":"Powerbeats Pro: Vier neue Farben in Spee","og_description":"Apple hat die Powerbeats Pro vor rund einem Jahr vorgestellt. Nun k\u00f6nnten die kabellosen Kopfh\u00f6rer vier neue Farben erhalten.","og_url":"https:\/\/www.apfelpatient.de\/en\/rumors\/powerbeats-pro-four-new-colors-in-spee","og_site_name":"Apfelpatient","article_publisher":"https:\/\/www.facebook.com\/apfelpatientOfficial","article_author":"https:\/\/www.facebook.com\/apfelpatientOfficial","article_published_time":"2020-05-13T19:19:40+00:00","og_image":[{"url":"https:\/\/www.apfelpatient.de\/wp-content\/uploads\/2020\/05\/Moss-PowerBeats-Pro-RGB-Angle04_v11.jpg","width":1024,"height":580,"type":"image\/jpeg"}],"author":"Milan","twitter_card":"summary_large_image","twitter_description":"Apple hat die Powerbeats Pro vor rund einem Jahr vorgestellt. Nun k\u00f6nnten die kabellosen Kopfh\u00f6rer vier neue Farben erhalten.","twitter_misc":{"Written by":"Milan","Est. reading time":"1 minute"},"schema":{"@context":"https:\/\/schema.org","@graph":[{"@type":"NewsArticle","@id":"https:\/\/www.apfelpatient.de\/rumors\/powerbeats-pro-vier-neue-farben-in-spee#article","isPartOf":{"@id":"https:\/\/www.apfelpatient.de\/rumors\/powerbeats-pro-vier-neue-farben-in-spee"},"author":{"@type":"Organization","@id":"https:\/\/www.apfelpatient.de\/en\/#organization","name":"Apfelpatient","url":"https:\/\/www.apfelpatient.de\/en\/"},"headline":"Powerbeats Pro: Vier neue Farben in Spee","datePublished":"2020-05-13T19:19:40+00:00","mainEntityOfPage":{"@id":"https:\/\/www.apfelpatient.de\/rumors\/powerbeats-pro-vier-neue-farben-in-spee"},"wordCount":277,"publisher":{"@type":"Organization","@id":"https:\/\/www.apfelpatient.de\/en\/#organization","name":"Apfelpatient","url":"https:\/\/www.apfelpatient.de\/en\/"},"image":{"@id":"https:\/\/www.apfelpatient.de\/rumors\/powerbeats-pro-vier-neue-farben-in-spee#primaryimage"},"thumbnailUrl":"https:\/\/www.apfelpatient.de\/wp-content\/uploads\/2020\/05\/Moss-PowerBeats-Pro-RGB-Angle04_v11.jpg","keywords":["Beats","Powerbeats Pro","TechPatient"],"articleSection":"Rumors","inLanguage":"en-US","copyrightYear":"2020","copyrightHolder":{"@id":"https:\/\/www.apfelpatient.de\/en\/#organization"}},{"@type":"WebPage","@id":"https:\/\/www.apfelpatient.de\/rumors\/powerbeats-pro-vier-neue-farben-in-spee","url":"https:\/\/www.apfelpatient.de\/rumors\/powerbeats-pro-vier-neue-farben-in-spee","name":"Powerbeats Pro: Four new colors in Spee Apfelpatient","isPartOf":{"@id":"https:\/\/www.apfelpatient.de\/#website"},"primaryImageOfPage":{"@id":"https:\/\/www.apfelpatient.de\/rumors\/powerbeats-pro-vier-neue-farben-in-spee#primaryimage"},"image":{"@id":"https:\/\/www.apfelpatient.de\/rumors\/powerbeats-pro-vier-neue-farben-in-spee#primaryimage"},"thumbnailUrl":"https:\/\/www.apfelpatient.de\/wp-content\/uploads\/2020\/05\/Moss-PowerBeats-Pro-RGB-Angle04_v11.jpg","datePublished":"2020-05-13T19:19:40+00:00","description":"Apple introduced the Powerbeats Pro about a year ago. Now the wireless headphones could get four new colors.","breadcrumb":{"@id":"https:\/\/www.apfelpatient.de\/rumors\/powerbeats-pro-vier-neue-farben-in-spee#breadcrumb"},"inLanguage":"en-US","potentialAction":[{"@type":"ReadAction","target":["https:\/\/www.apfelpatient.de\/rumors\/powerbeats-pro-vier-neue-farben-in-spee"]}]},{"@type":"ImageObject","inLanguage":"en-US","@id":"https:\/\/www.apfelpatient.de\/rumors\/powerbeats-pro-vier-neue-farben-in-spee#primaryimage","url":"https:\/\/www.apfelpatient.de\/wp-content\/uploads\/2020\/05\/Moss-PowerBeats-Pro-RGB-Angle04_v11.jpg","contentUrl":"https:\/\/www.apfelpatient.de\/wp-content\/uploads\/2020\/05\/Moss-PowerBeats-Pro-RGB-Angle04_v11.jpg","width":7500,"height":4250,"caption":"Bild: Beats \/ Apple"},{"@type":"BreadcrumbList","@id":"https:\/\/www.apfelpatient.de\/rumors\/powerbeats-pro-vier-neue-farben-in-spee#breadcrumb","itemListElement":[{"@type":"ListItem","position":1,"name":"Startseite","item":"https:\/\/www.apfelpatient.de\/"},{"@type":"ListItem","position":2,"name":"Powerbeats Pro: Vier neue Farben in Spee"}]},{"@type":"WebSite","@id":"https:\/\/www.apfelpatient.de\/#website","url":"https:\/\/www.apfelpatient.de\/","name":"apple patient","description":"Everything about Apple!","publisher":{"@type":"Organization","@id":"https:\/\/www.apfelpatient.de\/en\/#organization","name":"Apfelpatient","url":"https:\/\/www.apfelpatient.de\/en\/"},"alternateName":"Apfelpatient","potentialAction":[{"@type":"SearchAction","target":{"@type":"EntryPoint","urlTemplate":"https:\/\/www.apfelpatient.de\/?s={search_term_string}"},"query-input":{"@type":"PropertyValueSpecification","valueRequired":true,"valueName":"search_term_string"}}],"inLanguage":"en-US"},{"@type":["Person","Organization"],"@id":"https:\/\/www.apfelpatient.de\/#\/schema\/person\/7dc56ad6c8e9824b76d2c08d4c140e13","name":"Milan","logo":{"@id":"https:\/\/www.apfelpatient.de\/#\/schema\/person\/image\/"},"description":"Hello and welcome to my technology blog! As a big Apple fan, I report on everything to do with Apple: from the latest news and exciting rumors to helpful tips and tricks and detailed product tests. If you are as enthusiastic about technology as I am, you have come to the right place!","sameAs":["https:\/\/www.facebook.com\/apfelpatientOfficial","https:\/\/www.linkedin.com\/in\/milan-jovicic-42aa0231b"],"url":"https:\/\/www.apfelpatient.de\/en\/author\/apfeladmin"}]}},"_links":{"self":[{"href":"https:\/\/www.apfelpatient.de\/en\/wp-json\/wp\/v2\/posts\/12267","targetHints":{"allow":["GET"]}}],"collection":[{"href":"https:\/\/www.apfelpatient.de\/en\/wp-json\/wp\/v2\/posts"}],"about":[{"href":"https:\/\/www.apfelpatient.de\/en\/wp-json\/wp\/v2\/types\/post"}],"author":[{"embeddable":true,"href":"https:\/\/www.apfelpatient.de\/en\/wp-json\/wp\/v2\/users\/2"}],"replies":[{"embeddable":true,"href":"https:\/\/www.apfelpatient.de\/en\/wp-json\/wp\/v2\/comments?post=12267"}],"version-history":[{"count":0,"href":"https:\/\/www.apfelpatient.de\/en\/wp-json\/wp\/v2\/posts\/12267\/revisions"}],"wp:featuredmedia":[{"embeddable":true,"href":"https:\/\/www.apfelpatient.de\/en\/wp-json\/wp\/v2\/media\/12268"}],"wp:attachment":[{"href":"https:\/\/www.apfelpatient.de\/en\/wp-json\/wp\/v2\/media?parent=12267"}],"wp:term":[{"taxonomy":"category","embeddable":true,"href":"https:\/\/www.apfelpatient.de\/en\/wp-json\/wp\/v2\/categories?post=12267"},{"taxonomy":"post_tag","embeddable":true,"href":"https:\/\/www.apfelpatient.de\/en\/wp-json\/wp\/v2\/tags?post=12267"}],"curies":[{"name":"wp","href":"https:\/\/api.w.org\/{rel}","templated":true}]}}