{"id":12258,"date":"2020-05-13T12:21:49","date_gmt":"2020-05-13T10:21:49","guid":{"rendered":"https:\/\/www.apfelpatient.de\/?p=12258"},"modified":"2020-05-13T12:21:49","modified_gmt":"2020-05-13T10:21:49","slug":"fever-measurements-apple-violates-data-protection","status":"publish","type":"post","link":"https:\/\/www.apfelpatient.de\/en\/news\/fiebermessungen-verstoesst-apple-gegen-datenschutz","title":{"rendered":"Fever measurements: Is Apple violating data protection?"},"content":{"rendered":"<p class=\"has-drop-cap\"><strong>Apple has only recently started to reopen its own retail stores. On Monday of this week, the Apple Stores in <a href=\"https:\/\/www.apfelpatient.de\/en\/news\/apple-stores-open-on-may-11-in-germany\" class=\"ek-link\"><span style=\"text-decoration: underline;\" class=\"ek-underline\">Germany<\/span><\/a> start.&nbsp;<\/strong><\/p>\n\n\n\n<p>However, the company wants to focus on service and support. Some safety measures are being implemented to reduce the spread of COVID-19, including contactless temperature checks at the entrance. But that could now be a problem. A new <a href=\"https:\/\/news.bloomberglaw.com\/privacy-and-data-security\/apple-faces-regional-german-probe-over-store-temperature-checks\" class=\"ek-link\"><span style=\"text-decoration: underline;\" class=\"ek-underline\">Bloomberg Law<\/span><\/a> According to a report, a data protection authority in Hesse is concerned that Apple&#039;s temperature checks on customers violate European Union data protection regulations. The report states:<\/p>\n\n\n\n\n\n\n\n<blockquote class=\"wp-block-quote is-layout-flow wp-block-quote-is-layout-flow\"><p>The investigation by the Hessian data protection authority comes after Apple reopened stores across Germany on May 11 with additional safety precautions, including temperature checks and social distancing.<\/p><p>The office wants to know whether the fever measurements violate the current data protection regulations, said Ulrike M\u00fcller, a spokeswoman for the Hessian data protection commissioner. There are no results of the investigation yet and the office is coordinating with other German data protection authorities, said M\u00fcller.<\/p><\/blockquote>\n\n\n\n<h3 class=\"wp-block-heading\">Mask requirement and safety distance<\/h3>\n\n\n\n<p>Apple says it is following local health authorities closely. They consider temperature checks to be essential for the reopening of retail stores, as this measure can significantly reduce the spread of COVID-19. It remains questionable whether Apple&#039;s safety precautions actually violate the European Union&#039;s current data protection regulations. In addition to temperature checks, customers must also wear a mask. Apple also only allows a small number of customers into the store in order to ensure a safe distance. This means that there may also be longer waiting times.&nbsp;<em>(Photo by jes2ufoto \/ Bigstockphoto)<\/em><\/p>\n\n\n\n<h6 class=\"wp-block-heading translation-block\" id=\"h-kennt-ihr-schon-unsere-amazon-storefront-dort-findet-ihr-eine-handverlesene-auswahl-von-diversen-produkten-f-r-euer-iphone-und-co-viel-spa-beim-st-bern\"><em>Have you already visited our Amazon Storefront? There you&#039;ll find a hand-picked selection of various products for your iPhone and other devices \u2013 <span class=\"has-inline-color has-vivid-red-color\"><a href=\"https:\/\/www.amazon.de\/shop\/apfelpatientofficial\" class=\"ek-link\" data-wpel-link=\"exclude\" rel=\"follow noopener\" target=\"_self\"><span style=\"text-decoration: underline\" class=\"ek-underline\">enjoy browsing<\/span><\/a> !<\/span><\/em><\/h6>\n\n\n\n\n\n<h6 class=\"wp-block-heading translation-block\" id=\"h-der-beitrag-enthalt-partnerlinks\">This post contains <a data-type=\"URL\" data-id=\"https:\/\/www.apfelpatient.de\/partnerprogramm\" href=\"https:\/\/www.apfelpatient.de\/en\/partner-program\" data-wpel-link=\"internal\" target=\"_self\">affiliate links<\/a>.<\/h6>","protected":false},"excerpt":{"rendered":"<p>Apple has only recently started reopening its own retail stores. Are temperature checks really a problem?<\/p>","protected":false},"author":2,"featured_media":12255,"comment_status":"closed","ping_status":"closed","sticky":false,"template":"","format":"standard","meta":{"jnews-multi-image_gallery":[],"jnews_single_post":{"subtitle":"","format":"standard","video":"","gallery":"","source_name":"","source_url":"","via_name":"Bloomberg Law","via_url":"https:\/\/news.bloomberglaw.com\/privacy-and-data-security\/apple-faces-regional-german-probe-over-store-temperature-checks","override":[{"single_blog_custom":"","sidebar":"","second_sidebar":"","share_position":"","share_float_style":"","post_date_format":"","post_date_format_custom":"","post_reading_time_wpm":"","zoom_button_out_step":"1","zoom_button_in_step":"1","number_popup_post":"1"}],"image_override":[{"single_post_thumbnail_size":"","single_post_gallery_size":""}],"trending_post_position":"","trending_post_label":"","sponsored_post_label":"","sponsored_post_name":"","sponsored_post_url":"","sponsored_post_logo":"","sponsored_post_desc":""},"jnews_primary_category":{"id":"265"},"footnotes":""},"categories":[9],"tags":[34,81,376,313],"class_list":["post-12258","post","type-post","status-publish","format-standard","has-post-thumbnail","hentry","category-news","tag-apple-dienste","tag-apple-store","tag-coronavirus","tag-europa"],"yoast_head":"<!-- This site is optimized with the Yoast SEO Premium plugin v27.5 (Yoast SEO v27.5) - https:\/\/yoast.com\/product\/yoast-seo-premium-wordpress\/ -->\n<title>Fiebermessungen: Verst\u00f6\u00dft Apple gegen Datenschutz? Apfelpatient<\/title>\n<meta name=\"description\" content=\"Apple hat erst k\u00fcrzlich damit angefangen die eigenen Einzelhandelsgesch\u00e4fte wieder zu er\u00f6ffnen. Sind Fiebermessungen wirklich ein Problem?\" \/>\n<meta name=\"robots\" content=\"index, follow, max-snippet:-1, max-image-preview:large, max-video-preview:-1\" \/>\n<link rel=\"canonical\" href=\"https:\/\/www.apfelpatient.de\/en\/news\/fever-measurements-apple-violates-data-protection\" \/>\n<meta property=\"og:locale\" content=\"en_US\" \/>\n<meta property=\"og:type\" content=\"article\" \/>\n<meta property=\"og:title\" content=\"Fiebermessungen: Verst\u00f6\u00dft Apple gegen Datenschutz?\" \/>\n<meta property=\"og:description\" content=\"Apple hat erst k\u00fcrzlich damit angefangen die eigenen Einzelhandelsgesch\u00e4fte wieder zu er\u00f6ffnen. Sind Fiebermessungen wirklich ein Problem?\" \/>\n<meta property=\"og:url\" content=\"https:\/\/www.apfelpatient.de\/en\/news\/fever-measurements-apple-violates-data-protection\" \/>\n<meta property=\"og:site_name\" content=\"Apfelpatient\" \/>\n<meta property=\"article:publisher\" content=\"https:\/\/www.facebook.com\/apfelpatientOfficial\" \/>\n<meta property=\"article:author\" content=\"https:\/\/www.facebook.com\/apfelpatientOfficial\" \/>\n<meta property=\"article:published_time\" content=\"2020-05-13T10:21:49+00:00\" \/>\n<meta property=\"og:image\" content=\"https:\/\/www.apfelpatient.de\/wp-content\/uploads\/2020\/05\/bigstock-Virus-Or-Bacteria-Cells-Micros-356797277.jpg\" \/>\n\t<meta property=\"og:image:width\" content=\"1600\" \/>\n\t<meta property=\"og:image:height\" content=\"1067\" \/>\n\t<meta property=\"og:image:type\" content=\"image\/jpeg\" \/>\n<meta name=\"author\" content=\"Milan\" \/>\n<meta name=\"twitter:card\" content=\"summary_large_image\" \/>\n<meta name=\"twitter:description\" content=\"Apple hat erst k\u00fcrzlich damit angefangen die eigenen Einzelhandelsgesch\u00e4fte wieder zu er\u00f6ffnen. Sind Fiebermessungen wirklich ein Problem?\" \/>\n<meta name=\"twitter:label1\" content=\"Written by\" \/>\n\t<meta name=\"twitter:data1\" content=\"Milan\" \/>\n\t<meta name=\"twitter:label2\" content=\"Est. reading time\" \/>\n\t<meta name=\"twitter:data2\" content=\"1 minute\" \/>\n<script type=\"application\/ld+json\" class=\"yoast-schema-graph\">{\"@context\":\"https:\\\/\\\/schema.org\",\"@graph\":[{\"@type\":\"NewsArticle\",\"@id\":\"https:\\\/\\\/www.apfelpatient.de\\\/news\\\/fiebermessungen-verstoesst-apple-gegen-datenschutz#article\",\"isPartOf\":{\"@id\":\"https:\\\/\\\/www.apfelpatient.de\\\/news\\\/fiebermessungen-verstoesst-apple-gegen-datenschutz\"},\"author\":{\"@type\":\"Organization\",\"@id\":\"https:\\\/\\\/www.apfelpatient.de\\\/en\\\/#organization\",\"name\":\"Apfelpatient\",\"url\":\"https:\\\/\\\/www.apfelpatient.de\\\/en\\\/\"},\"headline\":\"Fiebermessungen: Verst\u00f6\u00dft Apple gegen Datenschutz?\",\"datePublished\":\"2020-05-13T10:21:49+00:00\",\"mainEntityOfPage\":{\"@id\":\"https:\\\/\\\/www.apfelpatient.de\\\/news\\\/fiebermessungen-verstoesst-apple-gegen-datenschutz\"},\"wordCount\":286,\"publisher\":{\"@type\":\"Organization\",\"@id\":\"https:\\\/\\\/www.apfelpatient.de\\\/en\\\/#organization\",\"name\":\"Apfelpatient\",\"url\":\"https:\\\/\\\/www.apfelpatient.de\\\/en\\\/\"},\"image\":{\"@id\":\"https:\\\/\\\/www.apfelpatient.de\\\/news\\\/fiebermessungen-verstoesst-apple-gegen-datenschutz#primaryimage\"},\"thumbnailUrl\":\"https:\\\/\\\/www.apfelpatient.de\\\/wp-content\\\/uploads\\\/2020\\\/05\\\/bigstock-Virus-Or-Bacteria-Cells-Micros-356797277.jpg\",\"keywords\":[\"Apple Dienste\",\"Apple Store\",\"Coronavirus\",\"Europa\"],\"articleSection\":\"News\",\"inLanguage\":\"en-US\",\"copyrightYear\":\"2020\",\"copyrightHolder\":{\"@id\":\"https:\\\/\\\/www.apfelpatient.de\\\/en\\\/#organization\"}},{\"@type\":\"WebPage\",\"@id\":\"https:\\\/\\\/www.apfelpatient.de\\\/news\\\/fiebermessungen-verstoesst-apple-gegen-datenschutz\",\"url\":\"https:\\\/\\\/www.apfelpatient.de\\\/news\\\/fiebermessungen-verstoesst-apple-gegen-datenschutz\",\"name\":\"Fiebermessungen: Verst\u00f6\u00dft Apple gegen Datenschutz? Apfelpatient\",\"isPartOf\":{\"@id\":\"https:\\\/\\\/www.apfelpatient.de\\\/#website\"},\"primaryImageOfPage\":{\"@id\":\"https:\\\/\\\/www.apfelpatient.de\\\/news\\\/fiebermessungen-verstoesst-apple-gegen-datenschutz#primaryimage\"},\"image\":{\"@id\":\"https:\\\/\\\/www.apfelpatient.de\\\/news\\\/fiebermessungen-verstoesst-apple-gegen-datenschutz#primaryimage\"},\"thumbnailUrl\":\"https:\\\/\\\/www.apfelpatient.de\\\/wp-content\\\/uploads\\\/2020\\\/05\\\/bigstock-Virus-Or-Bacteria-Cells-Micros-356797277.jpg\",\"datePublished\":\"2020-05-13T10:21:49+00:00\",\"description\":\"Apple hat erst k\u00fcrzlich damit angefangen die eigenen Einzelhandelsgesch\u00e4fte wieder zu er\u00f6ffnen. Sind Fiebermessungen wirklich ein Problem?\",\"breadcrumb\":{\"@id\":\"https:\\\/\\\/www.apfelpatient.de\\\/news\\\/fiebermessungen-verstoesst-apple-gegen-datenschutz#breadcrumb\"},\"inLanguage\":\"en-US\",\"potentialAction\":[{\"@type\":\"ReadAction\",\"target\":[\"https:\\\/\\\/www.apfelpatient.de\\\/news\\\/fiebermessungen-verstoesst-apple-gegen-datenschutz\"]}]},{\"@type\":\"ImageObject\",\"inLanguage\":\"en-US\",\"@id\":\"https:\\\/\\\/www.apfelpatient.de\\\/news\\\/fiebermessungen-verstoesst-apple-gegen-datenschutz#primaryimage\",\"url\":\"https:\\\/\\\/www.apfelpatient.de\\\/wp-content\\\/uploads\\\/2020\\\/05\\\/bigstock-Virus-Or-Bacteria-Cells-Micros-356797277.jpg\",\"contentUrl\":\"https:\\\/\\\/www.apfelpatient.de\\\/wp-content\\\/uploads\\\/2020\\\/05\\\/bigstock-Virus-Or-Bacteria-Cells-Micros-356797277.jpg\",\"width\":1600,\"height\":1067,\"caption\":\"Virus or bacteria cells Microscope close up for background . COVID-19 Coronavirus 2019-nCov novel coronavirus , responsible for world flu outbreak and STOP coronavirus pandemic concept. 3d rendering\"},{\"@type\":\"BreadcrumbList\",\"@id\":\"https:\\\/\\\/www.apfelpatient.de\\\/news\\\/fiebermessungen-verstoesst-apple-gegen-datenschutz#breadcrumb\",\"itemListElement\":[{\"@type\":\"ListItem\",\"position\":1,\"name\":\"Startseite\",\"item\":\"https:\\\/\\\/www.apfelpatient.de\\\/\"},{\"@type\":\"ListItem\",\"position\":2,\"name\":\"Fiebermessungen: Verst\u00f6\u00dft Apple gegen Datenschutz?\"}]},{\"@type\":\"WebSite\",\"@id\":\"https:\\\/\\\/www.apfelpatient.de\\\/#website\",\"url\":\"https:\\\/\\\/www.apfelpatient.de\\\/\",\"name\":\"Apfelpatient\",\"description\":\"Alles rund um Apple!\",\"publisher\":{\"@type\":\"Organization\",\"@id\":\"https:\\\/\\\/www.apfelpatient.de\\\/en\\\/#organization\",\"name\":\"Apfelpatient\",\"url\":\"https:\\\/\\\/www.apfelpatient.de\\\/en\\\/\"},\"alternateName\":\"Apfelpatient\",\"potentialAction\":[{\"@type\":\"SearchAction\",\"target\":{\"@type\":\"EntryPoint\",\"urlTemplate\":\"https:\\\/\\\/www.apfelpatient.de\\\/?s={search_term_string}\"},\"query-input\":{\"@type\":\"PropertyValueSpecification\",\"valueRequired\":true,\"valueName\":\"search_term_string\"}}],\"inLanguage\":\"en-US\"},{\"@type\":[\"Person\",\"Organization\"],\"@id\":\"https:\\\/\\\/www.apfelpatient.de\\\/#\\\/schema\\\/person\\\/35b3ddba5832f2bfc7fff5206d4f6b7b\",\"name\":\"Milan\",\"logo\":{\"@id\":\"https:\\\/\\\/www.apfelpatient.de\\\/#\\\/schema\\\/person\\\/image\\\/\"},\"description\":\"Hallo und herzlich willkommen auf meinem Technik-Blog! Als gro\u00dfer Apple-Fan berichte ich hier \u00fcber alles, was mit Apple zu tun hat: von den neuesten News und spannenden Ger\u00fcchten \u00fcber hilfreiche Tipps und Tricks bis hin zu ausf\u00fchrlichen Produkttests. Wenn du genauso technikbegeistert bist wie ich, bist du hier genau richtig!\",\"sameAs\":[\"https:\\\/\\\/www.facebook.com\\\/apfelpatientOfficial\",\"https:\\\/\\\/www.linkedin.com\\\/in\\\/milan-jovicic-42aa0231b\"],\"url\":\"https:\\\/\\\/www.apfelpatient.de\\\/en\\\/author\\\/apfeladmin\"}]}<\/script>\n<!-- \/ Yoast SEO Premium plugin. -->","yoast_head_json":{"title":"Fever measurements: Is Apple violating data protection? Apfelpatient","description":"Apple has only recently started reopening its own retail stores. Are temperature checks really a problem?","robots":{"index":"index","follow":"follow","max-snippet":"max-snippet:-1","max-image-preview":"max-image-preview:large","max-video-preview":"max-video-preview:-1"},"canonical":"https:\/\/www.apfelpatient.de\/en\/news\/fever-measurements-apple-violates-data-protection","og_locale":"en_US","og_type":"article","og_title":"Fiebermessungen: Verst\u00f6\u00dft Apple gegen Datenschutz?","og_description":"Apple hat erst k\u00fcrzlich damit angefangen die eigenen Einzelhandelsgesch\u00e4fte wieder zu er\u00f6ffnen. Sind Fiebermessungen wirklich ein Problem?","og_url":"https:\/\/www.apfelpatient.de\/en\/news\/fever-measurements-apple-violates-data-protection","og_site_name":"Apfelpatient","article_publisher":"https:\/\/www.facebook.com\/apfelpatientOfficial","article_author":"https:\/\/www.facebook.com\/apfelpatientOfficial","article_published_time":"2020-05-13T10:21:49+00:00","og_image":[{"width":1600,"height":1067,"url":"https:\/\/www.apfelpatient.de\/wp-content\/uploads\/2020\/05\/bigstock-Virus-Or-Bacteria-Cells-Micros-356797277.jpg","type":"image\/jpeg"}],"author":"Milan","twitter_card":"summary_large_image","twitter_description":"Apple hat erst k\u00fcrzlich damit angefangen die eigenen Einzelhandelsgesch\u00e4fte wieder zu er\u00f6ffnen. Sind Fiebermessungen wirklich ein Problem?","twitter_misc":{"Written by":"Milan","Est. reading time":"1 minute"},"schema":{"@context":"https:\/\/schema.org","@graph":[{"@type":"NewsArticle","@id":"https:\/\/www.apfelpatient.de\/news\/fiebermessungen-verstoesst-apple-gegen-datenschutz#article","isPartOf":{"@id":"https:\/\/www.apfelpatient.de\/news\/fiebermessungen-verstoesst-apple-gegen-datenschutz"},"author":{"@type":"Organization","@id":"https:\/\/www.apfelpatient.de\/en\/#organization","name":"Apfelpatient","url":"https:\/\/www.apfelpatient.de\/en\/"},"headline":"Fiebermessungen: Verst\u00f6\u00dft Apple gegen Datenschutz?","datePublished":"2020-05-13T10:21:49+00:00","mainEntityOfPage":{"@id":"https:\/\/www.apfelpatient.de\/news\/fiebermessungen-verstoesst-apple-gegen-datenschutz"},"wordCount":286,"publisher":{"@type":"Organization","@id":"https:\/\/www.apfelpatient.de\/en\/#organization","name":"Apfelpatient","url":"https:\/\/www.apfelpatient.de\/en\/"},"image":{"@id":"https:\/\/www.apfelpatient.de\/news\/fiebermessungen-verstoesst-apple-gegen-datenschutz#primaryimage"},"thumbnailUrl":"https:\/\/www.apfelpatient.de\/wp-content\/uploads\/2020\/05\/bigstock-Virus-Or-Bacteria-Cells-Micros-356797277.jpg","keywords":["Apple Dienste","Apple Store","Coronavirus","Europa"],"articleSection":"News","inLanguage":"en-US","copyrightYear":"2020","copyrightHolder":{"@id":"https:\/\/www.apfelpatient.de\/en\/#organization"}},{"@type":"WebPage","@id":"https:\/\/www.apfelpatient.de\/news\/fiebermessungen-verstoesst-apple-gegen-datenschutz","url":"https:\/\/www.apfelpatient.de\/news\/fiebermessungen-verstoesst-apple-gegen-datenschutz","name":"Fever measurements: Is Apple violating data protection? Apfelpatient","isPartOf":{"@id":"https:\/\/www.apfelpatient.de\/#website"},"primaryImageOfPage":{"@id":"https:\/\/www.apfelpatient.de\/news\/fiebermessungen-verstoesst-apple-gegen-datenschutz#primaryimage"},"image":{"@id":"https:\/\/www.apfelpatient.de\/news\/fiebermessungen-verstoesst-apple-gegen-datenschutz#primaryimage"},"thumbnailUrl":"https:\/\/www.apfelpatient.de\/wp-content\/uploads\/2020\/05\/bigstock-Virus-Or-Bacteria-Cells-Micros-356797277.jpg","datePublished":"2020-05-13T10:21:49+00:00","description":"Apple has only recently started reopening its own retail stores. Are temperature checks really a problem?","breadcrumb":{"@id":"https:\/\/www.apfelpatient.de\/news\/fiebermessungen-verstoesst-apple-gegen-datenschutz#breadcrumb"},"inLanguage":"en-US","potentialAction":[{"@type":"ReadAction","target":["https:\/\/www.apfelpatient.de\/news\/fiebermessungen-verstoesst-apple-gegen-datenschutz"]}]},{"@type":"ImageObject","inLanguage":"en-US","@id":"https:\/\/www.apfelpatient.de\/news\/fiebermessungen-verstoesst-apple-gegen-datenschutz#primaryimage","url":"https:\/\/www.apfelpatient.de\/wp-content\/uploads\/2020\/05\/bigstock-Virus-Or-Bacteria-Cells-Micros-356797277.jpg","contentUrl":"https:\/\/www.apfelpatient.de\/wp-content\/uploads\/2020\/05\/bigstock-Virus-Or-Bacteria-Cells-Micros-356797277.jpg","width":1600,"height":1067,"caption":"Virus or bacteria cells Microscope close up for background . COVID-19 Coronavirus 2019-nCov novel coronavirus , responsible for world flu outbreak and STOP coronavirus pandemic concept. 3d rendering"},{"@type":"BreadcrumbList","@id":"https:\/\/www.apfelpatient.de\/news\/fiebermessungen-verstoesst-apple-gegen-datenschutz#breadcrumb","itemListElement":[{"@type":"ListItem","position":1,"name":"Startseite","item":"https:\/\/www.apfelpatient.de\/"},{"@type":"ListItem","position":2,"name":"Fiebermessungen: Verst\u00f6\u00dft Apple gegen Datenschutz?"}]},{"@type":"WebSite","@id":"https:\/\/www.apfelpatient.de\/#website","url":"https:\/\/www.apfelpatient.de\/","name":"apple patient","description":"Everything about Apple!","publisher":{"@type":"Organization","@id":"https:\/\/www.apfelpatient.de\/en\/#organization","name":"Apfelpatient","url":"https:\/\/www.apfelpatient.de\/en\/"},"alternateName":"Apfelpatient","potentialAction":[{"@type":"SearchAction","target":{"@type":"EntryPoint","urlTemplate":"https:\/\/www.apfelpatient.de\/?s={search_term_string}"},"query-input":{"@type":"PropertyValueSpecification","valueRequired":true,"valueName":"search_term_string"}}],"inLanguage":"en-US"},{"@type":["Person","Organization"],"@id":"https:\/\/www.apfelpatient.de\/#\/schema\/person\/35b3ddba5832f2bfc7fff5206d4f6b7b","name":"Milan","logo":{"@id":"https:\/\/www.apfelpatient.de\/#\/schema\/person\/image\/"},"description":"Hello and welcome to my technology blog! As a big Apple fan, I report on everything to do with Apple: from the latest news and exciting rumors to helpful tips and tricks and detailed product tests. If you are as enthusiastic about technology as I am, you have come to the right place!","sameAs":["https:\/\/www.facebook.com\/apfelpatientOfficial","https:\/\/www.linkedin.com\/in\/milan-jovicic-42aa0231b"],"url":"https:\/\/www.apfelpatient.de\/en\/author\/apfeladmin"}]}},"_links":{"self":[{"href":"https:\/\/www.apfelpatient.de\/en\/wp-json\/wp\/v2\/posts\/12258","targetHints":{"allow":["GET"]}}],"collection":[{"href":"https:\/\/www.apfelpatient.de\/en\/wp-json\/wp\/v2\/posts"}],"about":[{"href":"https:\/\/www.apfelpatient.de\/en\/wp-json\/wp\/v2\/types\/post"}],"author":[{"embeddable":true,"href":"https:\/\/www.apfelpatient.de\/en\/wp-json\/wp\/v2\/users\/2"}],"replies":[{"embeddable":true,"href":"https:\/\/www.apfelpatient.de\/en\/wp-json\/wp\/v2\/comments?post=12258"}],"version-history":[{"count":0,"href":"https:\/\/www.apfelpatient.de\/en\/wp-json\/wp\/v2\/posts\/12258\/revisions"}],"wp:featuredmedia":[{"embeddable":true,"href":"https:\/\/www.apfelpatient.de\/en\/wp-json\/wp\/v2\/media\/12255"}],"wp:attachment":[{"href":"https:\/\/www.apfelpatient.de\/en\/wp-json\/wp\/v2\/media?parent=12258"}],"wp:term":[{"taxonomy":"category","embeddable":true,"href":"https:\/\/www.apfelpatient.de\/en\/wp-json\/wp\/v2\/categories?post=12258"},{"taxonomy":"post_tag","embeddable":true,"href":"https:\/\/www.apfelpatient.de\/en\/wp-json\/wp\/v2\/tags?post=12258"}],"curies":[{"name":"wp","href":"https:\/\/api.w.org\/{rel}","templated":true}]}}