{"id":12159,"date":"2020-05-08T13:48:16","date_gmt":"2020-05-08T11:48:16","guid":{"rendered":"https:\/\/www.apfelpatient.de\/?p=12159"},"modified":"2020-05-08T13:48:16","modified_gmt":"2020-05-08T11:48:16","slug":"apple-stores-open-on-may-11-in-germany","status":"publish","type":"post","link":"https:\/\/www.apfelpatient.de\/en\/news\/apple-stores-oeffnen-am-11-mai-in-deutschland","title":{"rendered":"Apple Stores open in Germany on May 11th"},"content":{"rendered":"<p class=\"has-drop-cap\"><strong>After Apple has already reopened its own stores in South Korea, Australia and Austria, Germany is now set to follow suit.&nbsp;<\/strong><\/p>\n\n\n\n<p>We have already <a href=\"https:\/\/www.apfelpatient.de\/en\/news\/german-apple-stores-could-open-next-week\" class=\"ek-link\"><span style=\"text-decoration: underline;\" class=\"ek-underline\">reported about it two days ago<\/span><\/a>that Apple Stores in this country could reopen on May 11th. Now it&#039;s official. Apple has adjusted the opening hours of its 15 locations. Accordingly, all Apple Stores will be open from 11 a.m. to 7 p.m. starting Monday. But of course the familiar safety precautions apply here too. This means that customers must bring a mask and wear it during their stay in the Apple Store. Body temperature checks will also be carried out.&nbsp;<\/p>\n\n\n\n<h3 class=\"wp-block-heading\">Service and support in focus<\/h3>\n\n\n\n\n\n\n\n<p>Since the safety distance must be strictly observed, only a limited number of customers can enter the store at the same time. Waiting times cannot be ruled out. Although walk-in customers are also welcome, Apple wants to focus on the Genius Bar. This means that the focus in Germany is also on <a href=\"https:\/\/support.apple.com\/de-de\" class=\"ek-link\"><span style=\"text-decoration: underline;\" class=\"ek-underline\">Service and Support<\/span><\/a>. Apple sessions or similar are not taking place for the time being. How long this regulation will last remains to be seen. Closure is possible at any time if the number of infections increases. <em>(Image: Apple)<\/em><\/p>\n\n\n\n<h6 class=\"wp-block-heading translation-block\" id=\"h-kennt-ihr-schon-unsere-amazon-storefront-dort-findet-ihr-eine-handverlesene-auswahl-von-diversen-produkten-f-r-euer-iphone-und-co-viel-spa-beim-st-bern\"><em>Have you already visited our Amazon Storefront? There you&#039;ll find a hand-picked selection of various products for your iPhone and other devices \u2013 <span class=\"has-inline-color has-vivid-red-color\"><a href=\"https:\/\/www.amazon.de\/shop\/apfelpatientofficial\" class=\"ek-link\" data-wpel-link=\"exclude\" rel=\"follow noopener\" target=\"_self\"><span style=\"text-decoration: underline\" class=\"ek-underline\">enjoy browsing<\/span><\/a> !<\/span><\/em><\/h6>\n\n\n\n\n\n<h6 class=\"wp-block-heading translation-block\" id=\"h-der-beitrag-enthalt-partnerlinks\">This post contains <a data-type=\"URL\" data-id=\"https:\/\/www.apfelpatient.de\/partnerprogramm\" href=\"https:\/\/www.apfelpatient.de\/en\/partner-program\" data-wpel-link=\"internal\" target=\"_self\">affiliate links<\/a>.<\/h6>","protected":false},"excerpt":{"rendered":"<p>Reopening of Apple Stores in Germany. These safety precautions will be implemented by Apple from May 11th.<\/p>","protected":false},"author":2,"featured_media":12158,"comment_status":"closed","ping_status":"closed","sticky":false,"template":"","format":"standard","meta":{"jnews-multi-image_gallery":[],"jnews_single_post":{"subtitle":"","format":"standard","video":"","gallery":"","source_name":"","source_url":"","via_name":"","via_url":"","override":[{"single_blog_custom":"","sidebar":"","second_sidebar":"","share_position":"","share_float_style":"","post_date_format":"","post_date_format_custom":"","post_reading_time_wpm":"","zoom_button_out_step":"1","zoom_button_in_step":"1","number_popup_post":"1"}],"image_override":[{"single_post_thumbnail_size":"","single_post_gallery_size":""}],"trending_post_position":"","trending_post_label":"","sponsored_post_label":"","sponsored_post_name":"","sponsored_post_url":"","sponsored_post_logo":"","sponsored_post_desc":""},"jnews_primary_category":{"id":"265"},"footnotes":""},"categories":[9],"tags":[34,81,141],"class_list":["post-12159","post","type-post","status-publish","format-standard","has-post-thumbnail","hentry","category-news","tag-apple-dienste","tag-apple-store","tag-deutschland"],"yoast_head":"<!-- This site is optimized with the Yoast SEO Premium plugin v27.5 (Yoast SEO v27.5) - https:\/\/yoast.com\/product\/yoast-seo-premium-wordpress\/ -->\n<title>Apple Stores \u00f6ffnen am 11. Mai in Deutschland Apfelpatient<\/title>\n<meta name=\"description\" content=\"Wiederer\u00f6ffnung der Apple Stores in Deutschland. Diese Sicherheitsvorkehrungen werden ab dem 11. Mai von Apple vorgenommen.\" \/>\n<meta name=\"robots\" content=\"index, follow, max-snippet:-1, max-image-preview:large, max-video-preview:-1\" \/>\n<link rel=\"canonical\" href=\"https:\/\/www.apfelpatient.de\/en\/news\/apple-stores-open-on-may-11-in-germany\" \/>\n<meta property=\"og:locale\" content=\"en_US\" \/>\n<meta property=\"og:type\" content=\"article\" \/>\n<meta property=\"og:title\" content=\"Apple Stores \u00f6ffnen am 11. Mai in Deutschland\" \/>\n<meta property=\"og:description\" content=\"Wiederer\u00f6ffnung der Apple Stores in Deutschland. Diese Sicherheitsvorkehrungen werden ab dem 11. Mai von Apple vorgenommen.\" \/>\n<meta property=\"og:url\" content=\"https:\/\/www.apfelpatient.de\/en\/news\/apple-stores-open-on-may-11-in-germany\" \/>\n<meta property=\"og:site_name\" content=\"Apfelpatient\" \/>\n<meta property=\"article:publisher\" content=\"https:\/\/www.facebook.com\/apfelpatientOfficial\" \/>\n<meta property=\"article:author\" content=\"https:\/\/www.facebook.com\/apfelpatientOfficial\" \/>\n<meta property=\"article:published_time\" content=\"2020-05-08T11:48:16+00:00\" \/>\n<meta property=\"og:image\" content=\"https:\/\/www.apfelpatient.de\/wp-content\/uploads\/2020\/05\/vienna_apple_employees_with_iphone_cases_022118.jpg\" \/>\n\t<meta property=\"og:image:width\" content=\"1632\" \/>\n\t<meta property=\"og:image:height\" content=\"1088\" \/>\n\t<meta property=\"og:image:type\" content=\"image\/jpeg\" \/>\n<meta name=\"author\" content=\"Milan\" \/>\n<meta name=\"twitter:card\" content=\"summary_large_image\" \/>\n<meta name=\"twitter:description\" content=\"Wiederer\u00f6ffnung der Apple Stores in Deutschland. Diese Sicherheitsvorkehrungen werden ab dem 11. Mai von Apple vorgenommen.\" \/>\n<meta name=\"twitter:label1\" content=\"Written by\" \/>\n\t<meta name=\"twitter:data1\" content=\"Milan\" \/>\n\t<meta name=\"twitter:label2\" content=\"Est. reading time\" \/>\n\t<meta name=\"twitter:data2\" content=\"1 minute\" \/>\n<script type=\"application\/ld+json\" class=\"yoast-schema-graph\">{\"@context\":\"https:\\\/\\\/schema.org\",\"@graph\":[{\"@type\":\"NewsArticle\",\"@id\":\"https:\\\/\\\/www.apfelpatient.de\\\/news\\\/apple-stores-oeffnen-am-11-mai-in-deutschland#article\",\"isPartOf\":{\"@id\":\"https:\\\/\\\/www.apfelpatient.de\\\/news\\\/apple-stores-oeffnen-am-11-mai-in-deutschland\"},\"author\":{\"@type\":\"Organization\",\"@id\":\"https:\\\/\\\/www.apfelpatient.de\\\/en\\\/#organization\",\"name\":\"Apfelpatient\",\"url\":\"https:\\\/\\\/www.apfelpatient.de\\\/en\\\/\"},\"headline\":\"Apple Stores \u00f6ffnen am 11. Mai in Deutschland\",\"datePublished\":\"2020-05-08T11:48:16+00:00\",\"mainEntityOfPage\":{\"@id\":\"https:\\\/\\\/www.apfelpatient.de\\\/news\\\/apple-stores-oeffnen-am-11-mai-in-deutschland\"},\"wordCount\":209,\"publisher\":{\"@type\":\"Organization\",\"@id\":\"https:\\\/\\\/www.apfelpatient.de\\\/en\\\/#organization\",\"name\":\"Apfelpatient\",\"url\":\"https:\\\/\\\/www.apfelpatient.de\\\/en\\\/\"},\"image\":{\"@id\":\"https:\\\/\\\/www.apfelpatient.de\\\/news\\\/apple-stores-oeffnen-am-11-mai-in-deutschland#primaryimage\"},\"thumbnailUrl\":\"https:\\\/\\\/www.apfelpatient.de\\\/wp-content\\\/uploads\\\/2020\\\/05\\\/vienna_apple_employees_with_iphone_cases_022118.jpg\",\"keywords\":[\"Apple Dienste\",\"Apple Store\",\"Deutschland\"],\"articleSection\":\"News\",\"inLanguage\":\"en-US\",\"copyrightYear\":\"2020\",\"copyrightHolder\":{\"@id\":\"https:\\\/\\\/www.apfelpatient.de\\\/en\\\/#organization\"}},{\"@type\":\"WebPage\",\"@id\":\"https:\\\/\\\/www.apfelpatient.de\\\/news\\\/apple-stores-oeffnen-am-11-mai-in-deutschland\",\"url\":\"https:\\\/\\\/www.apfelpatient.de\\\/news\\\/apple-stores-oeffnen-am-11-mai-in-deutschland\",\"name\":\"Apple Stores \u00f6ffnen am 11. Mai in Deutschland Apfelpatient\",\"isPartOf\":{\"@id\":\"https:\\\/\\\/www.apfelpatient.de\\\/#website\"},\"primaryImageOfPage\":{\"@id\":\"https:\\\/\\\/www.apfelpatient.de\\\/news\\\/apple-stores-oeffnen-am-11-mai-in-deutschland#primaryimage\"},\"image\":{\"@id\":\"https:\\\/\\\/www.apfelpatient.de\\\/news\\\/apple-stores-oeffnen-am-11-mai-in-deutschland#primaryimage\"},\"thumbnailUrl\":\"https:\\\/\\\/www.apfelpatient.de\\\/wp-content\\\/uploads\\\/2020\\\/05\\\/vienna_apple_employees_with_iphone_cases_022118.jpg\",\"datePublished\":\"2020-05-08T11:48:16+00:00\",\"description\":\"Wiederer\u00f6ffnung der Apple Stores in Deutschland. Diese Sicherheitsvorkehrungen werden ab dem 11. Mai von Apple vorgenommen.\",\"breadcrumb\":{\"@id\":\"https:\\\/\\\/www.apfelpatient.de\\\/news\\\/apple-stores-oeffnen-am-11-mai-in-deutschland#breadcrumb\"},\"inLanguage\":\"en-US\",\"potentialAction\":[{\"@type\":\"ReadAction\",\"target\":[\"https:\\\/\\\/www.apfelpatient.de\\\/news\\\/apple-stores-oeffnen-am-11-mai-in-deutschland\"]}]},{\"@type\":\"ImageObject\",\"inLanguage\":\"en-US\",\"@id\":\"https:\\\/\\\/www.apfelpatient.de\\\/news\\\/apple-stores-oeffnen-am-11-mai-in-deutschland#primaryimage\",\"url\":\"https:\\\/\\\/www.apfelpatient.de\\\/wp-content\\\/uploads\\\/2020\\\/05\\\/vienna_apple_employees_with_iphone_cases_022118.jpg\",\"contentUrl\":\"https:\\\/\\\/www.apfelpatient.de\\\/wp-content\\\/uploads\\\/2020\\\/05\\\/vienna_apple_employees_with_iphone_cases_022118.jpg\",\"width\":1632,\"height\":1088,\"caption\":\"Bild: Apple\"},{\"@type\":\"BreadcrumbList\",\"@id\":\"https:\\\/\\\/www.apfelpatient.de\\\/news\\\/apple-stores-oeffnen-am-11-mai-in-deutschland#breadcrumb\",\"itemListElement\":[{\"@type\":\"ListItem\",\"position\":1,\"name\":\"Startseite\",\"item\":\"https:\\\/\\\/www.apfelpatient.de\\\/\"},{\"@type\":\"ListItem\",\"position\":2,\"name\":\"Apple Stores \u00f6ffnen am 11. Mai in Deutschland\"}]},{\"@type\":\"WebSite\",\"@id\":\"https:\\\/\\\/www.apfelpatient.de\\\/#website\",\"url\":\"https:\\\/\\\/www.apfelpatient.de\\\/\",\"name\":\"Apfelpatient\",\"description\":\"Alles rund um Apple!\",\"publisher\":{\"@type\":\"Organization\",\"@id\":\"https:\\\/\\\/www.apfelpatient.de\\\/en\\\/#organization\",\"name\":\"Apfelpatient\",\"url\":\"https:\\\/\\\/www.apfelpatient.de\\\/en\\\/\"},\"alternateName\":\"Apfelpatient\",\"potentialAction\":[{\"@type\":\"SearchAction\",\"target\":{\"@type\":\"EntryPoint\",\"urlTemplate\":\"https:\\\/\\\/www.apfelpatient.de\\\/?s={search_term_string}\"},\"query-input\":{\"@type\":\"PropertyValueSpecification\",\"valueRequired\":true,\"valueName\":\"search_term_string\"}}],\"inLanguage\":\"en-US\"},{\"@type\":[\"Person\",\"Organization\"],\"@id\":\"https:\\\/\\\/www.apfelpatient.de\\\/#\\\/schema\\\/person\\\/35b3ddba5832f2bfc7fff5206d4f6b7b\",\"name\":\"Milan\",\"logo\":{\"@id\":\"https:\\\/\\\/www.apfelpatient.de\\\/#\\\/schema\\\/person\\\/image\\\/\"},\"description\":\"Hallo und herzlich willkommen auf meinem Technik-Blog! Als gro\u00dfer Apple-Fan berichte ich hier \u00fcber alles, was mit Apple zu tun hat: von den neuesten News und spannenden Ger\u00fcchten \u00fcber hilfreiche Tipps und Tricks bis hin zu ausf\u00fchrlichen Produkttests. Wenn du genauso technikbegeistert bist wie ich, bist du hier genau richtig!\",\"sameAs\":[\"https:\\\/\\\/www.facebook.com\\\/apfelpatientOfficial\",\"https:\\\/\\\/www.linkedin.com\\\/in\\\/milan-jovicic-42aa0231b\"],\"url\":\"https:\\\/\\\/www.apfelpatient.de\\\/en\\\/author\\\/apfeladmin\"}]}<\/script>\n<!-- \/ Yoast SEO Premium plugin. -->","yoast_head_json":{"title":"Apple Stores open in Germany on May 11th Apfelpatient","description":"Reopening of Apple Stores in Germany. These safety precautions will be implemented by Apple from May 11th.","robots":{"index":"index","follow":"follow","max-snippet":"max-snippet:-1","max-image-preview":"max-image-preview:large","max-video-preview":"max-video-preview:-1"},"canonical":"https:\/\/www.apfelpatient.de\/en\/news\/apple-stores-open-on-may-11-in-germany","og_locale":"en_US","og_type":"article","og_title":"Apple Stores \u00f6ffnen am 11. Mai in Deutschland","og_description":"Wiederer\u00f6ffnung der Apple Stores in Deutschland. Diese Sicherheitsvorkehrungen werden ab dem 11. Mai von Apple vorgenommen.","og_url":"https:\/\/www.apfelpatient.de\/en\/news\/apple-stores-open-on-may-11-in-germany","og_site_name":"Apfelpatient","article_publisher":"https:\/\/www.facebook.com\/apfelpatientOfficial","article_author":"https:\/\/www.facebook.com\/apfelpatientOfficial","article_published_time":"2020-05-08T11:48:16+00:00","og_image":[{"width":1632,"height":1088,"url":"https:\/\/www.apfelpatient.de\/wp-content\/uploads\/2020\/05\/vienna_apple_employees_with_iphone_cases_022118.jpg","type":"image\/jpeg"}],"author":"Milan","twitter_card":"summary_large_image","twitter_description":"Wiederer\u00f6ffnung der Apple Stores in Deutschland. Diese Sicherheitsvorkehrungen werden ab dem 11. Mai von Apple vorgenommen.","twitter_misc":{"Written by":"Milan","Est. reading time":"1 minute"},"schema":{"@context":"https:\/\/schema.org","@graph":[{"@type":"NewsArticle","@id":"https:\/\/www.apfelpatient.de\/news\/apple-stores-oeffnen-am-11-mai-in-deutschland#article","isPartOf":{"@id":"https:\/\/www.apfelpatient.de\/news\/apple-stores-oeffnen-am-11-mai-in-deutschland"},"author":{"@type":"Organization","@id":"https:\/\/www.apfelpatient.de\/en\/#organization","name":"Apfelpatient","url":"https:\/\/www.apfelpatient.de\/en\/"},"headline":"Apple Stores \u00f6ffnen am 11. Mai in Deutschland","datePublished":"2020-05-08T11:48:16+00:00","mainEntityOfPage":{"@id":"https:\/\/www.apfelpatient.de\/news\/apple-stores-oeffnen-am-11-mai-in-deutschland"},"wordCount":209,"publisher":{"@type":"Organization","@id":"https:\/\/www.apfelpatient.de\/en\/#organization","name":"Apfelpatient","url":"https:\/\/www.apfelpatient.de\/en\/"},"image":{"@id":"https:\/\/www.apfelpatient.de\/news\/apple-stores-oeffnen-am-11-mai-in-deutschland#primaryimage"},"thumbnailUrl":"https:\/\/www.apfelpatient.de\/wp-content\/uploads\/2020\/05\/vienna_apple_employees_with_iphone_cases_022118.jpg","keywords":["Apple Dienste","Apple Store","Deutschland"],"articleSection":"News","inLanguage":"en-US","copyrightYear":"2020","copyrightHolder":{"@id":"https:\/\/www.apfelpatient.de\/en\/#organization"}},{"@type":"WebPage","@id":"https:\/\/www.apfelpatient.de\/news\/apple-stores-oeffnen-am-11-mai-in-deutschland","url":"https:\/\/www.apfelpatient.de\/news\/apple-stores-oeffnen-am-11-mai-in-deutschland","name":"Apple Stores open in Germany on May 11th Apfelpatient","isPartOf":{"@id":"https:\/\/www.apfelpatient.de\/#website"},"primaryImageOfPage":{"@id":"https:\/\/www.apfelpatient.de\/news\/apple-stores-oeffnen-am-11-mai-in-deutschland#primaryimage"},"image":{"@id":"https:\/\/www.apfelpatient.de\/news\/apple-stores-oeffnen-am-11-mai-in-deutschland#primaryimage"},"thumbnailUrl":"https:\/\/www.apfelpatient.de\/wp-content\/uploads\/2020\/05\/vienna_apple_employees_with_iphone_cases_022118.jpg","datePublished":"2020-05-08T11:48:16+00:00","description":"Reopening of Apple Stores in Germany. These safety precautions will be implemented by Apple from May 11th.","breadcrumb":{"@id":"https:\/\/www.apfelpatient.de\/news\/apple-stores-oeffnen-am-11-mai-in-deutschland#breadcrumb"},"inLanguage":"en-US","potentialAction":[{"@type":"ReadAction","target":["https:\/\/www.apfelpatient.de\/news\/apple-stores-oeffnen-am-11-mai-in-deutschland"]}]},{"@type":"ImageObject","inLanguage":"en-US","@id":"https:\/\/www.apfelpatient.de\/news\/apple-stores-oeffnen-am-11-mai-in-deutschland#primaryimage","url":"https:\/\/www.apfelpatient.de\/wp-content\/uploads\/2020\/05\/vienna_apple_employees_with_iphone_cases_022118.jpg","contentUrl":"https:\/\/www.apfelpatient.de\/wp-content\/uploads\/2020\/05\/vienna_apple_employees_with_iphone_cases_022118.jpg","width":1632,"height":1088,"caption":"Bild: Apple"},{"@type":"BreadcrumbList","@id":"https:\/\/www.apfelpatient.de\/news\/apple-stores-oeffnen-am-11-mai-in-deutschland#breadcrumb","itemListElement":[{"@type":"ListItem","position":1,"name":"Startseite","item":"https:\/\/www.apfelpatient.de\/"},{"@type":"ListItem","position":2,"name":"Apple Stores \u00f6ffnen am 11. Mai in Deutschland"}]},{"@type":"WebSite","@id":"https:\/\/www.apfelpatient.de\/#website","url":"https:\/\/www.apfelpatient.de\/","name":"apple patient","description":"Everything about Apple!","publisher":{"@type":"Organization","@id":"https:\/\/www.apfelpatient.de\/en\/#organization","name":"Apfelpatient","url":"https:\/\/www.apfelpatient.de\/en\/"},"alternateName":"Apfelpatient","potentialAction":[{"@type":"SearchAction","target":{"@type":"EntryPoint","urlTemplate":"https:\/\/www.apfelpatient.de\/?s={search_term_string}"},"query-input":{"@type":"PropertyValueSpecification","valueRequired":true,"valueName":"search_term_string"}}],"inLanguage":"en-US"},{"@type":["Person","Organization"],"@id":"https:\/\/www.apfelpatient.de\/#\/schema\/person\/35b3ddba5832f2bfc7fff5206d4f6b7b","name":"Milan","logo":{"@id":"https:\/\/www.apfelpatient.de\/#\/schema\/person\/image\/"},"description":"Hello and welcome to my technology blog! As a big Apple fan, I report on everything to do with Apple: from the latest news and exciting rumors to helpful tips and tricks and detailed product tests. If you are as enthusiastic about technology as I am, you have come to the right place!","sameAs":["https:\/\/www.facebook.com\/apfelpatientOfficial","https:\/\/www.linkedin.com\/in\/milan-jovicic-42aa0231b"],"url":"https:\/\/www.apfelpatient.de\/en\/author\/apfeladmin"}]}},"_links":{"self":[{"href":"https:\/\/www.apfelpatient.de\/en\/wp-json\/wp\/v2\/posts\/12159","targetHints":{"allow":["GET"]}}],"collection":[{"href":"https:\/\/www.apfelpatient.de\/en\/wp-json\/wp\/v2\/posts"}],"about":[{"href":"https:\/\/www.apfelpatient.de\/en\/wp-json\/wp\/v2\/types\/post"}],"author":[{"embeddable":true,"href":"https:\/\/www.apfelpatient.de\/en\/wp-json\/wp\/v2\/users\/2"}],"replies":[{"embeddable":true,"href":"https:\/\/www.apfelpatient.de\/en\/wp-json\/wp\/v2\/comments?post=12159"}],"version-history":[{"count":0,"href":"https:\/\/www.apfelpatient.de\/en\/wp-json\/wp\/v2\/posts\/12159\/revisions"}],"wp:featuredmedia":[{"embeddable":true,"href":"https:\/\/www.apfelpatient.de\/en\/wp-json\/wp\/v2\/media\/12158"}],"wp:attachment":[{"href":"https:\/\/www.apfelpatient.de\/en\/wp-json\/wp\/v2\/media?parent=12159"}],"wp:term":[{"taxonomy":"category","embeddable":true,"href":"https:\/\/www.apfelpatient.de\/en\/wp-json\/wp\/v2\/categories?post=12159"},{"taxonomy":"post_tag","embeddable":true,"href":"https:\/\/www.apfelpatient.de\/en\/wp-json\/wp\/v2\/tags?post=12159"}],"curies":[{"name":"wp","href":"https:\/\/api.w.org\/{rel}","templated":true}]}}