{"id":12142,"date":"2020-05-07T15:23:03","date_gmt":"2020-05-07T13:23:03","guid":{"rendered":"https:\/\/www.apfelpatient.de\/?p=12142"},"modified":"2020-05-07T15:23:03","modified_gmt":"2020-05-07T13:23:03","slug":"apple-postpones-launch-of-miniled-products","status":"publish","type":"post","link":"https:\/\/www.apfelpatient.de\/en\/rumors\/apple-verschiebt-start-von-miniled-produkten","title":{"rendered":"Apple postpones launch of MiniLED products"},"content":{"rendered":"<p class=\"has-drop-cap\"><strong>Rumors about upcoming Apple devices with MiniLED technology are nothing new. While initial forecasts suggested a launch at the end of 2020, there is now talk of a delay.<\/strong><\/p>\n\n\n\n<p>The well-known analyst Ming-Chi Kuo has already spoken several times about Apple wanting to use MiniLED technology in the future. The first products could appear as early as this year. But the ongoing COVID-19 crisis is forcing Apple to postpone. According to the report, the latest review of the supply chain has resulted in a delay. (via <a href=\"https:\/\/appleinsider.com\/articles\/20\/05\/07\/apples-first-mini-led-product-might-not-launch-until-q1-2021\" class=\"ek-link\"><span style=\"text-decoration: underline;\" class=\"ek-underline\">AppleInsider<\/span><\/a>) According to this, everything currently indicates that mass production of the LED chips will not start until the third quarter of 2020. This is said to apply to both Epistar and FitTech. According to the current information, the actual panel assembly will not start until the fourth quarter of 2020. Kuo concludes that we will not see the first MiniLED devices until the first quarter of 2021 at the earliest. Initially, he believed that the novel coronavirus would not affect the development progress in terms of MiniLED technology, but he has now corrected this statement.&nbsp;<\/p>\n\n\n\n<h3 class=\"wp-block-heading\">Thinner and lighter product designs<\/h3>\n\n\n\n\n\n\n\n<p>A total of six new products are expected to feature this new screen technology. According to Kuo&#039;s analysis, Apple is planning the following products with <a href=\"https:\/\/www.apfelpatient.de\/en\/rumors\/covid-19-ipad-pro-with-miniled-could-appear-later\" class=\"ek-link\"><span style=\"text-decoration: underline;\" class=\"ek-underline\">MiniLED<\/span><\/a>panels:&nbsp;<\/p>\n\n\n\n<ul class=\"wp-block-list\"><li>12.9-inch iPad Pro<\/li><li>10.2-inch iPad&nbsp;<\/li><li>7.9-inch iPad mini&nbsp;<\/li><li>27-inch iMac Pro&nbsp;<\/li><li>16-inch MacBook Pro&nbsp;<\/li><li>14.1-inch MacBook Pro<\/li><\/ul>\n\n\n\n<p>This new display technology is said to provide better brightness and significantly better contrast overall. Deeper blacks are also guaranteed. The burn-in problem of OLEDs is also completely solved. In addition, mini LEDs are more efficient and would enable thinner and lighter product designs. Kuo has already emphasized this several times. Accordingly, all six devices could appear slimmer overall. Whether he will be right with his latest prediction remains to be seen, of course. <em>(Image: Apple)<\/em><\/p>\n\n\n\n<h6 class=\"wp-block-heading translation-block\" id=\"h-kennt-ihr-schon-unsere-amazon-storefront-dort-findet-ihr-eine-handverlesene-auswahl-von-diversen-produkten-f-r-euer-iphone-und-co-viel-spa-beim-st-bern\"><em>Have you already visited our Amazon Storefront? There you&#039;ll find a hand-picked selection of various products for your iPhone and other devices \u2013 <span class=\"has-inline-color has-vivid-red-color\"><a href=\"https:\/\/www.amazon.de\/shop\/apfelpatientofficial\" class=\"ek-link\" data-wpel-link=\"exclude\" rel=\"follow noopener\" target=\"_self\"><span style=\"text-decoration: underline\" class=\"ek-underline\">enjoy browsing<\/span><\/a> !<\/span><\/em><\/h6>\n\n\n\n\n\n<h6 class=\"wp-block-heading translation-block\" id=\"h-der-beitrag-enthalt-partnerlinks\">This post contains <a data-type=\"URL\" data-id=\"https:\/\/www.apfelpatient.de\/partnerprogramm\" href=\"https:\/\/www.apfelpatient.de\/en\/partner-program\" data-wpel-link=\"internal\" target=\"_self\">affiliate links<\/a>.<\/h6>","protected":false},"excerpt":{"rendered":"<p>Apple MiniLED devices: While initial forecasts suggested a launch at the end of 2020, there is now talk of a postponement.<\/p>","protected":false},"author":2,"featured_media":12141,"comment_status":"closed","ping_status":"closed","sticky":false,"template":"","format":"standard","meta":{"jnews-multi-image_gallery":[],"jnews_single_post":{"subtitle":"","format":"standard","video":"","gallery":"","source_name":"","source_url":"","via_name":"AppleInsider","via_url":"https:\/\/appleinsider.com\/articles\/20\/05\/07\/apples-first-mini-led-product-might-not-launch-until-q1-2021","override":[{"single_blog_custom":"","sidebar":"","second_sidebar":"","share_position":"","share_float_style":"","post_date_format":"","post_date_format_custom":"","post_reading_time_wpm":"","zoom_button_out_step":"1","zoom_button_in_step":"1","number_popup_post":"1"}],"image_override":[{"single_post_thumbnail_size":"","single_post_gallery_size":""}],"trending_post_position":"","trending_post_label":"","sponsored_post_label":"","sponsored_post_name":"","sponsored_post_url":"","sponsored_post_logo":"","sponsored_post_desc":""},"jnews_primary_category":{"id":"274"},"footnotes":""},"categories":[25],"tags":[18,408,337,40,49],"class_list":["post-12142","post","type-post","status-publish","format-standard","has-post-thumbnail","hentry","category-rumors","tag-ipad","tag-ipad-2021","tag-ipad-pro-2021","tag-mac","tag-macbook"],"yoast_head":"<!-- This site is optimized with the Yoast SEO Premium plugin v27.5 (Yoast SEO v27.5) - https:\/\/yoast.com\/product\/yoast-seo-premium-wordpress\/ -->\n<title>Apple verschiebt Start von MiniLED-Produkten Apfelpatient<\/title>\n<meta name=\"description\" content=\"Apple MiniLED-Ger\u00e4te: W\u00e4hrend die ersten Prognosen einen Start Ende 2020 in Aussicht gestellt haben, ist nun die Rede von einer Verschiebung.\" \/>\n<meta name=\"robots\" content=\"index, follow, max-snippet:-1, max-image-preview:large, max-video-preview:-1\" \/>\n<link rel=\"canonical\" href=\"https:\/\/www.apfelpatient.de\/en\/rumors\/apple-postpones-launch-of-miniled-products\" \/>\n<meta property=\"og:locale\" content=\"en_US\" \/>\n<meta property=\"og:type\" content=\"article\" \/>\n<meta property=\"og:title\" content=\"Apple verschiebt Start von MiniLED-Produkten\" \/>\n<meta property=\"og:description\" content=\"Apple MiniLED-Ger\u00e4te: W\u00e4hrend die ersten Prognosen einen Start Ende 2020 in Aussicht gestellt haben, ist nun die Rede von einer Verschiebung.\" \/>\n<meta property=\"og:url\" content=\"https:\/\/www.apfelpatient.de\/en\/rumors\/apple-postpones-launch-of-miniled-products\" \/>\n<meta property=\"og:site_name\" content=\"Apfelpatient\" \/>\n<meta property=\"article:publisher\" content=\"https:\/\/www.facebook.com\/apfelpatientOfficial\" \/>\n<meta property=\"article:author\" content=\"https:\/\/www.facebook.com\/apfelpatientOfficial\" \/>\n<meta property=\"article:published_time\" content=\"2020-05-07T13:23:03+00:00\" \/>\n<meta property=\"og:image\" content=\"https:\/\/www.apfelpatient.de\/wp-content\/uploads\/2020\/05\/Seoul-Apple-Garosugil-In-Store-01242018.jpg\" \/>\n\t<meta property=\"og:image:width\" content=\"1632\" \/>\n\t<meta property=\"og:image:height\" content=\"1084\" \/>\n\t<meta property=\"og:image:type\" content=\"image\/jpeg\" \/>\n<meta name=\"author\" content=\"Milan\" \/>\n<meta name=\"twitter:card\" content=\"summary_large_image\" \/>\n<meta name=\"twitter:description\" content=\"Apple MiniLED-Ger\u00e4te: W\u00e4hrend die ersten Prognosen einen Start Ende 2020 in Aussicht gestellt haben, ist nun die Rede von einer Verschiebung.\" \/>\n<meta name=\"twitter:label1\" content=\"Written by\" \/>\n\t<meta name=\"twitter:data1\" content=\"Milan\" \/>\n\t<meta name=\"twitter:label2\" content=\"Est. reading time\" \/>\n\t<meta name=\"twitter:data2\" content=\"1 minute\" \/>\n<script type=\"application\/ld+json\" class=\"yoast-schema-graph\">{\"@context\":\"https:\\\/\\\/schema.org\",\"@graph\":[{\"@type\":\"NewsArticle\",\"@id\":\"https:\\\/\\\/www.apfelpatient.de\\\/rumors\\\/apple-verschiebt-start-von-miniled-produkten#article\",\"isPartOf\":{\"@id\":\"https:\\\/\\\/www.apfelpatient.de\\\/rumors\\\/apple-verschiebt-start-von-miniled-produkten\"},\"author\":{\"@type\":\"Organization\",\"@id\":\"https:\\\/\\\/www.apfelpatient.de\\\/en\\\/#organization\",\"name\":\"Apfelpatient\",\"url\":\"https:\\\/\\\/www.apfelpatient.de\\\/en\\\/\"},\"headline\":\"Apple verschiebt Start von MiniLED-Produkten\",\"datePublished\":\"2020-05-07T13:23:03+00:00\",\"mainEntityOfPage\":{\"@id\":\"https:\\\/\\\/www.apfelpatient.de\\\/rumors\\\/apple-verschiebt-start-von-miniled-produkten\"},\"wordCount\":301,\"publisher\":{\"@type\":\"Organization\",\"@id\":\"https:\\\/\\\/www.apfelpatient.de\\\/en\\\/#organization\",\"name\":\"Apfelpatient\",\"url\":\"https:\\\/\\\/www.apfelpatient.de\\\/en\\\/\"},\"image\":{\"@id\":\"https:\\\/\\\/www.apfelpatient.de\\\/rumors\\\/apple-verschiebt-start-von-miniled-produkten#primaryimage\"},\"thumbnailUrl\":\"https:\\\/\\\/www.apfelpatient.de\\\/wp-content\\\/uploads\\\/2020\\\/05\\\/Seoul-Apple-Garosugil-In-Store-01242018.jpg\",\"keywords\":[\"iPad\",\"iPad 2021\",\"iPad Pro 2021\",\"Mac\",\"MacBook\"],\"articleSection\":\"Rumors\",\"inLanguage\":\"en-US\",\"copyrightYear\":\"2020\",\"copyrightHolder\":{\"@id\":\"https:\\\/\\\/www.apfelpatient.de\\\/en\\\/#organization\"}},{\"@type\":\"WebPage\",\"@id\":\"https:\\\/\\\/www.apfelpatient.de\\\/rumors\\\/apple-verschiebt-start-von-miniled-produkten\",\"url\":\"https:\\\/\\\/www.apfelpatient.de\\\/rumors\\\/apple-verschiebt-start-von-miniled-produkten\",\"name\":\"Apple verschiebt Start von MiniLED-Produkten Apfelpatient\",\"isPartOf\":{\"@id\":\"https:\\\/\\\/www.apfelpatient.de\\\/#website\"},\"primaryImageOfPage\":{\"@id\":\"https:\\\/\\\/www.apfelpatient.de\\\/rumors\\\/apple-verschiebt-start-von-miniled-produkten#primaryimage\"},\"image\":{\"@id\":\"https:\\\/\\\/www.apfelpatient.de\\\/rumors\\\/apple-verschiebt-start-von-miniled-produkten#primaryimage\"},\"thumbnailUrl\":\"https:\\\/\\\/www.apfelpatient.de\\\/wp-content\\\/uploads\\\/2020\\\/05\\\/Seoul-Apple-Garosugil-In-Store-01242018.jpg\",\"datePublished\":\"2020-05-07T13:23:03+00:00\",\"description\":\"Apple MiniLED-Ger\u00e4te: W\u00e4hrend die ersten Prognosen einen Start Ende 2020 in Aussicht gestellt haben, ist nun die Rede von einer Verschiebung.\",\"breadcrumb\":{\"@id\":\"https:\\\/\\\/www.apfelpatient.de\\\/rumors\\\/apple-verschiebt-start-von-miniled-produkten#breadcrumb\"},\"inLanguage\":\"en-US\",\"potentialAction\":[{\"@type\":\"ReadAction\",\"target\":[\"https:\\\/\\\/www.apfelpatient.de\\\/rumors\\\/apple-verschiebt-start-von-miniled-produkten\"]}]},{\"@type\":\"ImageObject\",\"inLanguage\":\"en-US\",\"@id\":\"https:\\\/\\\/www.apfelpatient.de\\\/rumors\\\/apple-verschiebt-start-von-miniled-produkten#primaryimage\",\"url\":\"https:\\\/\\\/www.apfelpatient.de\\\/wp-content\\\/uploads\\\/2020\\\/05\\\/Seoul-Apple-Garosugil-In-Store-01242018.jpg\",\"contentUrl\":\"https:\\\/\\\/www.apfelpatient.de\\\/wp-content\\\/uploads\\\/2020\\\/05\\\/Seoul-Apple-Garosugil-In-Store-01242018.jpg\",\"width\":1632,\"height\":1084,\"caption\":\"Bild: Apple\"},{\"@type\":\"BreadcrumbList\",\"@id\":\"https:\\\/\\\/www.apfelpatient.de\\\/rumors\\\/apple-verschiebt-start-von-miniled-produkten#breadcrumb\",\"itemListElement\":[{\"@type\":\"ListItem\",\"position\":1,\"name\":\"Startseite\",\"item\":\"https:\\\/\\\/www.apfelpatient.de\\\/\"},{\"@type\":\"ListItem\",\"position\":2,\"name\":\"Apple verschiebt Start von MiniLED-Produkten\"}]},{\"@type\":\"WebSite\",\"@id\":\"https:\\\/\\\/www.apfelpatient.de\\\/#website\",\"url\":\"https:\\\/\\\/www.apfelpatient.de\\\/\",\"name\":\"Apfelpatient\",\"description\":\"Alles rund um Apple!\",\"publisher\":{\"@type\":\"Organization\",\"@id\":\"https:\\\/\\\/www.apfelpatient.de\\\/en\\\/#organization\",\"name\":\"Apfelpatient\",\"url\":\"https:\\\/\\\/www.apfelpatient.de\\\/en\\\/\"},\"alternateName\":\"Apfelpatient\",\"potentialAction\":[{\"@type\":\"SearchAction\",\"target\":{\"@type\":\"EntryPoint\",\"urlTemplate\":\"https:\\\/\\\/www.apfelpatient.de\\\/?s={search_term_string}\"},\"query-input\":{\"@type\":\"PropertyValueSpecification\",\"valueRequired\":true,\"valueName\":\"search_term_string\"}}],\"inLanguage\":\"en-US\"},{\"@type\":[\"Person\",\"Organization\"],\"@id\":\"https:\\\/\\\/www.apfelpatient.de\\\/#\\\/schema\\\/person\\\/7dc56ad6c8e9824b76d2c08d4c140e13\",\"name\":\"Milan\",\"logo\":{\"@id\":\"https:\\\/\\\/www.apfelpatient.de\\\/#\\\/schema\\\/person\\\/image\\\/\"},\"description\":\"Hallo und herzlich willkommen auf meinem Technik-Blog! Als gro\u00dfer Apple-Fan berichte ich hier \u00fcber alles, was mit Apple zu tun hat: von den neuesten News und spannenden Ger\u00fcchten \u00fcber hilfreiche Tipps und Tricks bis hin zu ausf\u00fchrlichen Produkttests. Wenn du genauso technikbegeistert bist wie ich, bist du hier genau richtig!\",\"sameAs\":[\"https:\\\/\\\/www.facebook.com\\\/apfelpatientOfficial\",\"https:\\\/\\\/www.linkedin.com\\\/in\\\/milan-jovicic-42aa0231b\"],\"url\":\"https:\\\/\\\/www.apfelpatient.de\\\/en\\\/author\\\/apfeladmin\"}]}<\/script>\n<!-- \/ Yoast SEO Premium plugin. -->","yoast_head_json":{"title":"Apple postpones launch of MiniLED products Apfelpatient","description":"Apple MiniLED devices: While initial forecasts suggested a launch at the end of 2020, there is now talk of a postponement.","robots":{"index":"index","follow":"follow","max-snippet":"max-snippet:-1","max-image-preview":"max-image-preview:large","max-video-preview":"max-video-preview:-1"},"canonical":"https:\/\/www.apfelpatient.de\/en\/rumors\/apple-postpones-launch-of-miniled-products","og_locale":"en_US","og_type":"article","og_title":"Apple verschiebt Start von MiniLED-Produkten","og_description":"Apple MiniLED-Ger\u00e4te: W\u00e4hrend die ersten Prognosen einen Start Ende 2020 in Aussicht gestellt haben, ist nun die Rede von einer Verschiebung.","og_url":"https:\/\/www.apfelpatient.de\/en\/rumors\/apple-postpones-launch-of-miniled-products","og_site_name":"Apfelpatient","article_publisher":"https:\/\/www.facebook.com\/apfelpatientOfficial","article_author":"https:\/\/www.facebook.com\/apfelpatientOfficial","article_published_time":"2020-05-07T13:23:03+00:00","og_image":[{"width":1632,"height":1084,"url":"https:\/\/www.apfelpatient.de\/wp-content\/uploads\/2020\/05\/Seoul-Apple-Garosugil-In-Store-01242018.jpg","type":"image\/jpeg"}],"author":"Milan","twitter_card":"summary_large_image","twitter_description":"Apple MiniLED-Ger\u00e4te: W\u00e4hrend die ersten Prognosen einen Start Ende 2020 in Aussicht gestellt haben, ist nun die Rede von einer Verschiebung.","twitter_misc":{"Written by":"Milan","Est. reading time":"1 minute"},"schema":{"@context":"https:\/\/schema.org","@graph":[{"@type":"NewsArticle","@id":"https:\/\/www.apfelpatient.de\/rumors\/apple-verschiebt-start-von-miniled-produkten#article","isPartOf":{"@id":"https:\/\/www.apfelpatient.de\/rumors\/apple-verschiebt-start-von-miniled-produkten"},"author":{"@type":"Organization","@id":"https:\/\/www.apfelpatient.de\/en\/#organization","name":"Apfelpatient","url":"https:\/\/www.apfelpatient.de\/en\/"},"headline":"Apple verschiebt Start von MiniLED-Produkten","datePublished":"2020-05-07T13:23:03+00:00","mainEntityOfPage":{"@id":"https:\/\/www.apfelpatient.de\/rumors\/apple-verschiebt-start-von-miniled-produkten"},"wordCount":301,"publisher":{"@type":"Organization","@id":"https:\/\/www.apfelpatient.de\/en\/#organization","name":"Apfelpatient","url":"https:\/\/www.apfelpatient.de\/en\/"},"image":{"@id":"https:\/\/www.apfelpatient.de\/rumors\/apple-verschiebt-start-von-miniled-produkten#primaryimage"},"thumbnailUrl":"https:\/\/www.apfelpatient.de\/wp-content\/uploads\/2020\/05\/Seoul-Apple-Garosugil-In-Store-01242018.jpg","keywords":["iPad","iPad 2021","iPad Pro 2021","Mac","MacBook"],"articleSection":"Rumors","inLanguage":"en-US","copyrightYear":"2020","copyrightHolder":{"@id":"https:\/\/www.apfelpatient.de\/en\/#organization"}},{"@type":"WebPage","@id":"https:\/\/www.apfelpatient.de\/rumors\/apple-verschiebt-start-von-miniled-produkten","url":"https:\/\/www.apfelpatient.de\/rumors\/apple-verschiebt-start-von-miniled-produkten","name":"Apple postpones launch of MiniLED products Apfelpatient","isPartOf":{"@id":"https:\/\/www.apfelpatient.de\/#website"},"primaryImageOfPage":{"@id":"https:\/\/www.apfelpatient.de\/rumors\/apple-verschiebt-start-von-miniled-produkten#primaryimage"},"image":{"@id":"https:\/\/www.apfelpatient.de\/rumors\/apple-verschiebt-start-von-miniled-produkten#primaryimage"},"thumbnailUrl":"https:\/\/www.apfelpatient.de\/wp-content\/uploads\/2020\/05\/Seoul-Apple-Garosugil-In-Store-01242018.jpg","datePublished":"2020-05-07T13:23:03+00:00","description":"Apple MiniLED devices: While initial forecasts suggested a launch at the end of 2020, there is now talk of a postponement.","breadcrumb":{"@id":"https:\/\/www.apfelpatient.de\/rumors\/apple-verschiebt-start-von-miniled-produkten#breadcrumb"},"inLanguage":"en-US","potentialAction":[{"@type":"ReadAction","target":["https:\/\/www.apfelpatient.de\/rumors\/apple-verschiebt-start-von-miniled-produkten"]}]},{"@type":"ImageObject","inLanguage":"en-US","@id":"https:\/\/www.apfelpatient.de\/rumors\/apple-verschiebt-start-von-miniled-produkten#primaryimage","url":"https:\/\/www.apfelpatient.de\/wp-content\/uploads\/2020\/05\/Seoul-Apple-Garosugil-In-Store-01242018.jpg","contentUrl":"https:\/\/www.apfelpatient.de\/wp-content\/uploads\/2020\/05\/Seoul-Apple-Garosugil-In-Store-01242018.jpg","width":1632,"height":1084,"caption":"Bild: Apple"},{"@type":"BreadcrumbList","@id":"https:\/\/www.apfelpatient.de\/rumors\/apple-verschiebt-start-von-miniled-produkten#breadcrumb","itemListElement":[{"@type":"ListItem","position":1,"name":"Startseite","item":"https:\/\/www.apfelpatient.de\/"},{"@type":"ListItem","position":2,"name":"Apple verschiebt Start von MiniLED-Produkten"}]},{"@type":"WebSite","@id":"https:\/\/www.apfelpatient.de\/#website","url":"https:\/\/www.apfelpatient.de\/","name":"apple patient","description":"Everything about Apple!","publisher":{"@type":"Organization","@id":"https:\/\/www.apfelpatient.de\/en\/#organization","name":"Apfelpatient","url":"https:\/\/www.apfelpatient.de\/en\/"},"alternateName":"Apfelpatient","potentialAction":[{"@type":"SearchAction","target":{"@type":"EntryPoint","urlTemplate":"https:\/\/www.apfelpatient.de\/?s={search_term_string}"},"query-input":{"@type":"PropertyValueSpecification","valueRequired":true,"valueName":"search_term_string"}}],"inLanguage":"en-US"},{"@type":["Person","Organization"],"@id":"https:\/\/www.apfelpatient.de\/#\/schema\/person\/7dc56ad6c8e9824b76d2c08d4c140e13","name":"Milan","logo":{"@id":"https:\/\/www.apfelpatient.de\/#\/schema\/person\/image\/"},"description":"Hello and welcome to my technology blog! As a big Apple fan, I report on everything to do with Apple: from the latest news and exciting rumors to helpful tips and tricks and detailed product tests. If you are as enthusiastic about technology as I am, you have come to the right place!","sameAs":["https:\/\/www.facebook.com\/apfelpatientOfficial","https:\/\/www.linkedin.com\/in\/milan-jovicic-42aa0231b"],"url":"https:\/\/www.apfelpatient.de\/en\/author\/apfeladmin"}]}},"_links":{"self":[{"href":"https:\/\/www.apfelpatient.de\/en\/wp-json\/wp\/v2\/posts\/12142","targetHints":{"allow":["GET"]}}],"collection":[{"href":"https:\/\/www.apfelpatient.de\/en\/wp-json\/wp\/v2\/posts"}],"about":[{"href":"https:\/\/www.apfelpatient.de\/en\/wp-json\/wp\/v2\/types\/post"}],"author":[{"embeddable":true,"href":"https:\/\/www.apfelpatient.de\/en\/wp-json\/wp\/v2\/users\/2"}],"replies":[{"embeddable":true,"href":"https:\/\/www.apfelpatient.de\/en\/wp-json\/wp\/v2\/comments?post=12142"}],"version-history":[{"count":0,"href":"https:\/\/www.apfelpatient.de\/en\/wp-json\/wp\/v2\/posts\/12142\/revisions"}],"wp:featuredmedia":[{"embeddable":true,"href":"https:\/\/www.apfelpatient.de\/en\/wp-json\/wp\/v2\/media\/12141"}],"wp:attachment":[{"href":"https:\/\/www.apfelpatient.de\/en\/wp-json\/wp\/v2\/media?parent=12142"}],"wp:term":[{"taxonomy":"category","embeddable":true,"href":"https:\/\/www.apfelpatient.de\/en\/wp-json\/wp\/v2\/categories?post=12142"},{"taxonomy":"post_tag","embeddable":true,"href":"https:\/\/www.apfelpatient.de\/en\/wp-json\/wp\/v2\/tags?post=12142"}],"curies":[{"name":"wp","href":"https:\/\/api.w.org\/{rel}","templated":true}]}}