{"id":12138,"date":"2020-05-06T23:40:41","date_gmt":"2020-05-06T21:40:41","guid":{"rendered":"https:\/\/www.apfelpatient.de\/?p=12138"},"modified":"2020-05-06T23:40:41","modified_gmt":"2020-05-06T21:40:41","slug":"new-airpods-and-imac-models-in-the-pipeline","status":"publish","type":"post","link":"https:\/\/www.apfelpatient.de\/en\/rumors\/neue-airpods-und-imac-modelle-in-spee","title":{"rendered":"New AirPods and iMac models on the way?"},"content":{"rendered":"<p class=\"has-drop-cap\"><strong>We have already read several rumors that Apple is planning to update the iMac series in May. An update to the AirPods is also expected soon. Now there are new indications that give us hope.<\/strong><\/p>\n\n\n\n<p>The well-known YouTuber and leaker, Jon Prosser, has already predicted new Apple products several times and was right. This is also the case now. Prosser announced an iMac and AirPods update weeks ago. Now he claims to have learned that both products are ready for launch and could therefore be announced by Apple at any time. However, he has not yet been able to find out a specific date - hence the &quot;any time&quot; statement. In the iMac area, an update would certainly not be a surprise.<\/p>\n\n\n\n<h3 class=\"wp-block-heading\">AirPods or new Powerbeats Pro 2?<\/h3>\n\n\n\n\n\n\n\n<p>However, with regard to new AirPods, yes. We have already read many contradictory reports here. While some doubt an update, Prosser continues to believe in a new model. However, he only knows the code name and no details about specifications. Whether Apple will actually <a href=\"https:\/\/www.apfelpatient.de\/en\/rumors\/new-details-about-airpods-3-and-airpods-pro-2\" class=\"ek-link\"><span style=\"text-decoration: underline;\" class=\"ek-underline\">AirPods 3<\/span><\/a> It remains to be seen whether the company will present itself. <a href=\"https:\/\/www.apfelpatient.de\/en\/news\/powerbeats-pro-2-new-clues-discovered\" class=\"ek-link\"><span style=\"text-decoration: underline;\" class=\"ek-underline\">Powerbeats Pro 2<\/span><\/a> are more realistic, as they have already been documented several times. It is possible that the AirPods could simply be the Beats mentioned above. So let&#039;s wait and see. <em>(Photo by hadrian \/ Bigstockphoto)<\/em><\/p>\n\n\n\n<h6 class=\"wp-block-heading translation-block\" id=\"h-kennt-ihr-schon-unsere-amazon-storefront-dort-findet-ihr-eine-handverlesene-auswahl-von-diversen-produkten-f-r-euer-iphone-und-co-viel-spa-beim-st-bern\"><em>Have you already visited our Amazon Storefront? There you&#039;ll find a hand-picked selection of various products for your iPhone and other devices \u2013 <span class=\"has-inline-color has-vivid-red-color\"><a href=\"https:\/\/www.amazon.de\/shop\/apfelpatientofficial\" class=\"ek-link\" data-wpel-link=\"exclude\" rel=\"follow noopener\" target=\"_self\"><span style=\"text-decoration: underline\" class=\"ek-underline\">enjoy browsing<\/span><\/a> !<\/span><\/em><\/h6>\n\n\n\n\n\n<h6 class=\"wp-block-heading translation-block\" id=\"h-der-beitrag-enthalt-partnerlinks\">This post contains <a data-type=\"URL\" data-id=\"https:\/\/www.apfelpatient.de\/partnerprogramm\" href=\"https:\/\/www.apfelpatient.de\/en\/partner-program\" data-wpel-link=\"internal\" target=\"_self\">affiliate links<\/a>.<\/h6>","protected":false},"excerpt":{"rendered":"<p>Is Apple planning an update to the iMac series and the launch of the AirPods 3 this month? A leaker gives us hope.<\/p>","protected":false},"author":2,"featured_media":12136,"comment_status":"closed","ping_status":"closed","sticky":false,"template":"","format":"standard","meta":{"jnews-multi-image_gallery":[],"jnews_single_post":{"subtitle":"","format":"standard","video":"","gallery":"","source_name":"","source_url":"","via_name":"","via_url":"","override":[{"single_blog_custom":"","sidebar":"","second_sidebar":"","share_position":"","share_float_style":"","post_date_format":"","post_date_format_custom":"","post_reading_time_wpm":"","zoom_button_out_step":"1","zoom_button_in_step":"1","number_popup_post":"1"}],"image_override":[{"single_post_thumbnail_size":"","single_post_gallery_size":""}],"trending_post_position":"","trending_post_label":"","sponsored_post_label":"","sponsored_post_name":"","sponsored_post_url":"","sponsored_post_logo":"","sponsored_post_desc":""},"jnews_primary_category":{"id":"274"},"footnotes":""},"categories":[25],"tags":[28,255,72,40],"class_list":["post-12138","post","type-post","status-publish","format-standard","has-post-thumbnail","hentry","category-rumors","tag-airpods","tag-airpods-3","tag-imac","tag-mac"],"yoast_head":"<!-- This site is optimized with the Yoast SEO Premium plugin v27.5 (Yoast SEO v27.5) - https:\/\/yoast.com\/product\/yoast-seo-premium-wordpress\/ -->\n<title>Neue AirPods und iMac-Modelle in Spee? Apfelpatient<\/title>\n<meta name=\"description\" content=\"Plant Apple in diesem Monat ein Update der iMac-Reihe sowie die Einf\u00fchrung der AirPods 3? Ein Leaker l\u00e4sst hoffen.\" \/>\n<meta name=\"robots\" content=\"index, follow, max-snippet:-1, max-image-preview:large, max-video-preview:-1\" \/>\n<link rel=\"canonical\" href=\"https:\/\/www.apfelpatient.de\/en\/rumors\/new-airpods-and-imac-models-in-the-pipeline\" \/>\n<meta property=\"og:locale\" content=\"en_US\" \/>\n<meta property=\"og:type\" content=\"article\" \/>\n<meta property=\"og:title\" content=\"Neue AirPods und iMac-Modelle in Spee?\" \/>\n<meta property=\"og:description\" content=\"Plant Apple in diesem Monat ein Update der iMac-Reihe sowie die Einf\u00fchrung der AirPods 3? Ein Leaker l\u00e4sst hoffen.\" \/>\n<meta property=\"og:url\" content=\"https:\/\/www.apfelpatient.de\/en\/rumors\/new-airpods-and-imac-models-in-the-pipeline\" \/>\n<meta property=\"og:site_name\" content=\"Apfelpatient\" \/>\n<meta property=\"article:publisher\" content=\"https:\/\/www.facebook.com\/apfelpatientOfficial\" \/>\n<meta property=\"article:author\" content=\"https:\/\/www.facebook.com\/apfelpatientOfficial\" \/>\n<meta property=\"article:published_time\" content=\"2020-05-06T21:40:41+00:00\" \/>\n<meta property=\"og:image\" content=\"https:\/\/www.apfelpatient.de\/wp-content\/uploads\/2020\/05\/bigstock-Paris-France-Nov-A-267637342.jpg\" \/>\n\t<meta property=\"og:image:width\" content=\"1600\" \/>\n\t<meta property=\"og:image:height\" content=\"1006\" \/>\n\t<meta property=\"og:image:type\" content=\"image\/jpeg\" \/>\n<meta name=\"author\" content=\"Milan\" \/>\n<meta name=\"twitter:card\" content=\"summary_large_image\" \/>\n<meta name=\"twitter:description\" content=\"Plant Apple in diesem Monat ein Update der iMac-Reihe sowie die Einf\u00fchrung der AirPods 3? Ein Leaker l\u00e4sst hoffen.\" \/>\n<meta name=\"twitter:label1\" content=\"Written by\" \/>\n\t<meta name=\"twitter:data1\" content=\"Milan\" \/>\n\t<meta name=\"twitter:label2\" content=\"Est. reading time\" \/>\n\t<meta name=\"twitter:data2\" content=\"1 minute\" \/>\n<script type=\"application\/ld+json\" class=\"yoast-schema-graph\">{\"@context\":\"https:\\\/\\\/schema.org\",\"@graph\":[{\"@type\":\"NewsArticle\",\"@id\":\"https:\\\/\\\/www.apfelpatient.de\\\/rumors\\\/neue-airpods-und-imac-modelle-in-spee#article\",\"isPartOf\":{\"@id\":\"https:\\\/\\\/www.apfelpatient.de\\\/rumors\\\/neue-airpods-und-imac-modelle-in-spee\"},\"author\":{\"@type\":\"Organization\",\"@id\":\"https:\\\/\\\/www.apfelpatient.de\\\/en\\\/#organization\",\"name\":\"Apfelpatient\",\"url\":\"https:\\\/\\\/www.apfelpatient.de\\\/en\\\/\"},\"headline\":\"Neue AirPods und iMac-Modelle in Spee?\",\"datePublished\":\"2020-05-06T21:40:41+00:00\",\"mainEntityOfPage\":{\"@id\":\"https:\\\/\\\/www.apfelpatient.de\\\/rumors\\\/neue-airpods-und-imac-modelle-in-spee\"},\"wordCount\":219,\"publisher\":{\"@type\":\"Organization\",\"@id\":\"https:\\\/\\\/www.apfelpatient.de\\\/en\\\/#organization\",\"name\":\"Apfelpatient\",\"url\":\"https:\\\/\\\/www.apfelpatient.de\\\/en\\\/\"},\"image\":{\"@id\":\"https:\\\/\\\/www.apfelpatient.de\\\/rumors\\\/neue-airpods-und-imac-modelle-in-spee#primaryimage\"},\"thumbnailUrl\":\"https:\\\/\\\/www.apfelpatient.de\\\/wp-content\\\/uploads\\\/2020\\\/05\\\/bigstock-Paris-France-Nov-A-267637342.jpg\",\"keywords\":[\"AirPods\",\"AirPods 3\",\"iMac\",\"Mac\"],\"articleSection\":\"Rumors\",\"inLanguage\":\"en-US\",\"copyrightYear\":\"2020\",\"copyrightHolder\":{\"@id\":\"https:\\\/\\\/www.apfelpatient.de\\\/en\\\/#organization\"}},{\"@type\":\"WebPage\",\"@id\":\"https:\\\/\\\/www.apfelpatient.de\\\/rumors\\\/neue-airpods-und-imac-modelle-in-spee\",\"url\":\"https:\\\/\\\/www.apfelpatient.de\\\/rumors\\\/neue-airpods-und-imac-modelle-in-spee\",\"name\":\"Neue AirPods und iMac-Modelle in Spee? Apfelpatient\",\"isPartOf\":{\"@id\":\"https:\\\/\\\/www.apfelpatient.de\\\/#website\"},\"primaryImageOfPage\":{\"@id\":\"https:\\\/\\\/www.apfelpatient.de\\\/rumors\\\/neue-airpods-und-imac-modelle-in-spee#primaryimage\"},\"image\":{\"@id\":\"https:\\\/\\\/www.apfelpatient.de\\\/rumors\\\/neue-airpods-und-imac-modelle-in-spee#primaryimage\"},\"thumbnailUrl\":\"https:\\\/\\\/www.apfelpatient.de\\\/wp-content\\\/uploads\\\/2020\\\/05\\\/bigstock-Paris-France-Nov-A-267637342.jpg\",\"datePublished\":\"2020-05-06T21:40:41+00:00\",\"description\":\"Plant Apple in diesem Monat ein Update der iMac-Reihe sowie die Einf\u00fchrung der AirPods 3? Ein Leaker l\u00e4sst hoffen.\",\"breadcrumb\":{\"@id\":\"https:\\\/\\\/www.apfelpatient.de\\\/rumors\\\/neue-airpods-und-imac-modelle-in-spee#breadcrumb\"},\"inLanguage\":\"en-US\",\"potentialAction\":[{\"@type\":\"ReadAction\",\"target\":[\"https:\\\/\\\/www.apfelpatient.de\\\/rumors\\\/neue-airpods-und-imac-modelle-in-spee\"]}]},{\"@type\":\"ImageObject\",\"inLanguage\":\"en-US\",\"@id\":\"https:\\\/\\\/www.apfelpatient.de\\\/rumors\\\/neue-airpods-und-imac-modelle-in-spee#primaryimage\",\"url\":\"https:\\\/\\\/www.apfelpatient.de\\\/wp-content\\\/uploads\\\/2020\\\/05\\\/bigstock-Paris-France-Nov-A-267637342.jpg\",\"contentUrl\":\"https:\\\/\\\/www.apfelpatient.de\\\/wp-content\\\/uploads\\\/2020\\\/05\\\/bigstock-Paris-France-Nov-A-267637342.jpg\",\"width\":1600,\"height\":1006,\"caption\":\"PARIS, FRANCE - NOV 7, 2018: Apple Computers iMac range featuring 24, 27, and the Professional iMac Pro computers\"},{\"@type\":\"BreadcrumbList\",\"@id\":\"https:\\\/\\\/www.apfelpatient.de\\\/rumors\\\/neue-airpods-und-imac-modelle-in-spee#breadcrumb\",\"itemListElement\":[{\"@type\":\"ListItem\",\"position\":1,\"name\":\"Startseite\",\"item\":\"https:\\\/\\\/www.apfelpatient.de\\\/\"},{\"@type\":\"ListItem\",\"position\":2,\"name\":\"Neue AirPods und iMac-Modelle in Spee?\"}]},{\"@type\":\"WebSite\",\"@id\":\"https:\\\/\\\/www.apfelpatient.de\\\/#website\",\"url\":\"https:\\\/\\\/www.apfelpatient.de\\\/\",\"name\":\"Apfelpatient\",\"description\":\"Alles rund um Apple!\",\"publisher\":{\"@type\":\"Organization\",\"@id\":\"https:\\\/\\\/www.apfelpatient.de\\\/en\\\/#organization\",\"name\":\"Apfelpatient\",\"url\":\"https:\\\/\\\/www.apfelpatient.de\\\/en\\\/\"},\"alternateName\":\"Apfelpatient\",\"potentialAction\":[{\"@type\":\"SearchAction\",\"target\":{\"@type\":\"EntryPoint\",\"urlTemplate\":\"https:\\\/\\\/www.apfelpatient.de\\\/?s={search_term_string}\"},\"query-input\":{\"@type\":\"PropertyValueSpecification\",\"valueRequired\":true,\"valueName\":\"search_term_string\"}}],\"inLanguage\":\"en-US\"},{\"@type\":[\"Person\",\"Organization\"],\"@id\":\"https:\\\/\\\/www.apfelpatient.de\\\/#\\\/schema\\\/person\\\/35b3ddba5832f2bfc7fff5206d4f6b7b\",\"name\":\"Milan\",\"logo\":{\"@id\":\"https:\\\/\\\/www.apfelpatient.de\\\/#\\\/schema\\\/person\\\/image\\\/\"},\"description\":\"Hallo und herzlich willkommen auf meinem Technik-Blog! Als gro\u00dfer Apple-Fan berichte ich hier \u00fcber alles, was mit Apple zu tun hat: von den neuesten News und spannenden Ger\u00fcchten \u00fcber hilfreiche Tipps und Tricks bis hin zu ausf\u00fchrlichen Produkttests. Wenn du genauso technikbegeistert bist wie ich, bist du hier genau richtig!\",\"sameAs\":[\"https:\\\/\\\/www.facebook.com\\\/apfelpatientOfficial\",\"https:\\\/\\\/www.linkedin.com\\\/in\\\/milan-jovicic-42aa0231b\"],\"url\":\"https:\\\/\\\/www.apfelpatient.de\\\/en\\\/author\\\/apfeladmin\"}]}<\/script>\n<!-- \/ Yoast SEO Premium plugin. -->","yoast_head_json":{"title":"New AirPods and iMac models on the way? Apfelpatient","description":"Is Apple planning an update to the iMac series and the launch of the AirPods 3 this month? A leaker gives us hope.","robots":{"index":"index","follow":"follow","max-snippet":"max-snippet:-1","max-image-preview":"max-image-preview:large","max-video-preview":"max-video-preview:-1"},"canonical":"https:\/\/www.apfelpatient.de\/en\/rumors\/new-airpods-and-imac-models-in-the-pipeline","og_locale":"en_US","og_type":"article","og_title":"Neue AirPods und iMac-Modelle in Spee?","og_description":"Plant Apple in diesem Monat ein Update der iMac-Reihe sowie die Einf\u00fchrung der AirPods 3? Ein Leaker l\u00e4sst hoffen.","og_url":"https:\/\/www.apfelpatient.de\/en\/rumors\/new-airpods-and-imac-models-in-the-pipeline","og_site_name":"Apfelpatient","article_publisher":"https:\/\/www.facebook.com\/apfelpatientOfficial","article_author":"https:\/\/www.facebook.com\/apfelpatientOfficial","article_published_time":"2020-05-06T21:40:41+00:00","og_image":[{"width":1600,"height":1006,"url":"https:\/\/www.apfelpatient.de\/wp-content\/uploads\/2020\/05\/bigstock-Paris-France-Nov-A-267637342.jpg","type":"image\/jpeg"}],"author":"Milan","twitter_card":"summary_large_image","twitter_description":"Plant Apple in diesem Monat ein Update der iMac-Reihe sowie die Einf\u00fchrung der AirPods 3? Ein Leaker l\u00e4sst hoffen.","twitter_misc":{"Written by":"Milan","Est. reading time":"1 minute"},"schema":{"@context":"https:\/\/schema.org","@graph":[{"@type":"NewsArticle","@id":"https:\/\/www.apfelpatient.de\/rumors\/neue-airpods-und-imac-modelle-in-spee#article","isPartOf":{"@id":"https:\/\/www.apfelpatient.de\/rumors\/neue-airpods-und-imac-modelle-in-spee"},"author":{"@type":"Organization","@id":"https:\/\/www.apfelpatient.de\/en\/#organization","name":"Apfelpatient","url":"https:\/\/www.apfelpatient.de\/en\/"},"headline":"Neue AirPods und iMac-Modelle in Spee?","datePublished":"2020-05-06T21:40:41+00:00","mainEntityOfPage":{"@id":"https:\/\/www.apfelpatient.de\/rumors\/neue-airpods-und-imac-modelle-in-spee"},"wordCount":219,"publisher":{"@type":"Organization","@id":"https:\/\/www.apfelpatient.de\/en\/#organization","name":"Apfelpatient","url":"https:\/\/www.apfelpatient.de\/en\/"},"image":{"@id":"https:\/\/www.apfelpatient.de\/rumors\/neue-airpods-und-imac-modelle-in-spee#primaryimage"},"thumbnailUrl":"https:\/\/www.apfelpatient.de\/wp-content\/uploads\/2020\/05\/bigstock-Paris-France-Nov-A-267637342.jpg","keywords":["AirPods","AirPods 3","iMac","Mac"],"articleSection":"Rumors","inLanguage":"en-US","copyrightYear":"2020","copyrightHolder":{"@id":"https:\/\/www.apfelpatient.de\/en\/#organization"}},{"@type":"WebPage","@id":"https:\/\/www.apfelpatient.de\/rumors\/neue-airpods-und-imac-modelle-in-spee","url":"https:\/\/www.apfelpatient.de\/rumors\/neue-airpods-und-imac-modelle-in-spee","name":"New AirPods and iMac models on the way? Apfelpatient","isPartOf":{"@id":"https:\/\/www.apfelpatient.de\/#website"},"primaryImageOfPage":{"@id":"https:\/\/www.apfelpatient.de\/rumors\/neue-airpods-und-imac-modelle-in-spee#primaryimage"},"image":{"@id":"https:\/\/www.apfelpatient.de\/rumors\/neue-airpods-und-imac-modelle-in-spee#primaryimage"},"thumbnailUrl":"https:\/\/www.apfelpatient.de\/wp-content\/uploads\/2020\/05\/bigstock-Paris-France-Nov-A-267637342.jpg","datePublished":"2020-05-06T21:40:41+00:00","description":"Is Apple planning an update to the iMac series and the launch of the AirPods 3 this month? A leaker gives us hope.","breadcrumb":{"@id":"https:\/\/www.apfelpatient.de\/rumors\/neue-airpods-und-imac-modelle-in-spee#breadcrumb"},"inLanguage":"en-US","potentialAction":[{"@type":"ReadAction","target":["https:\/\/www.apfelpatient.de\/rumors\/neue-airpods-und-imac-modelle-in-spee"]}]},{"@type":"ImageObject","inLanguage":"en-US","@id":"https:\/\/www.apfelpatient.de\/rumors\/neue-airpods-und-imac-modelle-in-spee#primaryimage","url":"https:\/\/www.apfelpatient.de\/wp-content\/uploads\/2020\/05\/bigstock-Paris-France-Nov-A-267637342.jpg","contentUrl":"https:\/\/www.apfelpatient.de\/wp-content\/uploads\/2020\/05\/bigstock-Paris-France-Nov-A-267637342.jpg","width":1600,"height":1006,"caption":"PARIS, FRANCE - NOV 7, 2018: Apple Computers iMac range featuring 24, 27, and the Professional iMac Pro computers"},{"@type":"BreadcrumbList","@id":"https:\/\/www.apfelpatient.de\/rumors\/neue-airpods-und-imac-modelle-in-spee#breadcrumb","itemListElement":[{"@type":"ListItem","position":1,"name":"Startseite","item":"https:\/\/www.apfelpatient.de\/"},{"@type":"ListItem","position":2,"name":"Neue AirPods und iMac-Modelle in Spee?"}]},{"@type":"WebSite","@id":"https:\/\/www.apfelpatient.de\/#website","url":"https:\/\/www.apfelpatient.de\/","name":"apple patient","description":"Everything about Apple!","publisher":{"@type":"Organization","@id":"https:\/\/www.apfelpatient.de\/en\/#organization","name":"Apfelpatient","url":"https:\/\/www.apfelpatient.de\/en\/"},"alternateName":"Apfelpatient","potentialAction":[{"@type":"SearchAction","target":{"@type":"EntryPoint","urlTemplate":"https:\/\/www.apfelpatient.de\/?s={search_term_string}"},"query-input":{"@type":"PropertyValueSpecification","valueRequired":true,"valueName":"search_term_string"}}],"inLanguage":"en-US"},{"@type":["Person","Organization"],"@id":"https:\/\/www.apfelpatient.de\/#\/schema\/person\/35b3ddba5832f2bfc7fff5206d4f6b7b","name":"Milan","logo":{"@id":"https:\/\/www.apfelpatient.de\/#\/schema\/person\/image\/"},"description":"Hello and welcome to my technology blog! As a big Apple fan, I report on everything to do with Apple: from the latest news and exciting rumors to helpful tips and tricks and detailed product tests. If you are as enthusiastic about technology as I am, you have come to the right place!","sameAs":["https:\/\/www.facebook.com\/apfelpatientOfficial","https:\/\/www.linkedin.com\/in\/milan-jovicic-42aa0231b"],"url":"https:\/\/www.apfelpatient.de\/en\/author\/apfeladmin"}]}},"_links":{"self":[{"href":"https:\/\/www.apfelpatient.de\/en\/wp-json\/wp\/v2\/posts\/12138","targetHints":{"allow":["GET"]}}],"collection":[{"href":"https:\/\/www.apfelpatient.de\/en\/wp-json\/wp\/v2\/posts"}],"about":[{"href":"https:\/\/www.apfelpatient.de\/en\/wp-json\/wp\/v2\/types\/post"}],"author":[{"embeddable":true,"href":"https:\/\/www.apfelpatient.de\/en\/wp-json\/wp\/v2\/users\/2"}],"replies":[{"embeddable":true,"href":"https:\/\/www.apfelpatient.de\/en\/wp-json\/wp\/v2\/comments?post=12138"}],"version-history":[{"count":0,"href":"https:\/\/www.apfelpatient.de\/en\/wp-json\/wp\/v2\/posts\/12138\/revisions"}],"wp:featuredmedia":[{"embeddable":true,"href":"https:\/\/www.apfelpatient.de\/en\/wp-json\/wp\/v2\/media\/12136"}],"wp:attachment":[{"href":"https:\/\/www.apfelpatient.de\/en\/wp-json\/wp\/v2\/media?parent=12138"}],"wp:term":[{"taxonomy":"category","embeddable":true,"href":"https:\/\/www.apfelpatient.de\/en\/wp-json\/wp\/v2\/categories?post=12138"},{"taxonomy":"post_tag","embeddable":true,"href":"https:\/\/www.apfelpatient.de\/en\/wp-json\/wp\/v2\/tags?post=12138"}],"curies":[{"name":"wp","href":"https:\/\/api.w.org\/{rel}","templated":true}]}}