{"id":1207,"date":"2018-07-17T15:37:07","date_gmt":"2018-07-17T13:37:07","guid":{"rendered":"https:\/\/www.apfelpatient.de\/?p=1207"},"modified":"2025-02-06T07:04:21","modified_gmt":"2025-02-06T06:04:21","slug":"macbook-pro-2018-this-is-what-it-looks-like-from-the-inside","status":"publish","type":"post","link":"https:\/\/www.apfelpatient.de\/en\/news\/macbook-pro-2018-so-sieht-es-von-innen-aus","title":{"rendered":"MacBook Pro 2018: This is what it looks like from the inside"},"content":{"rendered":"<p><strong>The repair service provider iFixIt has completely disassembled the new MacBook Pro. There are no changes on the outside, but something has changed on the inside.<\/strong><\/p>\n<p><strong>How is the battery?<\/strong><\/p>\n<p>The battery has experienced a growth spurt - it now consists of six instead of five individual cells. This means that it is not only larger, but also heavier. It enters the ring with a whopping 232.7 grams of fighting weight, while its predecessor only managed 196.7 grams. The battery life has not changed, however. The overall weight of the device also remains the same, as Apple was more economical in other areas.<\/p>\n<p><strong>Improvements and eliminations<\/strong><\/p>\n<p>Each key has a silicone protector - this is responsible, among other things, for reducing typing noise and preventing dust and crumbs from getting inside. The larger battery means the speakers are now longer but flatter. The service port, which was intended for reading the SSD memory during service, is no longer there. Instead, the trackpad can now be removed directly without the battery. The keys can also be removed without breaking.<\/p>\n<p>The T2 chip, previously only known from the iMac Pro, is also new in the MacBook Pro. Among other things, it is responsible for managing the SSD, encryption and the &quot;Hey Siri&quot; function. It also stores the biometric data from Touch ID.<\/p>\n<p>The USB-C port is now made of plastic rather than aluminum. The matching power supply that is included has also been revised. It is said to have more foam rubber and be better shielded.<\/p>\n<p>The components are usually firmly connected to one another - the keyboard, speakers and battery are glued together, the processor, RAM and mass storage are soldered onto the motherboard. This means that individual replacement is not possible, nor is it possible to improve the internals later.<\/p>\n<figure id=\"attachment_1209\" aria-describedby=\"caption-attachment-1209\" style=\"width: 800px\" class=\"wp-caption alignnone\"><img decoding=\"async\" class=\"size-full wp-image-1209\" src=\"https:\/\/www.apfelpatient.de\/wp-content\/uploads\/2018\/07\/IMG_0714.jpg\" alt=\"\" width=\"800\" height=\"600\" \/><figcaption id=\"caption-attachment-1209\" class=\"wp-caption-text\">Image: iFixit<\/figcaption><\/figure>\n<h4><em>More articles<\/em><\/h4>\n<p class=\"entry-title\"><a href=\"https:\/\/www.apfelpatient.de\/en\"><strong><em>New butterfly keyboard: It is tight<\/em><\/strong><\/a><\/p>\n<p class=\"entry-title\"><a href=\"https:\/\/www.apfelpatient.de\/en\"><em><strong>The new MacBook Pro \u2013 a beast<\/strong><\/em><\/a><\/p>\n<p class=\"entry-title\"><a href=\"https:\/\/www.apfelpatient.de\/en\"><em><strong>New MacBook Pro: Top-class price \u2013 better keyboard?<\/strong><\/em><\/a><\/p>","protected":false},"excerpt":{"rendered":"<p>Der Reparaturdienstleister iFixIt hat das neue MacBook Pro vollst\u00e4ndig zerlegt. \u00c4u\u00dferlich gibt es keine \u00c4nderungen, daf\u00fcr hat sich im Inneren etwas getan. Wie geht es dem Akku? Der Akku hat einen Wachstumsschub erlebt &#8211; er besteht nun aus sechs statt f\u00fcnf einzelnen Zellen. Dadurch ist er nicht nur gr\u00f6\u00dfer, sondern auch schwerer geworden. Mit satten [&hellip;]<\/p>\n","protected":false},"author":2,"featured_media":1208,"comment_status":"open","ping_status":"open","sticky":false,"template":"","format":"standard","meta":{"jnews-multi-image_gallery":[],"jnews_single_post":{"subtitle":"","format":"standard","video":"","gallery":"","source_name":"","source_url":"","via_name":"","via_url":"","override_template":"0","override":[{"template":"4","single_blog_custom":"","parallax":"1","fullscreen":"1","layout":"right-sidebar","sidebar":"default-sidebar","second_sidebar":"default-sidebar","sticky_sidebar":"1","share_position":"top","share_float_style":"share-monocrhome","show_share_counter":"0","show_view_counter":"0","show_featured":"1","show_post_meta":"1","show_post_author":"1","show_post_author_image":"1","show_post_date":"1","post_date_format":"default","post_date_format_custom":"Y\/m\/d","show_post_category":"1","show_post_reading_time":"0","post_reading_time_wpm":"300","show_zoom_button":"0","zoom_button_out_step":"2","zoom_button_in_step":"3","show_post_tag":"1","show_prev_next_post":"1","show_popup_post":"1","number_popup_post":"1","show_author_box":"0","show_post_related":"0","show_inline_post_related":"0"}],"override_image_size":"0","image_override":[{"single_post_thumbnail_size":"crop-500","single_post_gallery_size":"crop-500"}],"trending_post":"0","trending_post_position":"meta","trending_post_label":"Trending","sponsored_post":"0","sponsored_post_label":"Sponsored by","sponsored_post_name":"","sponsored_post_url":"","sponsored_post_logo_enable":"0","sponsored_post_logo":"","sponsored_post_desc":"","disable_ad":"0"},"jnews_primary_category":{"id":"","hide":""},"footnotes":""},"categories":[9],"tags":[40,50,79],"class_list":["post-1207","post","type-post","status-publish","format-standard","has-post-thumbnail","hentry","category-news","tag-mac","tag-macbook-pro","tag-teardown"],"yoast_head":"<!-- This site is optimized with the Yoast SEO Premium plugin v27.5 (Yoast SEO v27.5) - https:\/\/yoast.com\/product\/yoast-seo-premium-wordpress\/ -->\n<title>MacBook Pro 2018: So sieht es von innen aus Apfelpatient<\/title>\n<meta name=\"description\" content=\"Der Reparaturdienstleister iFixIt hat das neue MacBook Pro vollst\u00e4ndig zerlegt. \u00c4u\u00dferlich gibt es keine \u00c4nderungen, daf\u00fcr hat sich im Inneren etwas getan.\" \/>\n<meta name=\"robots\" content=\"index, follow, max-snippet:-1, max-image-preview:large, max-video-preview:-1\" \/>\n<link rel=\"canonical\" href=\"https:\/\/www.apfelpatient.de\/en\/news\/macbook-pro-2018-this-is-what-it-looks-like-from-the-inside\" \/>\n<meta property=\"og:locale\" content=\"en_US\" \/>\n<meta property=\"og:type\" content=\"article\" \/>\n<meta property=\"og:title\" content=\"MacBook Pro 2018: So sieht es von innen aus\" \/>\n<meta property=\"og:description\" content=\"Der Reparaturdienstleister iFixIt hat das neue MacBook Pro vollst\u00e4ndig zerlegt. \u00c4u\u00dferlich gibt es keine \u00c4nderungen, daf\u00fcr hat sich im Inneren etwas getan.\" \/>\n<meta property=\"og:url\" content=\"https:\/\/www.apfelpatient.de\/en\/news\/macbook-pro-2018-this-is-what-it-looks-like-from-the-inside\" \/>\n<meta property=\"og:site_name\" content=\"Apfelpatient\" \/>\n<meta property=\"article:publisher\" content=\"https:\/\/www.facebook.com\/apfelpatientOfficial\" \/>\n<meta property=\"article:author\" content=\"https:\/\/www.facebook.com\/apfelpatientOfficial\" \/>\n<meta property=\"article:published_time\" content=\"2018-07-17T13:37:07+00:00\" \/>\n<meta property=\"article:modified_time\" content=\"2025-02-06T06:04:21+00:00\" \/>\n<meta property=\"og:image\" content=\"https:\/\/www.apfelpatient.de\/wp-content\/uploads\/2018\/07\/IMG_0715.jpg\" \/>\n\t<meta property=\"og:image:width\" content=\"800\" \/>\n\t<meta property=\"og:image:height\" content=\"450\" \/>\n\t<meta property=\"og:image:type\" content=\"image\/jpeg\" \/>\n<meta name=\"author\" content=\"Milan\" \/>\n<meta name=\"twitter:card\" content=\"summary_large_image\" \/>\n<meta name=\"twitter:label1\" content=\"Written by\" \/>\n\t<meta name=\"twitter:data1\" content=\"Milan\" \/>\n\t<meta name=\"twitter:label2\" content=\"Est. reading time\" \/>\n\t<meta name=\"twitter:data2\" content=\"2 minutes\" \/>\n<script type=\"application\/ld+json\" class=\"yoast-schema-graph\">{\"@context\":\"https:\\\/\\\/schema.org\",\"@graph\":[{\"@type\":\"NewsArticle\",\"@id\":\"https:\\\/\\\/www.apfelpatient.de\\\/news\\\/macbook-pro-2018-so-sieht-es-von-innen-aus#article\",\"isPartOf\":{\"@id\":\"https:\\\/\\\/www.apfelpatient.de\\\/news\\\/macbook-pro-2018-so-sieht-es-von-innen-aus\"},\"author\":{\"@type\":\"Organization\",\"@id\":\"https:\\\/\\\/www.apfelpatient.de\\\/en\\\/#organization\",\"name\":\"Apfelpatient\",\"url\":\"https:\\\/\\\/www.apfelpatient.de\\\/en\\\/\"},\"headline\":\"MacBook Pro 2018: So sieht es von innen aus\",\"datePublished\":\"2018-07-17T13:37:07+00:00\",\"dateModified\":\"2025-02-06T06:04:21+00:00\",\"mainEntityOfPage\":{\"@id\":\"https:\\\/\\\/www.apfelpatient.de\\\/news\\\/macbook-pro-2018-so-sieht-es-von-innen-aus\"},\"wordCount\":355,\"commentCount\":0,\"publisher\":{\"@type\":\"Organization\",\"@id\":\"https:\\\/\\\/www.apfelpatient.de\\\/en\\\/#organization\",\"name\":\"Apfelpatient\",\"url\":\"https:\\\/\\\/www.apfelpatient.de\\\/en\\\/\"},\"image\":{\"@id\":\"https:\\\/\\\/www.apfelpatient.de\\\/news\\\/macbook-pro-2018-so-sieht-es-von-innen-aus#primaryimage\"},\"thumbnailUrl\":\"https:\\\/\\\/www.apfelpatient.de\\\/wp-content\\\/uploads\\\/2018\\\/07\\\/IMG_0715.jpg\",\"keywords\":[\"Mac\",\"MacBook Pro\",\"Teardown\"],\"articleSection\":\"News\",\"inLanguage\":\"en-US\",\"potentialAction\":[{\"@type\":\"CommentAction\",\"name\":\"Comment\",\"target\":[\"https:\\\/\\\/www.apfelpatient.de\\\/news\\\/macbook-pro-2018-so-sieht-es-von-innen-aus#respond\"]}],\"copyrightYear\":\"2018\",\"copyrightHolder\":{\"@id\":\"https:\\\/\\\/www.apfelpatient.de\\\/en\\\/#organization\"}},{\"@type\":\"WebPage\",\"@id\":\"https:\\\/\\\/www.apfelpatient.de\\\/news\\\/macbook-pro-2018-so-sieht-es-von-innen-aus\",\"url\":\"https:\\\/\\\/www.apfelpatient.de\\\/news\\\/macbook-pro-2018-so-sieht-es-von-innen-aus\",\"name\":\"MacBook Pro 2018: So sieht es von innen aus Apfelpatient\",\"isPartOf\":{\"@id\":\"https:\\\/\\\/www.apfelpatient.de\\\/#website\"},\"primaryImageOfPage\":{\"@id\":\"https:\\\/\\\/www.apfelpatient.de\\\/news\\\/macbook-pro-2018-so-sieht-es-von-innen-aus#primaryimage\"},\"image\":{\"@id\":\"https:\\\/\\\/www.apfelpatient.de\\\/news\\\/macbook-pro-2018-so-sieht-es-von-innen-aus#primaryimage\"},\"thumbnailUrl\":\"https:\\\/\\\/www.apfelpatient.de\\\/wp-content\\\/uploads\\\/2018\\\/07\\\/IMG_0715.jpg\",\"datePublished\":\"2018-07-17T13:37:07+00:00\",\"dateModified\":\"2025-02-06T06:04:21+00:00\",\"description\":\"Der Reparaturdienstleister iFixIt hat das neue MacBook Pro vollst\u00e4ndig zerlegt. \u00c4u\u00dferlich gibt es keine \u00c4nderungen, daf\u00fcr hat sich im Inneren etwas getan.\",\"breadcrumb\":{\"@id\":\"https:\\\/\\\/www.apfelpatient.de\\\/news\\\/macbook-pro-2018-so-sieht-es-von-innen-aus#breadcrumb\"},\"inLanguage\":\"en-US\",\"potentialAction\":[{\"@type\":\"ReadAction\",\"target\":[\"https:\\\/\\\/www.apfelpatient.de\\\/news\\\/macbook-pro-2018-so-sieht-es-von-innen-aus\"]}]},{\"@type\":\"ImageObject\",\"inLanguage\":\"en-US\",\"@id\":\"https:\\\/\\\/www.apfelpatient.de\\\/news\\\/macbook-pro-2018-so-sieht-es-von-innen-aus#primaryimage\",\"url\":\"https:\\\/\\\/www.apfelpatient.de\\\/wp-content\\\/uploads\\\/2018\\\/07\\\/IMG_0715.jpg\",\"contentUrl\":\"https:\\\/\\\/www.apfelpatient.de\\\/wp-content\\\/uploads\\\/2018\\\/07\\\/IMG_0715.jpg\",\"width\":800,\"height\":450},{\"@type\":\"BreadcrumbList\",\"@id\":\"https:\\\/\\\/www.apfelpatient.de\\\/news\\\/macbook-pro-2018-so-sieht-es-von-innen-aus#breadcrumb\",\"itemListElement\":[{\"@type\":\"ListItem\",\"position\":1,\"name\":\"Startseite\",\"item\":\"https:\\\/\\\/www.apfelpatient.de\\\/\"},{\"@type\":\"ListItem\",\"position\":2,\"name\":\"MacBook Pro 2018: So sieht es von innen aus\"}]},{\"@type\":\"WebSite\",\"@id\":\"https:\\\/\\\/www.apfelpatient.de\\\/#website\",\"url\":\"https:\\\/\\\/www.apfelpatient.de\\\/\",\"name\":\"Apfelpatient\",\"description\":\"Alles rund um Apple!\",\"publisher\":{\"@type\":\"Organization\",\"@id\":\"https:\\\/\\\/www.apfelpatient.de\\\/en\\\/#organization\",\"name\":\"Apfelpatient\",\"url\":\"https:\\\/\\\/www.apfelpatient.de\\\/en\\\/\"},\"alternateName\":\"Apfelpatient\",\"potentialAction\":[{\"@type\":\"SearchAction\",\"target\":{\"@type\":\"EntryPoint\",\"urlTemplate\":\"https:\\\/\\\/www.apfelpatient.de\\\/?s={search_term_string}\"},\"query-input\":{\"@type\":\"PropertyValueSpecification\",\"valueRequired\":true,\"valueName\":\"search_term_string\"}}],\"inLanguage\":\"en-US\"},{\"@type\":[\"Person\",\"Organization\"],\"@id\":\"https:\\\/\\\/www.apfelpatient.de\\\/#\\\/schema\\\/person\\\/7dc56ad6c8e9824b76d2c08d4c140e13\",\"name\":\"Milan\",\"logo\":{\"@id\":\"https:\\\/\\\/www.apfelpatient.de\\\/#\\\/schema\\\/person\\\/image\\\/\"},\"description\":\"Hallo und herzlich willkommen auf meinem Technik-Blog! Als gro\u00dfer Apple-Fan berichte ich hier \u00fcber alles, was mit Apple zu tun hat: von den neuesten News und spannenden Ger\u00fcchten \u00fcber hilfreiche Tipps und Tricks bis hin zu ausf\u00fchrlichen Produkttests. Wenn du genauso technikbegeistert bist wie ich, bist du hier genau richtig!\",\"sameAs\":[\"https:\\\/\\\/www.facebook.com\\\/apfelpatientOfficial\",\"https:\\\/\\\/www.linkedin.com\\\/in\\\/milan-jovicic-42aa0231b\"],\"url\":\"https:\\\/\\\/www.apfelpatient.de\\\/en\\\/author\\\/apfeladmin\"}]}<\/script>\n<!-- \/ Yoast SEO Premium plugin. -->","yoast_head_json":{"title":"MacBook Pro 2018: This is what it looks like from the inside Apfelpatient","description":"The repair service provider iFixIt has completely disassembled the new MacBook Pro. There are no changes on the outside, but something has changed on the inside.","robots":{"index":"index","follow":"follow","max-snippet":"max-snippet:-1","max-image-preview":"max-image-preview:large","max-video-preview":"max-video-preview:-1"},"canonical":"https:\/\/www.apfelpatient.de\/en\/news\/macbook-pro-2018-this-is-what-it-looks-like-from-the-inside","og_locale":"en_US","og_type":"article","og_title":"MacBook Pro 2018: So sieht es von innen aus","og_description":"Der Reparaturdienstleister iFixIt hat das neue MacBook Pro vollst\u00e4ndig zerlegt. \u00c4u\u00dferlich gibt es keine \u00c4nderungen, daf\u00fcr hat sich im Inneren etwas getan.","og_url":"https:\/\/www.apfelpatient.de\/en\/news\/macbook-pro-2018-this-is-what-it-looks-like-from-the-inside","og_site_name":"Apfelpatient","article_publisher":"https:\/\/www.facebook.com\/apfelpatientOfficial","article_author":"https:\/\/www.facebook.com\/apfelpatientOfficial","article_published_time":"2018-07-17T13:37:07+00:00","article_modified_time":"2025-02-06T06:04:21+00:00","og_image":[{"width":800,"height":450,"url":"https:\/\/www.apfelpatient.de\/wp-content\/uploads\/2018\/07\/IMG_0715.jpg","type":"image\/jpeg"}],"author":"Milan","twitter_card":"summary_large_image","twitter_misc":{"Written by":"Milan","Est. reading time":"2 minutes"},"schema":{"@context":"https:\/\/schema.org","@graph":[{"@type":"NewsArticle","@id":"https:\/\/www.apfelpatient.de\/news\/macbook-pro-2018-so-sieht-es-von-innen-aus#article","isPartOf":{"@id":"https:\/\/www.apfelpatient.de\/news\/macbook-pro-2018-so-sieht-es-von-innen-aus"},"author":{"@type":"Organization","@id":"https:\/\/www.apfelpatient.de\/en\/#organization","name":"Apfelpatient","url":"https:\/\/www.apfelpatient.de\/en\/"},"headline":"MacBook Pro 2018: So sieht es von innen aus","datePublished":"2018-07-17T13:37:07+00:00","dateModified":"2025-02-06T06:04:21+00:00","mainEntityOfPage":{"@id":"https:\/\/www.apfelpatient.de\/news\/macbook-pro-2018-so-sieht-es-von-innen-aus"},"wordCount":355,"commentCount":0,"publisher":{"@type":"Organization","@id":"https:\/\/www.apfelpatient.de\/en\/#organization","name":"Apfelpatient","url":"https:\/\/www.apfelpatient.de\/en\/"},"image":{"@id":"https:\/\/www.apfelpatient.de\/news\/macbook-pro-2018-so-sieht-es-von-innen-aus#primaryimage"},"thumbnailUrl":"https:\/\/www.apfelpatient.de\/wp-content\/uploads\/2018\/07\/IMG_0715.jpg","keywords":["Mac","MacBook Pro","Teardown"],"articleSection":"News","inLanguage":"en-US","potentialAction":[{"@type":"CommentAction","name":"Comment","target":["https:\/\/www.apfelpatient.de\/news\/macbook-pro-2018-so-sieht-es-von-innen-aus#respond"]}],"copyrightYear":"2018","copyrightHolder":{"@id":"https:\/\/www.apfelpatient.de\/en\/#organization"}},{"@type":"WebPage","@id":"https:\/\/www.apfelpatient.de\/news\/macbook-pro-2018-so-sieht-es-von-innen-aus","url":"https:\/\/www.apfelpatient.de\/news\/macbook-pro-2018-so-sieht-es-von-innen-aus","name":"MacBook Pro 2018: This is what it looks like from the inside Apfelpatient","isPartOf":{"@id":"https:\/\/www.apfelpatient.de\/#website"},"primaryImageOfPage":{"@id":"https:\/\/www.apfelpatient.de\/news\/macbook-pro-2018-so-sieht-es-von-innen-aus#primaryimage"},"image":{"@id":"https:\/\/www.apfelpatient.de\/news\/macbook-pro-2018-so-sieht-es-von-innen-aus#primaryimage"},"thumbnailUrl":"https:\/\/www.apfelpatient.de\/wp-content\/uploads\/2018\/07\/IMG_0715.jpg","datePublished":"2018-07-17T13:37:07+00:00","dateModified":"2025-02-06T06:04:21+00:00","description":"The repair service provider iFixIt has completely disassembled the new MacBook Pro. There are no changes on the outside, but something has changed on the inside.","breadcrumb":{"@id":"https:\/\/www.apfelpatient.de\/news\/macbook-pro-2018-so-sieht-es-von-innen-aus#breadcrumb"},"inLanguage":"en-US","potentialAction":[{"@type":"ReadAction","target":["https:\/\/www.apfelpatient.de\/news\/macbook-pro-2018-so-sieht-es-von-innen-aus"]}]},{"@type":"ImageObject","inLanguage":"en-US","@id":"https:\/\/www.apfelpatient.de\/news\/macbook-pro-2018-so-sieht-es-von-innen-aus#primaryimage","url":"https:\/\/www.apfelpatient.de\/wp-content\/uploads\/2018\/07\/IMG_0715.jpg","contentUrl":"https:\/\/www.apfelpatient.de\/wp-content\/uploads\/2018\/07\/IMG_0715.jpg","width":800,"height":450},{"@type":"BreadcrumbList","@id":"https:\/\/www.apfelpatient.de\/news\/macbook-pro-2018-so-sieht-es-von-innen-aus#breadcrumb","itemListElement":[{"@type":"ListItem","position":1,"name":"Startseite","item":"https:\/\/www.apfelpatient.de\/"},{"@type":"ListItem","position":2,"name":"MacBook Pro 2018: So sieht es von innen aus"}]},{"@type":"WebSite","@id":"https:\/\/www.apfelpatient.de\/#website","url":"https:\/\/www.apfelpatient.de\/","name":"apple patient","description":"Everything about Apple!","publisher":{"@type":"Organization","@id":"https:\/\/www.apfelpatient.de\/en\/#organization","name":"Apfelpatient","url":"https:\/\/www.apfelpatient.de\/en\/"},"alternateName":"Apfelpatient","potentialAction":[{"@type":"SearchAction","target":{"@type":"EntryPoint","urlTemplate":"https:\/\/www.apfelpatient.de\/?s={search_term_string}"},"query-input":{"@type":"PropertyValueSpecification","valueRequired":true,"valueName":"search_term_string"}}],"inLanguage":"en-US"},{"@type":["Person","Organization"],"@id":"https:\/\/www.apfelpatient.de\/#\/schema\/person\/7dc56ad6c8e9824b76d2c08d4c140e13","name":"Milan","logo":{"@id":"https:\/\/www.apfelpatient.de\/#\/schema\/person\/image\/"},"description":"Hello and welcome to my technology blog! As a big Apple fan, I report on everything to do with Apple: from the latest news and exciting rumors to helpful tips and tricks and detailed product tests. If you are as enthusiastic about technology as I am, you have come to the right place!","sameAs":["https:\/\/www.facebook.com\/apfelpatientOfficial","https:\/\/www.linkedin.com\/in\/milan-jovicic-42aa0231b"],"url":"https:\/\/www.apfelpatient.de\/en\/author\/apfeladmin"}]}},"_links":{"self":[{"href":"https:\/\/www.apfelpatient.de\/en\/wp-json\/wp\/v2\/posts\/1207","targetHints":{"allow":["GET"]}}],"collection":[{"href":"https:\/\/www.apfelpatient.de\/en\/wp-json\/wp\/v2\/posts"}],"about":[{"href":"https:\/\/www.apfelpatient.de\/en\/wp-json\/wp\/v2\/types\/post"}],"author":[{"embeddable":true,"href":"https:\/\/www.apfelpatient.de\/en\/wp-json\/wp\/v2\/users\/2"}],"replies":[{"embeddable":true,"href":"https:\/\/www.apfelpatient.de\/en\/wp-json\/wp\/v2\/comments?post=1207"}],"version-history":[{"count":0,"href":"https:\/\/www.apfelpatient.de\/en\/wp-json\/wp\/v2\/posts\/1207\/revisions"}],"wp:featuredmedia":[{"embeddable":true,"href":"https:\/\/www.apfelpatient.de\/en\/wp-json\/wp\/v2\/media\/1208"}],"wp:attachment":[{"href":"https:\/\/www.apfelpatient.de\/en\/wp-json\/wp\/v2\/media?parent=1207"}],"wp:term":[{"taxonomy":"category","embeddable":true,"href":"https:\/\/www.apfelpatient.de\/en\/wp-json\/wp\/v2\/categories?post=1207"},{"taxonomy":"post_tag","embeddable":true,"href":"https:\/\/www.apfelpatient.de\/en\/wp-json\/wp\/v2\/tags?post=1207"}],"curies":[{"name":"wp","href":"https:\/\/api.w.org\/{rel}","templated":true}]}}