{"id":12068,"date":"2020-05-04T15:37:48","date_gmt":"2020-05-04T13:37:48","guid":{"rendered":"https:\/\/www.apfelpatient.de\/?p=12068"},"modified":"2020-05-04T15:37:48","modified_gmt":"2020-05-04T13:37:48","slug":"officially-apple-announces-new-macbook-pro-13","status":"publish","type":"post","link":"https:\/\/www.apfelpatient.de\/en\/news\/offiziell-apple-kuendigt-neues-macbook-pro-13-an","title":{"rendered":"Official: Apple announces new MacBook Pro 13&quot;"},"content":{"rendered":"<p class=\"has-drop-cap\"><strong>The rumor mill had already predicted it and now it&#039;s official. Apple announced a new MacBook Pro 13&quot; today via press release.<\/strong><\/p>\n\n\n\n<p>After the large MacBook Pro 16&quot; was updated in November 2019, followed by the MacBook Air in March 2020, it is now the turn of the smaller MacBook Pro. The device also appears with a revised keyboard based on the scissor technology. This is said to be significantly more reliable than the butterfly keyboard. The arrangement of the touch bar is the same as that of the MacBook Pro 16&quot;. The display remains at 13&quot; - <a href=\"https:\/\/www.apfelpatient.de\/en\/rumors\/macbook-pro-14-new-hints-on-specs\" class=\"ek-link\"><span style=\"text-decoration: underline;\" class=\"ek-underline\">rumors<\/span><\/a> had previously promised 14&quot;, but this did not happen. Unlike the screen, the reports about the performance have come true. This has been doubled in the course of the update. This means that the MacBook Pro 13&quot; can be equipped with up to 32 GB of RAM. There is also an SSD hard drive that can offer up to 4 TB. The maximum configuration includes a quad-core Intel i7 processor of the 10th generation, which clocks at 2.3 GHz and allows a turbo boost of up to 4.1 GHz. While the high-end version of the new MacBook Pro 13&quot; costs around 4,379 euros, the starting price is a total of 1,499 euros. In the <a href=\"https:\/\/www.apple.com\/newsroom\/2020\/05\/apple-updates-13-inch-macbook-pro-with-magic-keyboard-double-the-storage-and-faster-performance\/\" class=\"ek-link\"><span style=\"text-decoration: underline;\" class=\"ek-underline\">press release<\/span><\/a> Tom Boger, Senior Director of Mac and iPad Product Marketing at Apple, describes the device as follows:<\/p>\n\n\n\n<h3 class=\"wp-block-heading\">Delivery will take place soon<\/h3>\n\n\n\n\n\n\n\n<blockquote class=\"wp-block-quote is-layout-flow wp-block-quote-is-layout-flow\"><p>Whether you&#039;re a student, developer, or creative professional, the 13-inch MacBook Pro delivers high performance, a stunning Retina display, and all-day battery life in our most portable professional notebook. Today we&#039;re adding the new Magic Keyboard, doubling the standard storage, and boosting performance, making the 13-inch MacBook Pro an even better value for our customers. With these updates, our entire notebook lineup features the Magic Keyboard for the best typing experience ever on a Mac notebook, offers twice the storage than before, and delivers even more performance.<\/p><\/blockquote>\n\n\n\n<p>According to Apple, deliveries will begin between May 13 and 15, with the cheaper models, which will be equipped with an 8th generation Intel processor, being shipped by Apple starting May 7.&nbsp;<em>(Image: Apple)<\/em><\/p>\n\n\n\n<figure class=\"wp-block-image size-large\"><img decoding=\"async\" src=\"https:\/\/www.apfelpatient.de\/wp-content\/uploads\/2020\/05\/Apple_macbook-pro-13-inch-touch-bar_05042020-1024x577.jpg\" alt=\"Image: Apple\" class=\"wp-image-12066\"\/><figcaption>Image: Apple<\/figcaption><\/figure>\n\n\n\n<h6 class=\"wp-block-heading translation-block\" id=\"h-kennt-ihr-schon-unsere-amazon-storefront-dort-findet-ihr-eine-handverlesene-auswahl-von-diversen-produkten-f-r-euer-iphone-und-co-viel-spa-beim-st-bern\"><em>Have you already visited our Amazon Storefront? There you&#039;ll find a hand-picked selection of various products for your iPhone and other devices \u2013 <span class=\"has-inline-color has-vivid-red-color\"><a href=\"https:\/\/www.amazon.de\/shop\/apfelpatientofficial\" class=\"ek-link\" data-wpel-link=\"exclude\" rel=\"follow noopener\" target=\"_self\"><span style=\"text-decoration: underline\" class=\"ek-underline\">enjoy browsing<\/span><\/a> !<\/span><\/em><\/h6>\n\n\n\n\n\n<h6 class=\"wp-block-heading translation-block\" id=\"h-der-beitrag-enthalt-partnerlinks\">This post contains <a data-type=\"URL\" data-id=\"https:\/\/www.apfelpatient.de\/partnerprogramm\" href=\"https:\/\/www.apfelpatient.de\/en\/partner-program\" data-wpel-link=\"internal\" target=\"_self\">affiliate links<\/a>.<\/h6>","protected":false},"excerpt":{"rendered":"<p>MacBook Pro 13\u2033: Now it&#039;s official. Apple has also updated the smaller MacBook Pro, doubling its performance.<\/p>","protected":false},"author":2,"featured_media":12067,"comment_status":"closed","ping_status":"closed","sticky":false,"template":"","format":"standard","meta":{"jnews-multi-image_gallery":[],"jnews_single_post":{"subtitle":"","format":"standard","video":"","gallery":"","source_name":"Pressemitteilung","source_url":"https:\/\/www.apple.com\/newsroom\/2020\/05\/apple-updates-13-inch-macbook-pro-with-magic-keyboard-double-the-storage-and-faster-performance\/","via_name":"","via_url":"","override":[{"single_blog_custom":"","sidebar":"","second_sidebar":"","share_position":"","share_float_style":"","post_date_format":"","post_date_format_custom":"","post_reading_time_wpm":"","zoom_button_out_step":"1","zoom_button_in_step":"1","number_popup_post":"1"}],"image_override":[{"single_post_thumbnail_size":"","single_post_gallery_size":""}],"trending_post_position":"","trending_post_label":"","sponsored_post_label":"","sponsored_post_name":"","sponsored_post_url":"","sponsored_post_logo":"","sponsored_post_desc":""},"jnews_primary_category":{"id":"265"},"footnotes":""},"categories":[9],"tags":[40],"class_list":["post-12068","post","type-post","status-publish","format-standard","has-post-thumbnail","hentry","category-news","tag-mac"],"yoast_head":"<!-- This site is optimized with the Yoast SEO Premium plugin v27.5 (Yoast SEO v27.5) - https:\/\/yoast.com\/product\/yoast-seo-premium-wordpress\/ -->\n<title>Offiziell: Apple k\u00fcndigt neues MacBook Pro 13\u201c an Apfelpatient<\/title>\n<meta name=\"description\" content=\"MacBook Pro 13&quot;: Nun ist es offiziell. Apple hat das kleinere MacBook Pro ebenfalls aktualisiert und die Leistung dabei verdoppelt.\" \/>\n<meta name=\"robots\" content=\"index, follow, max-snippet:-1, max-image-preview:large, max-video-preview:-1\" \/>\n<link rel=\"canonical\" href=\"https:\/\/www.apfelpatient.de\/en\/news\/officially-apple-announces-new-macbook-pro-13\" \/>\n<meta property=\"og:locale\" content=\"en_US\" \/>\n<meta property=\"og:type\" content=\"article\" \/>\n<meta property=\"og:title\" content=\"Offiziell: Apple k\u00fcndigt neues MacBook Pro 13\u201c an\" \/>\n<meta property=\"og:description\" content=\"MacBook Pro 13&quot;: Nun ist es offiziell. Apple hat das kleinere MacBook Pro ebenfalls aktualisiert und die Leistung dabei verdoppelt.\" \/>\n<meta property=\"og:url\" content=\"https:\/\/www.apfelpatient.de\/en\/news\/officially-apple-announces-new-macbook-pro-13\" \/>\n<meta property=\"og:site_name\" content=\"Apfelpatient\" \/>\n<meta property=\"article:publisher\" content=\"https:\/\/www.facebook.com\/apfelpatientOfficial\" \/>\n<meta property=\"article:author\" content=\"https:\/\/www.facebook.com\/apfelpatientOfficial\" \/>\n<meta property=\"article:published_time\" content=\"2020-05-04T13:37:48+00:00\" \/>\n<meta property=\"og:image\" content=\"https:\/\/www.apfelpatient.de\/wp-content\/uploads\/2020\/05\/Apple_macbookpro-13-inch_screen_05042020.jpg\" \/>\n\t<meta property=\"og:image:width\" content=\"1960\" \/>\n\t<meta property=\"og:image:height\" content=\"1102\" \/>\n\t<meta property=\"og:image:type\" content=\"image\/jpeg\" \/>\n<meta name=\"author\" content=\"Milan\" \/>\n<meta name=\"twitter:card\" content=\"summary_large_image\" \/>\n<meta name=\"twitter:description\" content=\"MacBook Pro 13&quot;: Nun ist es offiziell. Apple hat das kleinere MacBook Pro ebenfalls aktualisiert und die Leistung dabei verdoppelt.\" \/>\n<meta name=\"twitter:label1\" content=\"Written by\" \/>\n\t<meta name=\"twitter:data1\" content=\"Milan\" \/>\n\t<meta name=\"twitter:label2\" content=\"Est. reading time\" \/>\n\t<meta name=\"twitter:data2\" content=\"2 minutes\" \/>\n<script type=\"application\/ld+json\" class=\"yoast-schema-graph\">{\"@context\":\"https:\\\/\\\/schema.org\",\"@graph\":[{\"@type\":\"NewsArticle\",\"@id\":\"https:\\\/\\\/www.apfelpatient.de\\\/news\\\/offiziell-apple-kuendigt-neues-macbook-pro-13-an#article\",\"isPartOf\":{\"@id\":\"https:\\\/\\\/www.apfelpatient.de\\\/news\\\/offiziell-apple-kuendigt-neues-macbook-pro-13-an\"},\"author\":{\"@type\":\"Organization\",\"@id\":\"https:\\\/\\\/www.apfelpatient.de\\\/en\\\/#organization\",\"name\":\"Apfelpatient\",\"url\":\"https:\\\/\\\/www.apfelpatient.de\\\/en\\\/\"},\"headline\":\"Offiziell: Apple k\u00fcndigt neues MacBook Pro 13\u201c an\",\"datePublished\":\"2020-05-04T13:37:48+00:00\",\"mainEntityOfPage\":{\"@id\":\"https:\\\/\\\/www.apfelpatient.de\\\/news\\\/offiziell-apple-kuendigt-neues-macbook-pro-13-an\"},\"wordCount\":354,\"publisher\":{\"@type\":\"Organization\",\"@id\":\"https:\\\/\\\/www.apfelpatient.de\\\/en\\\/#organization\",\"name\":\"Apfelpatient\",\"url\":\"https:\\\/\\\/www.apfelpatient.de\\\/en\\\/\"},\"image\":{\"@id\":\"https:\\\/\\\/www.apfelpatient.de\\\/news\\\/offiziell-apple-kuendigt-neues-macbook-pro-13-an#primaryimage\"},\"thumbnailUrl\":\"https:\\\/\\\/www.apfelpatient.de\\\/wp-content\\\/uploads\\\/2020\\\/05\\\/Apple_macbookpro-13-inch_screen_05042020.jpg\",\"keywords\":[\"Mac\"],\"articleSection\":\"News\",\"inLanguage\":\"en-US\",\"copyrightYear\":\"2020\",\"copyrightHolder\":{\"@id\":\"https:\\\/\\\/www.apfelpatient.de\\\/en\\\/#organization\"}},{\"@type\":\"WebPage\",\"@id\":\"https:\\\/\\\/www.apfelpatient.de\\\/news\\\/offiziell-apple-kuendigt-neues-macbook-pro-13-an\",\"url\":\"https:\\\/\\\/www.apfelpatient.de\\\/news\\\/offiziell-apple-kuendigt-neues-macbook-pro-13-an\",\"name\":\"Offiziell: Apple k\u00fcndigt neues MacBook Pro 13\u201c an Apfelpatient\",\"isPartOf\":{\"@id\":\"https:\\\/\\\/www.apfelpatient.de\\\/#website\"},\"primaryImageOfPage\":{\"@id\":\"https:\\\/\\\/www.apfelpatient.de\\\/news\\\/offiziell-apple-kuendigt-neues-macbook-pro-13-an#primaryimage\"},\"image\":{\"@id\":\"https:\\\/\\\/www.apfelpatient.de\\\/news\\\/offiziell-apple-kuendigt-neues-macbook-pro-13-an#primaryimage\"},\"thumbnailUrl\":\"https:\\\/\\\/www.apfelpatient.de\\\/wp-content\\\/uploads\\\/2020\\\/05\\\/Apple_macbookpro-13-inch_screen_05042020.jpg\",\"datePublished\":\"2020-05-04T13:37:48+00:00\",\"description\":\"MacBook Pro 13\\\": Nun ist es offiziell. Apple hat das kleinere MacBook Pro ebenfalls aktualisiert und die Leistung dabei verdoppelt.\",\"breadcrumb\":{\"@id\":\"https:\\\/\\\/www.apfelpatient.de\\\/news\\\/offiziell-apple-kuendigt-neues-macbook-pro-13-an#breadcrumb\"},\"inLanguage\":\"en-US\",\"potentialAction\":[{\"@type\":\"ReadAction\",\"target\":[\"https:\\\/\\\/www.apfelpatient.de\\\/news\\\/offiziell-apple-kuendigt-neues-macbook-pro-13-an\"]}]},{\"@type\":\"ImageObject\",\"inLanguage\":\"en-US\",\"@id\":\"https:\\\/\\\/www.apfelpatient.de\\\/news\\\/offiziell-apple-kuendigt-neues-macbook-pro-13-an#primaryimage\",\"url\":\"https:\\\/\\\/www.apfelpatient.de\\\/wp-content\\\/uploads\\\/2020\\\/05\\\/Apple_macbookpro-13-inch_screen_05042020.jpg\",\"contentUrl\":\"https:\\\/\\\/www.apfelpatient.de\\\/wp-content\\\/uploads\\\/2020\\\/05\\\/Apple_macbookpro-13-inch_screen_05042020.jpg\",\"width\":1960,\"height\":1102,\"caption\":\"Bild: Apple\"},{\"@type\":\"BreadcrumbList\",\"@id\":\"https:\\\/\\\/www.apfelpatient.de\\\/news\\\/offiziell-apple-kuendigt-neues-macbook-pro-13-an#breadcrumb\",\"itemListElement\":[{\"@type\":\"ListItem\",\"position\":1,\"name\":\"Startseite\",\"item\":\"https:\\\/\\\/www.apfelpatient.de\\\/\"},{\"@type\":\"ListItem\",\"position\":2,\"name\":\"Offiziell: Apple k\u00fcndigt neues MacBook Pro 13\u201c an\"}]},{\"@type\":\"WebSite\",\"@id\":\"https:\\\/\\\/www.apfelpatient.de\\\/#website\",\"url\":\"https:\\\/\\\/www.apfelpatient.de\\\/\",\"name\":\"Apfelpatient\",\"description\":\"Alles rund um Apple!\",\"publisher\":{\"@type\":\"Organization\",\"@id\":\"https:\\\/\\\/www.apfelpatient.de\\\/en\\\/#organization\",\"name\":\"Apfelpatient\",\"url\":\"https:\\\/\\\/www.apfelpatient.de\\\/en\\\/\"},\"alternateName\":\"Apfelpatient\",\"potentialAction\":[{\"@type\":\"SearchAction\",\"target\":{\"@type\":\"EntryPoint\",\"urlTemplate\":\"https:\\\/\\\/www.apfelpatient.de\\\/?s={search_term_string}\"},\"query-input\":{\"@type\":\"PropertyValueSpecification\",\"valueRequired\":true,\"valueName\":\"search_term_string\"}}],\"inLanguage\":\"en-US\"},{\"@type\":[\"Person\",\"Organization\"],\"@id\":\"https:\\\/\\\/www.apfelpatient.de\\\/#\\\/schema\\\/person\\\/7dc56ad6c8e9824b76d2c08d4c140e13\",\"name\":\"Milan\",\"logo\":{\"@id\":\"https:\\\/\\\/www.apfelpatient.de\\\/#\\\/schema\\\/person\\\/image\\\/\"},\"description\":\"Hallo und herzlich willkommen auf meinem Technik-Blog! Als gro\u00dfer Apple-Fan berichte ich hier \u00fcber alles, was mit Apple zu tun hat: von den neuesten News und spannenden Ger\u00fcchten \u00fcber hilfreiche Tipps und Tricks bis hin zu ausf\u00fchrlichen Produkttests. Wenn du genauso technikbegeistert bist wie ich, bist du hier genau richtig!\",\"sameAs\":[\"https:\\\/\\\/www.facebook.com\\\/apfelpatientOfficial\",\"https:\\\/\\\/www.linkedin.com\\\/in\\\/milan-jovicic-42aa0231b\"],\"url\":\"https:\\\/\\\/www.apfelpatient.de\\\/en\\\/author\\\/apfeladmin\"}]}<\/script>\n<!-- \/ Yoast SEO Premium plugin. -->","yoast_head_json":{"title":"Official: Apple announces new MacBook Pro 13&quot; Apfelpatient","description":"MacBook Pro 13&quot;: Now it&#039;s official. Apple has also updated the smaller MacBook Pro and doubled its performance.","robots":{"index":"index","follow":"follow","max-snippet":"max-snippet:-1","max-image-preview":"max-image-preview:large","max-video-preview":"max-video-preview:-1"},"canonical":"https:\/\/www.apfelpatient.de\/en\/news\/officially-apple-announces-new-macbook-pro-13","og_locale":"en_US","og_type":"article","og_title":"Offiziell: Apple k\u00fcndigt neues MacBook Pro 13\u201c an","og_description":"MacBook Pro 13\": Nun ist es offiziell. Apple hat das kleinere MacBook Pro ebenfalls aktualisiert und die Leistung dabei verdoppelt.","og_url":"https:\/\/www.apfelpatient.de\/en\/news\/officially-apple-announces-new-macbook-pro-13","og_site_name":"Apfelpatient","article_publisher":"https:\/\/www.facebook.com\/apfelpatientOfficial","article_author":"https:\/\/www.facebook.com\/apfelpatientOfficial","article_published_time":"2020-05-04T13:37:48+00:00","og_image":[{"width":1960,"height":1102,"url":"https:\/\/www.apfelpatient.de\/wp-content\/uploads\/2020\/05\/Apple_macbookpro-13-inch_screen_05042020.jpg","type":"image\/jpeg"}],"author":"Milan","twitter_card":"summary_large_image","twitter_description":"MacBook Pro 13\": Nun ist es offiziell. Apple hat das kleinere MacBook Pro ebenfalls aktualisiert und die Leistung dabei verdoppelt.","twitter_misc":{"Written by":"Milan","Est. reading time":"2 minutes"},"schema":{"@context":"https:\/\/schema.org","@graph":[{"@type":"NewsArticle","@id":"https:\/\/www.apfelpatient.de\/news\/offiziell-apple-kuendigt-neues-macbook-pro-13-an#article","isPartOf":{"@id":"https:\/\/www.apfelpatient.de\/news\/offiziell-apple-kuendigt-neues-macbook-pro-13-an"},"author":{"@type":"Organization","@id":"https:\/\/www.apfelpatient.de\/en\/#organization","name":"Apfelpatient","url":"https:\/\/www.apfelpatient.de\/en\/"},"headline":"Offiziell: Apple k\u00fcndigt neues MacBook Pro 13\u201c an","datePublished":"2020-05-04T13:37:48+00:00","mainEntityOfPage":{"@id":"https:\/\/www.apfelpatient.de\/news\/offiziell-apple-kuendigt-neues-macbook-pro-13-an"},"wordCount":354,"publisher":{"@type":"Organization","@id":"https:\/\/www.apfelpatient.de\/en\/#organization","name":"Apfelpatient","url":"https:\/\/www.apfelpatient.de\/en\/"},"image":{"@id":"https:\/\/www.apfelpatient.de\/news\/offiziell-apple-kuendigt-neues-macbook-pro-13-an#primaryimage"},"thumbnailUrl":"https:\/\/www.apfelpatient.de\/wp-content\/uploads\/2020\/05\/Apple_macbookpro-13-inch_screen_05042020.jpg","keywords":["Mac"],"articleSection":"News","inLanguage":"en-US","copyrightYear":"2020","copyrightHolder":{"@id":"https:\/\/www.apfelpatient.de\/en\/#organization"}},{"@type":"WebPage","@id":"https:\/\/www.apfelpatient.de\/news\/offiziell-apple-kuendigt-neues-macbook-pro-13-an","url":"https:\/\/www.apfelpatient.de\/news\/offiziell-apple-kuendigt-neues-macbook-pro-13-an","name":"Official: Apple announces new MacBook Pro 13&quot; Apfelpatient","isPartOf":{"@id":"https:\/\/www.apfelpatient.de\/#website"},"primaryImageOfPage":{"@id":"https:\/\/www.apfelpatient.de\/news\/offiziell-apple-kuendigt-neues-macbook-pro-13-an#primaryimage"},"image":{"@id":"https:\/\/www.apfelpatient.de\/news\/offiziell-apple-kuendigt-neues-macbook-pro-13-an#primaryimage"},"thumbnailUrl":"https:\/\/www.apfelpatient.de\/wp-content\/uploads\/2020\/05\/Apple_macbookpro-13-inch_screen_05042020.jpg","datePublished":"2020-05-04T13:37:48+00:00","description":"MacBook Pro 13&quot;: Now it&#039;s official. Apple has also updated the smaller MacBook Pro and doubled its performance.","breadcrumb":{"@id":"https:\/\/www.apfelpatient.de\/news\/offiziell-apple-kuendigt-neues-macbook-pro-13-an#breadcrumb"},"inLanguage":"en-US","potentialAction":[{"@type":"ReadAction","target":["https:\/\/www.apfelpatient.de\/news\/offiziell-apple-kuendigt-neues-macbook-pro-13-an"]}]},{"@type":"ImageObject","inLanguage":"en-US","@id":"https:\/\/www.apfelpatient.de\/news\/offiziell-apple-kuendigt-neues-macbook-pro-13-an#primaryimage","url":"https:\/\/www.apfelpatient.de\/wp-content\/uploads\/2020\/05\/Apple_macbookpro-13-inch_screen_05042020.jpg","contentUrl":"https:\/\/www.apfelpatient.de\/wp-content\/uploads\/2020\/05\/Apple_macbookpro-13-inch_screen_05042020.jpg","width":1960,"height":1102,"caption":"Bild: Apple"},{"@type":"BreadcrumbList","@id":"https:\/\/www.apfelpatient.de\/news\/offiziell-apple-kuendigt-neues-macbook-pro-13-an#breadcrumb","itemListElement":[{"@type":"ListItem","position":1,"name":"Startseite","item":"https:\/\/www.apfelpatient.de\/"},{"@type":"ListItem","position":2,"name":"Offiziell: Apple k\u00fcndigt neues MacBook Pro 13\u201c an"}]},{"@type":"WebSite","@id":"https:\/\/www.apfelpatient.de\/#website","url":"https:\/\/www.apfelpatient.de\/","name":"apple patient","description":"Everything about Apple!","publisher":{"@type":"Organization","@id":"https:\/\/www.apfelpatient.de\/en\/#organization","name":"Apfelpatient","url":"https:\/\/www.apfelpatient.de\/en\/"},"alternateName":"Apfelpatient","potentialAction":[{"@type":"SearchAction","target":{"@type":"EntryPoint","urlTemplate":"https:\/\/www.apfelpatient.de\/?s={search_term_string}"},"query-input":{"@type":"PropertyValueSpecification","valueRequired":true,"valueName":"search_term_string"}}],"inLanguage":"en-US"},{"@type":["Person","Organization"],"@id":"https:\/\/www.apfelpatient.de\/#\/schema\/person\/7dc56ad6c8e9824b76d2c08d4c140e13","name":"Milan","logo":{"@id":"https:\/\/www.apfelpatient.de\/#\/schema\/person\/image\/"},"description":"Hello and welcome to my technology blog! As a big Apple fan, I report on everything to do with Apple: from the latest news and exciting rumors to helpful tips and tricks and detailed product tests. If you are as enthusiastic about technology as I am, you have come to the right place!","sameAs":["https:\/\/www.facebook.com\/apfelpatientOfficial","https:\/\/www.linkedin.com\/in\/milan-jovicic-42aa0231b"],"url":"https:\/\/www.apfelpatient.de\/en\/author\/apfeladmin"}]}},"_links":{"self":[{"href":"https:\/\/www.apfelpatient.de\/en\/wp-json\/wp\/v2\/posts\/12068","targetHints":{"allow":["GET"]}}],"collection":[{"href":"https:\/\/www.apfelpatient.de\/en\/wp-json\/wp\/v2\/posts"}],"about":[{"href":"https:\/\/www.apfelpatient.de\/en\/wp-json\/wp\/v2\/types\/post"}],"author":[{"embeddable":true,"href":"https:\/\/www.apfelpatient.de\/en\/wp-json\/wp\/v2\/users\/2"}],"replies":[{"embeddable":true,"href":"https:\/\/www.apfelpatient.de\/en\/wp-json\/wp\/v2\/comments?post=12068"}],"version-history":[{"count":0,"href":"https:\/\/www.apfelpatient.de\/en\/wp-json\/wp\/v2\/posts\/12068\/revisions"}],"wp:featuredmedia":[{"embeddable":true,"href":"https:\/\/www.apfelpatient.de\/en\/wp-json\/wp\/v2\/media\/12067"}],"wp:attachment":[{"href":"https:\/\/www.apfelpatient.de\/en\/wp-json\/wp\/v2\/media?parent=12068"}],"wp:term":[{"taxonomy":"category","embeddable":true,"href":"https:\/\/www.apfelpatient.de\/en\/wp-json\/wp\/v2\/categories?post=12068"},{"taxonomy":"post_tag","embeddable":true,"href":"https:\/\/www.apfelpatient.de\/en\/wp-json\/wp\/v2\/tags?post=12068"}],"curies":[{"name":"wp","href":"https:\/\/api.w.org\/{rel}","templated":true}]}}