{"id":12064,"date":"2020-05-02T20:23:15","date_gmt":"2020-05-02T18:23:15","guid":{"rendered":"https:\/\/www.apfelpatient.de\/?p=12064"},"modified":"2020-05-02T20:23:15","modified_gmt":"2020-05-02T18:23:15","slug":"macbook-pro-14-new-hints-on-specs","status":"publish","type":"post","link":"https:\/\/www.apfelpatient.de\/en\/rumors\/macbook-pro-14-neue-hinweise-auf-specs","title":{"rendered":"MacBook Pro 14\u2033 \u2013 New hints on specs"},"content":{"rendered":"<p class=\"has-drop-cap\"><strong>According to current rumors, Apple is planning to update the smaller MacBook Pro in May. The 13-inch device could get a larger display with the same casing - similar to the MacBook Pro 16-inch. Now there are new hints about the features.<\/strong><\/p>\n\n\n\n<p>There is currently speculation that the new MacBook Pro will have a larger display \u2013 up to 14 inches. It will also have the new scissor keyboard and the same Touch Bar layout as the 16-inch model. But what does it look like inside? A Twitter user named @<a href=\"https:\/\/twitter.com\/_rogame\/status\/1255473750281158660?s=21\" class=\"ek-link\"><span style=\"text-decoration: underline;\" class=\"ek-underline\">_rogame<\/span><\/a> wants to know more about it. The article was already posted on Wednesday and only now by <a href=\"https:\/\/www.imore.com\/new-macbook-pro-reportedly-being-tested-32gb-ram-and-4tb-ssd\" class=\"ek-link\"><span style=\"text-decoration: underline;\" class=\"ek-underline\">iMore<\/span><\/a> discovered. He explains in his tweet that there will be a MacBook Pro 13-inch configuration that uses a Core i7-1068NG7 quad-core processor that clocks at 2.3 GHz and can reach up to 4.1 GHz. The model was equipped with 32 GB of RAM and a 4 TB hard drive. The interesting thing is that a model with the same specifications was already documented in February of this year. The new i7 processor is said to be a chip from Intel&#039;s 10th generation Ice Lake chip series.<\/p>\n\n\n\n<h3 class=\"wp-block-heading\">Everything points to an imminent MacBook Pro update<\/h3>\n\n\n\n\n\n\n\n<p>This is currently being used in the new <a href=\"https:\/\/www.apfelpatient.de\/en\/news\/apple-updates-macbook-air-and-mac-mini\" class=\"ek-link\"><span style=\"text-decoration: underline;\" class=\"ek-underline\">MacBook Air 2020<\/span><\/a>, which was introduced in March. Apart from that, the Macbook Pro 13-inch cannot currently be ordered with 32 GB of RAM, so it must be an updated model. In addition, with the introduction of the MacBook Pro 16\u2033, Apple has also added higher RAM storage for MacBooks to its range \u2013 up to 64 GB for the MacBook Pro 16\u2033. Accordingly, the new option of 32 GB of RAM for the smaller brother would make sense. The expansion of the storage capacity cannot be ruled out either \u2013 in this case 4 TB. Since the <a href=\"https:\/\/www.apfelpatient.de\/en\/news\/apple-presents-brand-new-macbook-pro-16\" class=\"ek-link\"><span style=\"text-decoration: underline;\" class=\"ek-underline\">MacBook Pro 16\u2033<\/span><\/a> Users can choose SSD disks of up to 8 TB. The latest discovery is therefore in line with what we have seen and heard so far. Apart from that, there are currently no reports that an update of the smaller <a href=\"https:\/\/www.apfelpatient.de\/en\/rumors\/new-macbook-pro-to-be-released-in-may\" class=\"ek-link\"><span style=\"text-decoration: underline;\" class=\"ek-underline\">MacBook Pro in May<\/span><\/a> This means that anyone who is currently planning to buy a MacBook Pro 13-inch model should wait and watch carefully over the next few weeks \u2013 it certainly can&#039;t do any harm. <em>(Photo by blackzheep \/ Bigstockphoto)<\/em><\/p>\n\n\n\n<h3 class=\"wp-block-heading\">Update:<\/h3>\n\n\n\n<ul class=\"wp-block-list\"><li><a href=\"https:\/\/www.apfelpatient.de\/en\/news\/officially-apple-announces-new-macbook-pro-13\" class=\"ek-link\"><span style=\"text-decoration: underline;\" class=\"ek-underline\">Official: Apple announces new MacBook Pro 13&quot;<\/span><\/a><\/li><\/ul>\n\n\n\n<h6 class=\"wp-block-heading translation-block\" id=\"h-kennt-ihr-schon-unsere-amazon-storefront-dort-findet-ihr-eine-handverlesene-auswahl-von-diversen-produkten-f-r-euer-iphone-und-co-viel-spa-beim-st-bern\"><em>Have you already visited our Amazon Storefront? There you&#039;ll find a hand-picked selection of various products for your iPhone and other devices \u2013 <span class=\"has-inline-color has-vivid-red-color\"><a href=\"https:\/\/www.amazon.de\/shop\/apfelpatientofficial\" class=\"ek-link\" data-wpel-link=\"exclude\" rel=\"follow noopener\" target=\"_self\"><span style=\"text-decoration: underline\" class=\"ek-underline\">enjoy browsing<\/span><\/a> !<\/span><\/em><\/h6>\n\n\n\n\n\n<h6 class=\"wp-block-heading translation-block\" id=\"h-der-beitrag-enthalt-partnerlinks\">This post contains <a data-type=\"URL\" data-id=\"https:\/\/www.apfelpatient.de\/partnerprogramm\" href=\"https:\/\/www.apfelpatient.de\/en\/partner-program\" data-wpel-link=\"internal\" target=\"_self\">affiliate links<\/a>.<\/h6>","protected":false},"excerpt":{"rendered":"<p>Rumors surrounding the MacBook Pro 14\u2033 are nothing new. Now there are new clues about the internal features of the Apple notebook. <\/p>","protected":false},"author":2,"featured_media":6510,"comment_status":"closed","ping_status":"closed","sticky":false,"template":"","format":"standard","meta":{"jnews-multi-image_gallery":[],"jnews_single_post":{"subtitle":"","format":"standard","video":"","gallery":"","source_name":"","source_url":"","via_name":"","via_url":"","override":[{"single_blog_custom":"","sidebar":"","second_sidebar":"","share_position":"","share_float_style":"","post_date_format":"","post_date_format_custom":"","post_reading_time_wpm":"","zoom_button_out_step":"1","zoom_button_in_step":"1","number_popup_post":"1"}],"image_override":[{"single_post_thumbnail_size":"","single_post_gallery_size":""}],"trending_post_position":"","trending_post_label":"","sponsored_post_label":"","sponsored_post_name":"","sponsored_post_url":"","sponsored_post_logo":"","sponsored_post_desc":""},"jnews_primary_category":{"id":"274"},"footnotes":""},"categories":[25],"tags":[40],"class_list":["post-12064","post","type-post","status-publish","format-standard","has-post-thumbnail","hentry","category-rumors","tag-mac"],"yoast_head":"<!-- This site is optimized with the Yoast SEO Premium plugin v27.5 (Yoast SEO v27.5) - https:\/\/yoast.com\/product\/yoast-seo-premium-wordpress\/ -->\n<title>MacBook Pro 14&quot; - Neue Hinweise auf Specs Apfelpatient<\/title>\n<meta name=\"description\" content=\"Ger\u00fcchte rund um das MacBook Pro 14&quot; sind nicht neu. Nun gibt es neue Hinweise auf die Ausstattung im Inneren des Apple Notebooks.\" \/>\n<meta name=\"robots\" content=\"index, follow, max-snippet:-1, max-image-preview:large, max-video-preview:-1\" \/>\n<link rel=\"canonical\" href=\"https:\/\/www.apfelpatient.de\/en\/rumors\/macbook-pro-14-new-hints-on-specs\" \/>\n<meta property=\"og:locale\" content=\"en_US\" \/>\n<meta property=\"og:type\" content=\"article\" \/>\n<meta property=\"og:title\" content=\"MacBook Pro 14&quot; - Neue Hinweise auf Specs\" \/>\n<meta property=\"og:description\" content=\"Ger\u00fcchte rund um das MacBook Pro 14&quot; sind nicht neu. Nun gibt es neue Hinweise auf die Ausstattung im Inneren des Apple Notebooks.\" \/>\n<meta property=\"og:url\" content=\"https:\/\/www.apfelpatient.de\/en\/rumors\/macbook-pro-14-new-hints-on-specs\" \/>\n<meta property=\"og:site_name\" content=\"Apfelpatient\" \/>\n<meta property=\"article:publisher\" content=\"https:\/\/www.facebook.com\/apfelpatientOfficial\" \/>\n<meta property=\"article:author\" content=\"https:\/\/www.facebook.com\/apfelpatientOfficial\" \/>\n<meta property=\"article:published_time\" content=\"2020-05-02T18:23:15+00:00\" \/>\n<meta property=\"og:image\" content=\"https:\/\/www.apfelpatient.de\/wp-content\/uploads\/2019\/10\/bigstock-187306192.jpg\" \/>\n\t<meta property=\"og:image:width\" content=\"1600\" \/>\n\t<meta property=\"og:image:height\" content=\"1067\" \/>\n\t<meta property=\"og:image:type\" content=\"image\/jpeg\" \/>\n<meta name=\"author\" content=\"Milan\" \/>\n<meta name=\"twitter:card\" content=\"summary_large_image\" \/>\n<meta name=\"twitter:description\" content=\"Ger\u00fcchte rund um das MacBook Pro 14&quot; sind nicht neu. Nun gibt es neue Hinweise auf die Ausstattung im Inneren des Apple Notebooks.\" \/>\n<meta name=\"twitter:label1\" content=\"Written by\" \/>\n\t<meta name=\"twitter:data1\" content=\"Milan\" \/>\n\t<meta name=\"twitter:label2\" content=\"Est. reading time\" \/>\n\t<meta name=\"twitter:data2\" content=\"2 minutes\" \/>\n<script type=\"application\/ld+json\" class=\"yoast-schema-graph\">{\"@context\":\"https:\\\/\\\/schema.org\",\"@graph\":[{\"@type\":\"NewsArticle\",\"@id\":\"https:\\\/\\\/www.apfelpatient.de\\\/rumors\\\/macbook-pro-14-neue-hinweise-auf-specs#article\",\"isPartOf\":{\"@id\":\"https:\\\/\\\/www.apfelpatient.de\\\/rumors\\\/macbook-pro-14-neue-hinweise-auf-specs\"},\"author\":{\"@type\":\"Organization\",\"@id\":\"https:\\\/\\\/www.apfelpatient.de\\\/en\\\/#organization\",\"name\":\"Apfelpatient\",\"url\":\"https:\\\/\\\/www.apfelpatient.de\\\/en\\\/\"},\"headline\":\"MacBook Pro 14&#8243; &#8211; Neue Hinweise auf Specs\",\"datePublished\":\"2020-05-02T18:23:15+00:00\",\"mainEntityOfPage\":{\"@id\":\"https:\\\/\\\/www.apfelpatient.de\\\/rumors\\\/macbook-pro-14-neue-hinweise-auf-specs\"},\"wordCount\":409,\"publisher\":{\"@type\":\"Organization\",\"@id\":\"https:\\\/\\\/www.apfelpatient.de\\\/en\\\/#organization\",\"name\":\"Apfelpatient\",\"url\":\"https:\\\/\\\/www.apfelpatient.de\\\/en\\\/\"},\"image\":{\"@id\":\"https:\\\/\\\/www.apfelpatient.de\\\/rumors\\\/macbook-pro-14-neue-hinweise-auf-specs#primaryimage\"},\"thumbnailUrl\":\"https:\\\/\\\/www.apfelpatient.de\\\/wp-content\\\/uploads\\\/2019\\\/10\\\/bigstock-187306192.jpg\",\"keywords\":[\"Mac\"],\"articleSection\":\"Rumors\",\"inLanguage\":\"en-US\",\"copyrightYear\":\"2020\",\"copyrightHolder\":{\"@id\":\"https:\\\/\\\/www.apfelpatient.de\\\/en\\\/#organization\"}},{\"@type\":\"WebPage\",\"@id\":\"https:\\\/\\\/www.apfelpatient.de\\\/rumors\\\/macbook-pro-14-neue-hinweise-auf-specs\",\"url\":\"https:\\\/\\\/www.apfelpatient.de\\\/rumors\\\/macbook-pro-14-neue-hinweise-auf-specs\",\"name\":\"MacBook Pro 14\\\" - Neue Hinweise auf Specs Apfelpatient\",\"isPartOf\":{\"@id\":\"https:\\\/\\\/www.apfelpatient.de\\\/#website\"},\"primaryImageOfPage\":{\"@id\":\"https:\\\/\\\/www.apfelpatient.de\\\/rumors\\\/macbook-pro-14-neue-hinweise-auf-specs#primaryimage\"},\"image\":{\"@id\":\"https:\\\/\\\/www.apfelpatient.de\\\/rumors\\\/macbook-pro-14-neue-hinweise-auf-specs#primaryimage\"},\"thumbnailUrl\":\"https:\\\/\\\/www.apfelpatient.de\\\/wp-content\\\/uploads\\\/2019\\\/10\\\/bigstock-187306192.jpg\",\"datePublished\":\"2020-05-02T18:23:15+00:00\",\"description\":\"Ger\u00fcchte rund um das MacBook Pro 14\\\" sind nicht neu. Nun gibt es neue Hinweise auf die Ausstattung im Inneren des Apple Notebooks.\",\"breadcrumb\":{\"@id\":\"https:\\\/\\\/www.apfelpatient.de\\\/rumors\\\/macbook-pro-14-neue-hinweise-auf-specs#breadcrumb\"},\"inLanguage\":\"en-US\",\"potentialAction\":[{\"@type\":\"ReadAction\",\"target\":[\"https:\\\/\\\/www.apfelpatient.de\\\/rumors\\\/macbook-pro-14-neue-hinweise-auf-specs\"]}]},{\"@type\":\"ImageObject\",\"inLanguage\":\"en-US\",\"@id\":\"https:\\\/\\\/www.apfelpatient.de\\\/rumors\\\/macbook-pro-14-neue-hinweise-auf-specs#primaryimage\",\"url\":\"https:\\\/\\\/www.apfelpatient.de\\\/wp-content\\\/uploads\\\/2019\\\/10\\\/bigstock-187306192.jpg\",\"contentUrl\":\"https:\\\/\\\/www.apfelpatient.de\\\/wp-content\\\/uploads\\\/2019\\\/10\\\/bigstock-187306192.jpg\",\"width\":1600,\"height\":1067,\"caption\":\"Bangkok Thailand - April 2 2017: Close-up touch bar on macbook pro 2016 touch bar is new function on macbook pro 2016 by apple Inc.\"},{\"@type\":\"BreadcrumbList\",\"@id\":\"https:\\\/\\\/www.apfelpatient.de\\\/rumors\\\/macbook-pro-14-neue-hinweise-auf-specs#breadcrumb\",\"itemListElement\":[{\"@type\":\"ListItem\",\"position\":1,\"name\":\"Startseite\",\"item\":\"https:\\\/\\\/www.apfelpatient.de\\\/\"},{\"@type\":\"ListItem\",\"position\":2,\"name\":\"MacBook Pro 14&#8243; &#8211; Neue Hinweise auf Specs\"}]},{\"@type\":\"WebSite\",\"@id\":\"https:\\\/\\\/www.apfelpatient.de\\\/#website\",\"url\":\"https:\\\/\\\/www.apfelpatient.de\\\/\",\"name\":\"Apfelpatient\",\"description\":\"Alles rund um Apple!\",\"publisher\":{\"@type\":\"Organization\",\"@id\":\"https:\\\/\\\/www.apfelpatient.de\\\/en\\\/#organization\",\"name\":\"Apfelpatient\",\"url\":\"https:\\\/\\\/www.apfelpatient.de\\\/en\\\/\"},\"alternateName\":\"Apfelpatient\",\"potentialAction\":[{\"@type\":\"SearchAction\",\"target\":{\"@type\":\"EntryPoint\",\"urlTemplate\":\"https:\\\/\\\/www.apfelpatient.de\\\/?s={search_term_string}\"},\"query-input\":{\"@type\":\"PropertyValueSpecification\",\"valueRequired\":true,\"valueName\":\"search_term_string\"}}],\"inLanguage\":\"en-US\"},{\"@type\":[\"Person\",\"Organization\"],\"@id\":\"https:\\\/\\\/www.apfelpatient.de\\\/#\\\/schema\\\/person\\\/7dc56ad6c8e9824b76d2c08d4c140e13\",\"name\":\"Milan\",\"logo\":{\"@id\":\"https:\\\/\\\/www.apfelpatient.de\\\/#\\\/schema\\\/person\\\/image\\\/\"},\"description\":\"Hallo und herzlich willkommen auf meinem Technik-Blog! Als gro\u00dfer Apple-Fan berichte ich hier \u00fcber alles, was mit Apple zu tun hat: von den neuesten News und spannenden Ger\u00fcchten \u00fcber hilfreiche Tipps und Tricks bis hin zu ausf\u00fchrlichen Produkttests. Wenn du genauso technikbegeistert bist wie ich, bist du hier genau richtig!\",\"sameAs\":[\"https:\\\/\\\/www.facebook.com\\\/apfelpatientOfficial\",\"https:\\\/\\\/www.linkedin.com\\\/in\\\/milan-jovicic-42aa0231b\"],\"url\":\"https:\\\/\\\/www.apfelpatient.de\\\/en\\\/author\\\/apfeladmin\"}]}<\/script>\n<!-- \/ Yoast SEO Premium plugin. -->","yoast_head_json":{"title":"MacBook Pro 14&quot; - New clues on specs Apfelpatient","description":"Rumors about the MacBook Pro 14&quot; are nothing new. Now there are new clues about the features inside the Apple notebook.","robots":{"index":"index","follow":"follow","max-snippet":"max-snippet:-1","max-image-preview":"max-image-preview:large","max-video-preview":"max-video-preview:-1"},"canonical":"https:\/\/www.apfelpatient.de\/en\/rumors\/macbook-pro-14-new-hints-on-specs","og_locale":"en_US","og_type":"article","og_title":"MacBook Pro 14\" - Neue Hinweise auf Specs","og_description":"Ger\u00fcchte rund um das MacBook Pro 14\" sind nicht neu. Nun gibt es neue Hinweise auf die Ausstattung im Inneren des Apple Notebooks.","og_url":"https:\/\/www.apfelpatient.de\/en\/rumors\/macbook-pro-14-new-hints-on-specs","og_site_name":"Apfelpatient","article_publisher":"https:\/\/www.facebook.com\/apfelpatientOfficial","article_author":"https:\/\/www.facebook.com\/apfelpatientOfficial","article_published_time":"2020-05-02T18:23:15+00:00","og_image":[{"width":1600,"height":1067,"url":"https:\/\/www.apfelpatient.de\/wp-content\/uploads\/2019\/10\/bigstock-187306192.jpg","type":"image\/jpeg"}],"author":"Milan","twitter_card":"summary_large_image","twitter_description":"Ger\u00fcchte rund um das MacBook Pro 14\" sind nicht neu. Nun gibt es neue Hinweise auf die Ausstattung im Inneren des Apple Notebooks.","twitter_misc":{"Written by":"Milan","Est. reading time":"2 minutes"},"schema":{"@context":"https:\/\/schema.org","@graph":[{"@type":"NewsArticle","@id":"https:\/\/www.apfelpatient.de\/rumors\/macbook-pro-14-neue-hinweise-auf-specs#article","isPartOf":{"@id":"https:\/\/www.apfelpatient.de\/rumors\/macbook-pro-14-neue-hinweise-auf-specs"},"author":{"@type":"Organization","@id":"https:\/\/www.apfelpatient.de\/en\/#organization","name":"Apfelpatient","url":"https:\/\/www.apfelpatient.de\/en\/"},"headline":"MacBook Pro 14&#8243; &#8211; Neue Hinweise auf Specs","datePublished":"2020-05-02T18:23:15+00:00","mainEntityOfPage":{"@id":"https:\/\/www.apfelpatient.de\/rumors\/macbook-pro-14-neue-hinweise-auf-specs"},"wordCount":409,"publisher":{"@type":"Organization","@id":"https:\/\/www.apfelpatient.de\/en\/#organization","name":"Apfelpatient","url":"https:\/\/www.apfelpatient.de\/en\/"},"image":{"@id":"https:\/\/www.apfelpatient.de\/rumors\/macbook-pro-14-neue-hinweise-auf-specs#primaryimage"},"thumbnailUrl":"https:\/\/www.apfelpatient.de\/wp-content\/uploads\/2019\/10\/bigstock-187306192.jpg","keywords":["Mac"],"articleSection":"Rumors","inLanguage":"en-US","copyrightYear":"2020","copyrightHolder":{"@id":"https:\/\/www.apfelpatient.de\/en\/#organization"}},{"@type":"WebPage","@id":"https:\/\/www.apfelpatient.de\/rumors\/macbook-pro-14-neue-hinweise-auf-specs","url":"https:\/\/www.apfelpatient.de\/rumors\/macbook-pro-14-neue-hinweise-auf-specs","name":"MacBook Pro 14&quot; - New clues on specs Apfelpatient","isPartOf":{"@id":"https:\/\/www.apfelpatient.de\/#website"},"primaryImageOfPage":{"@id":"https:\/\/www.apfelpatient.de\/rumors\/macbook-pro-14-neue-hinweise-auf-specs#primaryimage"},"image":{"@id":"https:\/\/www.apfelpatient.de\/rumors\/macbook-pro-14-neue-hinweise-auf-specs#primaryimage"},"thumbnailUrl":"https:\/\/www.apfelpatient.de\/wp-content\/uploads\/2019\/10\/bigstock-187306192.jpg","datePublished":"2020-05-02T18:23:15+00:00","description":"Rumors about the MacBook Pro 14&quot; are nothing new. Now there are new clues about the features inside the Apple notebook.","breadcrumb":{"@id":"https:\/\/www.apfelpatient.de\/rumors\/macbook-pro-14-neue-hinweise-auf-specs#breadcrumb"},"inLanguage":"en-US","potentialAction":[{"@type":"ReadAction","target":["https:\/\/www.apfelpatient.de\/rumors\/macbook-pro-14-neue-hinweise-auf-specs"]}]},{"@type":"ImageObject","inLanguage":"en-US","@id":"https:\/\/www.apfelpatient.de\/rumors\/macbook-pro-14-neue-hinweise-auf-specs#primaryimage","url":"https:\/\/www.apfelpatient.de\/wp-content\/uploads\/2019\/10\/bigstock-187306192.jpg","contentUrl":"https:\/\/www.apfelpatient.de\/wp-content\/uploads\/2019\/10\/bigstock-187306192.jpg","width":1600,"height":1067,"caption":"Bangkok Thailand - April 2 2017: Close-up touch bar on macbook pro 2016 touch bar is new function on macbook pro 2016 by apple Inc."},{"@type":"BreadcrumbList","@id":"https:\/\/www.apfelpatient.de\/rumors\/macbook-pro-14-neue-hinweise-auf-specs#breadcrumb","itemListElement":[{"@type":"ListItem","position":1,"name":"Startseite","item":"https:\/\/www.apfelpatient.de\/"},{"@type":"ListItem","position":2,"name":"MacBook Pro 14&#8243; &#8211; Neue Hinweise auf Specs"}]},{"@type":"WebSite","@id":"https:\/\/www.apfelpatient.de\/#website","url":"https:\/\/www.apfelpatient.de\/","name":"apple patient","description":"Everything about Apple!","publisher":{"@type":"Organization","@id":"https:\/\/www.apfelpatient.de\/en\/#organization","name":"Apfelpatient","url":"https:\/\/www.apfelpatient.de\/en\/"},"alternateName":"Apfelpatient","potentialAction":[{"@type":"SearchAction","target":{"@type":"EntryPoint","urlTemplate":"https:\/\/www.apfelpatient.de\/?s={search_term_string}"},"query-input":{"@type":"PropertyValueSpecification","valueRequired":true,"valueName":"search_term_string"}}],"inLanguage":"en-US"},{"@type":["Person","Organization"],"@id":"https:\/\/www.apfelpatient.de\/#\/schema\/person\/7dc56ad6c8e9824b76d2c08d4c140e13","name":"Milan","logo":{"@id":"https:\/\/www.apfelpatient.de\/#\/schema\/person\/image\/"},"description":"Hello and welcome to my technology blog! As a big Apple fan, I report on everything to do with Apple: from the latest news and exciting rumors to helpful tips and tricks and detailed product tests. If you are as enthusiastic about technology as I am, you have come to the right place!","sameAs":["https:\/\/www.facebook.com\/apfelpatientOfficial","https:\/\/www.linkedin.com\/in\/milan-jovicic-42aa0231b"],"url":"https:\/\/www.apfelpatient.de\/en\/author\/apfeladmin"}]}},"_links":{"self":[{"href":"https:\/\/www.apfelpatient.de\/en\/wp-json\/wp\/v2\/posts\/12064","targetHints":{"allow":["GET"]}}],"collection":[{"href":"https:\/\/www.apfelpatient.de\/en\/wp-json\/wp\/v2\/posts"}],"about":[{"href":"https:\/\/www.apfelpatient.de\/en\/wp-json\/wp\/v2\/types\/post"}],"author":[{"embeddable":true,"href":"https:\/\/www.apfelpatient.de\/en\/wp-json\/wp\/v2\/users\/2"}],"replies":[{"embeddable":true,"href":"https:\/\/www.apfelpatient.de\/en\/wp-json\/wp\/v2\/comments?post=12064"}],"version-history":[{"count":0,"href":"https:\/\/www.apfelpatient.de\/en\/wp-json\/wp\/v2\/posts\/12064\/revisions"}],"wp:featuredmedia":[{"embeddable":true,"href":"https:\/\/www.apfelpatient.de\/en\/wp-json\/wp\/v2\/media\/6510"}],"wp:attachment":[{"href":"https:\/\/www.apfelpatient.de\/en\/wp-json\/wp\/v2\/media?parent=12064"}],"wp:term":[{"taxonomy":"category","embeddable":true,"href":"https:\/\/www.apfelpatient.de\/en\/wp-json\/wp\/v2\/categories?post=12064"},{"taxonomy":"post_tag","embeddable":true,"href":"https:\/\/www.apfelpatient.de\/en\/wp-json\/wp\/v2\/tags?post=12064"}],"curies":[{"name":"wp","href":"https:\/\/api.w.org\/{rel}","templated":true}]}}