{"id":12019,"date":"2020-04-30T00:19:54","date_gmt":"2020-04-29T22:19:54","guid":{"rendered":"https:\/\/www.apfelpatient.de\/?p=12019"},"modified":"2020-04-30T00:19:54","modified_gmt":"2020-04-29T22:19:54","slug":"ios-13-5-apple-adds-new-option-to-facetime","status":"publish","type":"post","link":"https:\/\/www.apfelpatient.de\/en\/news\/ios-13-5-apple-fuegt-neue-option-zu-facetime-hinzu","title":{"rendered":"iOS 13.5: Apple adds new option to FaceTime"},"content":{"rendered":"<p class=\"has-drop-cap\"><strong>Apple released a number of new beta versions yesterday evening, including iOS 13.5. In addition to the new API and revision of Face ID, a new option was also added to FaceTime.&nbsp;<\/strong><\/p>\n\n\n\n<p>The iOS 13.5 beta is in its third version, as the two iOS 13.4.5 builds were practically the previous versions. The main innovations include the <a href=\"https:\/\/www.apfelpatient.de\/en\/tips-tricks\/covid-19-how-to-deactivate-contact-tracing-under-ios-13-5\" class=\"ek-link\"><span style=\"text-decoration: underline;\" class=\"ek-underline\">implementation of the new interface<\/span><\/a>, which is intended to help in the fight against COVID-19 \u2013 that is, &quot;<a href=\"https:\/\/www.apple.com\/covid19\/contacttracing\/\" class=\"ek-link\"><span style=\"text-decoration: underline;\" class=\"ek-underline\">COVID-19 Exposure Notifications<\/span><\/a>\u201cFace ID has also been redesigned. This means that <a href=\"https:\/\/www.apfelpatient.de\/en\/news\/covid-19-face-id-recognizes-masks-under-ios-13-5\" class=\"ek-link\"><span style=\"text-decoration: underline;\" class=\"ek-underline\">Facial recognition<\/span><\/a> now reacts directly to masks and immediately redirects the user to enter the password. This prevents the scan from being repeated. But there is more to report. Apple has added an option in iOS 13.5 that relates to FaceTime for groups.&nbsp;<\/p>\n\n\n\n<h3 class=\"wp-block-heading\">iOS 13.5: How to disable \u201cAutomatic Highlight\u201d<\/h3>\n\n\n\n\n\n\n\n<p>Group FaceTime has a dynamic view by default, in which all participants are shown in individual tiles. The person currently speaking is automatically highlighted while the rest shrink. But not everyone likes this feature. For this reason, Apple has now added an option called &quot;Automatic Highlighting&quot;. This can be accessed via the settings and can then be deactivated or reactivated as desired. If the feature is deactivated, all tiles remain unchanged during the call. So, if you want to deactivate the feature, you have to open the &quot;FaceTime&quot; section in the iOS settings. In the lower part, the &quot;Speak&quot; function can be deactivated in the &quot;Automatic Highlighting&quot; section. More about iOS 13.5 or. <a href=\"https:\/\/www.apfelpatient.de\/en\/day\/ios-13-4-5\" class=\"ek-link\"><span style=\"text-decoration: underline;\" class=\"ek-underline\">iOS 13.4.5<\/span><\/a> can be found in our <a href=\"https:\/\/www.apfelpatient.de\/en\/day\/ios-13-5\" class=\"ek-link\"><span style=\"text-decoration: underline;\" class=\"ek-underline\">archive<\/span><\/a>. <em>(Image: Apple)<\/em><\/p>\n\n\n\n<h6 class=\"wp-block-heading translation-block\" id=\"h-kennt-ihr-schon-unsere-amazon-storefront-dort-findet-ihr-eine-handverlesene-auswahl-von-diversen-produkten-f-r-euer-iphone-und-co-viel-spa-beim-st-bern\"><em>Have you already visited our Amazon Storefront? There you&#039;ll find a hand-picked selection of various products for your iPhone and other devices \u2013 <span class=\"has-inline-color has-vivid-red-color\"><a href=\"https:\/\/www.amazon.de\/shop\/apfelpatientofficial\" class=\"ek-link\" data-wpel-link=\"exclude\" rel=\"follow noopener\" target=\"_self\"><span style=\"text-decoration: underline\" class=\"ek-underline\">enjoy browsing<\/span><\/a> !<\/span><\/em><\/h6>\n\n\n\n\n\n<h6 class=\"wp-block-heading translation-block\" id=\"h-der-beitrag-enthalt-partnerlinks\">This post contains <a data-type=\"URL\" data-id=\"https:\/\/www.apfelpatient.de\/partnerprogramm\" href=\"https:\/\/www.apfelpatient.de\/en\/partner-program\" data-wpel-link=\"internal\" target=\"_self\">affiliate links<\/a>.<\/h6>","protected":false},"excerpt":{"rendered":"<p>iOS 13.5: Apple has made a change to FaceTime for groups as part of the new iOS preview \u2013 Automatic Highlighting.<\/p>","protected":false},"author":2,"featured_media":12018,"comment_status":"closed","ping_status":"closed","sticky":false,"template":"","format":"standard","meta":{"jnews-multi-image_gallery":[],"jnews_single_post":{"subtitle":"","format":"standard","video":"","gallery":"","source_name":"","source_url":"","via_name":"","via_url":"","override":[{"single_blog_custom":"","sidebar":"","second_sidebar":"","share_position":"","share_float_style":"","post_date_format":"","post_date_format_custom":"","post_reading_time_wpm":"","zoom_button_out_step":"1","zoom_button_in_step":"1","number_popup_post":"1"}],"image_override":[{"single_post_thumbnail_size":"","single_post_gallery_size":""}],"trending_post_position":"","trending_post_label":"","sponsored_post_label":"","sponsored_post_name":"","sponsored_post_url":"","sponsored_post_logo":"","sponsored_post_desc":""},"jnews_primary_category":{"id":"265"},"footnotes":""},"categories":[9],"tags":[107,3,393,404,33],"class_list":["post-12019","post","type-post","status-publish","format-standard","has-post-thumbnail","hentry","category-news","tag-facetime","tag-ios","tag-ios-13-4-5","tag-ios-13-5","tag-ipados"],"yoast_head":"<!-- This site is optimized with the Yoast SEO Premium plugin v27.5 (Yoast SEO v27.5) - https:\/\/yoast.com\/product\/yoast-seo-premium-wordpress\/ -->\n<title>iOS 13.5: Apple f\u00fcgt neue Option zu FaceTime hinzu Apfelpatient<\/title>\n<meta name=\"description\" content=\"iOS 13.5: Apple hat im Zuge der neuen iOS-Vorschau eine \u00c4nderung in Facetime f\u00fcr Gruppen vorgenommen - die Automatische Hervorhebung.\" \/>\n<meta name=\"robots\" content=\"index, follow, max-snippet:-1, max-image-preview:large, max-video-preview:-1\" \/>\n<link rel=\"canonical\" href=\"https:\/\/www.apfelpatient.de\/en\/news\/ios-13-5-apple-adds-new-option-to-facetime\" \/>\n<meta property=\"og:locale\" content=\"en_US\" \/>\n<meta property=\"og:type\" content=\"article\" \/>\n<meta property=\"og:title\" content=\"iOS 13.5: Apple f\u00fcgt neue Option zu FaceTime hinzu\" \/>\n<meta property=\"og:description\" content=\"iOS 13.5: Apple hat im Zuge der neuen iOS-Vorschau eine \u00c4nderung in Facetime f\u00fcr Gruppen vorgenommen - die Automatische Hervorhebung.\" \/>\n<meta property=\"og:url\" content=\"https:\/\/www.apfelpatient.de\/en\/news\/ios-13-5-apple-adds-new-option-to-facetime\" \/>\n<meta property=\"og:site_name\" content=\"Apfelpatient\" \/>\n<meta property=\"article:publisher\" content=\"https:\/\/www.facebook.com\/apfelpatientOfficial\" \/>\n<meta property=\"article:author\" content=\"https:\/\/www.facebook.com\/apfelpatientOfficial\" \/>\n<meta property=\"article:published_time\" content=\"2020-04-29T22:19:54+00:00\" \/>\n<meta property=\"og:image\" content=\"https:\/\/www.apfelpatient.de\/wp-content\/uploads\/2020\/04\/iPad-Pro_group-FaceTime_10302018.jpg\" \/>\n\t<meta property=\"og:image:width\" content=\"1142\" \/>\n\t<meta property=\"og:image:height\" content=\"922\" \/>\n\t<meta property=\"og:image:type\" content=\"image\/jpeg\" \/>\n<meta name=\"author\" content=\"Milan\" \/>\n<meta name=\"twitter:card\" content=\"summary_large_image\" \/>\n<meta name=\"twitter:description\" content=\"iOS 13.5: Apple hat im Zuge der neuen iOS-Vorschau eine \u00c4nderung in Facetime f\u00fcr Gruppen vorgenommen - die Automatische Hervorhebung.\" \/>\n<meta name=\"twitter:label1\" content=\"Written by\" \/>\n\t<meta name=\"twitter:data1\" content=\"Milan\" \/>\n\t<meta name=\"twitter:label2\" content=\"Est. reading time\" \/>\n\t<meta name=\"twitter:data2\" content=\"1 minute\" \/>\n<script type=\"application\/ld+json\" class=\"yoast-schema-graph\">{\"@context\":\"https:\\\/\\\/schema.org\",\"@graph\":[{\"@type\":\"NewsArticle\",\"@id\":\"https:\\\/\\\/www.apfelpatient.de\\\/news\\\/ios-13-5-apple-fuegt-neue-option-zu-facetime-hinzu#article\",\"isPartOf\":{\"@id\":\"https:\\\/\\\/www.apfelpatient.de\\\/news\\\/ios-13-5-apple-fuegt-neue-option-zu-facetime-hinzu\"},\"author\":{\"@type\":\"Organization\",\"@id\":\"https:\\\/\\\/www.apfelpatient.de\\\/en\\\/#organization\",\"name\":\"Apfelpatient\",\"url\":\"https:\\\/\\\/www.apfelpatient.de\\\/en\\\/\"},\"headline\":\"iOS 13.5: Apple f\u00fcgt neue Option zu FaceTime hinzu\",\"datePublished\":\"2020-04-29T22:19:54+00:00\",\"mainEntityOfPage\":{\"@id\":\"https:\\\/\\\/www.apfelpatient.de\\\/news\\\/ios-13-5-apple-fuegt-neue-option-zu-facetime-hinzu\"},\"wordCount\":265,\"publisher\":{\"@type\":\"Organization\",\"@id\":\"https:\\\/\\\/www.apfelpatient.de\\\/en\\\/#organization\",\"name\":\"Apfelpatient\",\"url\":\"https:\\\/\\\/www.apfelpatient.de\\\/en\\\/\"},\"image\":{\"@id\":\"https:\\\/\\\/www.apfelpatient.de\\\/news\\\/ios-13-5-apple-fuegt-neue-option-zu-facetime-hinzu#primaryimage\"},\"thumbnailUrl\":\"https:\\\/\\\/www.apfelpatient.de\\\/wp-content\\\/uploads\\\/2020\\\/04\\\/iPad-Pro_group-FaceTime_10302018.jpg\",\"keywords\":[\"FaceTime\",\"iOS\",\"iOS 13.4.5\",\"iOS 13.5\",\"iPadOS\"],\"articleSection\":\"News\",\"inLanguage\":\"en-US\",\"copyrightYear\":\"2020\",\"copyrightHolder\":{\"@id\":\"https:\\\/\\\/www.apfelpatient.de\\\/en\\\/#organization\"}},{\"@type\":\"WebPage\",\"@id\":\"https:\\\/\\\/www.apfelpatient.de\\\/news\\\/ios-13-5-apple-fuegt-neue-option-zu-facetime-hinzu\",\"url\":\"https:\\\/\\\/www.apfelpatient.de\\\/news\\\/ios-13-5-apple-fuegt-neue-option-zu-facetime-hinzu\",\"name\":\"iOS 13.5: Apple f\u00fcgt neue Option zu FaceTime hinzu Apfelpatient\",\"isPartOf\":{\"@id\":\"https:\\\/\\\/www.apfelpatient.de\\\/#website\"},\"primaryImageOfPage\":{\"@id\":\"https:\\\/\\\/www.apfelpatient.de\\\/news\\\/ios-13-5-apple-fuegt-neue-option-zu-facetime-hinzu#primaryimage\"},\"image\":{\"@id\":\"https:\\\/\\\/www.apfelpatient.de\\\/news\\\/ios-13-5-apple-fuegt-neue-option-zu-facetime-hinzu#primaryimage\"},\"thumbnailUrl\":\"https:\\\/\\\/www.apfelpatient.de\\\/wp-content\\\/uploads\\\/2020\\\/04\\\/iPad-Pro_group-FaceTime_10302018.jpg\",\"datePublished\":\"2020-04-29T22:19:54+00:00\",\"description\":\"iOS 13.5: Apple hat im Zuge der neuen iOS-Vorschau eine \u00c4nderung in Facetime f\u00fcr Gruppen vorgenommen - die Automatische Hervorhebung.\",\"breadcrumb\":{\"@id\":\"https:\\\/\\\/www.apfelpatient.de\\\/news\\\/ios-13-5-apple-fuegt-neue-option-zu-facetime-hinzu#breadcrumb\"},\"inLanguage\":\"en-US\",\"potentialAction\":[{\"@type\":\"ReadAction\",\"target\":[\"https:\\\/\\\/www.apfelpatient.de\\\/news\\\/ios-13-5-apple-fuegt-neue-option-zu-facetime-hinzu\"]}]},{\"@type\":\"ImageObject\",\"inLanguage\":\"en-US\",\"@id\":\"https:\\\/\\\/www.apfelpatient.de\\\/news\\\/ios-13-5-apple-fuegt-neue-option-zu-facetime-hinzu#primaryimage\",\"url\":\"https:\\\/\\\/www.apfelpatient.de\\\/wp-content\\\/uploads\\\/2020\\\/04\\\/iPad-Pro_group-FaceTime_10302018.jpg\",\"contentUrl\":\"https:\\\/\\\/www.apfelpatient.de\\\/wp-content\\\/uploads\\\/2020\\\/04\\\/iPad-Pro_group-FaceTime_10302018.jpg\",\"width\":1142,\"height\":922,\"caption\":\"Bild: Apple\"},{\"@type\":\"BreadcrumbList\",\"@id\":\"https:\\\/\\\/www.apfelpatient.de\\\/news\\\/ios-13-5-apple-fuegt-neue-option-zu-facetime-hinzu#breadcrumb\",\"itemListElement\":[{\"@type\":\"ListItem\",\"position\":1,\"name\":\"Startseite\",\"item\":\"https:\\\/\\\/www.apfelpatient.de\\\/\"},{\"@type\":\"ListItem\",\"position\":2,\"name\":\"iOS 13.5: Apple f\u00fcgt neue Option zu FaceTime hinzu\"}]},{\"@type\":\"WebSite\",\"@id\":\"https:\\\/\\\/www.apfelpatient.de\\\/#website\",\"url\":\"https:\\\/\\\/www.apfelpatient.de\\\/\",\"name\":\"Apfelpatient\",\"description\":\"Alles rund um Apple!\",\"publisher\":{\"@type\":\"Organization\",\"@id\":\"https:\\\/\\\/www.apfelpatient.de\\\/en\\\/#organization\",\"name\":\"Apfelpatient\",\"url\":\"https:\\\/\\\/www.apfelpatient.de\\\/en\\\/\"},\"alternateName\":\"Apfelpatient\",\"potentialAction\":[{\"@type\":\"SearchAction\",\"target\":{\"@type\":\"EntryPoint\",\"urlTemplate\":\"https:\\\/\\\/www.apfelpatient.de\\\/?s={search_term_string}\"},\"query-input\":{\"@type\":\"PropertyValueSpecification\",\"valueRequired\":true,\"valueName\":\"search_term_string\"}}],\"inLanguage\":\"en-US\"},{\"@type\":[\"Person\",\"Organization\"],\"@id\":\"https:\\\/\\\/www.apfelpatient.de\\\/#\\\/schema\\\/person\\\/7dc56ad6c8e9824b76d2c08d4c140e13\",\"name\":\"Milan\",\"logo\":{\"@id\":\"https:\\\/\\\/www.apfelpatient.de\\\/#\\\/schema\\\/person\\\/image\\\/\"},\"description\":\"Hallo und herzlich willkommen auf meinem Technik-Blog! Als gro\u00dfer Apple-Fan berichte ich hier \u00fcber alles, was mit Apple zu tun hat: von den neuesten News und spannenden Ger\u00fcchten \u00fcber hilfreiche Tipps und Tricks bis hin zu ausf\u00fchrlichen Produkttests. Wenn du genauso technikbegeistert bist wie ich, bist du hier genau richtig!\",\"sameAs\":[\"https:\\\/\\\/www.facebook.com\\\/apfelpatientOfficial\",\"https:\\\/\\\/www.linkedin.com\\\/in\\\/milan-jovicic-42aa0231b\"],\"url\":\"https:\\\/\\\/www.apfelpatient.de\\\/en\\\/author\\\/apfeladmin\"}]}<\/script>\n<!-- \/ Yoast SEO Premium plugin. -->","yoast_head_json":{"title":"iOS 13.5: Apple adds new option to FaceTime Apfelpatient","description":"iOS 13.5: Apple has made a change to Facetime for groups as part of the new iOS preview - Automatic Highlighting.","robots":{"index":"index","follow":"follow","max-snippet":"max-snippet:-1","max-image-preview":"max-image-preview:large","max-video-preview":"max-video-preview:-1"},"canonical":"https:\/\/www.apfelpatient.de\/en\/news\/ios-13-5-apple-adds-new-option-to-facetime","og_locale":"en_US","og_type":"article","og_title":"iOS 13.5: Apple f\u00fcgt neue Option zu FaceTime hinzu","og_description":"iOS 13.5: Apple hat im Zuge der neuen iOS-Vorschau eine \u00c4nderung in Facetime f\u00fcr Gruppen vorgenommen - die Automatische Hervorhebung.","og_url":"https:\/\/www.apfelpatient.de\/en\/news\/ios-13-5-apple-adds-new-option-to-facetime","og_site_name":"Apfelpatient","article_publisher":"https:\/\/www.facebook.com\/apfelpatientOfficial","article_author":"https:\/\/www.facebook.com\/apfelpatientOfficial","article_published_time":"2020-04-29T22:19:54+00:00","og_image":[{"width":1142,"height":922,"url":"https:\/\/www.apfelpatient.de\/wp-content\/uploads\/2020\/04\/iPad-Pro_group-FaceTime_10302018.jpg","type":"image\/jpeg"}],"author":"Milan","twitter_card":"summary_large_image","twitter_description":"iOS 13.5: Apple hat im Zuge der neuen iOS-Vorschau eine \u00c4nderung in Facetime f\u00fcr Gruppen vorgenommen - die Automatische Hervorhebung.","twitter_misc":{"Written by":"Milan","Est. reading time":"1 minute"},"schema":{"@context":"https:\/\/schema.org","@graph":[{"@type":"NewsArticle","@id":"https:\/\/www.apfelpatient.de\/news\/ios-13-5-apple-fuegt-neue-option-zu-facetime-hinzu#article","isPartOf":{"@id":"https:\/\/www.apfelpatient.de\/news\/ios-13-5-apple-fuegt-neue-option-zu-facetime-hinzu"},"author":{"@type":"Organization","@id":"https:\/\/www.apfelpatient.de\/en\/#organization","name":"Apfelpatient","url":"https:\/\/www.apfelpatient.de\/en\/"},"headline":"iOS 13.5: Apple f\u00fcgt neue Option zu FaceTime hinzu","datePublished":"2020-04-29T22:19:54+00:00","mainEntityOfPage":{"@id":"https:\/\/www.apfelpatient.de\/news\/ios-13-5-apple-fuegt-neue-option-zu-facetime-hinzu"},"wordCount":265,"publisher":{"@type":"Organization","@id":"https:\/\/www.apfelpatient.de\/en\/#organization","name":"Apfelpatient","url":"https:\/\/www.apfelpatient.de\/en\/"},"image":{"@id":"https:\/\/www.apfelpatient.de\/news\/ios-13-5-apple-fuegt-neue-option-zu-facetime-hinzu#primaryimage"},"thumbnailUrl":"https:\/\/www.apfelpatient.de\/wp-content\/uploads\/2020\/04\/iPad-Pro_group-FaceTime_10302018.jpg","keywords":["FaceTime","iOS","iOS 13.4.5","iOS 13.5","iPadOS"],"articleSection":"News","inLanguage":"en-US","copyrightYear":"2020","copyrightHolder":{"@id":"https:\/\/www.apfelpatient.de\/en\/#organization"}},{"@type":"WebPage","@id":"https:\/\/www.apfelpatient.de\/news\/ios-13-5-apple-fuegt-neue-option-zu-facetime-hinzu","url":"https:\/\/www.apfelpatient.de\/news\/ios-13-5-apple-fuegt-neue-option-zu-facetime-hinzu","name":"iOS 13.5: Apple adds new option to FaceTime Apfelpatient","isPartOf":{"@id":"https:\/\/www.apfelpatient.de\/#website"},"primaryImageOfPage":{"@id":"https:\/\/www.apfelpatient.de\/news\/ios-13-5-apple-fuegt-neue-option-zu-facetime-hinzu#primaryimage"},"image":{"@id":"https:\/\/www.apfelpatient.de\/news\/ios-13-5-apple-fuegt-neue-option-zu-facetime-hinzu#primaryimage"},"thumbnailUrl":"https:\/\/www.apfelpatient.de\/wp-content\/uploads\/2020\/04\/iPad-Pro_group-FaceTime_10302018.jpg","datePublished":"2020-04-29T22:19:54+00:00","description":"iOS 13.5: Apple has made a change to Facetime for groups as part of the new iOS preview - Automatic Highlighting.","breadcrumb":{"@id":"https:\/\/www.apfelpatient.de\/news\/ios-13-5-apple-fuegt-neue-option-zu-facetime-hinzu#breadcrumb"},"inLanguage":"en-US","potentialAction":[{"@type":"ReadAction","target":["https:\/\/www.apfelpatient.de\/news\/ios-13-5-apple-fuegt-neue-option-zu-facetime-hinzu"]}]},{"@type":"ImageObject","inLanguage":"en-US","@id":"https:\/\/www.apfelpatient.de\/news\/ios-13-5-apple-fuegt-neue-option-zu-facetime-hinzu#primaryimage","url":"https:\/\/www.apfelpatient.de\/wp-content\/uploads\/2020\/04\/iPad-Pro_group-FaceTime_10302018.jpg","contentUrl":"https:\/\/www.apfelpatient.de\/wp-content\/uploads\/2020\/04\/iPad-Pro_group-FaceTime_10302018.jpg","width":1142,"height":922,"caption":"Bild: Apple"},{"@type":"BreadcrumbList","@id":"https:\/\/www.apfelpatient.de\/news\/ios-13-5-apple-fuegt-neue-option-zu-facetime-hinzu#breadcrumb","itemListElement":[{"@type":"ListItem","position":1,"name":"Startseite","item":"https:\/\/www.apfelpatient.de\/"},{"@type":"ListItem","position":2,"name":"iOS 13.5: Apple f\u00fcgt neue Option zu FaceTime hinzu"}]},{"@type":"WebSite","@id":"https:\/\/www.apfelpatient.de\/#website","url":"https:\/\/www.apfelpatient.de\/","name":"apple patient","description":"Everything about Apple!","publisher":{"@type":"Organization","@id":"https:\/\/www.apfelpatient.de\/en\/#organization","name":"Apfelpatient","url":"https:\/\/www.apfelpatient.de\/en\/"},"alternateName":"Apfelpatient","potentialAction":[{"@type":"SearchAction","target":{"@type":"EntryPoint","urlTemplate":"https:\/\/www.apfelpatient.de\/?s={search_term_string}"},"query-input":{"@type":"PropertyValueSpecification","valueRequired":true,"valueName":"search_term_string"}}],"inLanguage":"en-US"},{"@type":["Person","Organization"],"@id":"https:\/\/www.apfelpatient.de\/#\/schema\/person\/7dc56ad6c8e9824b76d2c08d4c140e13","name":"Milan","logo":{"@id":"https:\/\/www.apfelpatient.de\/#\/schema\/person\/image\/"},"description":"Hello and welcome to my technology blog! As a big Apple fan, I report on everything to do with Apple: from the latest news and exciting rumors to helpful tips and tricks and detailed product tests. If you are as enthusiastic about technology as I am, you have come to the right place!","sameAs":["https:\/\/www.facebook.com\/apfelpatientOfficial","https:\/\/www.linkedin.com\/in\/milan-jovicic-42aa0231b"],"url":"https:\/\/www.apfelpatient.de\/en\/author\/apfeladmin"}]}},"_links":{"self":[{"href":"https:\/\/www.apfelpatient.de\/en\/wp-json\/wp\/v2\/posts\/12019","targetHints":{"allow":["GET"]}}],"collection":[{"href":"https:\/\/www.apfelpatient.de\/en\/wp-json\/wp\/v2\/posts"}],"about":[{"href":"https:\/\/www.apfelpatient.de\/en\/wp-json\/wp\/v2\/types\/post"}],"author":[{"embeddable":true,"href":"https:\/\/www.apfelpatient.de\/en\/wp-json\/wp\/v2\/users\/2"}],"replies":[{"embeddable":true,"href":"https:\/\/www.apfelpatient.de\/en\/wp-json\/wp\/v2\/comments?post=12019"}],"version-history":[{"count":0,"href":"https:\/\/www.apfelpatient.de\/en\/wp-json\/wp\/v2\/posts\/12019\/revisions"}],"wp:featuredmedia":[{"embeddable":true,"href":"https:\/\/www.apfelpatient.de\/en\/wp-json\/wp\/v2\/media\/12018"}],"wp:attachment":[{"href":"https:\/\/www.apfelpatient.de\/en\/wp-json\/wp\/v2\/media?parent=12019"}],"wp:term":[{"taxonomy":"category","embeddable":true,"href":"https:\/\/www.apfelpatient.de\/en\/wp-json\/wp\/v2\/categories?post=12019"},{"taxonomy":"post_tag","embeddable":true,"href":"https:\/\/www.apfelpatient.de\/en\/wp-json\/wp\/v2\/tags?post=12019"}],"curies":[{"name":"wp","href":"https:\/\/api.w.org\/{rel}","templated":true}]}}