{"id":12001,"date":"2020-04-29T20:42:17","date_gmt":"2020-04-29T18:42:17","guid":{"rendered":"https:\/\/www.apfelpatient.de\/?p=12001"},"modified":"2020-04-29T20:42:17","modified_gmt":"2020-04-29T18:42:17","slug":"covid-19-face-id-recognizes-masks-under-ios-13-5","status":"publish","type":"post","link":"https:\/\/www.apfelpatient.de\/en\/news\/covid-19-face-id-erkennt-unter-ios-13-5-masken","title":{"rendered":"COVID-19: Face ID recognizes masks under iOS 13.5"},"content":{"rendered":"<p class=\"has-drop-cap\"><strong>Apple released a number of new beta versions this evening, including iOS 13.5. The new iPhone operating system includes an important change to Face ID.<\/strong><\/p>\n\n\n\n<p>Under <a href=\"https:\/\/www.apfelpatient.de\/en\/news\/covid-19-api-apple-releases-ios-13-5-beta\" class=\"ek-link\"><span style=\"text-decoration: underline;\" class=\"ek-underline\">iOS 13.5<\/span><\/a> Apple has implemented the much-discussed interface for COVID-19 contact tracing for the first time. In conjunction with the Xcode 11.5 beta, this is only available to developers who work for official health authorities. But iOS 13.5 also has a change for Face ID. This means that an iPhone can now recognize masks and jump directly to password entry. This improves the use of Face ID together with masks immensely.<\/p>\n\n\n\n<h3 class=\"wp-block-heading\">implementation of the API<\/h3>\n\n\n\n\n\n\n\n<p>There are various solutions that have been circulating on the Internet in recent weeks, but none of these methods have proven to be truly reliable. This makes the new feature in iOS 13.5 all the more important. No other changes have been discovered so far. If there is anything else worth mentioning, we will of course report on it in a separate article. In addition to the security adjustment, as already mentioned, the new <a href=\"https:\/\/www.apple.com\/covid19\/contacttracing\/\" class=\"ek-link\"><span style=\"text-decoration: underline;\" class=\"ek-underline\">API<\/span><\/a> for contact tracing. Although the step has already been discussed several times, the new beta is causing further discussion. If you want to learn more about the interface, you will find a number of important articles on the topic below. <em>(Photo by Mihailo K \/ Bigstockphoto)<\/em><\/p>\n\n\n\n<ul class=\"wp-block-list\"><li><a href=\"https:\/\/www.apfelpatient.de\/en\/news\/corona-tracing-apple-google-make-changes\" class=\"ek-link\"><span style=\"text-decoration: underline;\" class=\"ek-underline\">Corona tracing: Apple &amp; Google make changes<\/span><\/a><\/li><li><a href=\"https:\/\/www.apfelpatient.de\/en\/news\/corona-tracing-federal-government-comments\" class=\"ek-link\"><span style=\"text-decoration: underline;\" class=\"ek-underline\">Corona tracing: Federal government comments<\/span><\/a><\/li><li><a href=\"https:\/\/www.apfelpatient.de\/en\/news\/covid-19-apple-google-this-is-how-the-partnership-came-about\" class=\"ek-link\"><span style=\"text-decoration: underline;\" class=\"ek-underline\">COVID-19: Apple &amp; Google \u2013 how the partnership came about<\/span><\/a><\/li><li><a href=\"https:\/\/www.apfelpatient.de\/en\/tips-tricks\/covid-19-how-to-deactivate-contact-tracing-under-ios-13-5\" class=\"ek-link\"><span style=\"text-decoration: underline;\" class=\"ek-underline\">COVID-19: How to disable contact tracing on iOS 13.5<\/span><\/a><\/li><\/ul>\n\n\n\n<h6 class=\"wp-block-heading translation-block\" id=\"h-kennt-ihr-schon-unsere-amazon-storefront-dort-findet-ihr-eine-handverlesene-auswahl-von-diversen-produkten-f-r-euer-iphone-und-co-viel-spa-beim-st-bern\"><em>Have you already visited our Amazon Storefront? There you&#039;ll find a hand-picked selection of various products for your iPhone and other devices \u2013 <span class=\"has-inline-color has-vivid-red-color\"><a href=\"https:\/\/www.amazon.de\/shop\/apfelpatientofficial\" class=\"ek-link\" data-wpel-link=\"exclude\" rel=\"follow noopener\" target=\"_self\"><span style=\"text-decoration: underline\" class=\"ek-underline\">enjoy browsing<\/span><\/a> !<\/span><\/em><\/h6>\n\n\n\n\n\n<h6 class=\"wp-block-heading translation-block\" id=\"h-der-beitrag-enthalt-partnerlinks\">This post contains <a data-type=\"URL\" data-id=\"https:\/\/www.apfelpatient.de\/partnerprogramm\" href=\"https:\/\/www.apfelpatient.de\/en\/partner-program\" data-wpel-link=\"internal\" target=\"_self\">affiliate links<\/a>.<\/h6>","protected":false},"excerpt":{"rendered":"<p>Apple has redesigned Face ID in iOS 13.5 to make it easier to unlock the iPhone while wearing masks. <\/p>","protected":false},"author":2,"featured_media":12002,"comment_status":"closed","ping_status":"closed","sticky":false,"template":"","format":"standard","meta":{"jnews-multi-image_gallery":[],"jnews_single_post":{"subtitle":"","format":"standard","video":"","gallery":"","source_name":"","source_url":"","via_name":"","via_url":"","override":[{"single_blog_custom":"","sidebar":"","second_sidebar":"","share_position":"","share_float_style":"","post_date_format":"","post_date_format_custom":"","post_reading_time_wpm":"","zoom_button_out_step":"1","zoom_button_in_step":"1","number_popup_post":"1"}],"image_override":[{"single_post_thumbnail_size":"","single_post_gallery_size":""}],"trending_post_position":"","trending_post_label":"","sponsored_post_label":"","sponsored_post_name":"","sponsored_post_url":"","sponsored_post_logo":"","sponsored_post_desc":""},"jnews_primary_category":{"id":"265"},"footnotes":""},"categories":[9],"tags":[376,37,3,404],"class_list":["post-12001","post","type-post","status-publish","format-standard","has-post-thumbnail","hentry","category-news","tag-coronavirus","tag-face-id","tag-ios","tag-ios-13-5"],"yoast_head":"<!-- This site is optimized with the Yoast SEO Premium plugin v27.5 (Yoast SEO v27.5) - https:\/\/yoast.com\/product\/yoast-seo-premium-wordpress\/ -->\n<title>COVID-19: Face ID erkennt unter iOS 13.5 Masken Apfelpatient<\/title>\n<meta name=\"description\" content=\"Apple hat unter iOS 13.5 Face ID \u00fcberarbeitet, um das Entsperren des iPhones beim Tragen von Masken zu erleichtern.\" \/>\n<meta name=\"robots\" content=\"index, follow, max-snippet:-1, max-image-preview:large, max-video-preview:-1\" \/>\n<link rel=\"canonical\" href=\"https:\/\/www.apfelpatient.de\/en\/news\/covid-19-face-id-recognizes-masks-under-ios-13-5\" \/>\n<meta property=\"og:locale\" content=\"en_US\" \/>\n<meta property=\"og:type\" content=\"article\" \/>\n<meta property=\"og:title\" content=\"COVID-19: Face ID erkennt unter iOS 13.5 Masken\" \/>\n<meta property=\"og:description\" content=\"Apple hat unter iOS 13.5 Face ID \u00fcberarbeitet, um das Entsperren des iPhones beim Tragen von Masken zu erleichtern.\" \/>\n<meta property=\"og:url\" content=\"https:\/\/www.apfelpatient.de\/en\/news\/covid-19-face-id-recognizes-masks-under-ios-13-5\" \/>\n<meta property=\"og:site_name\" content=\"Apfelpatient\" \/>\n<meta property=\"article:publisher\" content=\"https:\/\/www.facebook.com\/apfelpatientOfficial\" \/>\n<meta property=\"article:author\" content=\"https:\/\/www.facebook.com\/apfelpatientOfficial\" \/>\n<meta property=\"article:published_time\" content=\"2020-04-29T18:42:17+00:00\" \/>\n<meta property=\"og:image\" content=\"https:\/\/www.apfelpatient.de\/wp-content\/uploads\/2020\/04\/bigstock-Beautiful-With-Mask-On-Street-356359370.jpg\" \/>\n\t<meta property=\"og:image:width\" content=\"1600\" \/>\n\t<meta property=\"og:image:height\" content=\"1068\" \/>\n\t<meta property=\"og:image:type\" content=\"image\/jpeg\" \/>\n<meta name=\"author\" content=\"Milan\" \/>\n<meta name=\"twitter:card\" content=\"summary_large_image\" \/>\n<meta name=\"twitter:description\" content=\"Apple hat unter iOS 13.5 Face ID \u00fcberarbeitet, um das Entsperren des iPhones beim Tragen von Masken zu erleichtern.\" \/>\n<meta name=\"twitter:label1\" content=\"Written by\" \/>\n\t<meta name=\"twitter:data1\" content=\"Milan\" \/>\n\t<meta name=\"twitter:label2\" content=\"Est. reading time\" \/>\n\t<meta name=\"twitter:data2\" content=\"1 minute\" \/>\n<script type=\"application\/ld+json\" class=\"yoast-schema-graph\">{\"@context\":\"https:\\\/\\\/schema.org\",\"@graph\":[{\"@type\":\"NewsArticle\",\"@id\":\"https:\\\/\\\/www.apfelpatient.de\\\/news\\\/covid-19-face-id-erkennt-unter-ios-13-5-masken#article\",\"isPartOf\":{\"@id\":\"https:\\\/\\\/www.apfelpatient.de\\\/news\\\/covid-19-face-id-erkennt-unter-ios-13-5-masken\"},\"author\":{\"@type\":\"Organization\",\"@id\":\"https:\\\/\\\/www.apfelpatient.de\\\/en\\\/#organization\",\"name\":\"Apfelpatient\",\"url\":\"https:\\\/\\\/www.apfelpatient.de\\\/en\\\/\"},\"headline\":\"COVID-19: Face ID erkennt unter iOS 13.5 Masken\",\"datePublished\":\"2020-04-29T18:42:17+00:00\",\"mainEntityOfPage\":{\"@id\":\"https:\\\/\\\/www.apfelpatient.de\\\/news\\\/covid-19-face-id-erkennt-unter-ios-13-5-masken\"},\"wordCount\":249,\"publisher\":{\"@type\":\"Organization\",\"@id\":\"https:\\\/\\\/www.apfelpatient.de\\\/en\\\/#organization\",\"name\":\"Apfelpatient\",\"url\":\"https:\\\/\\\/www.apfelpatient.de\\\/en\\\/\"},\"image\":{\"@id\":\"https:\\\/\\\/www.apfelpatient.de\\\/news\\\/covid-19-face-id-erkennt-unter-ios-13-5-masken#primaryimage\"},\"thumbnailUrl\":\"https:\\\/\\\/www.apfelpatient.de\\\/wp-content\\\/uploads\\\/2020\\\/04\\\/bigstock-Beautiful-With-Mask-On-Street-356359370.jpg\",\"keywords\":[\"Coronavirus\",\"Face ID\",\"iOS\",\"iOS 13.5\"],\"articleSection\":\"News\",\"inLanguage\":\"en-US\",\"copyrightYear\":\"2020\",\"copyrightHolder\":{\"@id\":\"https:\\\/\\\/www.apfelpatient.de\\\/en\\\/#organization\"}},{\"@type\":\"WebPage\",\"@id\":\"https:\\\/\\\/www.apfelpatient.de\\\/news\\\/covid-19-face-id-erkennt-unter-ios-13-5-masken\",\"url\":\"https:\\\/\\\/www.apfelpatient.de\\\/news\\\/covid-19-face-id-erkennt-unter-ios-13-5-masken\",\"name\":\"COVID-19: Face ID erkennt unter iOS 13.5 Masken Apfelpatient\",\"isPartOf\":{\"@id\":\"https:\\\/\\\/www.apfelpatient.de\\\/#website\"},\"primaryImageOfPage\":{\"@id\":\"https:\\\/\\\/www.apfelpatient.de\\\/news\\\/covid-19-face-id-erkennt-unter-ios-13-5-masken#primaryimage\"},\"image\":{\"@id\":\"https:\\\/\\\/www.apfelpatient.de\\\/news\\\/covid-19-face-id-erkennt-unter-ios-13-5-masken#primaryimage\"},\"thumbnailUrl\":\"https:\\\/\\\/www.apfelpatient.de\\\/wp-content\\\/uploads\\\/2020\\\/04\\\/bigstock-Beautiful-With-Mask-On-Street-356359370.jpg\",\"datePublished\":\"2020-04-29T18:42:17+00:00\",\"description\":\"Apple hat unter iOS 13.5 Face ID \u00fcberarbeitet, um das Entsperren des iPhones beim Tragen von Masken zu erleichtern.\",\"breadcrumb\":{\"@id\":\"https:\\\/\\\/www.apfelpatient.de\\\/news\\\/covid-19-face-id-erkennt-unter-ios-13-5-masken#breadcrumb\"},\"inLanguage\":\"en-US\",\"potentialAction\":[{\"@type\":\"ReadAction\",\"target\":[\"https:\\\/\\\/www.apfelpatient.de\\\/news\\\/covid-19-face-id-erkennt-unter-ios-13-5-masken\"]}]},{\"@type\":\"ImageObject\",\"inLanguage\":\"en-US\",\"@id\":\"https:\\\/\\\/www.apfelpatient.de\\\/news\\\/covid-19-face-id-erkennt-unter-ios-13-5-masken#primaryimage\",\"url\":\"https:\\\/\\\/www.apfelpatient.de\\\/wp-content\\\/uploads\\\/2020\\\/04\\\/bigstock-Beautiful-With-Mask-On-Street-356359370.jpg\",\"contentUrl\":\"https:\\\/\\\/www.apfelpatient.de\\\/wp-content\\\/uploads\\\/2020\\\/04\\\/bigstock-Beautiful-With-Mask-On-Street-356359370.jpg\",\"width\":1600,\"height\":1068,\"caption\":\"Beautiful with mask on street. Covid-19 protection. Woman protecting from coronavirus. Coronavirus. Virus protection mask. Covid - 19. Concept of coronavirus protection. Sick people with mask. People with mask. Young woman with mask. Mask against coronavi\"},{\"@type\":\"BreadcrumbList\",\"@id\":\"https:\\\/\\\/www.apfelpatient.de\\\/news\\\/covid-19-face-id-erkennt-unter-ios-13-5-masken#breadcrumb\",\"itemListElement\":[{\"@type\":\"ListItem\",\"position\":1,\"name\":\"Startseite\",\"item\":\"https:\\\/\\\/www.apfelpatient.de\\\/\"},{\"@type\":\"ListItem\",\"position\":2,\"name\":\"COVID-19: Face ID erkennt unter iOS 13.5 Masken\"}]},{\"@type\":\"WebSite\",\"@id\":\"https:\\\/\\\/www.apfelpatient.de\\\/#website\",\"url\":\"https:\\\/\\\/www.apfelpatient.de\\\/\",\"name\":\"Apfelpatient\",\"description\":\"Alles rund um Apple!\",\"publisher\":{\"@type\":\"Organization\",\"@id\":\"https:\\\/\\\/www.apfelpatient.de\\\/en\\\/#organization\",\"name\":\"Apfelpatient\",\"url\":\"https:\\\/\\\/www.apfelpatient.de\\\/en\\\/\"},\"alternateName\":\"Apfelpatient\",\"potentialAction\":[{\"@type\":\"SearchAction\",\"target\":{\"@type\":\"EntryPoint\",\"urlTemplate\":\"https:\\\/\\\/www.apfelpatient.de\\\/?s={search_term_string}\"},\"query-input\":{\"@type\":\"PropertyValueSpecification\",\"valueRequired\":true,\"valueName\":\"search_term_string\"}}],\"inLanguage\":\"en-US\"},{\"@type\":[\"Person\",\"Organization\"],\"@id\":\"https:\\\/\\\/www.apfelpatient.de\\\/#\\\/schema\\\/person\\\/7dc56ad6c8e9824b76d2c08d4c140e13\",\"name\":\"Milan\",\"logo\":{\"@id\":\"https:\\\/\\\/www.apfelpatient.de\\\/#\\\/schema\\\/person\\\/image\\\/\"},\"description\":\"Hallo und herzlich willkommen auf meinem Technik-Blog! Als gro\u00dfer Apple-Fan berichte ich hier \u00fcber alles, was mit Apple zu tun hat: von den neuesten News und spannenden Ger\u00fcchten \u00fcber hilfreiche Tipps und Tricks bis hin zu ausf\u00fchrlichen Produkttests. Wenn du genauso technikbegeistert bist wie ich, bist du hier genau richtig!\",\"sameAs\":[\"https:\\\/\\\/www.facebook.com\\\/apfelpatientOfficial\",\"https:\\\/\\\/www.linkedin.com\\\/in\\\/milan-jovicic-42aa0231b\"],\"url\":\"https:\\\/\\\/www.apfelpatient.de\\\/en\\\/author\\\/apfeladmin\"}]}<\/script>\n<!-- \/ Yoast SEO Premium plugin. -->","yoast_head_json":{"title":"COVID-19: Face ID recognizes masks under iOS 13.5 Apfelpatient","description":"Apple has redesigned Face ID in iOS 13.5 to make it easier to unlock the iPhone while wearing masks.","robots":{"index":"index","follow":"follow","max-snippet":"max-snippet:-1","max-image-preview":"max-image-preview:large","max-video-preview":"max-video-preview:-1"},"canonical":"https:\/\/www.apfelpatient.de\/en\/news\/covid-19-face-id-recognizes-masks-under-ios-13-5","og_locale":"en_US","og_type":"article","og_title":"COVID-19: Face ID erkennt unter iOS 13.5 Masken","og_description":"Apple hat unter iOS 13.5 Face ID \u00fcberarbeitet, um das Entsperren des iPhones beim Tragen von Masken zu erleichtern.","og_url":"https:\/\/www.apfelpatient.de\/en\/news\/covid-19-face-id-recognizes-masks-under-ios-13-5","og_site_name":"Apfelpatient","article_publisher":"https:\/\/www.facebook.com\/apfelpatientOfficial","article_author":"https:\/\/www.facebook.com\/apfelpatientOfficial","article_published_time":"2020-04-29T18:42:17+00:00","og_image":[{"width":1600,"height":1068,"url":"https:\/\/www.apfelpatient.de\/wp-content\/uploads\/2020\/04\/bigstock-Beautiful-With-Mask-On-Street-356359370.jpg","type":"image\/jpeg"}],"author":"Milan","twitter_card":"summary_large_image","twitter_description":"Apple hat unter iOS 13.5 Face ID \u00fcberarbeitet, um das Entsperren des iPhones beim Tragen von Masken zu erleichtern.","twitter_misc":{"Written by":"Milan","Est. reading time":"1 minute"},"schema":{"@context":"https:\/\/schema.org","@graph":[{"@type":"NewsArticle","@id":"https:\/\/www.apfelpatient.de\/news\/covid-19-face-id-erkennt-unter-ios-13-5-masken#article","isPartOf":{"@id":"https:\/\/www.apfelpatient.de\/news\/covid-19-face-id-erkennt-unter-ios-13-5-masken"},"author":{"@type":"Organization","@id":"https:\/\/www.apfelpatient.de\/en\/#organization","name":"Apfelpatient","url":"https:\/\/www.apfelpatient.de\/en\/"},"headline":"COVID-19: Face ID erkennt unter iOS 13.5 Masken","datePublished":"2020-04-29T18:42:17+00:00","mainEntityOfPage":{"@id":"https:\/\/www.apfelpatient.de\/news\/covid-19-face-id-erkennt-unter-ios-13-5-masken"},"wordCount":249,"publisher":{"@type":"Organization","@id":"https:\/\/www.apfelpatient.de\/en\/#organization","name":"Apfelpatient","url":"https:\/\/www.apfelpatient.de\/en\/"},"image":{"@id":"https:\/\/www.apfelpatient.de\/news\/covid-19-face-id-erkennt-unter-ios-13-5-masken#primaryimage"},"thumbnailUrl":"https:\/\/www.apfelpatient.de\/wp-content\/uploads\/2020\/04\/bigstock-Beautiful-With-Mask-On-Street-356359370.jpg","keywords":["Coronavirus","Face ID","iOS","iOS 13.5"],"articleSection":"News","inLanguage":"en-US","copyrightYear":"2020","copyrightHolder":{"@id":"https:\/\/www.apfelpatient.de\/en\/#organization"}},{"@type":"WebPage","@id":"https:\/\/www.apfelpatient.de\/news\/covid-19-face-id-erkennt-unter-ios-13-5-masken","url":"https:\/\/www.apfelpatient.de\/news\/covid-19-face-id-erkennt-unter-ios-13-5-masken","name":"COVID-19: Face ID recognizes masks under iOS 13.5 Apfelpatient","isPartOf":{"@id":"https:\/\/www.apfelpatient.de\/#website"},"primaryImageOfPage":{"@id":"https:\/\/www.apfelpatient.de\/news\/covid-19-face-id-erkennt-unter-ios-13-5-masken#primaryimage"},"image":{"@id":"https:\/\/www.apfelpatient.de\/news\/covid-19-face-id-erkennt-unter-ios-13-5-masken#primaryimage"},"thumbnailUrl":"https:\/\/www.apfelpatient.de\/wp-content\/uploads\/2020\/04\/bigstock-Beautiful-With-Mask-On-Street-356359370.jpg","datePublished":"2020-04-29T18:42:17+00:00","description":"Apple has redesigned Face ID in iOS 13.5 to make it easier to unlock the iPhone while wearing masks.","breadcrumb":{"@id":"https:\/\/www.apfelpatient.de\/news\/covid-19-face-id-erkennt-unter-ios-13-5-masken#breadcrumb"},"inLanguage":"en-US","potentialAction":[{"@type":"ReadAction","target":["https:\/\/www.apfelpatient.de\/news\/covid-19-face-id-erkennt-unter-ios-13-5-masken"]}]},{"@type":"ImageObject","inLanguage":"en-US","@id":"https:\/\/www.apfelpatient.de\/news\/covid-19-face-id-erkennt-unter-ios-13-5-masken#primaryimage","url":"https:\/\/www.apfelpatient.de\/wp-content\/uploads\/2020\/04\/bigstock-Beautiful-With-Mask-On-Street-356359370.jpg","contentUrl":"https:\/\/www.apfelpatient.de\/wp-content\/uploads\/2020\/04\/bigstock-Beautiful-With-Mask-On-Street-356359370.jpg","width":1600,"height":1068,"caption":"Beautiful with mask on street. Covid-19 protection. Woman protecting from coronavirus. Coronavirus. Virus protection mask. Covid - 19. Concept of coronavirus protection. Sick people with mask. People with mask. Young woman with mask. Mask against coronavi"},{"@type":"BreadcrumbList","@id":"https:\/\/www.apfelpatient.de\/news\/covid-19-face-id-erkennt-unter-ios-13-5-masken#breadcrumb","itemListElement":[{"@type":"ListItem","position":1,"name":"Startseite","item":"https:\/\/www.apfelpatient.de\/"},{"@type":"ListItem","position":2,"name":"COVID-19: Face ID erkennt unter iOS 13.5 Masken"}]},{"@type":"WebSite","@id":"https:\/\/www.apfelpatient.de\/#website","url":"https:\/\/www.apfelpatient.de\/","name":"apple patient","description":"Everything about Apple!","publisher":{"@type":"Organization","@id":"https:\/\/www.apfelpatient.de\/en\/#organization","name":"Apfelpatient","url":"https:\/\/www.apfelpatient.de\/en\/"},"alternateName":"Apfelpatient","potentialAction":[{"@type":"SearchAction","target":{"@type":"EntryPoint","urlTemplate":"https:\/\/www.apfelpatient.de\/?s={search_term_string}"},"query-input":{"@type":"PropertyValueSpecification","valueRequired":true,"valueName":"search_term_string"}}],"inLanguage":"en-US"},{"@type":["Person","Organization"],"@id":"https:\/\/www.apfelpatient.de\/#\/schema\/person\/7dc56ad6c8e9824b76d2c08d4c140e13","name":"Milan","logo":{"@id":"https:\/\/www.apfelpatient.de\/#\/schema\/person\/image\/"},"description":"Hello and welcome to my technology blog! As a big Apple fan, I report on everything to do with Apple: from the latest news and exciting rumors to helpful tips and tricks and detailed product tests. If you are as enthusiastic about technology as I am, you have come to the right place!","sameAs":["https:\/\/www.facebook.com\/apfelpatientOfficial","https:\/\/www.linkedin.com\/in\/milan-jovicic-42aa0231b"],"url":"https:\/\/www.apfelpatient.de\/en\/author\/apfeladmin"}]}},"_links":{"self":[{"href":"https:\/\/www.apfelpatient.de\/en\/wp-json\/wp\/v2\/posts\/12001","targetHints":{"allow":["GET"]}}],"collection":[{"href":"https:\/\/www.apfelpatient.de\/en\/wp-json\/wp\/v2\/posts"}],"about":[{"href":"https:\/\/www.apfelpatient.de\/en\/wp-json\/wp\/v2\/types\/post"}],"author":[{"embeddable":true,"href":"https:\/\/www.apfelpatient.de\/en\/wp-json\/wp\/v2\/users\/2"}],"replies":[{"embeddable":true,"href":"https:\/\/www.apfelpatient.de\/en\/wp-json\/wp\/v2\/comments?post=12001"}],"version-history":[{"count":0,"href":"https:\/\/www.apfelpatient.de\/en\/wp-json\/wp\/v2\/posts\/12001\/revisions"}],"wp:featuredmedia":[{"embeddable":true,"href":"https:\/\/www.apfelpatient.de\/en\/wp-json\/wp\/v2\/media\/12002"}],"wp:attachment":[{"href":"https:\/\/www.apfelpatient.de\/en\/wp-json\/wp\/v2\/media?parent=12001"}],"wp:term":[{"taxonomy":"category","embeddable":true,"href":"https:\/\/www.apfelpatient.de\/en\/wp-json\/wp\/v2\/categories?post=12001"},{"taxonomy":"post_tag","embeddable":true,"href":"https:\/\/www.apfelpatient.de\/en\/wp-json\/wp\/v2\/tags?post=12001"}],"curies":[{"name":"wp","href":"https:\/\/api.w.org\/{rel}","templated":true}]}}