{"id":11958,"date":"2020-04-28T18:41:48","date_gmt":"2020-04-28T16:41:48","guid":{"rendered":"https:\/\/www.apfelpatient.de\/?p=11958"},"modified":"2024-05-22T12:53:01","modified_gmt":"2024-05-22T10:53:01","slug":"corona-tracing-federal-government-comments","status":"publish","type":"post","link":"https:\/\/www.apfelpatient.de\/en\/news\/corona-tracing-bundesregierung-aeussert-sich","title":{"rendered":"Corona tracing: Federal government comments"},"content":{"rendered":"<p class=\"has-drop-cap\"><strong>The expected Corona tracing application of the federal government remains under discussion. A press release has now been published that provides further details on the functions and reveals the partners in this project.&nbsp;<\/strong><\/p>\n\n\n\n<p>After it was announced last week that the new <a href=\"https:\/\/www.apfelpatient.de\/en\/news\/corona-tracing-plan-change-in-germany\" class=\"ek-link\"><span style=\"text-decoration: underline;\" class=\"ek-underline\">Corona tracing app<\/span><\/a> supports decentralized storage of data, further details have now been disclosed. The <a class=\"ek-link\" href=\"https:\/\/www.bundeskanzlerin.de\/bkin-de\/aktuelles\/pressemitteilung-des-bundesministeriums-fuer-gesundheit-des-bundesministeriums-des-innern-fuer-bau-und-heimat-und-des-bundeskanzleramts-zum-projekt-corona-app-der-bundesregierung-1747916\"><span class=\"ek-underline\" style=\"text-decoration: underline;\">press release<\/span><\/a>:<\/p>\n\n\n\n<blockquote class=\"wp-block-quote is-layout-flow wp-block-quote-is-layout-flow\">\n<p>The &quot;Corona app&quot; is a project of the federal government. Based on a decentralized software architecture, the aim is to have it developed by Deutsche Telekom and SAP and brought to market maturity. The Fraunhofer Society and the Helmholtz Center CISPA are providing advice on the development. Attention will be paid to interoperability with other European solutions. In order to ensure the necessary requirements for data protection and data security, the BSI and BfDI will be involved from the start.<\/p>\n<\/blockquote>\n\n\n\n<h3 class=\"wp-block-heading\" id=\"h-bundesregierung-erlautert-funktionsweise-der-app\">Federal Government explains how the app works<\/h3>\n\n\n\n<p>Accordingly, the new Corona app is being developed by Deutsche Telekom and SAP, while the Fraunhofer Society and the Helmholtz Center CISPA are providing advice. The core task of this new app is explained as follows:<\/p>\n\n\n\n<blockquote class=\"wp-block-quote is-layout-flow wp-block-quote-is-layout-flow\">\n<p>The core task of the Corona app is to inform citizens who have had contact with someone infected with Corona about this contact as quickly as possible. This enables the affected people to be isolated promptly and chains of infection are broken.<\/p>\n<\/blockquote>\n\n\n\n<p>Although part of the functionality is already known, the federal government explains it again. The publication states:&nbsp;<\/p>\n\n\n\n\n\n\n\n<blockquote class=\"wp-block-quote is-layout-flow wp-block-quote-is-layout-flow\">\n<p>To do this, the Corona app will use Bluetooth Low Energy to measure the distance between people and enable mobile devices to remember contacts that have met the criteria specified by the RKI (proximity and time). They exchange temporary encrypted identities with each other. If users of the Corona app test positive for the corona virus, they can have the app inform their contacts on a voluntary basis. In the event of an infection, the encrypted IDs of the infected person are made available to all mobile phones of the app users. They can then check whether they have been in contact with the transmitted IDs. If there is a match, the user is warned about the critical contact.<\/p>\n<\/blockquote>\n\n\n\n<h3 class=\"wp-block-heading\" id=\"h-bereitstellung-eines-forschungsservers-im-zweiten-schritt-geplant\">Provision of a research server planned in the second step<\/h3>\n\n\n\n<p>It should be noted that the infected person is not informed about which contact persons are being notified - at the same time, the identity of the infected person is also protected. This means that anonymity is maintained on both sides. Technical measures are also intended to prevent misuse of the app. The press release also states that a research server is planned to be made available after the app is released. Here, voluntary users can donate data that is pseudonymized and used for quality assurance analysis. The federal government has also answered five of the most important questions on the topic under the motto &quot;How the Corona app could help&quot;. The document was made available yesterday and can be viewed <span style=\"text-decoration: underline;\" class=\"ek-underline\">here<\/span> can be accessed.&nbsp;<em>(Photo by k0l0b0k \/ Bigstockphoto)<\/em><\/p>\n\n\n\n<h6 class=\"wp-block-heading translation-block\" id=\"h-kennt-ihr-schon-unsere-amazon-storefront-dort-findet-ihr-eine-handverlesene-auswahl-von-diversen-produkten-f-r-euer-iphone-und-co-viel-spa-beim-st-bern\"><em>Have you already visited our Amazon Storefront? There you&#039;ll find a hand-picked selection of various products for your iPhone and other devices \u2013 <span class=\"has-inline-color has-vivid-red-color\"><a href=\"https:\/\/www.amazon.de\/shop\/apfelpatientofficial\" class=\"ek-link\" data-wpel-link=\"exclude\" rel=\"follow noopener\" target=\"_self\"><span style=\"text-decoration: underline\" class=\"ek-underline\">enjoy browsing<\/span><\/a> !<\/span><\/em><\/h6>\n\n\n\n\n\n<h6 class=\"wp-block-heading translation-block\" id=\"h-der-beitrag-enthalt-partnerlinks\">This post contains <a data-type=\"URL\" data-id=\"https:\/\/www.apfelpatient.de\/partnerprogramm\" href=\"https:\/\/www.apfelpatient.de\/en\/partner-program\" data-wpel-link=\"internal\" target=\"_self\">affiliate links<\/a>.<\/h6>","protected":false},"excerpt":{"rendered":"<p>Corona tracing: The federal government has now published important details about the upcoming application in a press release. <\/p>","protected":false},"author":2,"featured_media":11954,"comment_status":"closed","ping_status":"closed","sticky":false,"template":"","format":"standard","meta":{"jnews-multi-image_gallery":[],"jnews_single_post":{"subtitle":"","format":"standard","video":"","gallery":"","source_name":"Pressemitteilung","source_url":"https:\/\/www.bundeskanzlerin.de\/bkin-de\/aktuelles\/pressemitteilung-des-bundesministeriums-fuer-gesundheit-des-bundesministeriums-des-innern-fuer-bau-und-heimat-und-des-bundeskanzleramts-zum-projekt-corona-app-der-bundesregierung-1747916","via_name":"","via_url":"https:\/\/www.bundesregierung.de\/breg-de\/aktuelles\/corona-app-1747738","override_template":"0","override":[{"template":"4","single_blog_custom":"","parallax":"1","fullscreen":"1","layout":"right-sidebar","sidebar":"","second_sidebar":"","sticky_sidebar":"1","share_position":"","share_float_style":"","show_share_counter":"0","show_view_counter":"0","show_featured":"1","show_post_meta":"1","show_post_author":"1","show_post_author_image":"1","show_post_date":"1","post_date_format":"","post_date_format_custom":"","show_post_category":"1","show_post_reading_time":"0","post_reading_time_wpm":"","show_zoom_button":"0","zoom_button_out_step":"1","zoom_button_in_step":"1","show_post_tag":"1","show_prev_next_post":"1","show_popup_post":"1","number_popup_post":"1","show_author_box":"0","show_post_related":"0","show_inline_post_related":"0"}],"override_image_size":"0","image_override":[{"single_post_thumbnail_size":"","single_post_gallery_size":""}],"trending_post":"0","trending_post_position":"","trending_post_label":"","sponsored_post":"0","sponsored_post_label":"","sponsored_post_name":"","sponsored_post_url":"","sponsored_post_logo_enable":"0","sponsored_post_logo":"","sponsored_post_desc":"","disable_ad":"0"},"jnews_primary_category":{"id":"","hide":""},"footnotes":""},"categories":[9],"tags":[6,402,376,141,3],"class_list":["post-11958","post","type-post","status-publish","format-standard","has-post-thumbnail","hentry","category-news","tag-app-store","tag-bundesregierung","tag-coronavirus","tag-deutschland","tag-ios"],"yoast_head":"<!-- This site is optimized with the Yoast SEO Premium plugin v27.5 (Yoast SEO v27.5) - https:\/\/yoast.com\/product\/yoast-seo-premium-wordpress\/ -->\n<title>Corona-Tracing: Bundesregierung \u00e4u\u00dfert sich Apfelpatient<\/title>\n<meta name=\"description\" content=\"Corona-Tracing: Die Bundesregierung hat nun mittels einer Pressemitteilung wichtige Details zur kommenden Anwendung ver\u00f6ffentlicht.\" \/>\n<meta name=\"robots\" content=\"index, follow, max-snippet:-1, max-image-preview:large, max-video-preview:-1\" \/>\n<link rel=\"canonical\" href=\"https:\/\/www.apfelpatient.de\/en\/news\/corona-tracing-federal-government-comments\" \/>\n<meta property=\"og:locale\" content=\"en_US\" \/>\n<meta property=\"og:type\" content=\"article\" \/>\n<meta property=\"og:title\" content=\"Corona-Tracing: Bundesregierung \u00e4u\u00dfert sich\" \/>\n<meta property=\"og:description\" content=\"Corona-Tracing: Die Bundesregierung hat nun mittels einer Pressemitteilung wichtige Details zur kommenden Anwendung ver\u00f6ffentlicht.\" \/>\n<meta property=\"og:url\" content=\"https:\/\/www.apfelpatient.de\/en\/news\/corona-tracing-federal-government-comments\" \/>\n<meta property=\"og:site_name\" content=\"Apfelpatient\" \/>\n<meta property=\"article:publisher\" content=\"https:\/\/www.facebook.com\/apfelpatientOfficial\" \/>\n<meta property=\"article:author\" content=\"https:\/\/www.facebook.com\/apfelpatientOfficial\" \/>\n<meta property=\"article:published_time\" content=\"2020-04-28T16:41:48+00:00\" \/>\n<meta property=\"article:modified_time\" content=\"2024-05-22T10:53:01+00:00\" \/>\n<meta property=\"og:image\" content=\"https:\/\/www.apfelpatient.de\/wp-content\/uploads\/2020\/04\/bigstock-222994861.jpg\" \/>\n\t<meta property=\"og:image:width\" content=\"1600\" \/>\n\t<meta property=\"og:image:height\" content=\"1067\" \/>\n\t<meta property=\"og:image:type\" content=\"image\/jpeg\" \/>\n<meta name=\"author\" content=\"Milan\" \/>\n<meta name=\"twitter:card\" content=\"summary_large_image\" \/>\n<meta name=\"twitter:description\" content=\"Corona-Tracing: Die Bundesregierung hat nun mittels einer Pressemitteilung wichtige Details zur kommenden Anwendung ver\u00f6ffentlicht.\" \/>\n<meta name=\"twitter:label1\" content=\"Written by\" \/>\n\t<meta name=\"twitter:data1\" content=\"Milan\" \/>\n\t<meta name=\"twitter:label2\" content=\"Est. reading time\" \/>\n\t<meta name=\"twitter:data2\" content=\"3 minutes\" \/>\n<script type=\"application\/ld+json\" class=\"yoast-schema-graph\">{\"@context\":\"https:\\\/\\\/schema.org\",\"@graph\":[{\"@type\":\"NewsArticle\",\"@id\":\"https:\\\/\\\/www.apfelpatient.de\\\/news\\\/corona-tracing-bundesregierung-aeussert-sich#article\",\"isPartOf\":{\"@id\":\"https:\\\/\\\/www.apfelpatient.de\\\/news\\\/corona-tracing-bundesregierung-aeussert-sich\"},\"author\":{\"@type\":\"Organization\",\"@id\":\"https:\\\/\\\/www.apfelpatient.de\\\/en\\\/#organization\",\"name\":\"Apfelpatient\",\"url\":\"https:\\\/\\\/www.apfelpatient.de\\\/en\\\/\"},\"headline\":\"Corona-Tracing: Bundesregierung \u00e4u\u00dfert sich\",\"datePublished\":\"2020-04-28T16:41:48+00:00\",\"dateModified\":\"2024-05-22T10:53:01+00:00\",\"mainEntityOfPage\":{\"@id\":\"https:\\\/\\\/www.apfelpatient.de\\\/news\\\/corona-tracing-bundesregierung-aeussert-sich\"},\"wordCount\":497,\"publisher\":{\"@type\":\"Organization\",\"@id\":\"https:\\\/\\\/www.apfelpatient.de\\\/en\\\/#organization\",\"name\":\"Apfelpatient\",\"url\":\"https:\\\/\\\/www.apfelpatient.de\\\/en\\\/\"},\"image\":{\"@id\":\"https:\\\/\\\/www.apfelpatient.de\\\/news\\\/corona-tracing-bundesregierung-aeussert-sich#primaryimage\"},\"thumbnailUrl\":\"https:\\\/\\\/www.apfelpatient.de\\\/wp-content\\\/uploads\\\/2020\\\/04\\\/bigstock-222994861.jpg\",\"keywords\":[\"App Store\",\"Bundesregierung\",\"Coronavirus\",\"Deutschland\",\"iOS\"],\"articleSection\":\"News\",\"inLanguage\":\"en-US\",\"copyrightYear\":\"2020\",\"copyrightHolder\":{\"@id\":\"https:\\\/\\\/www.apfelpatient.de\\\/en\\\/#organization\"}},{\"@type\":\"WebPage\",\"@id\":\"https:\\\/\\\/www.apfelpatient.de\\\/news\\\/corona-tracing-bundesregierung-aeussert-sich\",\"url\":\"https:\\\/\\\/www.apfelpatient.de\\\/news\\\/corona-tracing-bundesregierung-aeussert-sich\",\"name\":\"Corona-Tracing: Bundesregierung \u00e4u\u00dfert sich Apfelpatient\",\"isPartOf\":{\"@id\":\"https:\\\/\\\/www.apfelpatient.de\\\/#website\"},\"primaryImageOfPage\":{\"@id\":\"https:\\\/\\\/www.apfelpatient.de\\\/news\\\/corona-tracing-bundesregierung-aeussert-sich#primaryimage\"},\"image\":{\"@id\":\"https:\\\/\\\/www.apfelpatient.de\\\/news\\\/corona-tracing-bundesregierung-aeussert-sich#primaryimage\"},\"thumbnailUrl\":\"https:\\\/\\\/www.apfelpatient.de\\\/wp-content\\\/uploads\\\/2020\\\/04\\\/bigstock-222994861.jpg\",\"datePublished\":\"2020-04-28T16:41:48+00:00\",\"dateModified\":\"2024-05-22T10:53:01+00:00\",\"description\":\"Corona-Tracing: Die Bundesregierung hat nun mittels einer Pressemitteilung wichtige Details zur kommenden Anwendung ver\u00f6ffentlicht.\",\"breadcrumb\":{\"@id\":\"https:\\\/\\\/www.apfelpatient.de\\\/news\\\/corona-tracing-bundesregierung-aeussert-sich#breadcrumb\"},\"inLanguage\":\"en-US\",\"potentialAction\":[{\"@type\":\"ReadAction\",\"target\":[\"https:\\\/\\\/www.apfelpatient.de\\\/news\\\/corona-tracing-bundesregierung-aeussert-sich\"]}]},{\"@type\":\"ImageObject\",\"inLanguage\":\"en-US\",\"@id\":\"https:\\\/\\\/www.apfelpatient.de\\\/news\\\/corona-tracing-bundesregierung-aeussert-sich#primaryimage\",\"url\":\"https:\\\/\\\/www.apfelpatient.de\\\/wp-content\\\/uploads\\\/2020\\\/04\\\/bigstock-222994861.jpg\",\"contentUrl\":\"https:\\\/\\\/www.apfelpatient.de\\\/wp-content\\\/uploads\\\/2020\\\/04\\\/bigstock-222994861.jpg\",\"width\":1600,\"height\":1067,\"caption\":\"BERLIN, GERMANY - jenuary 5 2018: Interior of Plenary Hall meeting room of German Parliament Deutscher Bundestag. Building and Meeting room available for public between plenary sessions\"},{\"@type\":\"BreadcrumbList\",\"@id\":\"https:\\\/\\\/www.apfelpatient.de\\\/news\\\/corona-tracing-bundesregierung-aeussert-sich#breadcrumb\",\"itemListElement\":[{\"@type\":\"ListItem\",\"position\":1,\"name\":\"Startseite\",\"item\":\"https:\\\/\\\/www.apfelpatient.de\\\/\"},{\"@type\":\"ListItem\",\"position\":2,\"name\":\"Corona-Tracing: Bundesregierung \u00e4u\u00dfert sich\"}]},{\"@type\":\"WebSite\",\"@id\":\"https:\\\/\\\/www.apfelpatient.de\\\/#website\",\"url\":\"https:\\\/\\\/www.apfelpatient.de\\\/\",\"name\":\"Apfelpatient\",\"description\":\"Alles rund um Apple!\",\"publisher\":{\"@type\":\"Organization\",\"@id\":\"https:\\\/\\\/www.apfelpatient.de\\\/en\\\/#organization\",\"name\":\"Apfelpatient\",\"url\":\"https:\\\/\\\/www.apfelpatient.de\\\/en\\\/\"},\"alternateName\":\"Apfelpatient\",\"potentialAction\":[{\"@type\":\"SearchAction\",\"target\":{\"@type\":\"EntryPoint\",\"urlTemplate\":\"https:\\\/\\\/www.apfelpatient.de\\\/?s={search_term_string}\"},\"query-input\":{\"@type\":\"PropertyValueSpecification\",\"valueRequired\":true,\"valueName\":\"search_term_string\"}}],\"inLanguage\":\"en-US\"},{\"@type\":[\"Person\",\"Organization\"],\"@id\":\"https:\\\/\\\/www.apfelpatient.de\\\/#\\\/schema\\\/person\\\/35b3ddba5832f2bfc7fff5206d4f6b7b\",\"name\":\"Milan\",\"logo\":{\"@id\":\"https:\\\/\\\/www.apfelpatient.de\\\/#\\\/schema\\\/person\\\/image\\\/\"},\"description\":\"Hallo und herzlich willkommen auf meinem Technik-Blog! Als gro\u00dfer Apple-Fan berichte ich hier \u00fcber alles, was mit Apple zu tun hat: von den neuesten News und spannenden Ger\u00fcchten \u00fcber hilfreiche Tipps und Tricks bis hin zu ausf\u00fchrlichen Produkttests. Wenn du genauso technikbegeistert bist wie ich, bist du hier genau richtig!\",\"sameAs\":[\"https:\\\/\\\/www.facebook.com\\\/apfelpatientOfficial\",\"https:\\\/\\\/www.linkedin.com\\\/in\\\/milan-jovicic-42aa0231b\"],\"url\":\"https:\\\/\\\/www.apfelpatient.de\\\/en\\\/author\\\/apfeladmin\"}]}<\/script>\n<!-- \/ Yoast SEO Premium plugin. -->","yoast_head_json":{"title":"Corona tracing: Federal government comments Apfelpatient","description":"Corona tracing: The federal government has now published important details about the upcoming application in a press release.","robots":{"index":"index","follow":"follow","max-snippet":"max-snippet:-1","max-image-preview":"max-image-preview:large","max-video-preview":"max-video-preview:-1"},"canonical":"https:\/\/www.apfelpatient.de\/en\/news\/corona-tracing-federal-government-comments","og_locale":"en_US","og_type":"article","og_title":"Corona-Tracing: Bundesregierung \u00e4u\u00dfert sich","og_description":"Corona-Tracing: Die Bundesregierung hat nun mittels einer Pressemitteilung wichtige Details zur kommenden Anwendung ver\u00f6ffentlicht.","og_url":"https:\/\/www.apfelpatient.de\/en\/news\/corona-tracing-federal-government-comments","og_site_name":"Apfelpatient","article_publisher":"https:\/\/www.facebook.com\/apfelpatientOfficial","article_author":"https:\/\/www.facebook.com\/apfelpatientOfficial","article_published_time":"2020-04-28T16:41:48+00:00","article_modified_time":"2024-05-22T10:53:01+00:00","og_image":[{"width":1600,"height":1067,"url":"https:\/\/www.apfelpatient.de\/wp-content\/uploads\/2020\/04\/bigstock-222994861.jpg","type":"image\/jpeg"}],"author":"Milan","twitter_card":"summary_large_image","twitter_description":"Corona-Tracing: Die Bundesregierung hat nun mittels einer Pressemitteilung wichtige Details zur kommenden Anwendung ver\u00f6ffentlicht.","twitter_misc":{"Written by":"Milan","Est. reading time":"3 minutes"},"schema":{"@context":"https:\/\/schema.org","@graph":[{"@type":"NewsArticle","@id":"https:\/\/www.apfelpatient.de\/news\/corona-tracing-bundesregierung-aeussert-sich#article","isPartOf":{"@id":"https:\/\/www.apfelpatient.de\/news\/corona-tracing-bundesregierung-aeussert-sich"},"author":{"@type":"Organization","@id":"https:\/\/www.apfelpatient.de\/en\/#organization","name":"Apfelpatient","url":"https:\/\/www.apfelpatient.de\/en\/"},"headline":"Corona-Tracing: Bundesregierung \u00e4u\u00dfert sich","datePublished":"2020-04-28T16:41:48+00:00","dateModified":"2024-05-22T10:53:01+00:00","mainEntityOfPage":{"@id":"https:\/\/www.apfelpatient.de\/news\/corona-tracing-bundesregierung-aeussert-sich"},"wordCount":497,"publisher":{"@type":"Organization","@id":"https:\/\/www.apfelpatient.de\/en\/#organization","name":"Apfelpatient","url":"https:\/\/www.apfelpatient.de\/en\/"},"image":{"@id":"https:\/\/www.apfelpatient.de\/news\/corona-tracing-bundesregierung-aeussert-sich#primaryimage"},"thumbnailUrl":"https:\/\/www.apfelpatient.de\/wp-content\/uploads\/2020\/04\/bigstock-222994861.jpg","keywords":["App Store","Bundesregierung","Coronavirus","Deutschland","iOS"],"articleSection":"News","inLanguage":"en-US","copyrightYear":"2020","copyrightHolder":{"@id":"https:\/\/www.apfelpatient.de\/en\/#organization"}},{"@type":"WebPage","@id":"https:\/\/www.apfelpatient.de\/news\/corona-tracing-bundesregierung-aeussert-sich","url":"https:\/\/www.apfelpatient.de\/news\/corona-tracing-bundesregierung-aeussert-sich","name":"Corona tracing: Federal government comments Apfelpatient","isPartOf":{"@id":"https:\/\/www.apfelpatient.de\/#website"},"primaryImageOfPage":{"@id":"https:\/\/www.apfelpatient.de\/news\/corona-tracing-bundesregierung-aeussert-sich#primaryimage"},"image":{"@id":"https:\/\/www.apfelpatient.de\/news\/corona-tracing-bundesregierung-aeussert-sich#primaryimage"},"thumbnailUrl":"https:\/\/www.apfelpatient.de\/wp-content\/uploads\/2020\/04\/bigstock-222994861.jpg","datePublished":"2020-04-28T16:41:48+00:00","dateModified":"2024-05-22T10:53:01+00:00","description":"Corona tracing: The federal government has now published important details about the upcoming application in a press release.","breadcrumb":{"@id":"https:\/\/www.apfelpatient.de\/news\/corona-tracing-bundesregierung-aeussert-sich#breadcrumb"},"inLanguage":"en-US","potentialAction":[{"@type":"ReadAction","target":["https:\/\/www.apfelpatient.de\/news\/corona-tracing-bundesregierung-aeussert-sich"]}]},{"@type":"ImageObject","inLanguage":"en-US","@id":"https:\/\/www.apfelpatient.de\/news\/corona-tracing-bundesregierung-aeussert-sich#primaryimage","url":"https:\/\/www.apfelpatient.de\/wp-content\/uploads\/2020\/04\/bigstock-222994861.jpg","contentUrl":"https:\/\/www.apfelpatient.de\/wp-content\/uploads\/2020\/04\/bigstock-222994861.jpg","width":1600,"height":1067,"caption":"BERLIN, GERMANY - jenuary 5 2018: Interior of Plenary Hall meeting room of German Parliament Deutscher Bundestag. Building and Meeting room available for public between plenary sessions"},{"@type":"BreadcrumbList","@id":"https:\/\/www.apfelpatient.de\/news\/corona-tracing-bundesregierung-aeussert-sich#breadcrumb","itemListElement":[{"@type":"ListItem","position":1,"name":"Startseite","item":"https:\/\/www.apfelpatient.de\/"},{"@type":"ListItem","position":2,"name":"Corona-Tracing: Bundesregierung \u00e4u\u00dfert sich"}]},{"@type":"WebSite","@id":"https:\/\/www.apfelpatient.de\/#website","url":"https:\/\/www.apfelpatient.de\/","name":"apple patient","description":"Everything about Apple!","publisher":{"@type":"Organization","@id":"https:\/\/www.apfelpatient.de\/en\/#organization","name":"Apfelpatient","url":"https:\/\/www.apfelpatient.de\/en\/"},"alternateName":"Apfelpatient","potentialAction":[{"@type":"SearchAction","target":{"@type":"EntryPoint","urlTemplate":"https:\/\/www.apfelpatient.de\/?s={search_term_string}"},"query-input":{"@type":"PropertyValueSpecification","valueRequired":true,"valueName":"search_term_string"}}],"inLanguage":"en-US"},{"@type":["Person","Organization"],"@id":"https:\/\/www.apfelpatient.de\/#\/schema\/person\/35b3ddba5832f2bfc7fff5206d4f6b7b","name":"Milan","logo":{"@id":"https:\/\/www.apfelpatient.de\/#\/schema\/person\/image\/"},"description":"Hello and welcome to my technology blog! As a big Apple fan, I report on everything to do with Apple: from the latest news and exciting rumors to helpful tips and tricks and detailed product tests. If you are as enthusiastic about technology as I am, you have come to the right place!","sameAs":["https:\/\/www.facebook.com\/apfelpatientOfficial","https:\/\/www.linkedin.com\/in\/milan-jovicic-42aa0231b"],"url":"https:\/\/www.apfelpatient.de\/en\/author\/apfeladmin"}]}},"_links":{"self":[{"href":"https:\/\/www.apfelpatient.de\/en\/wp-json\/wp\/v2\/posts\/11958","targetHints":{"allow":["GET"]}}],"collection":[{"href":"https:\/\/www.apfelpatient.de\/en\/wp-json\/wp\/v2\/posts"}],"about":[{"href":"https:\/\/www.apfelpatient.de\/en\/wp-json\/wp\/v2\/types\/post"}],"author":[{"embeddable":true,"href":"https:\/\/www.apfelpatient.de\/en\/wp-json\/wp\/v2\/users\/2"}],"replies":[{"embeddable":true,"href":"https:\/\/www.apfelpatient.de\/en\/wp-json\/wp\/v2\/comments?post=11958"}],"version-history":[{"count":0,"href":"https:\/\/www.apfelpatient.de\/en\/wp-json\/wp\/v2\/posts\/11958\/revisions"}],"wp:featuredmedia":[{"embeddable":true,"href":"https:\/\/www.apfelpatient.de\/en\/wp-json\/wp\/v2\/media\/11954"}],"wp:attachment":[{"href":"https:\/\/www.apfelpatient.de\/en\/wp-json\/wp\/v2\/media?parent=11958"}],"wp:term":[{"taxonomy":"category","embeddable":true,"href":"https:\/\/www.apfelpatient.de\/en\/wp-json\/wp\/v2\/categories?post=11958"},{"taxonomy":"post_tag","embeddable":true,"href":"https:\/\/www.apfelpatient.de\/en\/wp-json\/wp\/v2\/tags?post=11958"}],"curies":[{"name":"wp","href":"https:\/\/api.w.org\/{rel}","templated":true}]}}