{"id":11826,"date":"2020-04-23T13:17:18","date_gmt":"2020-04-23T11:17:18","guid":{"rendered":"https:\/\/www.apfelpatient.de\/?p=11826"},"modified":"2020-04-23T13:17:18","modified_gmt":"2020-04-23T11:17:18","slug":"eu-calls-on-apple-to-cooperate-on-corona-tracing","status":"publish","type":"post","link":"https:\/\/www.apfelpatient.de\/en\/news\/eu-fordert-apple-zur-mitarbeit-an-corona-tracing-auf","title":{"rendered":"EU calls on Apple to cooperate in Corona tracing"},"content":{"rendered":"<p class=\"has-drop-cap\"><strong>The discussions surrounding the planned Corona tracing apps remain a hot topic - understandable, after all, there is a lot at stake. Now there is new information about the EU&#039;s demands. There are also new details about the German version of the app.&nbsp;<\/strong><\/p>\n\n\n\n<p>According to a new Reuters report, Thierry Breton, EU Commissioner for Internal Market and Services, has called on Apple to make contact tracing functional on iOS. In a conversation with Apple CEO Tim Cook, Breton is said to have called for the relaxation of security features in iOS. We have already reported on this, according to which <a href=\"https:\/\/www.apfelpatient.de\/en\/news\/corona-tracing-france-makes-demands-on-apple\" class=\"ek-link\"><span style=\"text-decoration: underline;\" class=\"ek-underline\">France<\/span><\/a> does not want to wait for the interface planned by Apple and Google. Side note: The iOS security feature does not allow third-party applications to have an active Bluetooth connection in the background. In the Reuters <a href=\"https:\/\/uk.reuters.com\/article\/uk-health-coronavirus-apple-eu\/eus-breton-urges-apple-to-work-with-bloc-amid-french-spat-on-virus-app-idUKKCN22439K?il=0\" class=\"ek-link\"><span style=\"text-decoration: underline;\" class=\"ek-underline\">report<\/span><\/a> is it [called:<\/p>\n\n\n\n<blockquote class=\"wp-block-quote is-layout-flow wp-block-quote-is-layout-flow\"><p>EU industry chief Thierry Breton told Apple CEO Tim Cook on Wednesday that he should ensure that mobile apps designed to limit the spread of coronaviruses work on his iPhones and other devices.<\/p><p>Apple is also fighting a French government demand to change privacy settings on iPhones to make them compatible with France&#039;s planned contact tracing app.<\/p><p>Paris wants the future app to be able to be recognized via Bluetooth even when it is not active. However, Apple&#039;s policy prevents apps that transmit data via Bluetooth from running in the background.&quot;<\/p><\/blockquote>\n\n\n\n<h3 class=\"wp-block-heading\">Germany wants central storage of data<\/h3>\n\n\n\n\n\n\n\n<p>At the same time, it was confirmed that the API provided by Apple and Google will be released on April 28 and made available to developers. While France has its own goals regarding the <a href=\"https:\/\/www.apfelpatient.de\/en\/news\/apple-google-how-contact-tracing-works\" class=\"ek-link\"><span style=\"text-decoration: underline;\" class=\"ek-underline\">Corona tracing app<\/span><\/a> pursued, movement is also coming into play here. The <a href=\"https:\/\/www.handelsblatt.com\/technik\/medizin\/pepp-pt-standard-toedlich-fuer-die-akzeptanz-spahn-entscheidet-sich-fuer-umstrittenes-corona-app-modell\/25764726.html?ticket=ST-1400820-yc1IFSouckdL2ynOtuAE-ap3\" class=\"ek-link\"><span style=\"text-decoration: underline;\" class=\"ek-underline\">Handelsblatt<\/span><\/a> reported that the German government is in talks with Apple. The subject of the conversation is the interface. According to the current report, the app is due to be released by the end of May. The aim, however, is for the data to be stored centrally. The German government&#039;s reason for this demand is that decentralized storage of data - i.e. on individual devices - would mean that in an emergency the federal government would have to demand that Apple or Google release the data. According to the federal government, however, this is not the point.\u00a0<em>(Photo by Unimagic \/ Bigstockphoto)<\/em><\/p>\n\n\n\n<h6 class=\"wp-block-heading translation-block\" id=\"h-kennt-ihr-schon-unsere-amazon-storefront-dort-findet-ihr-eine-handverlesene-auswahl-von-diversen-produkten-f-r-euer-iphone-und-co-viel-spa-beim-st-bern\"><em>Have you already visited our Amazon Storefront? There you&#039;ll find a hand-picked selection of various products for your iPhone and other devices \u2013 <span class=\"has-inline-color has-vivid-red-color\"><a href=\"https:\/\/www.amazon.de\/shop\/apfelpatientofficial\" class=\"ek-link\" data-wpel-link=\"exclude\" rel=\"follow noopener\" target=\"_self\"><span style=\"text-decoration: underline\" class=\"ek-underline\">enjoy browsing<\/span><\/a> !<\/span><\/em><\/h6>","protected":false},"excerpt":{"rendered":"<p>The discussions surrounding the planned Corona tracing apps remain a hot topic. Now there is new news. <\/p>","protected":false},"author":2,"featured_media":11821,"comment_status":"closed","ping_status":"closed","sticky":false,"template":"","format":"standard","meta":{"jnews-multi-image_gallery":[],"jnews_single_post":{"subtitle":"","format":"standard","video":"","gallery":"","source_name":"","source_url":"","via_name":"Reuters","via_url":"https:\/\/uk.reuters.com\/article\/uk-health-coronavirus-apple-eu\/eus-breton-urges-apple-to-work-with-bloc-amid-french-spat-on-virus-app-idUKKCN22439K?il=0","override":[{"single_blog_custom":"","sidebar":"","second_sidebar":"","share_position":"","share_float_style":"","post_date_format":"","post_date_format_custom":"","post_reading_time_wpm":"","zoom_button_out_step":"1","zoom_button_in_step":"1","number_popup_post":"1"}],"image_override":[{"single_post_thumbnail_size":"","single_post_gallery_size":""}],"trending_post_position":"","trending_post_label":"","sponsored_post_label":"","sponsored_post_name":"","sponsored_post_url":"","sponsored_post_logo":"","sponsored_post_desc":""},"jnews_primary_category":{"id":"265"},"footnotes":""},"categories":[9],"tags":[376,141,123,96,313,3],"class_list":["post-11826","post","type-post","status-publish","format-standard","has-post-thumbnail","hentry","category-news","tag-coronavirus","tag-deutschland","tag-eu","tag-eu-kommission","tag-europa","tag-ios"],"yoast_head":"<!-- This site is optimized with the Yoast SEO Premium plugin v27.5 (Yoast SEO v27.5) - https:\/\/yoast.com\/product\/yoast-seo-premium-wordpress\/ -->\n<title>EU fordert Apple zur Mitarbeit an Corona-Tracing auf Apfelpatient<\/title>\n<meta name=\"description\" content=\"Die Diskussionen rund um die geplanten Corona-Tracing Apps bleiben weiterhin ein hei\u00dfes Thema. Nun gibt es neue Neuigkeiten.\" \/>\n<meta name=\"robots\" content=\"index, follow, max-snippet:-1, max-image-preview:large, max-video-preview:-1\" \/>\n<link rel=\"canonical\" href=\"https:\/\/www.apfelpatient.de\/en\/news\/eu-calls-on-apple-to-cooperate-on-corona-tracing\" \/>\n<meta property=\"og:locale\" content=\"en_US\" \/>\n<meta property=\"og:type\" content=\"article\" \/>\n<meta property=\"og:title\" content=\"EU fordert Apple zur Mitarbeit an Corona-Tracing auf\" \/>\n<meta property=\"og:description\" content=\"Die Diskussionen rund um die geplanten Corona-Tracing Apps bleiben weiterhin ein hei\u00dfes Thema. Nun gibt es neue Neuigkeiten.\" \/>\n<meta property=\"og:url\" content=\"https:\/\/www.apfelpatient.de\/en\/news\/eu-calls-on-apple-to-cooperate-on-corona-tracing\" \/>\n<meta property=\"og:site_name\" content=\"Apfelpatient\" \/>\n<meta property=\"article:publisher\" content=\"https:\/\/www.facebook.com\/apfelpatientOfficial\" \/>\n<meta property=\"article:author\" content=\"https:\/\/www.facebook.com\/apfelpatientOfficial\" \/>\n<meta property=\"article:published_time\" content=\"2020-04-23T11:17:18+00:00\" \/>\n<meta property=\"og:image\" content=\"https:\/\/www.apfelpatient.de\/wp-content\/uploads\/2020\/04\/bigstock-Coronavirus-Corona-Virus-Con-347749726.jpg\" \/>\n\t<meta property=\"og:image:width\" content=\"1600\" \/>\n\t<meta property=\"og:image:height\" content=\"1067\" \/>\n\t<meta property=\"og:image:type\" content=\"image\/jpeg\" \/>\n<meta name=\"author\" content=\"Milan\" \/>\n<meta name=\"twitter:card\" content=\"summary_large_image\" \/>\n<meta name=\"twitter:description\" content=\"Die Diskussionen rund um die geplanten Corona-Tracing Apps bleiben weiterhin ein hei\u00dfes Thema. Nun gibt es neue Neuigkeiten.\" \/>\n<meta name=\"twitter:label1\" content=\"Written by\" \/>\n\t<meta name=\"twitter:data1\" content=\"Milan\" \/>\n\t<meta name=\"twitter:label2\" content=\"Est. reading time\" \/>\n\t<meta name=\"twitter:data2\" content=\"2 minutes\" \/>\n<script type=\"application\/ld+json\" class=\"yoast-schema-graph\">{\"@context\":\"https:\\\/\\\/schema.org\",\"@graph\":[{\"@type\":\"NewsArticle\",\"@id\":\"https:\\\/\\\/www.apfelpatient.de\\\/news\\\/eu-fordert-apple-zur-mitarbeit-an-corona-tracing-auf#article\",\"isPartOf\":{\"@id\":\"https:\\\/\\\/www.apfelpatient.de\\\/news\\\/eu-fordert-apple-zur-mitarbeit-an-corona-tracing-auf\"},\"author\":{\"@type\":\"Organization\",\"@id\":\"https:\\\/\\\/www.apfelpatient.de\\\/en\\\/#organization\",\"name\":\"Apfelpatient\",\"url\":\"https:\\\/\\\/www.apfelpatient.de\\\/en\\\/\"},\"headline\":\"EU fordert Apple zur Mitarbeit an Corona-Tracing auf\",\"datePublished\":\"2020-04-23T11:17:18+00:00\",\"mainEntityOfPage\":{\"@id\":\"https:\\\/\\\/www.apfelpatient.de\\\/news\\\/eu-fordert-apple-zur-mitarbeit-an-corona-tracing-auf\"},\"wordCount\":384,\"publisher\":{\"@type\":\"Organization\",\"@id\":\"https:\\\/\\\/www.apfelpatient.de\\\/en\\\/#organization\",\"name\":\"Apfelpatient\",\"url\":\"https:\\\/\\\/www.apfelpatient.de\\\/en\\\/\"},\"image\":{\"@id\":\"https:\\\/\\\/www.apfelpatient.de\\\/news\\\/eu-fordert-apple-zur-mitarbeit-an-corona-tracing-auf#primaryimage\"},\"thumbnailUrl\":\"https:\\\/\\\/www.apfelpatient.de\\\/wp-content\\\/uploads\\\/2020\\\/04\\\/bigstock-Coronavirus-Corona-Virus-Con-347749726.jpg\",\"keywords\":[\"Coronavirus\",\"Deutschland\",\"EU\",\"EU-Kommission\",\"Europa\",\"iOS\"],\"articleSection\":\"News\",\"inLanguage\":\"en-US\",\"copyrightYear\":\"2020\",\"copyrightHolder\":{\"@id\":\"https:\\\/\\\/www.apfelpatient.de\\\/en\\\/#organization\"}},{\"@type\":\"WebPage\",\"@id\":\"https:\\\/\\\/www.apfelpatient.de\\\/news\\\/eu-fordert-apple-zur-mitarbeit-an-corona-tracing-auf\",\"url\":\"https:\\\/\\\/www.apfelpatient.de\\\/news\\\/eu-fordert-apple-zur-mitarbeit-an-corona-tracing-auf\",\"name\":\"EU fordert Apple zur Mitarbeit an Corona-Tracing auf Apfelpatient\",\"isPartOf\":{\"@id\":\"https:\\\/\\\/www.apfelpatient.de\\\/#website\"},\"primaryImageOfPage\":{\"@id\":\"https:\\\/\\\/www.apfelpatient.de\\\/news\\\/eu-fordert-apple-zur-mitarbeit-an-corona-tracing-auf#primaryimage\"},\"image\":{\"@id\":\"https:\\\/\\\/www.apfelpatient.de\\\/news\\\/eu-fordert-apple-zur-mitarbeit-an-corona-tracing-auf#primaryimage\"},\"thumbnailUrl\":\"https:\\\/\\\/www.apfelpatient.de\\\/wp-content\\\/uploads\\\/2020\\\/04\\\/bigstock-Coronavirus-Corona-Virus-Con-347749726.jpg\",\"datePublished\":\"2020-04-23T11:17:18+00:00\",\"description\":\"Die Diskussionen rund um die geplanten Corona-Tracing Apps bleiben weiterhin ein hei\u00dfes Thema. Nun gibt es neue Neuigkeiten.\",\"breadcrumb\":{\"@id\":\"https:\\\/\\\/www.apfelpatient.de\\\/news\\\/eu-fordert-apple-zur-mitarbeit-an-corona-tracing-auf#breadcrumb\"},\"inLanguage\":\"en-US\",\"potentialAction\":[{\"@type\":\"ReadAction\",\"target\":[\"https:\\\/\\\/www.apfelpatient.de\\\/news\\\/eu-fordert-apple-zur-mitarbeit-an-corona-tracing-auf\"]}]},{\"@type\":\"ImageObject\",\"inLanguage\":\"en-US\",\"@id\":\"https:\\\/\\\/www.apfelpatient.de\\\/news\\\/eu-fordert-apple-zur-mitarbeit-an-corona-tracing-auf#primaryimage\",\"url\":\"https:\\\/\\\/www.apfelpatient.de\\\/wp-content\\\/uploads\\\/2020\\\/04\\\/bigstock-Coronavirus-Corona-Virus-Con-347749726.jpg\",\"contentUrl\":\"https:\\\/\\\/www.apfelpatient.de\\\/wp-content\\\/uploads\\\/2020\\\/04\\\/bigstock-Coronavirus-Corona-Virus-Con-347749726.jpg\",\"width\":1600,\"height\":1067,\"caption\":\"Coronavirus - Corona virus concept. Earth in a medical mask protects itself from China virus coronavirus nCoV with DNA\"},{\"@type\":\"BreadcrumbList\",\"@id\":\"https:\\\/\\\/www.apfelpatient.de\\\/news\\\/eu-fordert-apple-zur-mitarbeit-an-corona-tracing-auf#breadcrumb\",\"itemListElement\":[{\"@type\":\"ListItem\",\"position\":1,\"name\":\"Startseite\",\"item\":\"https:\\\/\\\/www.apfelpatient.de\\\/\"},{\"@type\":\"ListItem\",\"position\":2,\"name\":\"EU fordert Apple zur Mitarbeit an Corona-Tracing auf\"}]},{\"@type\":\"WebSite\",\"@id\":\"https:\\\/\\\/www.apfelpatient.de\\\/#website\",\"url\":\"https:\\\/\\\/www.apfelpatient.de\\\/\",\"name\":\"Apfelpatient\",\"description\":\"Alles rund um Apple!\",\"publisher\":{\"@type\":\"Organization\",\"@id\":\"https:\\\/\\\/www.apfelpatient.de\\\/en\\\/#organization\",\"name\":\"Apfelpatient\",\"url\":\"https:\\\/\\\/www.apfelpatient.de\\\/en\\\/\"},\"alternateName\":\"Apfelpatient\",\"potentialAction\":[{\"@type\":\"SearchAction\",\"target\":{\"@type\":\"EntryPoint\",\"urlTemplate\":\"https:\\\/\\\/www.apfelpatient.de\\\/?s={search_term_string}\"},\"query-input\":{\"@type\":\"PropertyValueSpecification\",\"valueRequired\":true,\"valueName\":\"search_term_string\"}}],\"inLanguage\":\"en-US\"},{\"@type\":[\"Person\",\"Organization\"],\"@id\":\"https:\\\/\\\/www.apfelpatient.de\\\/#\\\/schema\\\/person\\\/7dc56ad6c8e9824b76d2c08d4c140e13\",\"name\":\"Milan\",\"logo\":{\"@id\":\"https:\\\/\\\/www.apfelpatient.de\\\/#\\\/schema\\\/person\\\/image\\\/\"},\"description\":\"Hallo und herzlich willkommen auf meinem Technik-Blog! Als gro\u00dfer Apple-Fan berichte ich hier \u00fcber alles, was mit Apple zu tun hat: von den neuesten News und spannenden Ger\u00fcchten \u00fcber hilfreiche Tipps und Tricks bis hin zu ausf\u00fchrlichen Produkttests. Wenn du genauso technikbegeistert bist wie ich, bist du hier genau richtig!\",\"sameAs\":[\"https:\\\/\\\/www.facebook.com\\\/apfelpatientOfficial\",\"https:\\\/\\\/www.linkedin.com\\\/in\\\/milan-jovicic-42aa0231b\"],\"url\":\"https:\\\/\\\/www.apfelpatient.de\\\/en\\\/author\\\/apfeladmin\"}]}<\/script>\n<!-- \/ Yoast SEO Premium plugin. -->","yoast_head_json":{"title":"EU calls on Apple to cooperate in Corona tracing","description":"The discussions surrounding the planned Corona tracing apps remain a hot topic. Now there is new news.","robots":{"index":"index","follow":"follow","max-snippet":"max-snippet:-1","max-image-preview":"max-image-preview:large","max-video-preview":"max-video-preview:-1"},"canonical":"https:\/\/www.apfelpatient.de\/en\/news\/eu-calls-on-apple-to-cooperate-on-corona-tracing","og_locale":"en_US","og_type":"article","og_title":"EU fordert Apple zur Mitarbeit an Corona-Tracing auf","og_description":"Die Diskussionen rund um die geplanten Corona-Tracing Apps bleiben weiterhin ein hei\u00dfes Thema. Nun gibt es neue Neuigkeiten.","og_url":"https:\/\/www.apfelpatient.de\/en\/news\/eu-calls-on-apple-to-cooperate-on-corona-tracing","og_site_name":"Apfelpatient","article_publisher":"https:\/\/www.facebook.com\/apfelpatientOfficial","article_author":"https:\/\/www.facebook.com\/apfelpatientOfficial","article_published_time":"2020-04-23T11:17:18+00:00","og_image":[{"width":1600,"height":1067,"url":"https:\/\/www.apfelpatient.de\/wp-content\/uploads\/2020\/04\/bigstock-Coronavirus-Corona-Virus-Con-347749726.jpg","type":"image\/jpeg"}],"author":"Milan","twitter_card":"summary_large_image","twitter_description":"Die Diskussionen rund um die geplanten Corona-Tracing Apps bleiben weiterhin ein hei\u00dfes Thema. Nun gibt es neue Neuigkeiten.","twitter_misc":{"Written by":"Milan","Est. reading time":"2 minutes"},"schema":{"@context":"https:\/\/schema.org","@graph":[{"@type":"NewsArticle","@id":"https:\/\/www.apfelpatient.de\/news\/eu-fordert-apple-zur-mitarbeit-an-corona-tracing-auf#article","isPartOf":{"@id":"https:\/\/www.apfelpatient.de\/news\/eu-fordert-apple-zur-mitarbeit-an-corona-tracing-auf"},"author":{"@type":"Organization","@id":"https:\/\/www.apfelpatient.de\/en\/#organization","name":"Apfelpatient","url":"https:\/\/www.apfelpatient.de\/en\/"},"headline":"EU fordert Apple zur Mitarbeit an Corona-Tracing auf","datePublished":"2020-04-23T11:17:18+00:00","mainEntityOfPage":{"@id":"https:\/\/www.apfelpatient.de\/news\/eu-fordert-apple-zur-mitarbeit-an-corona-tracing-auf"},"wordCount":384,"publisher":{"@type":"Organization","@id":"https:\/\/www.apfelpatient.de\/en\/#organization","name":"Apfelpatient","url":"https:\/\/www.apfelpatient.de\/en\/"},"image":{"@id":"https:\/\/www.apfelpatient.de\/news\/eu-fordert-apple-zur-mitarbeit-an-corona-tracing-auf#primaryimage"},"thumbnailUrl":"https:\/\/www.apfelpatient.de\/wp-content\/uploads\/2020\/04\/bigstock-Coronavirus-Corona-Virus-Con-347749726.jpg","keywords":["Coronavirus","Deutschland","EU","EU-Kommission","Europa","iOS"],"articleSection":"News","inLanguage":"en-US","copyrightYear":"2020","copyrightHolder":{"@id":"https:\/\/www.apfelpatient.de\/en\/#organization"}},{"@type":"WebPage","@id":"https:\/\/www.apfelpatient.de\/news\/eu-fordert-apple-zur-mitarbeit-an-corona-tracing-auf","url":"https:\/\/www.apfelpatient.de\/news\/eu-fordert-apple-zur-mitarbeit-an-corona-tracing-auf","name":"EU calls on Apple to cooperate in Corona tracing","isPartOf":{"@id":"https:\/\/www.apfelpatient.de\/#website"},"primaryImageOfPage":{"@id":"https:\/\/www.apfelpatient.de\/news\/eu-fordert-apple-zur-mitarbeit-an-corona-tracing-auf#primaryimage"},"image":{"@id":"https:\/\/www.apfelpatient.de\/news\/eu-fordert-apple-zur-mitarbeit-an-corona-tracing-auf#primaryimage"},"thumbnailUrl":"https:\/\/www.apfelpatient.de\/wp-content\/uploads\/2020\/04\/bigstock-Coronavirus-Corona-Virus-Con-347749726.jpg","datePublished":"2020-04-23T11:17:18+00:00","description":"The discussions surrounding the planned Corona tracing apps remain a hot topic. Now there is new news.","breadcrumb":{"@id":"https:\/\/www.apfelpatient.de\/news\/eu-fordert-apple-zur-mitarbeit-an-corona-tracing-auf#breadcrumb"},"inLanguage":"en-US","potentialAction":[{"@type":"ReadAction","target":["https:\/\/www.apfelpatient.de\/news\/eu-fordert-apple-zur-mitarbeit-an-corona-tracing-auf"]}]},{"@type":"ImageObject","inLanguage":"en-US","@id":"https:\/\/www.apfelpatient.de\/news\/eu-fordert-apple-zur-mitarbeit-an-corona-tracing-auf#primaryimage","url":"https:\/\/www.apfelpatient.de\/wp-content\/uploads\/2020\/04\/bigstock-Coronavirus-Corona-Virus-Con-347749726.jpg","contentUrl":"https:\/\/www.apfelpatient.de\/wp-content\/uploads\/2020\/04\/bigstock-Coronavirus-Corona-Virus-Con-347749726.jpg","width":1600,"height":1067,"caption":"Coronavirus - Corona virus concept. Earth in a medical mask protects itself from China virus coronavirus nCoV with DNA"},{"@type":"BreadcrumbList","@id":"https:\/\/www.apfelpatient.de\/news\/eu-fordert-apple-zur-mitarbeit-an-corona-tracing-auf#breadcrumb","itemListElement":[{"@type":"ListItem","position":1,"name":"Startseite","item":"https:\/\/www.apfelpatient.de\/"},{"@type":"ListItem","position":2,"name":"EU fordert Apple zur Mitarbeit an Corona-Tracing auf"}]},{"@type":"WebSite","@id":"https:\/\/www.apfelpatient.de\/#website","url":"https:\/\/www.apfelpatient.de\/","name":"apple patient","description":"Everything about Apple!","publisher":{"@type":"Organization","@id":"https:\/\/www.apfelpatient.de\/en\/#organization","name":"Apfelpatient","url":"https:\/\/www.apfelpatient.de\/en\/"},"alternateName":"Apfelpatient","potentialAction":[{"@type":"SearchAction","target":{"@type":"EntryPoint","urlTemplate":"https:\/\/www.apfelpatient.de\/?s={search_term_string}"},"query-input":{"@type":"PropertyValueSpecification","valueRequired":true,"valueName":"search_term_string"}}],"inLanguage":"en-US"},{"@type":["Person","Organization"],"@id":"https:\/\/www.apfelpatient.de\/#\/schema\/person\/7dc56ad6c8e9824b76d2c08d4c140e13","name":"Milan","logo":{"@id":"https:\/\/www.apfelpatient.de\/#\/schema\/person\/image\/"},"description":"Hello and welcome to my technology blog! As a big Apple fan, I report on everything to do with Apple: from the latest news and exciting rumors to helpful tips and tricks and detailed product tests. If you are as enthusiastic about technology as I am, you have come to the right place!","sameAs":["https:\/\/www.facebook.com\/apfelpatientOfficial","https:\/\/www.linkedin.com\/in\/milan-jovicic-42aa0231b"],"url":"https:\/\/www.apfelpatient.de\/en\/author\/apfeladmin"}]}},"_links":{"self":[{"href":"https:\/\/www.apfelpatient.de\/en\/wp-json\/wp\/v2\/posts\/11826","targetHints":{"allow":["GET"]}}],"collection":[{"href":"https:\/\/www.apfelpatient.de\/en\/wp-json\/wp\/v2\/posts"}],"about":[{"href":"https:\/\/www.apfelpatient.de\/en\/wp-json\/wp\/v2\/types\/post"}],"author":[{"embeddable":true,"href":"https:\/\/www.apfelpatient.de\/en\/wp-json\/wp\/v2\/users\/2"}],"replies":[{"embeddable":true,"href":"https:\/\/www.apfelpatient.de\/en\/wp-json\/wp\/v2\/comments?post=11826"}],"version-history":[{"count":0,"href":"https:\/\/www.apfelpatient.de\/en\/wp-json\/wp\/v2\/posts\/11826\/revisions"}],"wp:featuredmedia":[{"embeddable":true,"href":"https:\/\/www.apfelpatient.de\/en\/wp-json\/wp\/v2\/media\/11821"}],"wp:attachment":[{"href":"https:\/\/www.apfelpatient.de\/en\/wp-json\/wp\/v2\/media?parent=11826"}],"wp:term":[{"taxonomy":"category","embeddable":true,"href":"https:\/\/www.apfelpatient.de\/en\/wp-json\/wp\/v2\/categories?post=11826"},{"taxonomy":"post_tag","embeddable":true,"href":"https:\/\/www.apfelpatient.de\/en\/wp-json\/wp\/v2\/tags?post=11826"}],"curies":[{"name":"wp","href":"https:\/\/api.w.org\/{rel}","templated":true}]}}