{"id":11792,"date":"2020-04-21T23:23:37","date_gmt":"2020-04-21T21:23:37","guid":{"rendered":"https:\/\/www.apfelpatient.de\/?p=11792"},"modified":"2020-04-21T23:23:37","modified_gmt":"2020-04-21T21:23:37","slug":"new-23-imac-to-be-released-together-with-11-ipad","status":"publish","type":"post","link":"https:\/\/www.apfelpatient.de\/en\/rumors\/neuer-23-imac-soll-zusammen-mit-11-ipad-erscheinen","title":{"rendered":"New 23\u2033 iMac to be released together with 11\u2033 iPad"},"content":{"rendered":"<p class=\"has-drop-cap\"><strong>There are currently reports that Apple is planning to introduce a new iMac together with an updated iPad Air. The switch to MiniLED has also been commented on.&nbsp;<\/strong><\/p>\n\n\n\n<p>The China Times has a new <a href=\"https:\/\/www.chinatimes.com\/newspapers\/20200420000166-260202?chdtv\" class=\"ek-link\"><span style=\"text-decoration: underline;\" class=\"ek-underline\">report<\/span><\/a> that Apple plans to unveil a 23-inch iMac model along with an 11-inch iPad Air. Both products are expected to be released this year. The rumor of an 11-inch iPad Air is not new. I recently wrote about an anonymous Twitter user who suggested such a model with Touch ID under the display - you can find out more about that below. However, no exact specifications or details about the features were given. According to the source, mass production could start in the third quarter of 2020. Regarding the 23-inch iMac, the news site stated that the model could be unveiled in the fourth quarter of 2020.&nbsp;<\/p>\n\n\n\n<h3 class=\"wp-block-heading\">Delays in the transition to MiniLED<\/h3>\n\n\n\n\n\n\n\n<p>It is believed that the device will have the same dimensions as the 21.5-inch model, as the edges could be narrower. This would mean a similar transformation to the MacBook Pro 16-inch. A design update of the iMac is long overdue and would certainly be well received. In addition, the China Times discussed Apple&#039;s MiniLED plans. Due to the COVID-19 pandemic, the development of the MiniLED devices was interrupted. According to this, there will be delays. This statement is in line with an Economic Daily News report, according to which the <a href=\"https:\/\/www.apfelpatient.de\/en\/rumors\/covid-19-ipad-pro-with-miniled-could-appear-later\" class=\"ek-link\"><span style=\"text-decoration: underline;\" class=\"ek-underline\">iPad Pro with MiniLED technology<\/span><\/a> might not appear until spring 2021. In addition to the iPad Pro, the MacBook Pro and the iMac 27\u2033 are also expected to get a miniLED screen. It remains to be seen whether the change will start this year. Apple might still be able to make it in time.&nbsp;<em>(Photo by Ruslan Ivantsov \/ Bigstockphoto)<\/em><\/p>\n\n\n\n<ul class=\"wp-block-list\"><li><a href=\"https:\/\/www.apfelpatient.de\/en\/rumors\/ipad-air-with-touch-id-2-0-and-more-in-the-works\" class=\"ek-link\"><span style=\"text-decoration: underline;\" class=\"ek-underline\">iPad Air with Touch ID 2.0 and more in the works<\/span><\/a><\/li><\/ul>\n\n\n\n<h6 class=\"wp-block-heading translation-block\" id=\"h-kennt-ihr-schon-unsere-amazon-storefront-dort-findet-ihr-eine-handverlesene-auswahl-von-diversen-produkten-f-r-euer-iphone-und-co-viel-spa-beim-st-bern\"><em>Have you already visited our Amazon Storefront? There you&#039;ll find a hand-picked selection of various products for your iPhone and other devices \u2013 <span class=\"has-inline-color has-vivid-red-color\"><a href=\"https:\/\/www.amazon.de\/shop\/apfelpatientofficial\" class=\"ek-link\" data-wpel-link=\"exclude\" rel=\"follow noopener\" target=\"_self\"><span style=\"text-decoration: underline\" class=\"ek-underline\">enjoy browsing<\/span><\/a> !<\/span><\/em><\/h6>","protected":false},"excerpt":{"rendered":"<p>There are currently reports that Apple is planning to introduce a new iMac together with an updated iPad Air.<\/p>","protected":false},"author":2,"featured_media":11790,"comment_status":"closed","ping_status":"closed","sticky":false,"template":"","format":"standard","meta":{"jnews-multi-image_gallery":[],"jnews_single_post":{"subtitle":"","format":"standard","video":"","gallery":"","source_name":"","source_url":"","via_name":"China Times","via_url":"https:\/\/www.chinatimes.com\/newspapers\/20200420000166-260202?chdtv","override":[{"single_blog_custom":"","sidebar":"","second_sidebar":"","share_position":"","share_float_style":"","post_date_format":"","post_date_format_custom":"","post_reading_time_wpm":"","zoom_button_out_step":"1","zoom_button_in_step":"1","number_popup_post":"1"}],"image_override":[{"single_post_thumbnail_size":"","single_post_gallery_size":""}],"trending_post_position":"","trending_post_label":"","sponsored_post_label":"","sponsored_post_name":"","sponsored_post_url":"","sponsored_post_logo":"","sponsored_post_desc":""},"jnews_primary_category":{"id":"274"},"footnotes":""},"categories":[25],"tags":[376,18,306,307,40],"class_list":["post-11792","post","type-post","status-publish","format-standard","has-post-thumbnail","hentry","category-rumors","tag-coronavirus","tag-ipad","tag-ipad-2020","tag-ipad-pro-2020","tag-mac"],"yoast_head":"<!-- This site is optimized with the Yoast SEO Premium plugin v27.5 (Yoast SEO v27.5) - https:\/\/yoast.com\/product\/yoast-seo-premium-wordpress\/ -->\n<title>Neuer 23&quot; iMac soll zusammen mit 11&quot; iPad erscheinen Apfelpatient<\/title>\n<meta name=\"description\" content=\"Aktuell wird dar\u00fcber berichtet, wonach Apple die Einf\u00fchrung eines neuen iMac gemeinsam mit einem aktualisierten iPad Air in Planung hat.\" \/>\n<meta name=\"robots\" content=\"index, follow, max-snippet:-1, max-image-preview:large, max-video-preview:-1\" \/>\n<link rel=\"canonical\" href=\"https:\/\/www.apfelpatient.de\/en\/rumors\/new-23-imac-to-be-released-together-with-11-ipad\" \/>\n<meta property=\"og:locale\" content=\"en_US\" \/>\n<meta property=\"og:type\" content=\"article\" \/>\n<meta property=\"og:title\" content=\"Neuer 23&quot; iMac soll zusammen mit 11&quot; iPad erscheinen\" \/>\n<meta property=\"og:description\" content=\"Aktuell wird dar\u00fcber berichtet, wonach Apple die Einf\u00fchrung eines neuen iMac gemeinsam mit einem aktualisierten iPad Air in Planung hat.\" \/>\n<meta property=\"og:url\" content=\"https:\/\/www.apfelpatient.de\/en\/rumors\/new-23-imac-to-be-released-together-with-11-ipad\" \/>\n<meta property=\"og:site_name\" content=\"Apfelpatient\" \/>\n<meta property=\"article:publisher\" content=\"https:\/\/www.facebook.com\/apfelpatientOfficial\" \/>\n<meta property=\"article:author\" content=\"https:\/\/www.facebook.com\/apfelpatientOfficial\" \/>\n<meta property=\"article:published_time\" content=\"2020-04-21T21:23:37+00:00\" \/>\n<meta property=\"og:image\" content=\"https:\/\/www.apfelpatient.de\/wp-content\/uploads\/2020\/04\/bigstock-UKRAINE-RIVNE-December-170848463.jpg\" \/>\n\t<meta property=\"og:image:width\" content=\"1600\" \/>\n\t<meta property=\"og:image:height\" content=\"1067\" \/>\n\t<meta property=\"og:image:type\" content=\"image\/jpeg\" \/>\n<meta name=\"author\" content=\"Milan\" \/>\n<meta name=\"twitter:card\" content=\"summary_large_image\" \/>\n<meta name=\"twitter:description\" content=\"Aktuell wird dar\u00fcber berichtet, wonach Apple die Einf\u00fchrung eines neuen iMac gemeinsam mit einem aktualisierten iPad Air in Planung hat.\" \/>\n<meta name=\"twitter:label1\" content=\"Written by\" \/>\n\t<meta name=\"twitter:data1\" content=\"Milan\" \/>\n\t<meta name=\"twitter:label2\" content=\"Est. reading time\" \/>\n\t<meta name=\"twitter:data2\" content=\"2 minutes\" \/>\n<script type=\"application\/ld+json\" class=\"yoast-schema-graph\">{\"@context\":\"https:\\\/\\\/schema.org\",\"@graph\":[{\"@type\":\"NewsArticle\",\"@id\":\"https:\\\/\\\/www.apfelpatient.de\\\/rumors\\\/neuer-23-imac-soll-zusammen-mit-11-ipad-erscheinen#article\",\"isPartOf\":{\"@id\":\"https:\\\/\\\/www.apfelpatient.de\\\/rumors\\\/neuer-23-imac-soll-zusammen-mit-11-ipad-erscheinen\"},\"author\":{\"@type\":\"Organization\",\"@id\":\"https:\\\/\\\/www.apfelpatient.de\\\/en\\\/#organization\",\"name\":\"Apfelpatient\",\"url\":\"https:\\\/\\\/www.apfelpatient.de\\\/en\\\/\"},\"headline\":\"Neuer 23&#8243; iMac soll zusammen mit 11&#8243; iPad erscheinen\",\"datePublished\":\"2020-04-21T21:23:37+00:00\",\"mainEntityOfPage\":{\"@id\":\"https:\\\/\\\/www.apfelpatient.de\\\/rumors\\\/neuer-23-imac-soll-zusammen-mit-11-ipad-erscheinen\"},\"wordCount\":327,\"publisher\":{\"@type\":\"Organization\",\"@id\":\"https:\\\/\\\/www.apfelpatient.de\\\/en\\\/#organization\",\"name\":\"Apfelpatient\",\"url\":\"https:\\\/\\\/www.apfelpatient.de\\\/en\\\/\"},\"image\":{\"@id\":\"https:\\\/\\\/www.apfelpatient.de\\\/rumors\\\/neuer-23-imac-soll-zusammen-mit-11-ipad-erscheinen#primaryimage\"},\"thumbnailUrl\":\"https:\\\/\\\/www.apfelpatient.de\\\/wp-content\\\/uploads\\\/2020\\\/04\\\/bigstock-UKRAINE-RIVNE-December-170848463.jpg\",\"keywords\":[\"Coronavirus\",\"iPad\",\"iPad 2020\",\"iPad Pro 2020\",\"Mac\"],\"articleSection\":\"Rumors\",\"inLanguage\":\"en-US\",\"copyrightYear\":\"2020\",\"copyrightHolder\":{\"@id\":\"https:\\\/\\\/www.apfelpatient.de\\\/en\\\/#organization\"}},{\"@type\":\"WebPage\",\"@id\":\"https:\\\/\\\/www.apfelpatient.de\\\/rumors\\\/neuer-23-imac-soll-zusammen-mit-11-ipad-erscheinen\",\"url\":\"https:\\\/\\\/www.apfelpatient.de\\\/rumors\\\/neuer-23-imac-soll-zusammen-mit-11-ipad-erscheinen\",\"name\":\"Neuer 23\\\" iMac soll zusammen mit 11\\\" iPad erscheinen Apfelpatient\",\"isPartOf\":{\"@id\":\"https:\\\/\\\/www.apfelpatient.de\\\/#website\"},\"primaryImageOfPage\":{\"@id\":\"https:\\\/\\\/www.apfelpatient.de\\\/rumors\\\/neuer-23-imac-soll-zusammen-mit-11-ipad-erscheinen#primaryimage\"},\"image\":{\"@id\":\"https:\\\/\\\/www.apfelpatient.de\\\/rumors\\\/neuer-23-imac-soll-zusammen-mit-11-ipad-erscheinen#primaryimage\"},\"thumbnailUrl\":\"https:\\\/\\\/www.apfelpatient.de\\\/wp-content\\\/uploads\\\/2020\\\/04\\\/bigstock-UKRAINE-RIVNE-December-170848463.jpg\",\"datePublished\":\"2020-04-21T21:23:37+00:00\",\"description\":\"Aktuell wird dar\u00fcber berichtet, wonach Apple die Einf\u00fchrung eines neuen iMac gemeinsam mit einem aktualisierten iPad Air in Planung hat.\",\"breadcrumb\":{\"@id\":\"https:\\\/\\\/www.apfelpatient.de\\\/rumors\\\/neuer-23-imac-soll-zusammen-mit-11-ipad-erscheinen#breadcrumb\"},\"inLanguage\":\"en-US\",\"potentialAction\":[{\"@type\":\"ReadAction\",\"target\":[\"https:\\\/\\\/www.apfelpatient.de\\\/rumors\\\/neuer-23-imac-soll-zusammen-mit-11-ipad-erscheinen\"]}]},{\"@type\":\"ImageObject\",\"inLanguage\":\"en-US\",\"@id\":\"https:\\\/\\\/www.apfelpatient.de\\\/rumors\\\/neuer-23-imac-soll-zusammen-mit-11-ipad-erscheinen#primaryimage\",\"url\":\"https:\\\/\\\/www.apfelpatient.de\\\/wp-content\\\/uploads\\\/2020\\\/04\\\/bigstock-UKRAINE-RIVNE-December-170848463.jpg\",\"contentUrl\":\"https:\\\/\\\/www.apfelpatient.de\\\/wp-content\\\/uploads\\\/2020\\\/04\\\/bigstock-UKRAINE-RIVNE-December-170848463.jpg\",\"width\":1600,\"height\":1067,\"caption\":\"UKRAINE, RIVNE, December 2, 2016. Apple Computer iMac 27 retina display 5K keyboard and magic mouse on black table.\"},{\"@type\":\"BreadcrumbList\",\"@id\":\"https:\\\/\\\/www.apfelpatient.de\\\/rumors\\\/neuer-23-imac-soll-zusammen-mit-11-ipad-erscheinen#breadcrumb\",\"itemListElement\":[{\"@type\":\"ListItem\",\"position\":1,\"name\":\"Startseite\",\"item\":\"https:\\\/\\\/www.apfelpatient.de\\\/\"},{\"@type\":\"ListItem\",\"position\":2,\"name\":\"Neuer 23&#8243; iMac soll zusammen mit 11&#8243; iPad erscheinen\"}]},{\"@type\":\"WebSite\",\"@id\":\"https:\\\/\\\/www.apfelpatient.de\\\/#website\",\"url\":\"https:\\\/\\\/www.apfelpatient.de\\\/\",\"name\":\"Apfelpatient\",\"description\":\"Alles rund um Apple!\",\"publisher\":{\"@type\":\"Organization\",\"@id\":\"https:\\\/\\\/www.apfelpatient.de\\\/en\\\/#organization\",\"name\":\"Apfelpatient\",\"url\":\"https:\\\/\\\/www.apfelpatient.de\\\/en\\\/\"},\"alternateName\":\"Apfelpatient\",\"potentialAction\":[{\"@type\":\"SearchAction\",\"target\":{\"@type\":\"EntryPoint\",\"urlTemplate\":\"https:\\\/\\\/www.apfelpatient.de\\\/?s={search_term_string}\"},\"query-input\":{\"@type\":\"PropertyValueSpecification\",\"valueRequired\":true,\"valueName\":\"search_term_string\"}}],\"inLanguage\":\"en-US\"},{\"@type\":[\"Person\",\"Organization\"],\"@id\":\"https:\\\/\\\/www.apfelpatient.de\\\/#\\\/schema\\\/person\\\/7dc56ad6c8e9824b76d2c08d4c140e13\",\"name\":\"Milan\",\"logo\":{\"@id\":\"https:\\\/\\\/www.apfelpatient.de\\\/#\\\/schema\\\/person\\\/image\\\/\"},\"description\":\"Hallo und herzlich willkommen auf meinem Technik-Blog! Als gro\u00dfer Apple-Fan berichte ich hier \u00fcber alles, was mit Apple zu tun hat: von den neuesten News und spannenden Ger\u00fcchten \u00fcber hilfreiche Tipps und Tricks bis hin zu ausf\u00fchrlichen Produkttests. Wenn du genauso technikbegeistert bist wie ich, bist du hier genau richtig!\",\"sameAs\":[\"https:\\\/\\\/www.facebook.com\\\/apfelpatientOfficial\",\"https:\\\/\\\/www.linkedin.com\\\/in\\\/milan-jovicic-42aa0231b\"],\"url\":\"https:\\\/\\\/www.apfelpatient.de\\\/en\\\/author\\\/apfeladmin\"}]}<\/script>\n<!-- \/ Yoast SEO Premium plugin. -->","yoast_head_json":{"title":"New 23&quot; iMac to be released together with 11&quot; iPad Apfelpatient","description":"There are currently reports that Apple is planning to introduce a new iMac together with an updated iPad Air.","robots":{"index":"index","follow":"follow","max-snippet":"max-snippet:-1","max-image-preview":"max-image-preview:large","max-video-preview":"max-video-preview:-1"},"canonical":"https:\/\/www.apfelpatient.de\/en\/rumors\/new-23-imac-to-be-released-together-with-11-ipad","og_locale":"en_US","og_type":"article","og_title":"Neuer 23\" iMac soll zusammen mit 11\" iPad erscheinen","og_description":"Aktuell wird dar\u00fcber berichtet, wonach Apple die Einf\u00fchrung eines neuen iMac gemeinsam mit einem aktualisierten iPad Air in Planung hat.","og_url":"https:\/\/www.apfelpatient.de\/en\/rumors\/new-23-imac-to-be-released-together-with-11-ipad","og_site_name":"Apfelpatient","article_publisher":"https:\/\/www.facebook.com\/apfelpatientOfficial","article_author":"https:\/\/www.facebook.com\/apfelpatientOfficial","article_published_time":"2020-04-21T21:23:37+00:00","og_image":[{"width":1600,"height":1067,"url":"https:\/\/www.apfelpatient.de\/wp-content\/uploads\/2020\/04\/bigstock-UKRAINE-RIVNE-December-170848463.jpg","type":"image\/jpeg"}],"author":"Milan","twitter_card":"summary_large_image","twitter_description":"Aktuell wird dar\u00fcber berichtet, wonach Apple die Einf\u00fchrung eines neuen iMac gemeinsam mit einem aktualisierten iPad Air in Planung hat.","twitter_misc":{"Written by":"Milan","Est. reading time":"2 minutes"},"schema":{"@context":"https:\/\/schema.org","@graph":[{"@type":"NewsArticle","@id":"https:\/\/www.apfelpatient.de\/rumors\/neuer-23-imac-soll-zusammen-mit-11-ipad-erscheinen#article","isPartOf":{"@id":"https:\/\/www.apfelpatient.de\/rumors\/neuer-23-imac-soll-zusammen-mit-11-ipad-erscheinen"},"author":{"@type":"Organization","@id":"https:\/\/www.apfelpatient.de\/en\/#organization","name":"Apfelpatient","url":"https:\/\/www.apfelpatient.de\/en\/"},"headline":"Neuer 23&#8243; iMac soll zusammen mit 11&#8243; iPad erscheinen","datePublished":"2020-04-21T21:23:37+00:00","mainEntityOfPage":{"@id":"https:\/\/www.apfelpatient.de\/rumors\/neuer-23-imac-soll-zusammen-mit-11-ipad-erscheinen"},"wordCount":327,"publisher":{"@type":"Organization","@id":"https:\/\/www.apfelpatient.de\/en\/#organization","name":"Apfelpatient","url":"https:\/\/www.apfelpatient.de\/en\/"},"image":{"@id":"https:\/\/www.apfelpatient.de\/rumors\/neuer-23-imac-soll-zusammen-mit-11-ipad-erscheinen#primaryimage"},"thumbnailUrl":"https:\/\/www.apfelpatient.de\/wp-content\/uploads\/2020\/04\/bigstock-UKRAINE-RIVNE-December-170848463.jpg","keywords":["Coronavirus","iPad","iPad 2020","iPad Pro 2020","Mac"],"articleSection":"Rumors","inLanguage":"en-US","copyrightYear":"2020","copyrightHolder":{"@id":"https:\/\/www.apfelpatient.de\/en\/#organization"}},{"@type":"WebPage","@id":"https:\/\/www.apfelpatient.de\/rumors\/neuer-23-imac-soll-zusammen-mit-11-ipad-erscheinen","url":"https:\/\/www.apfelpatient.de\/rumors\/neuer-23-imac-soll-zusammen-mit-11-ipad-erscheinen","name":"New 23&quot; iMac to be released together with 11&quot; iPad Apfelpatient","isPartOf":{"@id":"https:\/\/www.apfelpatient.de\/#website"},"primaryImageOfPage":{"@id":"https:\/\/www.apfelpatient.de\/rumors\/neuer-23-imac-soll-zusammen-mit-11-ipad-erscheinen#primaryimage"},"image":{"@id":"https:\/\/www.apfelpatient.de\/rumors\/neuer-23-imac-soll-zusammen-mit-11-ipad-erscheinen#primaryimage"},"thumbnailUrl":"https:\/\/www.apfelpatient.de\/wp-content\/uploads\/2020\/04\/bigstock-UKRAINE-RIVNE-December-170848463.jpg","datePublished":"2020-04-21T21:23:37+00:00","description":"There are currently reports that Apple is planning to introduce a new iMac together with an updated iPad Air.","breadcrumb":{"@id":"https:\/\/www.apfelpatient.de\/rumors\/neuer-23-imac-soll-zusammen-mit-11-ipad-erscheinen#breadcrumb"},"inLanguage":"en-US","potentialAction":[{"@type":"ReadAction","target":["https:\/\/www.apfelpatient.de\/rumors\/neuer-23-imac-soll-zusammen-mit-11-ipad-erscheinen"]}]},{"@type":"ImageObject","inLanguage":"en-US","@id":"https:\/\/www.apfelpatient.de\/rumors\/neuer-23-imac-soll-zusammen-mit-11-ipad-erscheinen#primaryimage","url":"https:\/\/www.apfelpatient.de\/wp-content\/uploads\/2020\/04\/bigstock-UKRAINE-RIVNE-December-170848463.jpg","contentUrl":"https:\/\/www.apfelpatient.de\/wp-content\/uploads\/2020\/04\/bigstock-UKRAINE-RIVNE-December-170848463.jpg","width":1600,"height":1067,"caption":"UKRAINE, RIVNE, December 2, 2016. Apple Computer iMac 27 retina display 5K keyboard and magic mouse on black table."},{"@type":"BreadcrumbList","@id":"https:\/\/www.apfelpatient.de\/rumors\/neuer-23-imac-soll-zusammen-mit-11-ipad-erscheinen#breadcrumb","itemListElement":[{"@type":"ListItem","position":1,"name":"Startseite","item":"https:\/\/www.apfelpatient.de\/"},{"@type":"ListItem","position":2,"name":"Neuer 23&#8243; iMac soll zusammen mit 11&#8243; iPad erscheinen"}]},{"@type":"WebSite","@id":"https:\/\/www.apfelpatient.de\/#website","url":"https:\/\/www.apfelpatient.de\/","name":"apple patient","description":"Everything about Apple!","publisher":{"@type":"Organization","@id":"https:\/\/www.apfelpatient.de\/en\/#organization","name":"Apfelpatient","url":"https:\/\/www.apfelpatient.de\/en\/"},"alternateName":"Apfelpatient","potentialAction":[{"@type":"SearchAction","target":{"@type":"EntryPoint","urlTemplate":"https:\/\/www.apfelpatient.de\/?s={search_term_string}"},"query-input":{"@type":"PropertyValueSpecification","valueRequired":true,"valueName":"search_term_string"}}],"inLanguage":"en-US"},{"@type":["Person","Organization"],"@id":"https:\/\/www.apfelpatient.de\/#\/schema\/person\/7dc56ad6c8e9824b76d2c08d4c140e13","name":"Milan","logo":{"@id":"https:\/\/www.apfelpatient.de\/#\/schema\/person\/image\/"},"description":"Hello and welcome to my technology blog! As a big Apple fan, I report on everything to do with Apple: from the latest news and exciting rumors to helpful tips and tricks and detailed product tests. If you are as enthusiastic about technology as I am, you have come to the right place!","sameAs":["https:\/\/www.facebook.com\/apfelpatientOfficial","https:\/\/www.linkedin.com\/in\/milan-jovicic-42aa0231b"],"url":"https:\/\/www.apfelpatient.de\/en\/author\/apfeladmin"}]}},"_links":{"self":[{"href":"https:\/\/www.apfelpatient.de\/en\/wp-json\/wp\/v2\/posts\/11792","targetHints":{"allow":["GET"]}}],"collection":[{"href":"https:\/\/www.apfelpatient.de\/en\/wp-json\/wp\/v2\/posts"}],"about":[{"href":"https:\/\/www.apfelpatient.de\/en\/wp-json\/wp\/v2\/types\/post"}],"author":[{"embeddable":true,"href":"https:\/\/www.apfelpatient.de\/en\/wp-json\/wp\/v2\/users\/2"}],"replies":[{"embeddable":true,"href":"https:\/\/www.apfelpatient.de\/en\/wp-json\/wp\/v2\/comments?post=11792"}],"version-history":[{"count":0,"href":"https:\/\/www.apfelpatient.de\/en\/wp-json\/wp\/v2\/posts\/11792\/revisions"}],"wp:featuredmedia":[{"embeddable":true,"href":"https:\/\/www.apfelpatient.de\/en\/wp-json\/wp\/v2\/media\/11790"}],"wp:attachment":[{"href":"https:\/\/www.apfelpatient.de\/en\/wp-json\/wp\/v2\/media?parent=11792"}],"wp:term":[{"taxonomy":"category","embeddable":true,"href":"https:\/\/www.apfelpatient.de\/en\/wp-json\/wp\/v2\/categories?post=11792"},{"taxonomy":"post_tag","embeddable":true,"href":"https:\/\/www.apfelpatient.de\/en\/wp-json\/wp\/v2\/tags?post=11792"}],"curies":[{"name":"wp","href":"https:\/\/api.w.org\/{rel}","templated":true}]}}