{"id":11783,"date":"2020-04-21T18:31:09","date_gmt":"2020-04-21T16:31:09","guid":{"rendered":"https:\/\/www.apfelpatient.de\/?p=11783"},"modified":"2020-04-21T18:31:09","modified_gmt":"2020-04-21T16:31:09","slug":"corona-tracing-france-makes-demands-on-apple","status":"publish","type":"post","link":"https:\/\/www.apfelpatient.de\/en\/news\/corona-tracing-frankreich-stellt-forderung-an-apple","title":{"rendered":"Corona tracing: France demands action from Apple"},"content":{"rendered":"<p class=\"has-drop-cap\"><strong>Our neighboring country France is developing its own Corona tracing app, which is scheduled to be rolled out on May 11. But there is a problem - Bluetooth restrictions.<\/strong><\/p>\n\n\n\n<p>The French government has commissioned the development of an application that will enable contact tracing via Bluetooth - Corona tracing. However, the current Bluetooth configuration, for the sake of security, limits the functionality of this app. Now the French government has asked Apple to remove this technical restriction in iOS. The obstacle in question is as follows. Currently, Bluetooth cannot be used in the background. This means that in order to ensure connectivity, the third-party application in question must be actively running. Such a Corona tracing app therefore requires a constant connection to Bluetooth, which iOS prevents for privacy reasons.&nbsp;<\/p>\n\n\n\n<h3 class=\"wp-block-heading\">Talks have so far been unsuccessful<\/h3>\n\n\n\n\n\n\n\n<p>France&#039;s Digital Minister Cedric O told Bloomberg that the country wants to release a contact tracing app by May 11 and the restriction is preventing that from happening. <a href=\"https:\/\/www.bloomberg.com\/news\/articles\/2020-04-20\/france-says-apple-s-bluetooth-policy-is-blocking-virus-tracker\" class=\"ek-link\"><span style=\"text-decoration: underline;\" class=\"ek-underline\">interview<\/span><\/a>:<\/p>\n\n\n\n<blockquote class=\"wp-block-quote is-layout-flow wp-block-quote-is-layout-flow\"><p>We ask Apple to remove the technical hurdle so that we can develop a sovereign European healthcare solution that binds our healthcare system.<\/p><\/blockquote>\n\n\n\n<p>French ministers have already discussed their concerns with Apple, but so far there has been no progress on the matter. Bloomberg then contacted Apple and asked the company for a statement. An Apple spokesperson declined to comment, citing Apple&#039;s <a href=\"https:\/\/www.apfelpatient.de\/en\/news\/corona-tracking-apple-and-google-help\" class=\"ek-link\"><span style=\"text-decoration: underline;\" class=\"ek-underline\">press release<\/span><\/a>that Apple and Google would work together on a solution to enable corona tracing. The first step in this partnership will involve an interface that can only be used by official health authorities. You can find further information on the topic of corona tracing below. <em>(Photo by HalfPoint \/ Bigstockphoto)<\/em><\/p>\n\n\n\n<ul class=\"wp-block-list\"><li><a href=\"https:\/\/www.apfelpatient.de\/en\/news\/apple-google-how-contact-tracing-works\" class=\"ek-link\"><span style=\"text-decoration: underline;\" class=\"ek-underline\">Apple &amp; Google: How contact tracing works<\/span><\/a><\/li><\/ul>\n\n\n\n<h6 class=\"wp-block-heading translation-block\" id=\"h-kennt-ihr-schon-unsere-amazon-storefront-dort-findet-ihr-eine-handverlesene-auswahl-von-diversen-produkten-f-r-euer-iphone-und-co-viel-spa-beim-st-bern\"><em>Have you already visited our Amazon Storefront? There you&#039;ll find a hand-picked selection of various products for your iPhone and other devices \u2013 <span class=\"has-inline-color has-vivid-red-color\"><a href=\"https:\/\/www.amazon.de\/shop\/apfelpatientofficial\" class=\"ek-link\" data-wpel-link=\"exclude\" rel=\"follow noopener\" target=\"_self\"><span style=\"text-decoration: underline\" class=\"ek-underline\">enjoy browsing<\/span><\/a> !<\/span><\/em><\/h6>","protected":false},"excerpt":{"rendered":"<p>Corona tracing: France has developed an app for contact tracing and encountered a problem in iOS. Now Apple is supposed to step in.<\/p>","protected":false},"author":2,"featured_media":11779,"comment_status":"closed","ping_status":"closed","sticky":false,"template":"","format":"standard","meta":{"jnews-multi-image_gallery":[],"jnews_single_post":{"subtitle":"","format":"standard","video":"","gallery":"","source_name":"","source_url":"","via_name":"Bloomberg","via_url":"https:\/\/www.bloomberg.com\/news\/articles\/2020-04-20\/france-says-apple-s-bluetooth-policy-is-blocking-virus-tracker","override":[{"single_blog_custom":"","sidebar":"","second_sidebar":"","share_position":"","share_float_style":"","post_date_format":"","post_date_format_custom":"","post_reading_time_wpm":"","zoom_button_out_step":"1","zoom_button_in_step":"1","number_popup_post":"1"}],"image_override":[{"single_post_thumbnail_size":"","single_post_gallery_size":""}],"trending_post_position":"","trending_post_label":"","sponsored_post_label":"","sponsored_post_name":"","sponsored_post_url":"","sponsored_post_logo":"","sponsored_post_desc":""},"jnews_primary_category":{"id":"265"},"footnotes":""},"categories":[9],"tags":[376,123,313,3],"class_list":["post-11783","post","type-post","status-publish","format-standard","has-post-thumbnail","hentry","category-news","tag-coronavirus","tag-eu","tag-europa","tag-ios"],"yoast_head":"<!-- This site is optimized with the Yoast SEO Premium plugin v27.5 (Yoast SEO v27.5) - https:\/\/yoast.com\/product\/yoast-seo-premium-wordpress\/ -->\n<title>Corona-Tracing: Frankreich stellt Forderung an Apple Apfelpatient<\/title>\n<meta name=\"description\" content=\"Corona-Tracing: Frankreich hat eine App zur Kontaktverfolgung entwickelt und st\u00f6\u00dft dabei auf ein Problem in iOS. Nun soll Apple einspringen.\" \/>\n<meta name=\"robots\" content=\"index, follow, max-snippet:-1, max-image-preview:large, max-video-preview:-1\" \/>\n<link rel=\"canonical\" href=\"https:\/\/www.apfelpatient.de\/en\/news\/corona-tracing-france-makes-demands-on-apple\" \/>\n<meta property=\"og:locale\" content=\"en_US\" \/>\n<meta property=\"og:type\" content=\"article\" \/>\n<meta property=\"og:title\" content=\"Corona-Tracing: Frankreich stellt Forderung an Apple\" \/>\n<meta property=\"og:description\" content=\"Corona-Tracing: Frankreich hat eine App zur Kontaktverfolgung entwickelt und st\u00f6\u00dft dabei auf ein Problem in iOS. Nun soll Apple einspringen.\" \/>\n<meta property=\"og:url\" content=\"https:\/\/www.apfelpatient.de\/en\/news\/corona-tracing-france-makes-demands-on-apple\" \/>\n<meta property=\"og:site_name\" content=\"Apfelpatient\" \/>\n<meta property=\"article:publisher\" content=\"https:\/\/www.facebook.com\/apfelpatientOfficial\" \/>\n<meta property=\"article:author\" content=\"https:\/\/www.facebook.com\/apfelpatientOfficial\" \/>\n<meta property=\"article:published_time\" content=\"2020-04-21T16:31:09+00:00\" \/>\n<meta property=\"og:image\" content=\"https:\/\/www.apfelpatient.de\/wp-content\/uploads\/2020\/04\/bigstock-Group-Of-Doctors-With-Face-Mas-350133985.jpg\" \/>\n\t<meta property=\"og:image:width\" content=\"1600\" \/>\n\t<meta property=\"og:image:height\" content=\"1067\" \/>\n\t<meta property=\"og:image:type\" content=\"image\/jpeg\" \/>\n<meta name=\"author\" content=\"Milan\" \/>\n<meta name=\"twitter:card\" content=\"summary_large_image\" \/>\n<meta name=\"twitter:description\" content=\"Corona-Tracing: Frankreich hat eine App zur Kontaktverfolgung entwickelt und st\u00f6\u00dft dabei auf ein Problem in iOS. Nun soll Apple einspringen.\" \/>\n<meta name=\"twitter:label1\" content=\"Written by\" \/>\n\t<meta name=\"twitter:data1\" content=\"Milan\" \/>\n\t<meta name=\"twitter:label2\" content=\"Est. reading time\" \/>\n\t<meta name=\"twitter:data2\" content=\"2 minutes\" \/>\n<script type=\"application\/ld+json\" class=\"yoast-schema-graph\">{\"@context\":\"https:\\\/\\\/schema.org\",\"@graph\":[{\"@type\":\"NewsArticle\",\"@id\":\"https:\\\/\\\/www.apfelpatient.de\\\/news\\\/corona-tracing-frankreich-stellt-forderung-an-apple#article\",\"isPartOf\":{\"@id\":\"https:\\\/\\\/www.apfelpatient.de\\\/news\\\/corona-tracing-frankreich-stellt-forderung-an-apple\"},\"author\":{\"@type\":\"Organization\",\"@id\":\"https:\\\/\\\/www.apfelpatient.de\\\/en\\\/#organization\",\"name\":\"Apfelpatient\",\"url\":\"https:\\\/\\\/www.apfelpatient.de\\\/en\\\/\"},\"headline\":\"Corona-Tracing: Frankreich stellt Forderung an Apple\",\"datePublished\":\"2020-04-21T16:31:09+00:00\",\"mainEntityOfPage\":{\"@id\":\"https:\\\/\\\/www.apfelpatient.de\\\/news\\\/corona-tracing-frankreich-stellt-forderung-an-apple\"},\"wordCount\":314,\"publisher\":{\"@type\":\"Organization\",\"@id\":\"https:\\\/\\\/www.apfelpatient.de\\\/en\\\/#organization\",\"name\":\"Apfelpatient\",\"url\":\"https:\\\/\\\/www.apfelpatient.de\\\/en\\\/\"},\"image\":{\"@id\":\"https:\\\/\\\/www.apfelpatient.de\\\/news\\\/corona-tracing-frankreich-stellt-forderung-an-apple#primaryimage\"},\"thumbnailUrl\":\"https:\\\/\\\/www.apfelpatient.de\\\/wp-content\\\/uploads\\\/2020\\\/04\\\/bigstock-Group-Of-Doctors-With-Face-Mas-350133985.jpg\",\"keywords\":[\"Coronavirus\",\"EU\",\"Europa\",\"iOS\"],\"articleSection\":\"News\",\"inLanguage\":\"en-US\",\"copyrightYear\":\"2020\",\"copyrightHolder\":{\"@id\":\"https:\\\/\\\/www.apfelpatient.de\\\/en\\\/#organization\"}},{\"@type\":\"WebPage\",\"@id\":\"https:\\\/\\\/www.apfelpatient.de\\\/news\\\/corona-tracing-frankreich-stellt-forderung-an-apple\",\"url\":\"https:\\\/\\\/www.apfelpatient.de\\\/news\\\/corona-tracing-frankreich-stellt-forderung-an-apple\",\"name\":\"Corona-Tracing: Frankreich stellt Forderung an Apple Apfelpatient\",\"isPartOf\":{\"@id\":\"https:\\\/\\\/www.apfelpatient.de\\\/#website\"},\"primaryImageOfPage\":{\"@id\":\"https:\\\/\\\/www.apfelpatient.de\\\/news\\\/corona-tracing-frankreich-stellt-forderung-an-apple#primaryimage\"},\"image\":{\"@id\":\"https:\\\/\\\/www.apfelpatient.de\\\/news\\\/corona-tracing-frankreich-stellt-forderung-an-apple#primaryimage\"},\"thumbnailUrl\":\"https:\\\/\\\/www.apfelpatient.de\\\/wp-content\\\/uploads\\\/2020\\\/04\\\/bigstock-Group-Of-Doctors-With-Face-Mas-350133985.jpg\",\"datePublished\":\"2020-04-21T16:31:09+00:00\",\"description\":\"Corona-Tracing: Frankreich hat eine App zur Kontaktverfolgung entwickelt und st\u00f6\u00dft dabei auf ein Problem in iOS. Nun soll Apple einspringen.\",\"breadcrumb\":{\"@id\":\"https:\\\/\\\/www.apfelpatient.de\\\/news\\\/corona-tracing-frankreich-stellt-forderung-an-apple#breadcrumb\"},\"inLanguage\":\"en-US\",\"potentialAction\":[{\"@type\":\"ReadAction\",\"target\":[\"https:\\\/\\\/www.apfelpatient.de\\\/news\\\/corona-tracing-frankreich-stellt-forderung-an-apple\"]}]},{\"@type\":\"ImageObject\",\"inLanguage\":\"en-US\",\"@id\":\"https:\\\/\\\/www.apfelpatient.de\\\/news\\\/corona-tracing-frankreich-stellt-forderung-an-apple#primaryimage\",\"url\":\"https:\\\/\\\/www.apfelpatient.de\\\/wp-content\\\/uploads\\\/2020\\\/04\\\/bigstock-Group-Of-Doctors-With-Face-Mas-350133985.jpg\",\"contentUrl\":\"https:\\\/\\\/www.apfelpatient.de\\\/wp-content\\\/uploads\\\/2020\\\/04\\\/bigstock-Group-Of-Doctors-With-Face-Mas-350133985.jpg\",\"width\":1600,\"height\":1067,\"caption\":\"Group of doctors with face masks looking at camera, corona virus concept.\"},{\"@type\":\"BreadcrumbList\",\"@id\":\"https:\\\/\\\/www.apfelpatient.de\\\/news\\\/corona-tracing-frankreich-stellt-forderung-an-apple#breadcrumb\",\"itemListElement\":[{\"@type\":\"ListItem\",\"position\":1,\"name\":\"Startseite\",\"item\":\"https:\\\/\\\/www.apfelpatient.de\\\/\"},{\"@type\":\"ListItem\",\"position\":2,\"name\":\"Corona-Tracing: Frankreich stellt Forderung an Apple\"}]},{\"@type\":\"WebSite\",\"@id\":\"https:\\\/\\\/www.apfelpatient.de\\\/#website\",\"url\":\"https:\\\/\\\/www.apfelpatient.de\\\/\",\"name\":\"Apfelpatient\",\"description\":\"Alles rund um Apple!\",\"publisher\":{\"@type\":\"Organization\",\"@id\":\"https:\\\/\\\/www.apfelpatient.de\\\/en\\\/#organization\",\"name\":\"Apfelpatient\",\"url\":\"https:\\\/\\\/www.apfelpatient.de\\\/en\\\/\"},\"alternateName\":\"Apfelpatient\",\"potentialAction\":[{\"@type\":\"SearchAction\",\"target\":{\"@type\":\"EntryPoint\",\"urlTemplate\":\"https:\\\/\\\/www.apfelpatient.de\\\/?s={search_term_string}\"},\"query-input\":{\"@type\":\"PropertyValueSpecification\",\"valueRequired\":true,\"valueName\":\"search_term_string\"}}],\"inLanguage\":\"en-US\"},{\"@type\":[\"Person\",\"Organization\"],\"@id\":\"https:\\\/\\\/www.apfelpatient.de\\\/#\\\/schema\\\/person\\\/7dc56ad6c8e9824b76d2c08d4c140e13\",\"name\":\"Milan\",\"logo\":{\"@id\":\"https:\\\/\\\/www.apfelpatient.de\\\/#\\\/schema\\\/person\\\/image\\\/\"},\"description\":\"Hallo und herzlich willkommen auf meinem Technik-Blog! Als gro\u00dfer Apple-Fan berichte ich hier \u00fcber alles, was mit Apple zu tun hat: von den neuesten News und spannenden Ger\u00fcchten \u00fcber hilfreiche Tipps und Tricks bis hin zu ausf\u00fchrlichen Produkttests. Wenn du genauso technikbegeistert bist wie ich, bist du hier genau richtig!\",\"sameAs\":[\"https:\\\/\\\/www.facebook.com\\\/apfelpatientOfficial\",\"https:\\\/\\\/www.linkedin.com\\\/in\\\/milan-jovicic-42aa0231b\"],\"url\":\"https:\\\/\\\/www.apfelpatient.de\\\/en\\\/author\\\/apfeladmin\"}]}<\/script>\n<!-- \/ Yoast SEO Premium plugin. -->","yoast_head_json":{"title":"Corona tracing: France makes demands on Apple Apfelpatient","description":"Corona tracing: France has developed an app for contact tracing and encountered a problem in iOS. Now Apple is supposed to step in.","robots":{"index":"index","follow":"follow","max-snippet":"max-snippet:-1","max-image-preview":"max-image-preview:large","max-video-preview":"max-video-preview:-1"},"canonical":"https:\/\/www.apfelpatient.de\/en\/news\/corona-tracing-france-makes-demands-on-apple","og_locale":"en_US","og_type":"article","og_title":"Corona-Tracing: Frankreich stellt Forderung an Apple","og_description":"Corona-Tracing: Frankreich hat eine App zur Kontaktverfolgung entwickelt und st\u00f6\u00dft dabei auf ein Problem in iOS. Nun soll Apple einspringen.","og_url":"https:\/\/www.apfelpatient.de\/en\/news\/corona-tracing-france-makes-demands-on-apple","og_site_name":"Apfelpatient","article_publisher":"https:\/\/www.facebook.com\/apfelpatientOfficial","article_author":"https:\/\/www.facebook.com\/apfelpatientOfficial","article_published_time":"2020-04-21T16:31:09+00:00","og_image":[{"width":1600,"height":1067,"url":"https:\/\/www.apfelpatient.de\/wp-content\/uploads\/2020\/04\/bigstock-Group-Of-Doctors-With-Face-Mas-350133985.jpg","type":"image\/jpeg"}],"author":"Milan","twitter_card":"summary_large_image","twitter_description":"Corona-Tracing: Frankreich hat eine App zur Kontaktverfolgung entwickelt und st\u00f6\u00dft dabei auf ein Problem in iOS. Nun soll Apple einspringen.","twitter_misc":{"Written by":"Milan","Est. reading time":"2 minutes"},"schema":{"@context":"https:\/\/schema.org","@graph":[{"@type":"NewsArticle","@id":"https:\/\/www.apfelpatient.de\/news\/corona-tracing-frankreich-stellt-forderung-an-apple#article","isPartOf":{"@id":"https:\/\/www.apfelpatient.de\/news\/corona-tracing-frankreich-stellt-forderung-an-apple"},"author":{"@type":"Organization","@id":"https:\/\/www.apfelpatient.de\/en\/#organization","name":"Apfelpatient","url":"https:\/\/www.apfelpatient.de\/en\/"},"headline":"Corona-Tracing: Frankreich stellt Forderung an Apple","datePublished":"2020-04-21T16:31:09+00:00","mainEntityOfPage":{"@id":"https:\/\/www.apfelpatient.de\/news\/corona-tracing-frankreich-stellt-forderung-an-apple"},"wordCount":314,"publisher":{"@type":"Organization","@id":"https:\/\/www.apfelpatient.de\/en\/#organization","name":"Apfelpatient","url":"https:\/\/www.apfelpatient.de\/en\/"},"image":{"@id":"https:\/\/www.apfelpatient.de\/news\/corona-tracing-frankreich-stellt-forderung-an-apple#primaryimage"},"thumbnailUrl":"https:\/\/www.apfelpatient.de\/wp-content\/uploads\/2020\/04\/bigstock-Group-Of-Doctors-With-Face-Mas-350133985.jpg","keywords":["Coronavirus","EU","Europa","iOS"],"articleSection":"News","inLanguage":"en-US","copyrightYear":"2020","copyrightHolder":{"@id":"https:\/\/www.apfelpatient.de\/en\/#organization"}},{"@type":"WebPage","@id":"https:\/\/www.apfelpatient.de\/news\/corona-tracing-frankreich-stellt-forderung-an-apple","url":"https:\/\/www.apfelpatient.de\/news\/corona-tracing-frankreich-stellt-forderung-an-apple","name":"Corona tracing: France makes demands on Apple Apfelpatient","isPartOf":{"@id":"https:\/\/www.apfelpatient.de\/#website"},"primaryImageOfPage":{"@id":"https:\/\/www.apfelpatient.de\/news\/corona-tracing-frankreich-stellt-forderung-an-apple#primaryimage"},"image":{"@id":"https:\/\/www.apfelpatient.de\/news\/corona-tracing-frankreich-stellt-forderung-an-apple#primaryimage"},"thumbnailUrl":"https:\/\/www.apfelpatient.de\/wp-content\/uploads\/2020\/04\/bigstock-Group-Of-Doctors-With-Face-Mas-350133985.jpg","datePublished":"2020-04-21T16:31:09+00:00","description":"Corona tracing: France has developed an app for contact tracing and encountered a problem in iOS. Now Apple is supposed to step in.","breadcrumb":{"@id":"https:\/\/www.apfelpatient.de\/news\/corona-tracing-frankreich-stellt-forderung-an-apple#breadcrumb"},"inLanguage":"en-US","potentialAction":[{"@type":"ReadAction","target":["https:\/\/www.apfelpatient.de\/news\/corona-tracing-frankreich-stellt-forderung-an-apple"]}]},{"@type":"ImageObject","inLanguage":"en-US","@id":"https:\/\/www.apfelpatient.de\/news\/corona-tracing-frankreich-stellt-forderung-an-apple#primaryimage","url":"https:\/\/www.apfelpatient.de\/wp-content\/uploads\/2020\/04\/bigstock-Group-Of-Doctors-With-Face-Mas-350133985.jpg","contentUrl":"https:\/\/www.apfelpatient.de\/wp-content\/uploads\/2020\/04\/bigstock-Group-Of-Doctors-With-Face-Mas-350133985.jpg","width":1600,"height":1067,"caption":"Group of doctors with face masks looking at camera, corona virus concept."},{"@type":"BreadcrumbList","@id":"https:\/\/www.apfelpatient.de\/news\/corona-tracing-frankreich-stellt-forderung-an-apple#breadcrumb","itemListElement":[{"@type":"ListItem","position":1,"name":"Startseite","item":"https:\/\/www.apfelpatient.de\/"},{"@type":"ListItem","position":2,"name":"Corona-Tracing: Frankreich stellt Forderung an Apple"}]},{"@type":"WebSite","@id":"https:\/\/www.apfelpatient.de\/#website","url":"https:\/\/www.apfelpatient.de\/","name":"apple patient","description":"Everything about Apple!","publisher":{"@type":"Organization","@id":"https:\/\/www.apfelpatient.de\/en\/#organization","name":"Apfelpatient","url":"https:\/\/www.apfelpatient.de\/en\/"},"alternateName":"Apfelpatient","potentialAction":[{"@type":"SearchAction","target":{"@type":"EntryPoint","urlTemplate":"https:\/\/www.apfelpatient.de\/?s={search_term_string}"},"query-input":{"@type":"PropertyValueSpecification","valueRequired":true,"valueName":"search_term_string"}}],"inLanguage":"en-US"},{"@type":["Person","Organization"],"@id":"https:\/\/www.apfelpatient.de\/#\/schema\/person\/7dc56ad6c8e9824b76d2c08d4c140e13","name":"Milan","logo":{"@id":"https:\/\/www.apfelpatient.de\/#\/schema\/person\/image\/"},"description":"Hello and welcome to my technology blog! As a big Apple fan, I report on everything to do with Apple: from the latest news and exciting rumors to helpful tips and tricks and detailed product tests. If you are as enthusiastic about technology as I am, you have come to the right place!","sameAs":["https:\/\/www.facebook.com\/apfelpatientOfficial","https:\/\/www.linkedin.com\/in\/milan-jovicic-42aa0231b"],"url":"https:\/\/www.apfelpatient.de\/en\/author\/apfeladmin"}]}},"_links":{"self":[{"href":"https:\/\/www.apfelpatient.de\/en\/wp-json\/wp\/v2\/posts\/11783","targetHints":{"allow":["GET"]}}],"collection":[{"href":"https:\/\/www.apfelpatient.de\/en\/wp-json\/wp\/v2\/posts"}],"about":[{"href":"https:\/\/www.apfelpatient.de\/en\/wp-json\/wp\/v2\/types\/post"}],"author":[{"embeddable":true,"href":"https:\/\/www.apfelpatient.de\/en\/wp-json\/wp\/v2\/users\/2"}],"replies":[{"embeddable":true,"href":"https:\/\/www.apfelpatient.de\/en\/wp-json\/wp\/v2\/comments?post=11783"}],"version-history":[{"count":0,"href":"https:\/\/www.apfelpatient.de\/en\/wp-json\/wp\/v2\/posts\/11783\/revisions"}],"wp:featuredmedia":[{"embeddable":true,"href":"https:\/\/www.apfelpatient.de\/en\/wp-json\/wp\/v2\/media\/11779"}],"wp:attachment":[{"href":"https:\/\/www.apfelpatient.de\/en\/wp-json\/wp\/v2\/media?parent=11783"}],"wp:term":[{"taxonomy":"category","embeddable":true,"href":"https:\/\/www.apfelpatient.de\/en\/wp-json\/wp\/v2\/categories?post=11783"},{"taxonomy":"post_tag","embeddable":true,"href":"https:\/\/www.apfelpatient.de\/en\/wp-json\/wp\/v2\/tags?post=11783"}],"curies":[{"name":"wp","href":"https:\/\/api.w.org\/{rel}","templated":true}]}}