{"id":11775,"date":"2020-04-21T13:54:45","date_gmt":"2020-04-21T11:54:45","guid":{"rendered":"https:\/\/www.apfelpatient.de\/?p=11775"},"modified":"2020-04-21T13:54:45","modified_gmt":"2020-04-21T11:54:45","slug":"covid-19-ipad-pro-with-miniled-could-appear-later","status":"publish","type":"post","link":"https:\/\/www.apfelpatient.de\/en\/rumors\/covid-19-ipad-pro-mit-miniled-koennte-spaeter-erscheinen","title":{"rendered":"COVID-19: iPad Pro with MiniLED could appear later"},"content":{"rendered":"<p class=\"has-drop-cap\"><strong>Apple updated the iPad Pro series in March and introduced a camera with a LiDAR scanner for the first time. But it won&#039;t stop there - the iPad Pro with 5G support and more is still pending.&nbsp;<\/strong><\/p>\n\n\n\n<p>According to rumors, Apple has released two <a href=\"https:\/\/www.amazon.de\/shop\/apfelpatientofficial?listId=3OZ49TF9PJX24&amp;ref=cm_sw_em_r_inf_list_own_apfelpatientofficial_dp_Que1f7kCxAdzl\" class=\"ek-link\"><span style=\"text-decoration: underline;\" class=\"ek-underline\">iPad Pro<\/span><\/a> Updates planned. The first took place in March, with the only new feature being the camera module. The second update is planned for autumn. The device will reportedly support 5G and feature the new MiniLED technology as well as the brand new A14 chip with 5nm architecture. However, due to the COVID-19 pandemic, there could now be delays. The <a href=\"https:\/\/udn.com\/news\/story\/7240\/4506755\" class=\"ek-link\"><span style=\"text-decoration: underline;\" class=\"ek-underline\">Economic Daily News<\/span><\/a>that Apple has fallen behind in the development of various products and is now prioritizing the iPhone 12 over all other devices in the pipeline. This means that the company could announce the new iPad Pro much later than expected. A launch in spring 2021 is also conceivable.&nbsp;<\/p>\n\n\n\n<h3 class=\"wp-block-heading\">More products with MiniLEDs to follow<\/h3>\n\n\n\n\n\n\n\n<p>The upcoming iPad Pro is said to be the first Apple product to feature a MiniLED panel. This display technology is said to deliver better brightness and significantly better contrast overall. Deeper blacks are also guaranteed. This also solves the burn-in problem of OLEDs. In addition, MiniLEDs are more efficient and would enable thinner and lighter product designs. According to analyst Ming-Chi Kuo, it will not stop with the iPad Pro. He believes that Apple will introduce more products with this screen technology by the end of 2021. However, it remains to be seen to what extent the whole thing will be delayed due to the current COVID-19 pandemic.&nbsp;<em>(Photo by 4itolino \/ Bigstockphoto)<\/em><\/p>\n\n\n\n<h6 class=\"wp-block-heading translation-block\" id=\"h-kennt-ihr-schon-unsere-amazon-storefront-dort-findet-ihr-eine-handverlesene-auswahl-von-diversen-produkten-f-r-euer-iphone-und-co-viel-spa-beim-st-bern\"><em>Have you already visited our Amazon Storefront? There you&#039;ll find a hand-picked selection of various products for your iPhone and other devices \u2013 <span class=\"has-inline-color has-vivid-red-color\"><a href=\"https:\/\/www.amazon.de\/shop\/apfelpatientofficial\" class=\"ek-link\" data-wpel-link=\"exclude\" rel=\"follow noopener\" target=\"_self\"><span style=\"text-decoration: underline\" class=\"ek-underline\">enjoy browsing<\/span><\/a> !<\/span><\/em><\/h6>","protected":false},"excerpt":{"rendered":"<p>iPad Pro 2020: The new device is said to have a miniLED screen, 5G support and more. But when will it be released?<\/p>","protected":false},"author":2,"featured_media":11774,"comment_status":"closed","ping_status":"closed","sticky":false,"template":"","format":"standard","meta":{"jnews-multi-image_gallery":[],"jnews_single_post":{"subtitle":"","format":"standard","video":"","gallery":"","source_name":"","source_url":"","via_name":"Economic Daily News","via_url":"https:\/\/udn.com\/news\/story\/7240\/4506755","override":[{"single_blog_custom":"","sidebar":"","second_sidebar":"","share_position":"","share_float_style":"","post_date_format":"","post_date_format_custom":"","post_reading_time_wpm":"","zoom_button_out_step":"1","zoom_button_in_step":"1","number_popup_post":"1"}],"image_override":[{"single_post_thumbnail_size":"","single_post_gallery_size":""}],"trending_post_position":"","trending_post_label":"","sponsored_post_label":"","sponsored_post_name":"","sponsored_post_url":"","sponsored_post_logo":"","sponsored_post_desc":""},"jnews_primary_category":{"id":""},"footnotes":""},"categories":[25],"tags":[376,18,307,337],"class_list":["post-11775","post","type-post","status-publish","format-standard","has-post-thumbnail","hentry","category-rumors","tag-coronavirus","tag-ipad","tag-ipad-pro-2020","tag-ipad-pro-2021"],"yoast_head":"<!-- This site is optimized with the Yoast SEO Premium plugin v27.5 (Yoast SEO v27.5) - https:\/\/yoast.com\/product\/yoast-seo-premium-wordpress\/ -->\n<title>COVID-19: iPad Pro mit MiniLED k\u00f6nnte sp\u00e4ter erscheinen Apfelpatient<\/title>\n<meta name=\"description\" content=\"iPad Pro 2020: Das neue Ger\u00e4t soll \u00fcber einen MiniLED-Bildschirm, 5G-Unterst\u00fctzung und mehr verf\u00fcgen. Doch wann wird es erscheinen?\" \/>\n<meta name=\"robots\" content=\"index, follow, max-snippet:-1, max-image-preview:large, max-video-preview:-1\" \/>\n<link rel=\"canonical\" href=\"https:\/\/www.apfelpatient.de\/en\/rumors\/covid-19-ipad-pro-with-miniled-could-appear-later\" \/>\n<meta property=\"og:locale\" content=\"en_US\" \/>\n<meta property=\"og:type\" content=\"article\" \/>\n<meta property=\"og:title\" content=\"COVID-19: iPad Pro mit MiniLED k\u00f6nnte sp\u00e4ter erscheinen\" \/>\n<meta property=\"og:description\" content=\"iPad Pro 2020: Das neue Ger\u00e4t soll \u00fcber einen MiniLED-Bildschirm, 5G-Unterst\u00fctzung und mehr verf\u00fcgen. Doch wann wird es erscheinen?\" \/>\n<meta property=\"og:url\" content=\"https:\/\/www.apfelpatient.de\/en\/rumors\/covid-19-ipad-pro-with-miniled-could-appear-later\" \/>\n<meta property=\"og:site_name\" content=\"Apfelpatient\" \/>\n<meta property=\"article:publisher\" content=\"https:\/\/www.facebook.com\/apfelpatientOfficial\" \/>\n<meta property=\"article:author\" content=\"https:\/\/www.facebook.com\/apfelpatientOfficial\" \/>\n<meta property=\"article:published_time\" content=\"2020-04-21T11:54:45+00:00\" \/>\n<meta property=\"og:image\" content=\"https:\/\/www.apfelpatient.de\/wp-content\/uploads\/2020\/04\/bigstock-Fluorescent-Organic-Materials-322892902.jpg\" \/>\n\t<meta property=\"og:image:width\" content=\"1600\" \/>\n\t<meta property=\"og:image:height\" content=\"1067\" \/>\n\t<meta property=\"og:image:type\" content=\"image\/jpeg\" \/>\n<meta name=\"author\" content=\"Milan\" \/>\n<meta name=\"twitter:card\" content=\"summary_large_image\" \/>\n<meta name=\"twitter:description\" content=\"iPad Pro 2020: Das neue Ger\u00e4t soll \u00fcber einen MiniLED-Bildschirm, 5G-Unterst\u00fctzung und mehr verf\u00fcgen. Doch wann wird es erscheinen?\" \/>\n<meta name=\"twitter:label1\" content=\"Written by\" \/>\n\t<meta name=\"twitter:data1\" content=\"Milan\" \/>\n\t<meta name=\"twitter:label2\" content=\"Est. reading time\" \/>\n\t<meta name=\"twitter:data2\" content=\"1 minute\" \/>\n<script type=\"application\/ld+json\" class=\"yoast-schema-graph\">{\"@context\":\"https:\\\/\\\/schema.org\",\"@graph\":[{\"@type\":\"NewsArticle\",\"@id\":\"https:\\\/\\\/www.apfelpatient.de\\\/rumors\\\/covid-19-ipad-pro-mit-miniled-koennte-spaeter-erscheinen#article\",\"isPartOf\":{\"@id\":\"https:\\\/\\\/www.apfelpatient.de\\\/rumors\\\/covid-19-ipad-pro-mit-miniled-koennte-spaeter-erscheinen\"},\"author\":{\"@type\":\"Organization\",\"@id\":\"https:\\\/\\\/www.apfelpatient.de\\\/en\\\/#organization\",\"name\":\"Apfelpatient\",\"url\":\"https:\\\/\\\/www.apfelpatient.de\\\/en\\\/\"},\"headline\":\"COVID-19: iPad Pro mit MiniLED k\u00f6nnte sp\u00e4ter erscheinen\",\"datePublished\":\"2020-04-21T11:54:45+00:00\",\"mainEntityOfPage\":{\"@id\":\"https:\\\/\\\/www.apfelpatient.de\\\/rumors\\\/covid-19-ipad-pro-mit-miniled-koennte-spaeter-erscheinen\"},\"wordCount\":292,\"publisher\":{\"@type\":\"Organization\",\"@id\":\"https:\\\/\\\/www.apfelpatient.de\\\/en\\\/#organization\",\"name\":\"Apfelpatient\",\"url\":\"https:\\\/\\\/www.apfelpatient.de\\\/en\\\/\"},\"image\":{\"@id\":\"https:\\\/\\\/www.apfelpatient.de\\\/rumors\\\/covid-19-ipad-pro-mit-miniled-koennte-spaeter-erscheinen#primaryimage\"},\"thumbnailUrl\":\"https:\\\/\\\/www.apfelpatient.de\\\/wp-content\\\/uploads\\\/2020\\\/04\\\/bigstock-Fluorescent-Organic-Materials-322892902.jpg\",\"keywords\":[\"Coronavirus\",\"iPad\",\"iPad Pro 2020\",\"iPad Pro 2021\"],\"articleSection\":\"Rumors\",\"inLanguage\":\"en-US\",\"copyrightYear\":\"2020\",\"copyrightHolder\":{\"@id\":\"https:\\\/\\\/www.apfelpatient.de\\\/en\\\/#organization\"}},{\"@type\":\"WebPage\",\"@id\":\"https:\\\/\\\/www.apfelpatient.de\\\/rumors\\\/covid-19-ipad-pro-mit-miniled-koennte-spaeter-erscheinen\",\"url\":\"https:\\\/\\\/www.apfelpatient.de\\\/rumors\\\/covid-19-ipad-pro-mit-miniled-koennte-spaeter-erscheinen\",\"name\":\"COVID-19: iPad Pro mit MiniLED k\u00f6nnte sp\u00e4ter erscheinen Apfelpatient\",\"isPartOf\":{\"@id\":\"https:\\\/\\\/www.apfelpatient.de\\\/#website\"},\"primaryImageOfPage\":{\"@id\":\"https:\\\/\\\/www.apfelpatient.de\\\/rumors\\\/covid-19-ipad-pro-mit-miniled-koennte-spaeter-erscheinen#primaryimage\"},\"image\":{\"@id\":\"https:\\\/\\\/www.apfelpatient.de\\\/rumors\\\/covid-19-ipad-pro-mit-miniled-koennte-spaeter-erscheinen#primaryimage\"},\"thumbnailUrl\":\"https:\\\/\\\/www.apfelpatient.de\\\/wp-content\\\/uploads\\\/2020\\\/04\\\/bigstock-Fluorescent-Organic-Materials-322892902.jpg\",\"datePublished\":\"2020-04-21T11:54:45+00:00\",\"description\":\"iPad Pro 2020: Das neue Ger\u00e4t soll \u00fcber einen MiniLED-Bildschirm, 5G-Unterst\u00fctzung und mehr verf\u00fcgen. Doch wann wird es erscheinen?\",\"breadcrumb\":{\"@id\":\"https:\\\/\\\/www.apfelpatient.de\\\/rumors\\\/covid-19-ipad-pro-mit-miniled-koennte-spaeter-erscheinen#breadcrumb\"},\"inLanguage\":\"en-US\",\"potentialAction\":[{\"@type\":\"ReadAction\",\"target\":[\"https:\\\/\\\/www.apfelpatient.de\\\/rumors\\\/covid-19-ipad-pro-mit-miniled-koennte-spaeter-erscheinen\"]}]},{\"@type\":\"ImageObject\",\"inLanguage\":\"en-US\",\"@id\":\"https:\\\/\\\/www.apfelpatient.de\\\/rumors\\\/covid-19-ipad-pro-mit-miniled-koennte-spaeter-erscheinen#primaryimage\",\"url\":\"https:\\\/\\\/www.apfelpatient.de\\\/wp-content\\\/uploads\\\/2020\\\/04\\\/bigstock-Fluorescent-Organic-Materials-322892902.jpg\",\"contentUrl\":\"https:\\\/\\\/www.apfelpatient.de\\\/wp-content\\\/uploads\\\/2020\\\/04\\\/bigstock-Fluorescent-Organic-Materials-322892902.jpg\",\"width\":1600,\"height\":1067,\"caption\":\"Fluorescent organic materials of red, yellow and green color for production OLED inside glass bottle in UV light.Organic light emitting diode.\"},{\"@type\":\"BreadcrumbList\",\"@id\":\"https:\\\/\\\/www.apfelpatient.de\\\/rumors\\\/covid-19-ipad-pro-mit-miniled-koennte-spaeter-erscheinen#breadcrumb\",\"itemListElement\":[{\"@type\":\"ListItem\",\"position\":1,\"name\":\"Startseite\",\"item\":\"https:\\\/\\\/www.apfelpatient.de\\\/\"},{\"@type\":\"ListItem\",\"position\":2,\"name\":\"COVID-19: iPad Pro mit MiniLED k\u00f6nnte sp\u00e4ter erscheinen\"}]},{\"@type\":\"WebSite\",\"@id\":\"https:\\\/\\\/www.apfelpatient.de\\\/#website\",\"url\":\"https:\\\/\\\/www.apfelpatient.de\\\/\",\"name\":\"Apfelpatient\",\"description\":\"Alles rund um Apple!\",\"publisher\":{\"@type\":\"Organization\",\"@id\":\"https:\\\/\\\/www.apfelpatient.de\\\/en\\\/#organization\",\"name\":\"Apfelpatient\",\"url\":\"https:\\\/\\\/www.apfelpatient.de\\\/en\\\/\"},\"alternateName\":\"Apfelpatient\",\"potentialAction\":[{\"@type\":\"SearchAction\",\"target\":{\"@type\":\"EntryPoint\",\"urlTemplate\":\"https:\\\/\\\/www.apfelpatient.de\\\/?s={search_term_string}\"},\"query-input\":{\"@type\":\"PropertyValueSpecification\",\"valueRequired\":true,\"valueName\":\"search_term_string\"}}],\"inLanguage\":\"en-US\"},{\"@type\":[\"Person\",\"Organization\"],\"@id\":\"https:\\\/\\\/www.apfelpatient.de\\\/#\\\/schema\\\/person\\\/7dc56ad6c8e9824b76d2c08d4c140e13\",\"name\":\"Milan\",\"logo\":{\"@id\":\"https:\\\/\\\/www.apfelpatient.de\\\/#\\\/schema\\\/person\\\/image\\\/\"},\"description\":\"Hallo und herzlich willkommen auf meinem Technik-Blog! Als gro\u00dfer Apple-Fan berichte ich hier \u00fcber alles, was mit Apple zu tun hat: von den neuesten News und spannenden Ger\u00fcchten \u00fcber hilfreiche Tipps und Tricks bis hin zu ausf\u00fchrlichen Produkttests. Wenn du genauso technikbegeistert bist wie ich, bist du hier genau richtig!\",\"sameAs\":[\"https:\\\/\\\/www.facebook.com\\\/apfelpatientOfficial\",\"https:\\\/\\\/www.linkedin.com\\\/in\\\/milan-jovicic-42aa0231b\"],\"url\":\"https:\\\/\\\/www.apfelpatient.de\\\/en\\\/author\\\/apfeladmin\"}]}<\/script>\n<!-- \/ Yoast SEO Premium plugin. -->","yoast_head_json":{"title":"COVID-19: iPad Pro with MiniLED could appear later Apfelpatient","description":"iPad Pro 2020: The new device is said to have a miniLED screen, 5G support and more. But when will it be released?","robots":{"index":"index","follow":"follow","max-snippet":"max-snippet:-1","max-image-preview":"max-image-preview:large","max-video-preview":"max-video-preview:-1"},"canonical":"https:\/\/www.apfelpatient.de\/en\/rumors\/covid-19-ipad-pro-with-miniled-could-appear-later","og_locale":"en_US","og_type":"article","og_title":"COVID-19: iPad Pro mit MiniLED k\u00f6nnte sp\u00e4ter erscheinen","og_description":"iPad Pro 2020: Das neue Ger\u00e4t soll \u00fcber einen MiniLED-Bildschirm, 5G-Unterst\u00fctzung und mehr verf\u00fcgen. Doch wann wird es erscheinen?","og_url":"https:\/\/www.apfelpatient.de\/en\/rumors\/covid-19-ipad-pro-with-miniled-could-appear-later","og_site_name":"Apfelpatient","article_publisher":"https:\/\/www.facebook.com\/apfelpatientOfficial","article_author":"https:\/\/www.facebook.com\/apfelpatientOfficial","article_published_time":"2020-04-21T11:54:45+00:00","og_image":[{"width":1600,"height":1067,"url":"https:\/\/www.apfelpatient.de\/wp-content\/uploads\/2020\/04\/bigstock-Fluorescent-Organic-Materials-322892902.jpg","type":"image\/jpeg"}],"author":"Milan","twitter_card":"summary_large_image","twitter_description":"iPad Pro 2020: Das neue Ger\u00e4t soll \u00fcber einen MiniLED-Bildschirm, 5G-Unterst\u00fctzung und mehr verf\u00fcgen. Doch wann wird es erscheinen?","twitter_misc":{"Written by":"Milan","Est. reading time":"1 minute"},"schema":{"@context":"https:\/\/schema.org","@graph":[{"@type":"NewsArticle","@id":"https:\/\/www.apfelpatient.de\/rumors\/covid-19-ipad-pro-mit-miniled-koennte-spaeter-erscheinen#article","isPartOf":{"@id":"https:\/\/www.apfelpatient.de\/rumors\/covid-19-ipad-pro-mit-miniled-koennte-spaeter-erscheinen"},"author":{"@type":"Organization","@id":"https:\/\/www.apfelpatient.de\/en\/#organization","name":"Apfelpatient","url":"https:\/\/www.apfelpatient.de\/en\/"},"headline":"COVID-19: iPad Pro mit MiniLED k\u00f6nnte sp\u00e4ter erscheinen","datePublished":"2020-04-21T11:54:45+00:00","mainEntityOfPage":{"@id":"https:\/\/www.apfelpatient.de\/rumors\/covid-19-ipad-pro-mit-miniled-koennte-spaeter-erscheinen"},"wordCount":292,"publisher":{"@type":"Organization","@id":"https:\/\/www.apfelpatient.de\/en\/#organization","name":"Apfelpatient","url":"https:\/\/www.apfelpatient.de\/en\/"},"image":{"@id":"https:\/\/www.apfelpatient.de\/rumors\/covid-19-ipad-pro-mit-miniled-koennte-spaeter-erscheinen#primaryimage"},"thumbnailUrl":"https:\/\/www.apfelpatient.de\/wp-content\/uploads\/2020\/04\/bigstock-Fluorescent-Organic-Materials-322892902.jpg","keywords":["Coronavirus","iPad","iPad Pro 2020","iPad Pro 2021"],"articleSection":"Rumors","inLanguage":"en-US","copyrightYear":"2020","copyrightHolder":{"@id":"https:\/\/www.apfelpatient.de\/en\/#organization"}},{"@type":"WebPage","@id":"https:\/\/www.apfelpatient.de\/rumors\/covid-19-ipad-pro-mit-miniled-koennte-spaeter-erscheinen","url":"https:\/\/www.apfelpatient.de\/rumors\/covid-19-ipad-pro-mit-miniled-koennte-spaeter-erscheinen","name":"COVID-19: iPad Pro with MiniLED could appear later Apfelpatient","isPartOf":{"@id":"https:\/\/www.apfelpatient.de\/#website"},"primaryImageOfPage":{"@id":"https:\/\/www.apfelpatient.de\/rumors\/covid-19-ipad-pro-mit-miniled-koennte-spaeter-erscheinen#primaryimage"},"image":{"@id":"https:\/\/www.apfelpatient.de\/rumors\/covid-19-ipad-pro-mit-miniled-koennte-spaeter-erscheinen#primaryimage"},"thumbnailUrl":"https:\/\/www.apfelpatient.de\/wp-content\/uploads\/2020\/04\/bigstock-Fluorescent-Organic-Materials-322892902.jpg","datePublished":"2020-04-21T11:54:45+00:00","description":"iPad Pro 2020: The new device is said to have a miniLED screen, 5G support and more. But when will it be released?","breadcrumb":{"@id":"https:\/\/www.apfelpatient.de\/rumors\/covid-19-ipad-pro-mit-miniled-koennte-spaeter-erscheinen#breadcrumb"},"inLanguage":"en-US","potentialAction":[{"@type":"ReadAction","target":["https:\/\/www.apfelpatient.de\/rumors\/covid-19-ipad-pro-mit-miniled-koennte-spaeter-erscheinen"]}]},{"@type":"ImageObject","inLanguage":"en-US","@id":"https:\/\/www.apfelpatient.de\/rumors\/covid-19-ipad-pro-mit-miniled-koennte-spaeter-erscheinen#primaryimage","url":"https:\/\/www.apfelpatient.de\/wp-content\/uploads\/2020\/04\/bigstock-Fluorescent-Organic-Materials-322892902.jpg","contentUrl":"https:\/\/www.apfelpatient.de\/wp-content\/uploads\/2020\/04\/bigstock-Fluorescent-Organic-Materials-322892902.jpg","width":1600,"height":1067,"caption":"Fluorescent organic materials of red, yellow and green color for production OLED inside glass bottle in UV light.Organic light emitting diode."},{"@type":"BreadcrumbList","@id":"https:\/\/www.apfelpatient.de\/rumors\/covid-19-ipad-pro-mit-miniled-koennte-spaeter-erscheinen#breadcrumb","itemListElement":[{"@type":"ListItem","position":1,"name":"Startseite","item":"https:\/\/www.apfelpatient.de\/"},{"@type":"ListItem","position":2,"name":"COVID-19: iPad Pro mit MiniLED k\u00f6nnte sp\u00e4ter erscheinen"}]},{"@type":"WebSite","@id":"https:\/\/www.apfelpatient.de\/#website","url":"https:\/\/www.apfelpatient.de\/","name":"apple patient","description":"Everything about Apple!","publisher":{"@type":"Organization","@id":"https:\/\/www.apfelpatient.de\/en\/#organization","name":"Apfelpatient","url":"https:\/\/www.apfelpatient.de\/en\/"},"alternateName":"Apfelpatient","potentialAction":[{"@type":"SearchAction","target":{"@type":"EntryPoint","urlTemplate":"https:\/\/www.apfelpatient.de\/?s={search_term_string}"},"query-input":{"@type":"PropertyValueSpecification","valueRequired":true,"valueName":"search_term_string"}}],"inLanguage":"en-US"},{"@type":["Person","Organization"],"@id":"https:\/\/www.apfelpatient.de\/#\/schema\/person\/7dc56ad6c8e9824b76d2c08d4c140e13","name":"Milan","logo":{"@id":"https:\/\/www.apfelpatient.de\/#\/schema\/person\/image\/"},"description":"Hello and welcome to my technology blog! As a big Apple fan, I report on everything to do with Apple: from the latest news and exciting rumors to helpful tips and tricks and detailed product tests. If you are as enthusiastic about technology as I am, you have come to the right place!","sameAs":["https:\/\/www.facebook.com\/apfelpatientOfficial","https:\/\/www.linkedin.com\/in\/milan-jovicic-42aa0231b"],"url":"https:\/\/www.apfelpatient.de\/en\/author\/apfeladmin"}]}},"_links":{"self":[{"href":"https:\/\/www.apfelpatient.de\/en\/wp-json\/wp\/v2\/posts\/11775","targetHints":{"allow":["GET"]}}],"collection":[{"href":"https:\/\/www.apfelpatient.de\/en\/wp-json\/wp\/v2\/posts"}],"about":[{"href":"https:\/\/www.apfelpatient.de\/en\/wp-json\/wp\/v2\/types\/post"}],"author":[{"embeddable":true,"href":"https:\/\/www.apfelpatient.de\/en\/wp-json\/wp\/v2\/users\/2"}],"replies":[{"embeddable":true,"href":"https:\/\/www.apfelpatient.de\/en\/wp-json\/wp\/v2\/comments?post=11775"}],"version-history":[{"count":0,"href":"https:\/\/www.apfelpatient.de\/en\/wp-json\/wp\/v2\/posts\/11775\/revisions"}],"wp:featuredmedia":[{"embeddable":true,"href":"https:\/\/www.apfelpatient.de\/en\/wp-json\/wp\/v2\/media\/11774"}],"wp:attachment":[{"href":"https:\/\/www.apfelpatient.de\/en\/wp-json\/wp\/v2\/media?parent=11775"}],"wp:term":[{"taxonomy":"category","embeddable":true,"href":"https:\/\/www.apfelpatient.de\/en\/wp-json\/wp\/v2\/categories?post=11775"},{"taxonomy":"post_tag","embeddable":true,"href":"https:\/\/www.apfelpatient.de\/en\/wp-json\/wp\/v2\/tags?post=11775"}],"curies":[{"name":"wp","href":"https:\/\/api.w.org\/{rel}","templated":true}]}}