{"id":11450,"date":"2020-04-03T13:57:29","date_gmt":"2020-04-03T11:57:29","guid":{"rendered":"https:\/\/www.apfelpatient.de\/?p=11450"},"modified":"2020-04-03T13:57:29","modified_gmt":"2020-04-03T11:57:29","slug":"apple-stores-remain-closed-until-may","status":"publish","type":"post","link":"https:\/\/www.apfelpatient.de\/en\/news\/apple-stores-bleiben-bis-mai-geschlossen","title":{"rendered":"Apple Stores will remain closed until May"},"content":{"rendered":"<p class=\"has-drop-cap\"><strong>In the wake of the global Corona crisis, Apple has closed its own stores outside of Greater China. Initially, the Apple Stores were supposed to remain open until <a href=\"https:\/\/www.apfelpatient.de\/en\/news\/coronavirus-apple-closes-all-stores\" class=\"ek-link\"><span style=\"text-decoration: underline;\" class=\"ek-underline\"><span style=\"color:#cf2e2e\" class=\"has-inline-color\">March 27th closed<\/span><\/span><\/a> But Apple is extending the contract.<\/strong><\/p>\n\n\n\n<p>Apple closed all stores outside of China on March 14. The closure was originally scheduled to last two weeks. But it quickly became clear that the stores would remain closed for longer. Just a few days later, Apple changed the announcement to <em>&quot;Closed until further notice&quot;<\/em> Later, there were reports that the Cupertino-based company was not planning to <a class=\"ek-link\" href=\"https:\/\/www.apfelpatient.de\/en\/rumors\/apple-stores-planned-to-reopen-in-april\"><span class=\"ek-underline\" style=\"text-decoration: underline;\"><span class=\"has-inline-color\" style=\"color:#cf2e2e\">April reopening<\/span><\/span><\/a> will celebrate. Now reports <a href=\"https:\/\/www.bloomberg.com\/news\/articles\/2020-04-03\/apple-tells-staff-u-s-stores-to-remain-closed-until-early-may?sref=9hGJlFio\" class=\"ek-link\"><span style=\"text-decoration: underline;\" class=\"ek-underline\"><span style=\"color:#cf2e2e\" class=\"has-inline-color\">Bloomberg<\/span><\/span><\/a>that some Apple Stores will not reopen before the beginning of May. According to current information, these are locations within the United States.&nbsp;<\/p>\n\n\n\n<h3 class=\"wp-block-heading\">The online business continues<\/h3>\n\n\n\n\n\n\n\n<p>An internal memo sent by Deirdre O&#039;Brien \u2013 Apple&#039;s retail chief \u2013 now states that Apple <em>&quot;continues to monitor local conditions for each Apple store on a daily basis&quot;<\/em> and that decisions on reopening after <em>&quot;thorough, thoughtful reviews and the latest guidelines from local governments and public health experts&quot;<\/em> The flexible working arrangements will remain in place - the shops and offices will not reopen before the beginning of May. It is expected that the Apple Stores in this country will also remain closed for a longer period. Anyone who needs technical support can contact Apple via the official support website. The sale of products will also be handled as usual in the online shop. <a href=\"https:\/\/www.apple.com\/\" class=\"ek-link\"><span style=\"text-decoration: underline;\" class=\"ek-underline\"><span style=\"color:#cf2e2e\" class=\"has-inline-color\">Apple Online Store<\/span><\/span><\/a> - for the <a href=\"https:\/\/support.apple.com\/de-de\" class=\"ek-link\"><span style=\"text-decoration: underline;\" class=\"ek-underline\"><span style=\"color:#cf2e2e\" class=\"has-inline-color\">Apple Online Support<\/span><\/span><\/a>!<\/p>\n\n\n\n<p><strong><em>Amazon Echo Family<\/em><\/strong>&nbsp;\u2013&nbsp;<a href=\"https:\/\/www.amazon.de\/shop\/apfelpatientofficial?listId=3NB0LK4VYR0LB&amp;ref=cm_sw_em_r_inf_list_own_apfelpatientofficial_dp_GU5MpplwMVRBm\" class=\"ek-link\"><span style=\"text-decoration: underline;\" class=\"ek-underline\"><span style=\"color:#cf2e2e\" class=\"has-inline-color\">Echo Dot 3 and Echo Sub now available for half price on Amazon<\/span><\/span><\/a>.<em>&nbsp;(Photo by franz12 \/ Bigstockphoto)<\/em><\/p>","protected":false},"excerpt":{"rendered":"<p>Apple Store: In the wake of the global Corona crisis, Apple has closed its own stores outside of Greater China.<\/p>","protected":false},"author":2,"featured_media":11449,"comment_status":"closed","ping_status":"closed","sticky":false,"template":"","format":"standard","meta":{"jnews-multi-image_gallery":[],"jnews_single_post":{"subtitle":"","format":"standard","video":"","gallery":"","source_name":"","source_url":"","via_name":"Bloomberg","via_url":"https:\/\/www.bloomberg.com\/news\/articles\/2020-04-03\/apple-tells-staff-u-s-stores-to-remain-closed-until-early-may?sref=9hGJlFio","override":[{"single_blog_custom":"","sidebar":"","second_sidebar":"","share_position":"","share_float_style":"","post_date_format":"","post_date_format_custom":"","post_reading_time_wpm":"","zoom_button_out_step":"1","zoom_button_in_step":"1","number_popup_post":"1"}],"image_override":[{"single_post_thumbnail_size":"","single_post_gallery_size":""}],"trending_post_position":"","trending_post_label":"","sponsored_post_label":"","sponsored_post_name":"","sponsored_post_url":"","sponsored_post_logo":"","sponsored_post_desc":""},"jnews_primary_category":{"id":"265"},"footnotes":""},"categories":[9],"tags":[81,376],"class_list":["post-11450","post","type-post","status-publish","format-standard","has-post-thumbnail","hentry","category-news","tag-apple-store","tag-coronavirus"],"yoast_head":"<!-- This site is optimized with the Yoast SEO Premium plugin v27.5 (Yoast SEO v27.5) - https:\/\/yoast.com\/product\/yoast-seo-premium-wordpress\/ -->\n<title>Apple Stores bleiben bis Mai geschlossen Apfelpatient<\/title>\n<meta name=\"description\" content=\"Apple Store: Im Zuge der weltweiten Corona-Krise hat Apple die eigenen Ladengesch\u00e4fte au\u00dferhalb des Gro\u00dfraums China geschlossen.\" \/>\n<meta name=\"robots\" content=\"index, follow, max-snippet:-1, max-image-preview:large, max-video-preview:-1\" \/>\n<link rel=\"canonical\" href=\"https:\/\/www.apfelpatient.de\/en\/news\/apple-stores-remain-closed-until-may\" \/>\n<meta property=\"og:locale\" content=\"en_US\" \/>\n<meta property=\"og:type\" content=\"article\" \/>\n<meta property=\"og:title\" content=\"Apple Stores bleiben bis Mai geschlossen\" \/>\n<meta property=\"og:description\" content=\"Apple Store: Im Zuge der weltweiten Corona-Krise hat Apple die eigenen Ladengesch\u00e4fte au\u00dferhalb des Gro\u00dfraums China geschlossen.\" \/>\n<meta property=\"og:url\" content=\"https:\/\/www.apfelpatient.de\/en\/news\/apple-stores-remain-closed-until-may\" \/>\n<meta property=\"og:site_name\" content=\"Apfelpatient\" \/>\n<meta property=\"article:publisher\" content=\"https:\/\/www.facebook.com\/apfelpatientOfficial\" \/>\n<meta property=\"article:author\" content=\"https:\/\/www.facebook.com\/apfelpatientOfficial\" \/>\n<meta property=\"article:published_time\" content=\"2020-04-03T11:57:29+00:00\" \/>\n<meta property=\"og:image\" content=\"https:\/\/www.apfelpatient.de\/wp-content\/uploads\/2020\/04\/bigstock-Turkey-Istanbul-December-348211444.jpg\" \/>\n\t<meta property=\"og:image:width\" content=\"1600\" \/>\n\t<meta property=\"og:image:height\" content=\"1067\" \/>\n\t<meta property=\"og:image:type\" content=\"image\/jpeg\" \/>\n<meta name=\"author\" content=\"Milan\" \/>\n<meta name=\"twitter:card\" content=\"summary_large_image\" \/>\n<meta name=\"twitter:description\" content=\"Apple Store: Im Zuge der weltweiten Corona-Krise hat Apple die eigenen Ladengesch\u00e4fte au\u00dferhalb des Gro\u00dfraums China geschlossen.\" \/>\n<meta name=\"twitter:label1\" content=\"Written by\" \/>\n\t<meta name=\"twitter:data1\" content=\"Milan\" \/>\n\t<meta name=\"twitter:label2\" content=\"Est. reading time\" \/>\n\t<meta name=\"twitter:data2\" content=\"1 minute\" \/>\n<script type=\"application\/ld+json\" class=\"yoast-schema-graph\">{\"@context\":\"https:\\\/\\\/schema.org\",\"@graph\":[{\"@type\":\"NewsArticle\",\"@id\":\"https:\\\/\\\/www.apfelpatient.de\\\/news\\\/apple-stores-bleiben-bis-mai-geschlossen#article\",\"isPartOf\":{\"@id\":\"https:\\\/\\\/www.apfelpatient.de\\\/news\\\/apple-stores-bleiben-bis-mai-geschlossen\"},\"author\":{\"@type\":\"Organization\",\"@id\":\"https:\\\/\\\/www.apfelpatient.de\\\/en\\\/#organization\",\"name\":\"Apfelpatient\",\"url\":\"https:\\\/\\\/www.apfelpatient.de\\\/en\\\/\"},\"headline\":\"Apple Stores bleiben bis Mai geschlossen\",\"datePublished\":\"2020-04-03T11:57:29+00:00\",\"mainEntityOfPage\":{\"@id\":\"https:\\\/\\\/www.apfelpatient.de\\\/news\\\/apple-stores-bleiben-bis-mai-geschlossen\"},\"wordCount\":303,\"publisher\":{\"@type\":\"Organization\",\"@id\":\"https:\\\/\\\/www.apfelpatient.de\\\/en\\\/#organization\",\"name\":\"Apfelpatient\",\"url\":\"https:\\\/\\\/www.apfelpatient.de\\\/en\\\/\"},\"image\":{\"@id\":\"https:\\\/\\\/www.apfelpatient.de\\\/news\\\/apple-stores-bleiben-bis-mai-geschlossen#primaryimage\"},\"thumbnailUrl\":\"https:\\\/\\\/www.apfelpatient.de\\\/wp-content\\\/uploads\\\/2020\\\/04\\\/bigstock-Turkey-Istanbul-December-348211444.jpg\",\"keywords\":[\"Apple Store\",\"Coronavirus\"],\"articleSection\":\"News\",\"inLanguage\":\"en-US\",\"copyrightYear\":\"2020\",\"copyrightHolder\":{\"@id\":\"https:\\\/\\\/www.apfelpatient.de\\\/en\\\/#organization\"}},{\"@type\":\"WebPage\",\"@id\":\"https:\\\/\\\/www.apfelpatient.de\\\/news\\\/apple-stores-bleiben-bis-mai-geschlossen\",\"url\":\"https:\\\/\\\/www.apfelpatient.de\\\/news\\\/apple-stores-bleiben-bis-mai-geschlossen\",\"name\":\"Apple Stores bleiben bis Mai geschlossen Apfelpatient\",\"isPartOf\":{\"@id\":\"https:\\\/\\\/www.apfelpatient.de\\\/#website\"},\"primaryImageOfPage\":{\"@id\":\"https:\\\/\\\/www.apfelpatient.de\\\/news\\\/apple-stores-bleiben-bis-mai-geschlossen#primaryimage\"},\"image\":{\"@id\":\"https:\\\/\\\/www.apfelpatient.de\\\/news\\\/apple-stores-bleiben-bis-mai-geschlossen#primaryimage\"},\"thumbnailUrl\":\"https:\\\/\\\/www.apfelpatient.de\\\/wp-content\\\/uploads\\\/2020\\\/04\\\/bigstock-Turkey-Istanbul-December-348211444.jpg\",\"datePublished\":\"2020-04-03T11:57:29+00:00\",\"description\":\"Apple Store: Im Zuge der weltweiten Corona-Krise hat Apple die eigenen Ladengesch\u00e4fte au\u00dferhalb des Gro\u00dfraums China geschlossen.\",\"breadcrumb\":{\"@id\":\"https:\\\/\\\/www.apfelpatient.de\\\/news\\\/apple-stores-bleiben-bis-mai-geschlossen#breadcrumb\"},\"inLanguage\":\"en-US\",\"potentialAction\":[{\"@type\":\"ReadAction\",\"target\":[\"https:\\\/\\\/www.apfelpatient.de\\\/news\\\/apple-stores-bleiben-bis-mai-geschlossen\"]}]},{\"@type\":\"ImageObject\",\"inLanguage\":\"en-US\",\"@id\":\"https:\\\/\\\/www.apfelpatient.de\\\/news\\\/apple-stores-bleiben-bis-mai-geschlossen#primaryimage\",\"url\":\"https:\\\/\\\/www.apfelpatient.de\\\/wp-content\\\/uploads\\\/2020\\\/04\\\/bigstock-Turkey-Istanbul-December-348211444.jpg\",\"contentUrl\":\"https:\\\/\\\/www.apfelpatient.de\\\/wp-content\\\/uploads\\\/2020\\\/04\\\/bigstock-Turkey-Istanbul-December-348211444.jpg\",\"width\":1600,\"height\":1067,\"caption\":\"Turkey, Istanbul, December 17, 2019: Apple company logo at the entrance of the Apple Store.\"},{\"@type\":\"BreadcrumbList\",\"@id\":\"https:\\\/\\\/www.apfelpatient.de\\\/news\\\/apple-stores-bleiben-bis-mai-geschlossen#breadcrumb\",\"itemListElement\":[{\"@type\":\"ListItem\",\"position\":1,\"name\":\"Startseite\",\"item\":\"https:\\\/\\\/www.apfelpatient.de\\\/\"},{\"@type\":\"ListItem\",\"position\":2,\"name\":\"Apple Stores bleiben bis Mai geschlossen\"}]},{\"@type\":\"WebSite\",\"@id\":\"https:\\\/\\\/www.apfelpatient.de\\\/#website\",\"url\":\"https:\\\/\\\/www.apfelpatient.de\\\/\",\"name\":\"Apfelpatient\",\"description\":\"Alles rund um Apple!\",\"publisher\":{\"@type\":\"Organization\",\"@id\":\"https:\\\/\\\/www.apfelpatient.de\\\/en\\\/#organization\",\"name\":\"Apfelpatient\",\"url\":\"https:\\\/\\\/www.apfelpatient.de\\\/en\\\/\"},\"alternateName\":\"Apfelpatient\",\"potentialAction\":[{\"@type\":\"SearchAction\",\"target\":{\"@type\":\"EntryPoint\",\"urlTemplate\":\"https:\\\/\\\/www.apfelpatient.de\\\/?s={search_term_string}\"},\"query-input\":{\"@type\":\"PropertyValueSpecification\",\"valueRequired\":true,\"valueName\":\"search_term_string\"}}],\"inLanguage\":\"en-US\"},{\"@type\":[\"Person\",\"Organization\"],\"@id\":\"https:\\\/\\\/www.apfelpatient.de\\\/#\\\/schema\\\/person\\\/7dc56ad6c8e9824b76d2c08d4c140e13\",\"name\":\"Milan\",\"logo\":{\"@id\":\"https:\\\/\\\/www.apfelpatient.de\\\/#\\\/schema\\\/person\\\/image\\\/\"},\"description\":\"Hallo und herzlich willkommen auf meinem Technik-Blog! Als gro\u00dfer Apple-Fan berichte ich hier \u00fcber alles, was mit Apple zu tun hat: von den neuesten News und spannenden Ger\u00fcchten \u00fcber hilfreiche Tipps und Tricks bis hin zu ausf\u00fchrlichen Produkttests. Wenn du genauso technikbegeistert bist wie ich, bist du hier genau richtig!\",\"sameAs\":[\"https:\\\/\\\/www.facebook.com\\\/apfelpatientOfficial\",\"https:\\\/\\\/www.linkedin.com\\\/in\\\/milan-jovicic-42aa0231b\"],\"url\":\"https:\\\/\\\/www.apfelpatient.de\\\/en\\\/author\\\/apfeladmin\"}]}<\/script>\n<!-- \/ Yoast SEO Premium plugin. -->","yoast_head_json":{"title":"Apple Stores will remain closed until May Apfelpatient","description":"Apple Store: In the wake of the global Corona crisis, Apple has closed its own stores outside of Greater China.","robots":{"index":"index","follow":"follow","max-snippet":"max-snippet:-1","max-image-preview":"max-image-preview:large","max-video-preview":"max-video-preview:-1"},"canonical":"https:\/\/www.apfelpatient.de\/en\/news\/apple-stores-remain-closed-until-may","og_locale":"en_US","og_type":"article","og_title":"Apple Stores bleiben bis Mai geschlossen","og_description":"Apple Store: Im Zuge der weltweiten Corona-Krise hat Apple die eigenen Ladengesch\u00e4fte au\u00dferhalb des Gro\u00dfraums China geschlossen.","og_url":"https:\/\/www.apfelpatient.de\/en\/news\/apple-stores-remain-closed-until-may","og_site_name":"Apfelpatient","article_publisher":"https:\/\/www.facebook.com\/apfelpatientOfficial","article_author":"https:\/\/www.facebook.com\/apfelpatientOfficial","article_published_time":"2020-04-03T11:57:29+00:00","og_image":[{"width":1600,"height":1067,"url":"https:\/\/www.apfelpatient.de\/wp-content\/uploads\/2020\/04\/bigstock-Turkey-Istanbul-December-348211444.jpg","type":"image\/jpeg"}],"author":"Milan","twitter_card":"summary_large_image","twitter_description":"Apple Store: Im Zuge der weltweiten Corona-Krise hat Apple die eigenen Ladengesch\u00e4fte au\u00dferhalb des Gro\u00dfraums China geschlossen.","twitter_misc":{"Written by":"Milan","Est. reading time":"1 minute"},"schema":{"@context":"https:\/\/schema.org","@graph":[{"@type":"NewsArticle","@id":"https:\/\/www.apfelpatient.de\/news\/apple-stores-bleiben-bis-mai-geschlossen#article","isPartOf":{"@id":"https:\/\/www.apfelpatient.de\/news\/apple-stores-bleiben-bis-mai-geschlossen"},"author":{"@type":"Organization","@id":"https:\/\/www.apfelpatient.de\/en\/#organization","name":"Apfelpatient","url":"https:\/\/www.apfelpatient.de\/en\/"},"headline":"Apple Stores bleiben bis Mai geschlossen","datePublished":"2020-04-03T11:57:29+00:00","mainEntityOfPage":{"@id":"https:\/\/www.apfelpatient.de\/news\/apple-stores-bleiben-bis-mai-geschlossen"},"wordCount":303,"publisher":{"@type":"Organization","@id":"https:\/\/www.apfelpatient.de\/en\/#organization","name":"Apfelpatient","url":"https:\/\/www.apfelpatient.de\/en\/"},"image":{"@id":"https:\/\/www.apfelpatient.de\/news\/apple-stores-bleiben-bis-mai-geschlossen#primaryimage"},"thumbnailUrl":"https:\/\/www.apfelpatient.de\/wp-content\/uploads\/2020\/04\/bigstock-Turkey-Istanbul-December-348211444.jpg","keywords":["Apple Store","Coronavirus"],"articleSection":"News","inLanguage":"en-US","copyrightYear":"2020","copyrightHolder":{"@id":"https:\/\/www.apfelpatient.de\/en\/#organization"}},{"@type":"WebPage","@id":"https:\/\/www.apfelpatient.de\/news\/apple-stores-bleiben-bis-mai-geschlossen","url":"https:\/\/www.apfelpatient.de\/news\/apple-stores-bleiben-bis-mai-geschlossen","name":"Apple Stores will remain closed until May Apfelpatient","isPartOf":{"@id":"https:\/\/www.apfelpatient.de\/#website"},"primaryImageOfPage":{"@id":"https:\/\/www.apfelpatient.de\/news\/apple-stores-bleiben-bis-mai-geschlossen#primaryimage"},"image":{"@id":"https:\/\/www.apfelpatient.de\/news\/apple-stores-bleiben-bis-mai-geschlossen#primaryimage"},"thumbnailUrl":"https:\/\/www.apfelpatient.de\/wp-content\/uploads\/2020\/04\/bigstock-Turkey-Istanbul-December-348211444.jpg","datePublished":"2020-04-03T11:57:29+00:00","description":"Apple Store: In the wake of the global Corona crisis, Apple has closed its own stores outside of Greater China.","breadcrumb":{"@id":"https:\/\/www.apfelpatient.de\/news\/apple-stores-bleiben-bis-mai-geschlossen#breadcrumb"},"inLanguage":"en-US","potentialAction":[{"@type":"ReadAction","target":["https:\/\/www.apfelpatient.de\/news\/apple-stores-bleiben-bis-mai-geschlossen"]}]},{"@type":"ImageObject","inLanguage":"en-US","@id":"https:\/\/www.apfelpatient.de\/news\/apple-stores-bleiben-bis-mai-geschlossen#primaryimage","url":"https:\/\/www.apfelpatient.de\/wp-content\/uploads\/2020\/04\/bigstock-Turkey-Istanbul-December-348211444.jpg","contentUrl":"https:\/\/www.apfelpatient.de\/wp-content\/uploads\/2020\/04\/bigstock-Turkey-Istanbul-December-348211444.jpg","width":1600,"height":1067,"caption":"Turkey, Istanbul, December 17, 2019: Apple company logo at the entrance of the Apple Store."},{"@type":"BreadcrumbList","@id":"https:\/\/www.apfelpatient.de\/news\/apple-stores-bleiben-bis-mai-geschlossen#breadcrumb","itemListElement":[{"@type":"ListItem","position":1,"name":"Startseite","item":"https:\/\/www.apfelpatient.de\/"},{"@type":"ListItem","position":2,"name":"Apple Stores bleiben bis Mai geschlossen"}]},{"@type":"WebSite","@id":"https:\/\/www.apfelpatient.de\/#website","url":"https:\/\/www.apfelpatient.de\/","name":"apple patient","description":"Everything about Apple!","publisher":{"@type":"Organization","@id":"https:\/\/www.apfelpatient.de\/en\/#organization","name":"Apfelpatient","url":"https:\/\/www.apfelpatient.de\/en\/"},"alternateName":"Apfelpatient","potentialAction":[{"@type":"SearchAction","target":{"@type":"EntryPoint","urlTemplate":"https:\/\/www.apfelpatient.de\/?s={search_term_string}"},"query-input":{"@type":"PropertyValueSpecification","valueRequired":true,"valueName":"search_term_string"}}],"inLanguage":"en-US"},{"@type":["Person","Organization"],"@id":"https:\/\/www.apfelpatient.de\/#\/schema\/person\/7dc56ad6c8e9824b76d2c08d4c140e13","name":"Milan","logo":{"@id":"https:\/\/www.apfelpatient.de\/#\/schema\/person\/image\/"},"description":"Hello and welcome to my technology blog! As a big Apple fan, I report on everything to do with Apple: from the latest news and exciting rumors to helpful tips and tricks and detailed product tests. If you are as enthusiastic about technology as I am, you have come to the right place!","sameAs":["https:\/\/www.facebook.com\/apfelpatientOfficial","https:\/\/www.linkedin.com\/in\/milan-jovicic-42aa0231b"],"url":"https:\/\/www.apfelpatient.de\/en\/author\/apfeladmin"}]}},"_links":{"self":[{"href":"https:\/\/www.apfelpatient.de\/en\/wp-json\/wp\/v2\/posts\/11450","targetHints":{"allow":["GET"]}}],"collection":[{"href":"https:\/\/www.apfelpatient.de\/en\/wp-json\/wp\/v2\/posts"}],"about":[{"href":"https:\/\/www.apfelpatient.de\/en\/wp-json\/wp\/v2\/types\/post"}],"author":[{"embeddable":true,"href":"https:\/\/www.apfelpatient.de\/en\/wp-json\/wp\/v2\/users\/2"}],"replies":[{"embeddable":true,"href":"https:\/\/www.apfelpatient.de\/en\/wp-json\/wp\/v2\/comments?post=11450"}],"version-history":[{"count":0,"href":"https:\/\/www.apfelpatient.de\/en\/wp-json\/wp\/v2\/posts\/11450\/revisions"}],"wp:featuredmedia":[{"embeddable":true,"href":"https:\/\/www.apfelpatient.de\/en\/wp-json\/wp\/v2\/media\/11449"}],"wp:attachment":[{"href":"https:\/\/www.apfelpatient.de\/en\/wp-json\/wp\/v2\/media?parent=11450"}],"wp:term":[{"taxonomy":"category","embeddable":true,"href":"https:\/\/www.apfelpatient.de\/en\/wp-json\/wp\/v2\/categories?post=11450"},{"taxonomy":"post_tag","embeddable":true,"href":"https:\/\/www.apfelpatient.de\/en\/wp-json\/wp\/v2\/tags?post=11450"}],"curies":[{"name":"wp","href":"https:\/\/api.w.org\/{rel}","templated":true}]}}