{"id":11219,"date":"2020-03-28T18:26:33","date_gmt":"2020-03-28T17:26:33","guid":{"rendered":"https:\/\/www.apfelpatient.de\/?p=11219"},"modified":"2020-03-28T18:26:33","modified_gmt":"2020-03-28T17:26:33","slug":"iphone-12-production-start-has-been-postponed","status":"publish","type":"post","link":"https:\/\/www.apfelpatient.de\/en\/rumors\/iphone-12-produktionsstart-wurde-verschoben","title":{"rendered":"iPhone 12 production start has been postponed"},"content":{"rendered":"<p class=\"has-drop-cap\"><strong>Reports about a postponement of the iPhone 12 market launch have been dominating the rumor mill for a few days. Now there is a new report that the start of production of the new iPhone 12 series has actually been postponed.&nbsp;<\/strong><\/p>\n\n\n\n<p>A few days ago, the Japanese news site <a href=\"https:\/\/www.apfelpatient.de\/en\/rumors\/iphone-12-might-not-be-released-until-2021\">Nikkei Asian Review<\/a> reported that Apple is considering postponing the iPhone 12 market launch. <a href=\"https:\/\/www.apfelpatient.de\/en\/rumors\/iphone-12-delay-what-suppliers-say\">DigiTimes<\/a> published a report denying these plans. But now Reuters is following suit with new information from the supply chain. In the new report, Reuters cites the statements of a senior employee at one of Apple&#039;s largest manufacturers. He claims that Apple&#039;s orders in the second quarter will probably fall by 18 percent compared to the previous year. At the same time, he noted that the start of production of the iPhone 12 series &quot;has been postponed&quot;. But an autumn release is still not out of the question. The report says <a href=\"https:\/\/www.reuters.com\/article\/us-health-coronavirus-apple-iphone-idUSKBN21E3J9?taid=5e7e99895ef3770001784f44\">report<\/a>:<\/p>\n\n\n\n<blockquote class=\"wp-block-quote is-layout-flow wp-block-quote-is-layout-flow\"><p>A senior official at one of Apple&#039;s biggest manufacturers said Apple&#039;s orders for the quarter ending in March are likely to fall 181% from a year ago. The production ramp-up for new phones that work with next-generation 5G networks has been delayed, this person said, although it&#039;s still possible the 5G phones could launch in the fall as planned.<\/p><\/blockquote>\n\n\n\n<h3 class=\"wp-block-heading\">Start in 2021 not excluded<\/h3>\n\n\n\n\n\n\n\n<p>The reason for this delay, however, is not problems in the supply chain but concerns about demand for the iPhone 12 series. Accordingly, today&#039;s report confirms the <a href=\"https:\/\/www.apfelpatient.de\/en\/rumors\/iphone-12-might-not-be-released-until-2021\">Nikkei article<\/a>He also contradicts DigiTimes, which does not have as great a track record as Reuters and Nikkei. Reuters writes:<\/p>\n\n\n\n<blockquote class=\"wp-block-quote is-layout-flow wp-block-quote-is-layout-flow\"><p>No one is talking about labor or material shortages (in China) anymore. Now everyone is looking to see if demand from the US and Europe can keep up,&quot; said the person with direct knowledge of the matter. &quot;The focus now is on consumer demand in the US and Europe.&quot;<\/p><\/blockquote>\n\n\n\n<p>According to this, Apple actually seems to be considering postponing the iPhone 12 launch due to the Corona crisis. And to be honest, that wouldn&#039;t be so bad, given the current situation. Nikkei&#039;s source itself explained that a final decision will not be made until May. If Apple decides to postpone, the new iPhone lineup could, at worst, be released in early 2021. What do you think about that? Would you be in favor of a postponement? Write it to us in the comments.&nbsp;<em>(Photo by hadrian \/ Bigstockphoto)<\/em><\/p>\n\n\n\n<ul class=\"wp-block-list\"><li><a href=\"https:\/\/www.apfelpatient.de\/en\/tests-experience-reports\/pitaka-magez-case-for-iphone-smart-and-classy\">Pitaka MagEZ Case for iPhone \u2013 Smart and classy<\/a><\/li><\/ul>","protected":false},"excerpt":{"rendered":"<p>Reports about a postponement of the iPhone 12 market launch have been dominating the rumor mill for several days.<\/p>","protected":false},"author":2,"featured_media":11220,"comment_status":"closed","ping_status":"closed","sticky":false,"template":"","format":"standard","meta":{"jnews-multi-image_gallery":[],"jnews_single_post":{"subtitle":"","format":"standard","video":"","gallery":"","source_name":"","source_url":"","via_name":"Reuters","via_url":"https:\/\/www.reuters.com\/article\/us-health-coronavirus-apple-iphone-idUSKBN21E3J9?taid=5e7e99895ef3770001784f44","override":[{"single_blog_custom":"","sidebar":"","second_sidebar":"","share_position":"","share_float_style":"","post_date_format":"","post_date_format_custom":"","post_reading_time_wpm":"","zoom_button_out_step":"1","zoom_button_in_step":"1","number_popup_post":"1"}],"image_override":[{"single_post_thumbnail_size":"","single_post_gallery_size":""}],"trending_post_position":"","trending_post_label":""},"jnews_primary_category":{"id":"274"},"footnotes":""},"categories":[25],"tags":[8,321,254],"class_list":["post-11219","post","type-post","status-publish","format-standard","has-post-thumbnail","hentry","category-rumors","tag-iphone","tag-iphone-12","tag-iphone-2020"],"yoast_head":"<!-- This site is optimized with the Yoast SEO Premium plugin v27.5 (Yoast SEO v27.5) - https:\/\/yoast.com\/product\/yoast-seo-premium-wordpress\/ -->\n<title>iPhone 12 Produktionsstart wurde verschoben Apfelpatient<\/title>\n<meta name=\"description\" content=\"Die Berichte rund um eine Verschiebung des iPhone 12 Marktstarts beherrschen seit einigen Tagen die Ger\u00fcchtek\u00fcche.\" \/>\n<meta name=\"robots\" content=\"index, follow, max-snippet:-1, max-image-preview:large, max-video-preview:-1\" \/>\n<link rel=\"canonical\" href=\"https:\/\/www.apfelpatient.de\/en\/rumors\/iphone-12-production-start-has-been-postponed\" \/>\n<meta property=\"og:locale\" content=\"en_US\" \/>\n<meta property=\"og:type\" content=\"article\" \/>\n<meta property=\"og:title\" content=\"iPhone 12 Produktionsstart wurde verschoben\" \/>\n<meta property=\"og:description\" content=\"Die Berichte rund um eine Verschiebung des iPhone 12 Marktstarts beherrschen seit einigen Tagen die Ger\u00fcchtek\u00fcche.\" \/>\n<meta property=\"og:url\" content=\"https:\/\/www.apfelpatient.de\/en\/rumors\/iphone-12-production-start-has-been-postponed\" \/>\n<meta property=\"og:site_name\" content=\"Apfelpatient\" \/>\n<meta property=\"article:publisher\" content=\"https:\/\/www.facebook.com\/apfelpatientOfficial\" \/>\n<meta property=\"article:author\" content=\"https:\/\/www.facebook.com\/apfelpatientOfficial\" \/>\n<meta property=\"article:published_time\" content=\"2020-03-28T17:26:33+00:00\" \/>\n<meta property=\"og:image\" content=\"https:\/\/www.apfelpatient.de\/wp-content\/uploads\/2020\/03\/bigstock-Paris-France-Sep-323232502.jpg\" \/>\n\t<meta property=\"og:image:width\" content=\"1600\" \/>\n\t<meta property=\"og:image:height\" content=\"1200\" \/>\n\t<meta property=\"og:image:type\" content=\"image\/jpeg\" \/>\n<meta name=\"author\" content=\"Milan\" \/>\n<meta name=\"twitter:card\" content=\"summary_large_image\" \/>\n<meta name=\"twitter:description\" content=\"Die Berichte rund um eine Verschiebung des iPhone 12 Marktstarts beherrschen seit einigen Tagen die Ger\u00fcchtek\u00fcche.\" \/>\n<meta name=\"twitter:label1\" content=\"Written by\" \/>\n\t<meta name=\"twitter:data1\" content=\"Milan\" \/>\n\t<meta name=\"twitter:label2\" content=\"Est. reading time\" \/>\n\t<meta name=\"twitter:data2\" content=\"2 minutes\" \/>\n<script type=\"application\/ld+json\" class=\"yoast-schema-graph\">{\"@context\":\"https:\\\/\\\/schema.org\",\"@graph\":[{\"@type\":\"NewsArticle\",\"@id\":\"https:\\\/\\\/www.apfelpatient.de\\\/en\\\/rumors\\\/iphone-12-produktionsstart-wurde-verschoben#article\",\"isPartOf\":{\"@id\":\"https:\\\/\\\/www.apfelpatient.de\\\/en\\\/rumors\\\/iphone-12-produktionsstart-wurde-verschoben\"},\"author\":{\"@type\":\"Organization\",\"@id\":\"https:\\\/\\\/www.apfelpatient.de\\\/en\\\/#organization\",\"name\":\"Apfelpatient\",\"url\":\"https:\\\/\\\/www.apfelpatient.de\\\/en\\\/\"},\"headline\":\"iPhone 12 Produktionsstart wurde verschoben\",\"datePublished\":\"2020-03-28T17:26:33+00:00\",\"mainEntityOfPage\":{\"@id\":\"https:\\\/\\\/www.apfelpatient.de\\\/en\\\/rumors\\\/iphone-12-produktionsstart-wurde-verschoben\"},\"wordCount\":433,\"publisher\":{\"@type\":\"Organization\",\"@id\":\"https:\\\/\\\/www.apfelpatient.de\\\/en\\\/#organization\",\"name\":\"Apfelpatient\",\"url\":\"https:\\\/\\\/www.apfelpatient.de\\\/en\\\/\"},\"image\":{\"@id\":\"https:\\\/\\\/www.apfelpatient.de\\\/en\\\/rumors\\\/iphone-12-produktionsstart-wurde-verschoben#primaryimage\"},\"thumbnailUrl\":\"https:\\\/\\\/www.apfelpatient.de\\\/wp-content\\\/uploads\\\/2020\\\/03\\\/bigstock-Paris-France-Sep-323232502.jpg\",\"keywords\":[\"iPhone\",\"iPhone 12\",\"iPhone 2020\"],\"articleSection\":\"Rumors\",\"inLanguage\":\"en-US\",\"copyrightYear\":\"2020\",\"copyrightHolder\":{\"@id\":\"https:\\\/\\\/www.apfelpatient.de\\\/en\\\/#organization\"}},{\"@type\":\"WebPage\",\"@id\":\"https:\\\/\\\/www.apfelpatient.de\\\/en\\\/rumors\\\/iphone-12-produktionsstart-wurde-verschoben\",\"url\":\"https:\\\/\\\/www.apfelpatient.de\\\/en\\\/rumors\\\/iphone-12-produktionsstart-wurde-verschoben\",\"name\":\"iPhone 12 Produktionsstart wurde verschoben Apfelpatient\",\"isPartOf\":{\"@id\":\"https:\\\/\\\/www.apfelpatient.de\\\/#website\"},\"primaryImageOfPage\":{\"@id\":\"https:\\\/\\\/www.apfelpatient.de\\\/en\\\/rumors\\\/iphone-12-produktionsstart-wurde-verschoben#primaryimage\"},\"image\":{\"@id\":\"https:\\\/\\\/www.apfelpatient.de\\\/en\\\/rumors\\\/iphone-12-produktionsstart-wurde-verschoben#primaryimage\"},\"thumbnailUrl\":\"https:\\\/\\\/www.apfelpatient.de\\\/wp-content\\\/uploads\\\/2020\\\/03\\\/bigstock-Paris-France-Sep-323232502.jpg\",\"datePublished\":\"2020-03-28T17:26:33+00:00\",\"description\":\"Die Berichte rund um eine Verschiebung des iPhone 12 Marktstarts beherrschen seit einigen Tagen die Ger\u00fcchtek\u00fcche.\",\"breadcrumb\":{\"@id\":\"https:\\\/\\\/www.apfelpatient.de\\\/en\\\/rumors\\\/iphone-12-produktionsstart-wurde-verschoben#breadcrumb\"},\"inLanguage\":\"en-US\",\"potentialAction\":[{\"@type\":\"ReadAction\",\"target\":[\"https:\\\/\\\/www.apfelpatient.de\\\/en\\\/rumors\\\/iphone-12-produktionsstart-wurde-verschoben\"]}]},{\"@type\":\"ImageObject\",\"inLanguage\":\"en-US\",\"@id\":\"https:\\\/\\\/www.apfelpatient.de\\\/en\\\/rumors\\\/iphone-12-produktionsstart-wurde-verschoben#primaryimage\",\"url\":\"https:\\\/\\\/www.apfelpatient.de\\\/wp-content\\\/uploads\\\/2020\\\/03\\\/bigstock-Paris-France-Sep-323232502.jpg\",\"contentUrl\":\"https:\\\/\\\/www.apfelpatient.de\\\/wp-content\\\/uploads\\\/2020\\\/03\\\/bigstock-Paris-France-Sep-323232502.jpg\",\"width\":1600,\"height\":1200,\"caption\":\"Paris, France - Sep 20, 2019: Close-up of the new iPhone 11 dual camera system on the wooden table It is the thirteenth generation lower-priced iPhone, succeeding the iPhone XR\"},{\"@type\":\"BreadcrumbList\",\"@id\":\"https:\\\/\\\/www.apfelpatient.de\\\/en\\\/rumors\\\/iphone-12-produktionsstart-wurde-verschoben#breadcrumb\",\"itemListElement\":[{\"@type\":\"ListItem\",\"position\":1,\"name\":\"Startseite\",\"item\":\"https:\\\/\\\/www.apfelpatient.de\\\/\"},{\"@type\":\"ListItem\",\"position\":2,\"name\":\"iPhone 12 Produktionsstart wurde verschoben\"}]},{\"@type\":\"WebSite\",\"@id\":\"https:\\\/\\\/www.apfelpatient.de\\\/#website\",\"url\":\"https:\\\/\\\/www.apfelpatient.de\\\/\",\"name\":\"Apfelpatient\",\"description\":\"Alles rund um Apple!\",\"publisher\":{\"@type\":\"Organization\",\"@id\":\"https:\\\/\\\/www.apfelpatient.de\\\/en\\\/#organization\",\"name\":\"Apfelpatient\",\"url\":\"https:\\\/\\\/www.apfelpatient.de\\\/en\\\/\"},\"alternateName\":\"Apfelpatient\",\"potentialAction\":[{\"@type\":\"SearchAction\",\"target\":{\"@type\":\"EntryPoint\",\"urlTemplate\":\"https:\\\/\\\/www.apfelpatient.de\\\/?s={search_term_string}\"},\"query-input\":{\"@type\":\"PropertyValueSpecification\",\"valueRequired\":true,\"valueName\":\"search_term_string\"}}],\"inLanguage\":\"en-US\"},{\"@type\":[\"Person\",\"Organization\"],\"@id\":\"https:\\\/\\\/www.apfelpatient.de\\\/#\\\/schema\\\/person\\\/7dc56ad6c8e9824b76d2c08d4c140e13\",\"name\":\"Milan\",\"logo\":{\"@id\":\"https:\\\/\\\/www.apfelpatient.de\\\/#\\\/schema\\\/person\\\/image\\\/\"},\"description\":\"Hallo und herzlich willkommen auf meinem Technik-Blog! Als gro\u00dfer Apple-Fan berichte ich hier \u00fcber alles, was mit Apple zu tun hat: von den neuesten News und spannenden Ger\u00fcchten \u00fcber hilfreiche Tipps und Tricks bis hin zu ausf\u00fchrlichen Produkttests. Wenn du genauso technikbegeistert bist wie ich, bist du hier genau richtig!\",\"sameAs\":[\"https:\\\/\\\/www.facebook.com\\\/apfelpatientOfficial\",\"https:\\\/\\\/www.linkedin.com\\\/in\\\/milan-jovicic-42aa0231b\"],\"url\":\"https:\\\/\\\/www.apfelpatient.de\\\/en\\\/author\\\/apfeladmin\"}]}<\/script>\n<!-- \/ Yoast SEO Premium plugin. -->","yoast_head_json":{"title":"iPhone 12 production start has been postponed Apfelpatient","description":"Reports about a postponement of the iPhone 12 market launch have been dominating the rumor mill for several days.","robots":{"index":"index","follow":"follow","max-snippet":"max-snippet:-1","max-image-preview":"max-image-preview:large","max-video-preview":"max-video-preview:-1"},"canonical":"https:\/\/www.apfelpatient.de\/en\/rumors\/iphone-12-production-start-has-been-postponed","og_locale":"en_US","og_type":"article","og_title":"iPhone 12 Produktionsstart wurde verschoben","og_description":"Die Berichte rund um eine Verschiebung des iPhone 12 Marktstarts beherrschen seit einigen Tagen die Ger\u00fcchtek\u00fcche.","og_url":"https:\/\/www.apfelpatient.de\/en\/rumors\/iphone-12-production-start-has-been-postponed","og_site_name":"Apfelpatient","article_publisher":"https:\/\/www.facebook.com\/apfelpatientOfficial","article_author":"https:\/\/www.facebook.com\/apfelpatientOfficial","article_published_time":"2020-03-28T17:26:33+00:00","og_image":[{"width":1600,"height":1200,"url":"https:\/\/www.apfelpatient.de\/wp-content\/uploads\/2020\/03\/bigstock-Paris-France-Sep-323232502.jpg","type":"image\/jpeg"}],"author":"Milan","twitter_card":"summary_large_image","twitter_description":"Die Berichte rund um eine Verschiebung des iPhone 12 Marktstarts beherrschen seit einigen Tagen die Ger\u00fcchtek\u00fcche.","twitter_misc":{"Written by":"Milan","Est. reading time":"2 minutes"},"schema":{"@context":"https:\/\/schema.org","@graph":[{"@type":"NewsArticle","@id":"https:\/\/www.apfelpatient.de\/en\/rumors\/iphone-12-produktionsstart-wurde-verschoben#article","isPartOf":{"@id":"https:\/\/www.apfelpatient.de\/en\/rumors\/iphone-12-produktionsstart-wurde-verschoben"},"author":{"@type":"Organization","@id":"https:\/\/www.apfelpatient.de\/en\/#organization","name":"Apfelpatient","url":"https:\/\/www.apfelpatient.de\/en\/"},"headline":"iPhone 12 Produktionsstart wurde verschoben","datePublished":"2020-03-28T17:26:33+00:00","mainEntityOfPage":{"@id":"https:\/\/www.apfelpatient.de\/en\/rumors\/iphone-12-produktionsstart-wurde-verschoben"},"wordCount":433,"publisher":{"@type":"Organization","@id":"https:\/\/www.apfelpatient.de\/en\/#organization","name":"Apfelpatient","url":"https:\/\/www.apfelpatient.de\/en\/"},"image":{"@id":"https:\/\/www.apfelpatient.de\/en\/rumors\/iphone-12-produktionsstart-wurde-verschoben#primaryimage"},"thumbnailUrl":"https:\/\/www.apfelpatient.de\/wp-content\/uploads\/2020\/03\/bigstock-Paris-France-Sep-323232502.jpg","keywords":["iPhone","iPhone 12","iPhone 2020"],"articleSection":"Rumors","inLanguage":"en-US","copyrightYear":"2020","copyrightHolder":{"@id":"https:\/\/www.apfelpatient.de\/en\/#organization"}},{"@type":"WebPage","@id":"https:\/\/www.apfelpatient.de\/en\/rumors\/iphone-12-produktionsstart-wurde-verschoben","url":"https:\/\/www.apfelpatient.de\/en\/rumors\/iphone-12-produktionsstart-wurde-verschoben","name":"iPhone 12 production start has been postponed Apfelpatient","isPartOf":{"@id":"https:\/\/www.apfelpatient.de\/#website"},"primaryImageOfPage":{"@id":"https:\/\/www.apfelpatient.de\/en\/rumors\/iphone-12-produktionsstart-wurde-verschoben#primaryimage"},"image":{"@id":"https:\/\/www.apfelpatient.de\/en\/rumors\/iphone-12-produktionsstart-wurde-verschoben#primaryimage"},"thumbnailUrl":"https:\/\/www.apfelpatient.de\/wp-content\/uploads\/2020\/03\/bigstock-Paris-France-Sep-323232502.jpg","datePublished":"2020-03-28T17:26:33+00:00","description":"Reports about a postponement of the iPhone 12 market launch have been dominating the rumor mill for several days.","breadcrumb":{"@id":"https:\/\/www.apfelpatient.de\/en\/rumors\/iphone-12-produktionsstart-wurde-verschoben#breadcrumb"},"inLanguage":"en-US","potentialAction":[{"@type":"ReadAction","target":["https:\/\/www.apfelpatient.de\/en\/rumors\/iphone-12-produktionsstart-wurde-verschoben"]}]},{"@type":"ImageObject","inLanguage":"en-US","@id":"https:\/\/www.apfelpatient.de\/en\/rumors\/iphone-12-produktionsstart-wurde-verschoben#primaryimage","url":"https:\/\/www.apfelpatient.de\/wp-content\/uploads\/2020\/03\/bigstock-Paris-France-Sep-323232502.jpg","contentUrl":"https:\/\/www.apfelpatient.de\/wp-content\/uploads\/2020\/03\/bigstock-Paris-France-Sep-323232502.jpg","width":1600,"height":1200,"caption":"Paris, France - Sep 20, 2019: Close-up of the new iPhone 11 dual camera system on the wooden table It is the thirteenth generation lower-priced iPhone, succeeding the iPhone XR"},{"@type":"BreadcrumbList","@id":"https:\/\/www.apfelpatient.de\/en\/rumors\/iphone-12-produktionsstart-wurde-verschoben#breadcrumb","itemListElement":[{"@type":"ListItem","position":1,"name":"Startseite","item":"https:\/\/www.apfelpatient.de\/"},{"@type":"ListItem","position":2,"name":"iPhone 12 Produktionsstart wurde verschoben"}]},{"@type":"WebSite","@id":"https:\/\/www.apfelpatient.de\/#website","url":"https:\/\/www.apfelpatient.de\/","name":"apple patient","description":"Everything about Apple!","publisher":{"@type":"Organization","@id":"https:\/\/www.apfelpatient.de\/en\/#organization","name":"Apfelpatient","url":"https:\/\/www.apfelpatient.de\/en\/"},"alternateName":"Apfelpatient","potentialAction":[{"@type":"SearchAction","target":{"@type":"EntryPoint","urlTemplate":"https:\/\/www.apfelpatient.de\/?s={search_term_string}"},"query-input":{"@type":"PropertyValueSpecification","valueRequired":true,"valueName":"search_term_string"}}],"inLanguage":"en-US"},{"@type":["Person","Organization"],"@id":"https:\/\/www.apfelpatient.de\/#\/schema\/person\/7dc56ad6c8e9824b76d2c08d4c140e13","name":"Milan","logo":{"@id":"https:\/\/www.apfelpatient.de\/#\/schema\/person\/image\/"},"description":"Hello and welcome to my technology blog! As a big Apple fan, I report on everything to do with Apple: from the latest news and exciting rumors to helpful tips and tricks and detailed product tests. If you are as enthusiastic about technology as I am, you have come to the right place!","sameAs":["https:\/\/www.facebook.com\/apfelpatientOfficial","https:\/\/www.linkedin.com\/in\/milan-jovicic-42aa0231b"],"url":"https:\/\/www.apfelpatient.de\/en\/author\/apfeladmin"}]}},"_links":{"self":[{"href":"https:\/\/www.apfelpatient.de\/en\/wp-json\/wp\/v2\/posts\/11219","targetHints":{"allow":["GET"]}}],"collection":[{"href":"https:\/\/www.apfelpatient.de\/en\/wp-json\/wp\/v2\/posts"}],"about":[{"href":"https:\/\/www.apfelpatient.de\/en\/wp-json\/wp\/v2\/types\/post"}],"author":[{"embeddable":true,"href":"https:\/\/www.apfelpatient.de\/en\/wp-json\/wp\/v2\/users\/2"}],"replies":[{"embeddable":true,"href":"https:\/\/www.apfelpatient.de\/en\/wp-json\/wp\/v2\/comments?post=11219"}],"version-history":[{"count":0,"href":"https:\/\/www.apfelpatient.de\/en\/wp-json\/wp\/v2\/posts\/11219\/revisions"}],"wp:featuredmedia":[{"embeddable":true,"href":"https:\/\/www.apfelpatient.de\/en\/wp-json\/wp\/v2\/media\/11220"}],"wp:attachment":[{"href":"https:\/\/www.apfelpatient.de\/en\/wp-json\/wp\/v2\/media?parent=11219"}],"wp:term":[{"taxonomy":"category","embeddable":true,"href":"https:\/\/www.apfelpatient.de\/en\/wp-json\/wp\/v2\/categories?post=11219"},{"taxonomy":"post_tag","embeddable":true,"href":"https:\/\/www.apfelpatient.de\/en\/wp-json\/wp\/v2\/tags?post=11219"}],"curies":[{"name":"wp","href":"https:\/\/api.w.org\/{rel}","templated":true}]}}