{"id":11168,"date":"2020-03-26T18:20:17","date_gmt":"2020-03-26T17:20:17","guid":{"rendered":"https:\/\/www.apfelpatient.de\/?p=11168"},"modified":"2020-03-26T18:20:17","modified_gmt":"2020-03-26T17:20:17","slug":"macbook-air-apple-confirms-display-problems","status":"publish","type":"post","link":"https:\/\/www.apfelpatient.de\/en\/news\/macbook-air-apple-bestaetigt-display-probleme","title":{"rendered":"MacBook Air: Apple confirms display problems"},"content":{"rendered":"<p class=\"has-drop-cap\"><strong>Some MacBook devices with Retina displays have had problems with the anti-reflective coating in the past. Now the MacBook Air is also said to be affected.<\/strong><\/p>\n\n\n\n<p>A new <a href=\"https:\/\/www.macrumors.com\/2020\/03\/26\/retina-macbook-air-anti-reflective-coating-issue\/\">MacRumors<\/a> According to reports, Apple has provided an internal memo to service partners addressing issues with the anti-reflective coating on MacBook Air models. It states:<\/p>\n\n\n\n<blockquote class=\"wp-block-quote is-layout-flow wp-block-quote-is-layout-flow\"><p>Retina displays on some MacBook, MacBook Air, and MacBook Pro computers may have issues with the anti-reflective (AR) coating.<\/p><\/blockquote>\n\n\n\n<p>Apple&#039;s internal service documentation has so far only mentioned MacBook Pro models and individual 12-inch devices. But now there is also talk of the MacBook Air. The small notebook has had a Retina display since 2018.&nbsp;<\/p>\n\n\n\n<h3 class=\"wp-block-heading\">repair program active since 2015<\/h3>\n\n\n\n\n\n\n\n<p>However, the problem has not yet been publicly confirmed. The repair program for defective anti-reflective coatings was originally launched in 2015 after individual users complained about problems with MacBook and MacBook Pro models. However, the repair program has never been published on the support page to date. The list of qualified devices is kept internally. It remains to be seen whether Apple will make the whole thing public. Since the error is already being communicated internally, users of an affected MacBook Air device will most likely receive a free replacement.&nbsp;<\/p>\n\n\n\n<p><a target=\"_blank\" href=\"https:\/\/www.amazon.de\/music\/unlimited\/hd?ref_=as_acph_Music_wkoffrs_0311_0324&amp;tag=ihre_partner_id-21&amp;_encoding=UTF8&amp;tag=d.r.compae.k.-21&amp;linkCode=ur2&amp;linkId=23e5946f4310670fa83ba6b9d3da10c9&amp;camp=1638&amp;creative=6742\" rel=\"noopener noreferrer\">Amazon Music HD \u2013 Listen to music streaming in premium sound quality for 90 days, subscribe now and benefit.<\/a><\/p>\n\n\n\n<figure class=\"wp-block-image\"><img decoding=\"async\" src=\"\/\/ir-de.amazon-adsystem.com\/e\/ir?t=d.r.compae.k.-21&amp;l=ur2&amp;o=3\" alt=\"\"\/><\/figure>","protected":false},"excerpt":{"rendered":"<p>Some MacBook devices with Retina displays have had problems with the anti-reflective coating in the past.<\/p>","protected":false},"author":2,"featured_media":2542,"comment_status":"closed","ping_status":"closed","sticky":false,"template":"","format":"standard","meta":{"jnews-multi-image_gallery":[],"jnews_single_post":{"subtitle":"","format":"standard","video":"","gallery":"","source_name":"","source_url":"","via_name":"MacRumors","via_url":"https:\/\/www.macrumors.com\/2020\/03\/26\/retina-macbook-air-anti-reflective-coating-issue\/","override":[{"single_blog_custom":"","sidebar":"","second_sidebar":"","share_position":"","share_float_style":"","post_date_format":"","post_date_format_custom":"","post_reading_time_wpm":"","zoom_button_out_step":"1","zoom_button_in_step":"1","number_popup_post":"1"}],"image_override":[{"single_post_thumbnail_size":"","single_post_gallery_size":""}],"trending_post_position":"","trending_post_label":""},"jnews_primary_category":{"id":"265"},"footnotes":""},"categories":[9],"tags":[48,40,139],"class_list":["post-11168","post","type-post","status-publish","format-standard","has-post-thumbnail","hentry","category-news","tag-austauschprogramm","tag-mac","tag-reparaturprogramm"],"yoast_head":"<!-- This site is optimized with the Yoast SEO Premium plugin v27.5 (Yoast SEO v27.5) - https:\/\/yoast.com\/product\/yoast-seo-premium-wordpress\/ -->\n<title>MacBook Air: Apple best\u00e4tigt Display-Probleme Apfelpatient<\/title>\n<meta name=\"description\" content=\"Manche MacBook Ger\u00e4te mit Retina-Display haben bereits in der Vergangenheit Probleme mit der Antireflexbeschichtung gehabt.\" \/>\n<meta name=\"robots\" content=\"index, follow, max-snippet:-1, max-image-preview:large, max-video-preview:-1\" \/>\n<link rel=\"canonical\" href=\"https:\/\/www.apfelpatient.de\/en\/news\/macbook-air-apple-confirms-display-problems\" \/>\n<meta property=\"og:locale\" content=\"en_US\" \/>\n<meta property=\"og:type\" content=\"article\" \/>\n<meta property=\"og:title\" content=\"MacBook Air: Apple best\u00e4tigt Display-Probleme\" \/>\n<meta property=\"og:description\" content=\"Manche MacBook Ger\u00e4te mit Retina-Display haben bereits in der Vergangenheit Probleme mit der Antireflexbeschichtung gehabt.\" \/>\n<meta property=\"og:url\" content=\"https:\/\/www.apfelpatient.de\/en\/news\/macbook-air-apple-confirms-display-problems\" \/>\n<meta property=\"og:site_name\" content=\"Apfelpatient\" \/>\n<meta property=\"article:publisher\" content=\"https:\/\/www.facebook.com\/apfelpatientOfficial\" \/>\n<meta property=\"article:author\" content=\"https:\/\/www.facebook.com\/apfelpatientOfficial\" \/>\n<meta property=\"article:published_time\" content=\"2020-03-26T17:20:17+00:00\" \/>\n<meta property=\"og:image\" content=\"https:\/\/www.apfelpatient.de\/wp-content\/uploads\/2018\/11\/MacBook-Air-Keyboard-and-Ports-10302018.jpg\" \/>\n\t<meta property=\"og:image:width\" content=\"3840\" \/>\n\t<meta property=\"og:image:height\" content=\"2160\" \/>\n\t<meta property=\"og:image:type\" content=\"image\/jpeg\" \/>\n<meta name=\"author\" content=\"Milan\" \/>\n<meta name=\"twitter:card\" content=\"summary_large_image\" \/>\n<meta name=\"twitter:description\" content=\"Manche MacBook Ger\u00e4te mit Retina-Display haben bereits in der Vergangenheit Probleme mit der Antireflexbeschichtung gehabt.\" \/>\n<meta name=\"twitter:label1\" content=\"Written by\" \/>\n\t<meta name=\"twitter:data1\" content=\"Milan\" \/>\n\t<meta name=\"twitter:label2\" content=\"Est. reading time\" \/>\n\t<meta name=\"twitter:data2\" content=\"1 minute\" \/>\n<script type=\"application\/ld+json\" class=\"yoast-schema-graph\">{\"@context\":\"https:\\\/\\\/schema.org\",\"@graph\":[{\"@type\":\"NewsArticle\",\"@id\":\"https:\\\/\\\/www.apfelpatient.de\\\/news\\\/macbook-air-apple-bestaetigt-display-probleme#article\",\"isPartOf\":{\"@id\":\"https:\\\/\\\/www.apfelpatient.de\\\/news\\\/macbook-air-apple-bestaetigt-display-probleme\"},\"author\":{\"@type\":\"Organization\",\"@id\":\"https:\\\/\\\/www.apfelpatient.de\\\/en\\\/#organization\",\"name\":\"Apfelpatient\",\"url\":\"https:\\\/\\\/www.apfelpatient.de\\\/en\\\/\"},\"headline\":\"MacBook Air: Apple best\u00e4tigt Display-Probleme\",\"datePublished\":\"2020-03-26T17:20:17+00:00\",\"mainEntityOfPage\":{\"@id\":\"https:\\\/\\\/www.apfelpatient.de\\\/news\\\/macbook-air-apple-bestaetigt-display-probleme\"},\"wordCount\":225,\"publisher\":{\"@type\":\"Organization\",\"@id\":\"https:\\\/\\\/www.apfelpatient.de\\\/en\\\/#organization\",\"name\":\"Apfelpatient\",\"url\":\"https:\\\/\\\/www.apfelpatient.de\\\/en\\\/\"},\"image\":{\"@id\":\"https:\\\/\\\/www.apfelpatient.de\\\/news\\\/macbook-air-apple-bestaetigt-display-probleme#primaryimage\"},\"thumbnailUrl\":\"https:\\\/\\\/www.apfelpatient.de\\\/wp-content\\\/uploads\\\/2018\\\/11\\\/MacBook-Air-Keyboard-and-Ports-10302018.jpg\",\"keywords\":[\"Austauschprogramm\",\"Mac\",\"Reparaturprogramm\"],\"articleSection\":\"News\",\"inLanguage\":\"en-US\",\"copyrightYear\":\"2020\",\"copyrightHolder\":{\"@id\":\"https:\\\/\\\/www.apfelpatient.de\\\/en\\\/#organization\"}},{\"@type\":\"WebPage\",\"@id\":\"https:\\\/\\\/www.apfelpatient.de\\\/news\\\/macbook-air-apple-bestaetigt-display-probleme\",\"url\":\"https:\\\/\\\/www.apfelpatient.de\\\/news\\\/macbook-air-apple-bestaetigt-display-probleme\",\"name\":\"MacBook Air: Apple best\u00e4tigt Display-Probleme Apfelpatient\",\"isPartOf\":{\"@id\":\"https:\\\/\\\/www.apfelpatient.de\\\/#website\"},\"primaryImageOfPage\":{\"@id\":\"https:\\\/\\\/www.apfelpatient.de\\\/news\\\/macbook-air-apple-bestaetigt-display-probleme#primaryimage\"},\"image\":{\"@id\":\"https:\\\/\\\/www.apfelpatient.de\\\/news\\\/macbook-air-apple-bestaetigt-display-probleme#primaryimage\"},\"thumbnailUrl\":\"https:\\\/\\\/www.apfelpatient.de\\\/wp-content\\\/uploads\\\/2018\\\/11\\\/MacBook-Air-Keyboard-and-Ports-10302018.jpg\",\"datePublished\":\"2020-03-26T17:20:17+00:00\",\"description\":\"Manche MacBook Ger\u00e4te mit Retina-Display haben bereits in der Vergangenheit Probleme mit der Antireflexbeschichtung gehabt.\",\"breadcrumb\":{\"@id\":\"https:\\\/\\\/www.apfelpatient.de\\\/news\\\/macbook-air-apple-bestaetigt-display-probleme#breadcrumb\"},\"inLanguage\":\"en-US\",\"potentialAction\":[{\"@type\":\"ReadAction\",\"target\":[\"https:\\\/\\\/www.apfelpatient.de\\\/news\\\/macbook-air-apple-bestaetigt-display-probleme\"]}]},{\"@type\":\"ImageObject\",\"inLanguage\":\"en-US\",\"@id\":\"https:\\\/\\\/www.apfelpatient.de\\\/news\\\/macbook-air-apple-bestaetigt-display-probleme#primaryimage\",\"url\":\"https:\\\/\\\/www.apfelpatient.de\\\/wp-content\\\/uploads\\\/2018\\\/11\\\/MacBook-Air-Keyboard-and-Ports-10302018.jpg\",\"contentUrl\":\"https:\\\/\\\/www.apfelpatient.de\\\/wp-content\\\/uploads\\\/2018\\\/11\\\/MacBook-Air-Keyboard-and-Ports-10302018.jpg\",\"width\":3840,\"height\":2160,\"caption\":\"Bild: Apple\"},{\"@type\":\"BreadcrumbList\",\"@id\":\"https:\\\/\\\/www.apfelpatient.de\\\/news\\\/macbook-air-apple-bestaetigt-display-probleme#breadcrumb\",\"itemListElement\":[{\"@type\":\"ListItem\",\"position\":1,\"name\":\"Startseite\",\"item\":\"https:\\\/\\\/www.apfelpatient.de\\\/\"},{\"@type\":\"ListItem\",\"position\":2,\"name\":\"MacBook Air: Apple best\u00e4tigt Display-Probleme\"}]},{\"@type\":\"WebSite\",\"@id\":\"https:\\\/\\\/www.apfelpatient.de\\\/#website\",\"url\":\"https:\\\/\\\/www.apfelpatient.de\\\/\",\"name\":\"Apfelpatient\",\"description\":\"Alles rund um Apple!\",\"publisher\":{\"@type\":\"Organization\",\"@id\":\"https:\\\/\\\/www.apfelpatient.de\\\/en\\\/#organization\",\"name\":\"Apfelpatient\",\"url\":\"https:\\\/\\\/www.apfelpatient.de\\\/en\\\/\"},\"alternateName\":\"Apfelpatient\",\"potentialAction\":[{\"@type\":\"SearchAction\",\"target\":{\"@type\":\"EntryPoint\",\"urlTemplate\":\"https:\\\/\\\/www.apfelpatient.de\\\/?s={search_term_string}\"},\"query-input\":{\"@type\":\"PropertyValueSpecification\",\"valueRequired\":true,\"valueName\":\"search_term_string\"}}],\"inLanguage\":\"en-US\"},{\"@type\":[\"Person\",\"Organization\"],\"@id\":\"https:\\\/\\\/www.apfelpatient.de\\\/#\\\/schema\\\/person\\\/7dc56ad6c8e9824b76d2c08d4c140e13\",\"name\":\"Milan\",\"logo\":{\"@id\":\"https:\\\/\\\/www.apfelpatient.de\\\/#\\\/schema\\\/person\\\/image\\\/\"},\"description\":\"Hallo und herzlich willkommen auf meinem Technik-Blog! Als gro\u00dfer Apple-Fan berichte ich hier \u00fcber alles, was mit Apple zu tun hat: von den neuesten News und spannenden Ger\u00fcchten \u00fcber hilfreiche Tipps und Tricks bis hin zu ausf\u00fchrlichen Produkttests. Wenn du genauso technikbegeistert bist wie ich, bist du hier genau richtig!\",\"sameAs\":[\"https:\\\/\\\/www.facebook.com\\\/apfelpatientOfficial\",\"https:\\\/\\\/www.linkedin.com\\\/in\\\/milan-jovicic-42aa0231b\"],\"url\":\"https:\\\/\\\/www.apfelpatient.de\\\/en\\\/author\\\/apfeladmin\"}]}<\/script>\n<!-- \/ Yoast SEO Premium plugin. -->","yoast_head_json":{"title":"MacBook Air: Apple confirms display problems Apfelpatient","description":"Some MacBook devices with Retina displays have had problems with the anti-reflective coating in the past.","robots":{"index":"index","follow":"follow","max-snippet":"max-snippet:-1","max-image-preview":"max-image-preview:large","max-video-preview":"max-video-preview:-1"},"canonical":"https:\/\/www.apfelpatient.de\/en\/news\/macbook-air-apple-confirms-display-problems","og_locale":"en_US","og_type":"article","og_title":"MacBook Air: Apple best\u00e4tigt Display-Probleme","og_description":"Manche MacBook Ger\u00e4te mit Retina-Display haben bereits in der Vergangenheit Probleme mit der Antireflexbeschichtung gehabt.","og_url":"https:\/\/www.apfelpatient.de\/en\/news\/macbook-air-apple-confirms-display-problems","og_site_name":"Apfelpatient","article_publisher":"https:\/\/www.facebook.com\/apfelpatientOfficial","article_author":"https:\/\/www.facebook.com\/apfelpatientOfficial","article_published_time":"2020-03-26T17:20:17+00:00","og_image":[{"width":3840,"height":2160,"url":"https:\/\/www.apfelpatient.de\/wp-content\/uploads\/2018\/11\/MacBook-Air-Keyboard-and-Ports-10302018.jpg","type":"image\/jpeg"}],"author":"Milan","twitter_card":"summary_large_image","twitter_description":"Manche MacBook Ger\u00e4te mit Retina-Display haben bereits in der Vergangenheit Probleme mit der Antireflexbeschichtung gehabt.","twitter_misc":{"Written by":"Milan","Est. reading time":"1 minute"},"schema":{"@context":"https:\/\/schema.org","@graph":[{"@type":"NewsArticle","@id":"https:\/\/www.apfelpatient.de\/news\/macbook-air-apple-bestaetigt-display-probleme#article","isPartOf":{"@id":"https:\/\/www.apfelpatient.de\/news\/macbook-air-apple-bestaetigt-display-probleme"},"author":{"@type":"Organization","@id":"https:\/\/www.apfelpatient.de\/en\/#organization","name":"Apfelpatient","url":"https:\/\/www.apfelpatient.de\/en\/"},"headline":"MacBook Air: Apple best\u00e4tigt Display-Probleme","datePublished":"2020-03-26T17:20:17+00:00","mainEntityOfPage":{"@id":"https:\/\/www.apfelpatient.de\/news\/macbook-air-apple-bestaetigt-display-probleme"},"wordCount":225,"publisher":{"@type":"Organization","@id":"https:\/\/www.apfelpatient.de\/en\/#organization","name":"Apfelpatient","url":"https:\/\/www.apfelpatient.de\/en\/"},"image":{"@id":"https:\/\/www.apfelpatient.de\/news\/macbook-air-apple-bestaetigt-display-probleme#primaryimage"},"thumbnailUrl":"https:\/\/www.apfelpatient.de\/wp-content\/uploads\/2018\/11\/MacBook-Air-Keyboard-and-Ports-10302018.jpg","keywords":["Austauschprogramm","Mac","Reparaturprogramm"],"articleSection":"News","inLanguage":"en-US","copyrightYear":"2020","copyrightHolder":{"@id":"https:\/\/www.apfelpatient.de\/en\/#organization"}},{"@type":"WebPage","@id":"https:\/\/www.apfelpatient.de\/news\/macbook-air-apple-bestaetigt-display-probleme","url":"https:\/\/www.apfelpatient.de\/news\/macbook-air-apple-bestaetigt-display-probleme","name":"MacBook Air: Apple confirms display problems Apfelpatient","isPartOf":{"@id":"https:\/\/www.apfelpatient.de\/#website"},"primaryImageOfPage":{"@id":"https:\/\/www.apfelpatient.de\/news\/macbook-air-apple-bestaetigt-display-probleme#primaryimage"},"image":{"@id":"https:\/\/www.apfelpatient.de\/news\/macbook-air-apple-bestaetigt-display-probleme#primaryimage"},"thumbnailUrl":"https:\/\/www.apfelpatient.de\/wp-content\/uploads\/2018\/11\/MacBook-Air-Keyboard-and-Ports-10302018.jpg","datePublished":"2020-03-26T17:20:17+00:00","description":"Some MacBook devices with Retina displays have had problems with the anti-reflective coating in the past.","breadcrumb":{"@id":"https:\/\/www.apfelpatient.de\/news\/macbook-air-apple-bestaetigt-display-probleme#breadcrumb"},"inLanguage":"en-US","potentialAction":[{"@type":"ReadAction","target":["https:\/\/www.apfelpatient.de\/news\/macbook-air-apple-bestaetigt-display-probleme"]}]},{"@type":"ImageObject","inLanguage":"en-US","@id":"https:\/\/www.apfelpatient.de\/news\/macbook-air-apple-bestaetigt-display-probleme#primaryimage","url":"https:\/\/www.apfelpatient.de\/wp-content\/uploads\/2018\/11\/MacBook-Air-Keyboard-and-Ports-10302018.jpg","contentUrl":"https:\/\/www.apfelpatient.de\/wp-content\/uploads\/2018\/11\/MacBook-Air-Keyboard-and-Ports-10302018.jpg","width":3840,"height":2160,"caption":"Bild: Apple"},{"@type":"BreadcrumbList","@id":"https:\/\/www.apfelpatient.de\/news\/macbook-air-apple-bestaetigt-display-probleme#breadcrumb","itemListElement":[{"@type":"ListItem","position":1,"name":"Startseite","item":"https:\/\/www.apfelpatient.de\/"},{"@type":"ListItem","position":2,"name":"MacBook Air: Apple best\u00e4tigt Display-Probleme"}]},{"@type":"WebSite","@id":"https:\/\/www.apfelpatient.de\/#website","url":"https:\/\/www.apfelpatient.de\/","name":"apple patient","description":"Everything about Apple!","publisher":{"@type":"Organization","@id":"https:\/\/www.apfelpatient.de\/en\/#organization","name":"Apfelpatient","url":"https:\/\/www.apfelpatient.de\/en\/"},"alternateName":"Apfelpatient","potentialAction":[{"@type":"SearchAction","target":{"@type":"EntryPoint","urlTemplate":"https:\/\/www.apfelpatient.de\/?s={search_term_string}"},"query-input":{"@type":"PropertyValueSpecification","valueRequired":true,"valueName":"search_term_string"}}],"inLanguage":"en-US"},{"@type":["Person","Organization"],"@id":"https:\/\/www.apfelpatient.de\/#\/schema\/person\/7dc56ad6c8e9824b76d2c08d4c140e13","name":"Milan","logo":{"@id":"https:\/\/www.apfelpatient.de\/#\/schema\/person\/image\/"},"description":"Hello and welcome to my technology blog! As a big Apple fan, I report on everything to do with Apple: from the latest news and exciting rumors to helpful tips and tricks and detailed product tests. If you are as enthusiastic about technology as I am, you have come to the right place!","sameAs":["https:\/\/www.facebook.com\/apfelpatientOfficial","https:\/\/www.linkedin.com\/in\/milan-jovicic-42aa0231b"],"url":"https:\/\/www.apfelpatient.de\/en\/author\/apfeladmin"}]}},"_links":{"self":[{"href":"https:\/\/www.apfelpatient.de\/en\/wp-json\/wp\/v2\/posts\/11168","targetHints":{"allow":["GET"]}}],"collection":[{"href":"https:\/\/www.apfelpatient.de\/en\/wp-json\/wp\/v2\/posts"}],"about":[{"href":"https:\/\/www.apfelpatient.de\/en\/wp-json\/wp\/v2\/types\/post"}],"author":[{"embeddable":true,"href":"https:\/\/www.apfelpatient.de\/en\/wp-json\/wp\/v2\/users\/2"}],"replies":[{"embeddable":true,"href":"https:\/\/www.apfelpatient.de\/en\/wp-json\/wp\/v2\/comments?post=11168"}],"version-history":[{"count":0,"href":"https:\/\/www.apfelpatient.de\/en\/wp-json\/wp\/v2\/posts\/11168\/revisions"}],"wp:featuredmedia":[{"embeddable":true,"href":"https:\/\/www.apfelpatient.de\/en\/wp-json\/wp\/v2\/media\/2542"}],"wp:attachment":[{"href":"https:\/\/www.apfelpatient.de\/en\/wp-json\/wp\/v2\/media?parent=11168"}],"wp:term":[{"taxonomy":"category","embeddable":true,"href":"https:\/\/www.apfelpatient.de\/en\/wp-json\/wp\/v2\/categories?post=11168"},{"taxonomy":"post_tag","embeddable":true,"href":"https:\/\/www.apfelpatient.de\/en\/wp-json\/wp\/v2\/tags?post=11168"}],"curies":[{"name":"wp","href":"https:\/\/api.w.org\/{rel}","templated":true}]}}