{"id":11164,"date":"2020-03-26T14:39:58","date_gmt":"2020-03-26T13:39:58","guid":{"rendered":"https:\/\/www.apfelpatient.de\/?p=11164"},"modified":"2020-03-26T14:39:58","modified_gmt":"2020-03-26T13:39:58","slug":"this-is-how-flexible-the-new-ipad-pro-2020-is","status":"publish","type":"post","link":"https:\/\/www.apfelpatient.de\/en\/news\/so-biegsam-ist-das-neue-ipad-pro-2020","title":{"rendered":"This is how flexible the new iPad Pro 2020 is"},"content":{"rendered":"<p class=\"has-drop-cap\"><strong>When the iPad Pro 2018 was introduced, there was great joy. But a new &quot;scandal&quot; quickly arose. Some users received a bent device, while others noticed slight bends later in use. Now there is a successor model.&nbsp;<\/strong><\/p>\n\n\n\n<p>The issue was known at the time as &quot;iPad Pro BentGate&quot;. Some users received their iPad Pro 2018 already bent, while others noticed signs of bending after a few days or weeks of use. Another group of users has not been able to reproduce the problem to this day - including us. After long discussions, Apple finally spoke up. The company noted that the slight bend was within the operating tolerance. Our <a href=\"https:\/\/www.apfelpatient.de\/en\/news\/2018-ipad-pro-apple-comments-on-bentgate-suspicion\">report<\/a> from December 20, 2018:<\/p>\n\n\n\n<blockquote class=\"wp-block-quote is-layout-flow wp-block-quote-is-layout-flow\"><p>According to Apple, a slight bend in the casing may occur as a result of the manufacturing process. This is normal and will not cause any problems. The bend will not worsen over time, which is why users can use their iPad Pro without any concerns - according to Apple.<\/p><\/blockquote>\n\n\n\n<h3 class=\"wp-block-heading\">Want to try some torture? Find the video below!<\/h3>\n\n\n\n\n\n\n\n<p>The reason for this is the new and, above all, thin aluminum casing. But now the question arises as to what the iPad Pro 2020 looks like. Has Apple reinforced the back? Youtuber EverythingApplePro tried it out. Admittedly, watching the video is really painful. No one who is still sane would do that, but never mind - someone has to do the test, right? Thanks EverythingApplePro! Basically, the video starts off really harmlessly, but from minute four onwards it becomes painful. As you can see, the iPad Pro 2020 seems to bend with little effort, just like its predecessor. Accordingly, the structure has not been reinforced. The conclusion: If you carry your iPad Pro in your backpack, you should not go without a case. Whether users will complain again remains to be seen. But please remember: The trend is moving towards foldable smartphones - so why not a foldable iPad? Everyone starts small. The new iPad Pro is available in 11- and 12.9-inch sizes with 128 GB, 256 GB, 512 GB and 1 TB in space gray or silver. While the 11-inch model is available from 879 euros, the 12.9-inch starts at 1,099 euros. Both devices can be purchased from Apple&#039;s online shop.&nbsp;<em>(Image: EverythingApplePro)<\/em><\/p>\n\n\n\n<ul class=\"wp-block-list\"><li><a href=\"https:\/\/www.apfelpatient.de\/en\/news\/ipad-pro-2020-what-critics-say\">iPad Pro 2020: What critics say<\/a><\/li><\/ul>\n\n\n\n<figure class=\"wp-block-embed-youtube wp-block-embed is-type-video is-provider-youtube wp-embed-aspect-16-9 wp-has-aspect-ratio\"><div class=\"wp-block-embed__wrapper\">\n <div class=\"brlbs-cmpnt-container brlbs-cmpnt-content-blocker brlbs-cmpnt-with-individual-styles\" data-borlabs-cookie-content-blocker-id=\"youtube-content-blocker\" data-borlabs-cookie-content=\"PGRpdiBjbGFzcz0iamVnX3ZpZGVvX2NvbnRhaW5lciBqZWdfdmlkZW9fY29udGVudCI+PGlmcmFtZSB0aXRsZT0iMjAyMCBpUGFkIFBybyBCZW5kIFRlc3QgJmFtcDsgVGVhcmRvd24hIFN0aWxsIEJlbmRzPyIgd2lkdGg9IjUwMCIgaGVpZ2h0PSIyODEiIHNyYz0iaHR0cHM6Ly93d3cueW91dHViZS1ub2Nvb2tpZS5jb20vZW1iZWQveEFuUmRYMjBJV3M\/ZmVhdHVyZT1vZW1iZWQiIGZyYW1lYm9yZGVyPSIwIiBhbGxvdz0iYWNjZWxlcm9tZXRlcjsgYXV0b3BsYXk7IGNsaXBib2FyZC13cml0ZTsgZW5jcnlwdGVkLW1lZGlhOyBneXJvc2NvcGU7IHBpY3R1cmUtaW4tcGljdHVyZTsgd2ViLXNoYXJlIiByZWZlcnJlcnBvbGljeT0ic3RyaWN0LW9yaWdpbi13aGVuLWNyb3NzLW9yaWdpbiIgYWxsb3dmdWxsc2NyZWVuPjwvaWZyYW1lPjwvZGl2Pg==\"><div class=\"brlbs-cmpnt-cb-preset-c brlbs-cmpnt-cb-youtube\"> <div class=\"brlbs-cmpnt-cb-thumbnail\" style=\"background-image: url('https:\/\/www.apfelpatient.de\/wp-content\/uploads\/borlabs-cookie\/1\/yt_xAnRdX20IWs_hqdefault.jpg')\"><\/div> <div class=\"brlbs-cmpnt-cb-main\"> <div class=\"brlbs-cmpnt-cb-play-button\"><\/div> <div class=\"brlbs-cmpnt-cb-content\"> <p class=\"brlbs-cmpnt-cb-description\">You are currently viewing a placeholder content from <strong>YouTube<\/strong>. To access the actual content, click the button below. Please note that doing so will share data with third-party providers.<\/p> <a class=\"brlbs-cmpnt-cb-provider-toggle\" href=\"#\" data-borlabs-cookie-show-provider-information role=\"button\">More Information<\/a> <\/div> <div class=\"brlbs-cmpnt-cb-buttons\"> <a class=\"brlbs-cmpnt-cb-btn\" href=\"#\" data-borlabs-cookie-unblock role=\"button\">Unblock content<\/a> <a class=\"brlbs-cmpnt-cb-btn\" href=\"#\" data-borlabs-cookie-accept-service role=\"button\" style=\"display: inherit\">Accept required service and unblock content<\/a> <\/div> <\/div> <\/div><\/div>\n<\/div><\/figure>","protected":false},"excerpt":{"rendered":"<p>The issue was known back then as &quot;iPad Pro BentGate.&quot; But now the question is what the situation will be like with the 2020 iPad Pro. <\/p>","protected":false},"author":2,"featured_media":11163,"comment_status":"closed","ping_status":"closed","sticky":false,"template":"","format":"standard","meta":{"jnews-multi-image_gallery":[],"jnews_single_post":{"subtitle":"","format":"standard","video":"","gallery":"","source_name":"","source_url":"","via_name":"","via_url":"","override":[{"single_blog_custom":"","sidebar":"","second_sidebar":"","share_position":"","share_float_style":"","post_date_format":"","post_date_format_custom":"","post_reading_time_wpm":"","zoom_button_out_step":"1","zoom_button_in_step":"1","number_popup_post":"1"}],"image_override":[{"single_post_thumbnail_size":"","single_post_gallery_size":""}],"trending_post_position":"","trending_post_label":""},"jnews_primary_category":{"id":"265"},"footnotes":""},"categories":[9],"tags":[18,125,307],"class_list":["post-11164","post","type-post","status-publish","format-standard","has-post-thumbnail","hentry","category-news","tag-ipad","tag-ipad-pro-2018","tag-ipad-pro-2020"],"yoast_head":"<!-- This site is optimized with the Yoast SEO Premium plugin v27.5 (Yoast SEO v27.5) - https:\/\/yoast.com\/product\/yoast-seo-premium-wordpress\/ -->\n<title>So biegsam ist das neue iPad Pro 2020 Apfelpatient<\/title>\n<meta name=\"description\" content=\"Das Thema wurde damals unter der Bezeichnung &quot;iPad Pro BentGate&quot; bekannt. Doch nun stellt sich die Frage, wie es beim iPad Pro 2020 aussieht.\" \/>\n<meta name=\"robots\" content=\"index, follow, max-snippet:-1, max-image-preview:large, max-video-preview:-1\" \/>\n<link rel=\"canonical\" href=\"https:\/\/www.apfelpatient.de\/en\/news\/this-is-how-flexible-the-new-ipad-pro-2020-is\" \/>\n<meta property=\"og:locale\" content=\"en_US\" \/>\n<meta property=\"og:type\" content=\"article\" \/>\n<meta property=\"og:title\" content=\"So biegsam ist das neue iPad Pro 2020\" \/>\n<meta property=\"og:description\" content=\"Das Thema wurde damals unter der Bezeichnung &quot;iPad Pro BentGate&quot; bekannt. Doch nun stellt sich die Frage, wie es beim iPad Pro 2020 aussieht.\" \/>\n<meta property=\"og:url\" content=\"https:\/\/www.apfelpatient.de\/en\/news\/this-is-how-flexible-the-new-ipad-pro-2020-is\" \/>\n<meta property=\"og:site_name\" content=\"Apfelpatient\" \/>\n<meta property=\"article:publisher\" content=\"https:\/\/www.facebook.com\/apfelpatientOfficial\" \/>\n<meta property=\"article:author\" content=\"https:\/\/www.facebook.com\/apfelpatientOfficial\" \/>\n<meta property=\"article:published_time\" content=\"2020-03-26T13:39:58+00:00\" \/>\n<meta property=\"og:image\" content=\"https:\/\/www.apfelpatient.de\/wp-content\/uploads\/2020\/03\/Bildschirmfoto-2020-03-26-um-14.22.49.png\" \/>\n\t<meta property=\"og:image:width\" content=\"2560\" \/>\n\t<meta property=\"og:image:height\" content=\"1328\" \/>\n\t<meta property=\"og:image:type\" content=\"image\/png\" \/>\n<meta name=\"author\" content=\"Milan\" \/>\n<meta name=\"twitter:card\" content=\"summary_large_image\" \/>\n<meta name=\"twitter:description\" content=\"Das Thema wurde damals unter der Bezeichnung &quot;iPad Pro BentGate&quot; bekannt. Doch nun stellt sich die Frage, wie es beim iPad Pro 2020 aussieht.\" \/>\n<meta name=\"twitter:label1\" content=\"Written by\" \/>\n\t<meta name=\"twitter:data1\" content=\"Milan\" \/>\n\t<meta name=\"twitter:label2\" content=\"Est. reading time\" \/>\n\t<meta name=\"twitter:data2\" content=\"2 minutes\" \/>\n<script type=\"application\/ld+json\" class=\"yoast-schema-graph\">{\"@context\":\"https:\\\/\\\/schema.org\",\"@graph\":[{\"@type\":\"NewsArticle\",\"@id\":\"https:\\\/\\\/www.apfelpatient.de\\\/news\\\/so-biegsam-ist-das-neue-ipad-pro-2020#article\",\"isPartOf\":{\"@id\":\"https:\\\/\\\/www.apfelpatient.de\\\/news\\\/so-biegsam-ist-das-neue-ipad-pro-2020\"},\"author\":{\"@type\":\"Organization\",\"@id\":\"https:\\\/\\\/www.apfelpatient.de\\\/en\\\/#organization\",\"name\":\"Apfelpatient\",\"url\":\"https:\\\/\\\/www.apfelpatient.de\\\/en\\\/\"},\"headline\":\"So biegsam ist das neue iPad Pro 2020\",\"datePublished\":\"2020-03-26T13:39:58+00:00\",\"mainEntityOfPage\":{\"@id\":\"https:\\\/\\\/www.apfelpatient.de\\\/news\\\/so-biegsam-ist-das-neue-ipad-pro-2020\"},\"wordCount\":425,\"publisher\":{\"@type\":\"Organization\",\"@id\":\"https:\\\/\\\/www.apfelpatient.de\\\/en\\\/#organization\",\"name\":\"Apfelpatient\",\"url\":\"https:\\\/\\\/www.apfelpatient.de\\\/en\\\/\"},\"image\":{\"@id\":\"https:\\\/\\\/www.apfelpatient.de\\\/news\\\/so-biegsam-ist-das-neue-ipad-pro-2020#primaryimage\"},\"thumbnailUrl\":\"https:\\\/\\\/www.apfelpatient.de\\\/wp-content\\\/uploads\\\/2020\\\/03\\\/Bildschirmfoto-2020-03-26-um-14.22.49.png\",\"keywords\":[\"iPad\",\"iPad Pro 2018\",\"iPad Pro 2020\"],\"articleSection\":\"News\",\"inLanguage\":\"en-US\",\"copyrightYear\":\"2020\",\"copyrightHolder\":{\"@id\":\"https:\\\/\\\/www.apfelpatient.de\\\/en\\\/#organization\"}},{\"@type\":\"WebPage\",\"@id\":\"https:\\\/\\\/www.apfelpatient.de\\\/news\\\/so-biegsam-ist-das-neue-ipad-pro-2020\",\"url\":\"https:\\\/\\\/www.apfelpatient.de\\\/news\\\/so-biegsam-ist-das-neue-ipad-pro-2020\",\"name\":\"So biegsam ist das neue iPad Pro 2020 Apfelpatient\",\"isPartOf\":{\"@id\":\"https:\\\/\\\/www.apfelpatient.de\\\/#website\"},\"primaryImageOfPage\":{\"@id\":\"https:\\\/\\\/www.apfelpatient.de\\\/news\\\/so-biegsam-ist-das-neue-ipad-pro-2020#primaryimage\"},\"image\":{\"@id\":\"https:\\\/\\\/www.apfelpatient.de\\\/news\\\/so-biegsam-ist-das-neue-ipad-pro-2020#primaryimage\"},\"thumbnailUrl\":\"https:\\\/\\\/www.apfelpatient.de\\\/wp-content\\\/uploads\\\/2020\\\/03\\\/Bildschirmfoto-2020-03-26-um-14.22.49.png\",\"datePublished\":\"2020-03-26T13:39:58+00:00\",\"description\":\"Das Thema wurde damals unter der Bezeichnung \\\"iPad Pro BentGate\\\" bekannt. Doch nun stellt sich die Frage, wie es beim iPad Pro 2020 aussieht.\",\"breadcrumb\":{\"@id\":\"https:\\\/\\\/www.apfelpatient.de\\\/news\\\/so-biegsam-ist-das-neue-ipad-pro-2020#breadcrumb\"},\"inLanguage\":\"en-US\",\"potentialAction\":[{\"@type\":\"ReadAction\",\"target\":[\"https:\\\/\\\/www.apfelpatient.de\\\/news\\\/so-biegsam-ist-das-neue-ipad-pro-2020\"]}]},{\"@type\":\"ImageObject\",\"inLanguage\":\"en-US\",\"@id\":\"https:\\\/\\\/www.apfelpatient.de\\\/news\\\/so-biegsam-ist-das-neue-ipad-pro-2020#primaryimage\",\"url\":\"https:\\\/\\\/www.apfelpatient.de\\\/wp-content\\\/uploads\\\/2020\\\/03\\\/Bildschirmfoto-2020-03-26-um-14.22.49.png\",\"contentUrl\":\"https:\\\/\\\/www.apfelpatient.de\\\/wp-content\\\/uploads\\\/2020\\\/03\\\/Bildschirmfoto-2020-03-26-um-14.22.49.png\",\"width\":2560,\"height\":1328,\"caption\":\"Bild: EverythingApplePro\"},{\"@type\":\"BreadcrumbList\",\"@id\":\"https:\\\/\\\/www.apfelpatient.de\\\/news\\\/so-biegsam-ist-das-neue-ipad-pro-2020#breadcrumb\",\"itemListElement\":[{\"@type\":\"ListItem\",\"position\":1,\"name\":\"Startseite\",\"item\":\"https:\\\/\\\/www.apfelpatient.de\\\/\"},{\"@type\":\"ListItem\",\"position\":2,\"name\":\"So biegsam ist das neue iPad Pro 2020\"}]},{\"@type\":\"WebSite\",\"@id\":\"https:\\\/\\\/www.apfelpatient.de\\\/#website\",\"url\":\"https:\\\/\\\/www.apfelpatient.de\\\/\",\"name\":\"Apfelpatient\",\"description\":\"Alles rund um Apple!\",\"publisher\":{\"@type\":\"Organization\",\"@id\":\"https:\\\/\\\/www.apfelpatient.de\\\/en\\\/#organization\",\"name\":\"Apfelpatient\",\"url\":\"https:\\\/\\\/www.apfelpatient.de\\\/en\\\/\"},\"alternateName\":\"Apfelpatient\",\"potentialAction\":[{\"@type\":\"SearchAction\",\"target\":{\"@type\":\"EntryPoint\",\"urlTemplate\":\"https:\\\/\\\/www.apfelpatient.de\\\/?s={search_term_string}\"},\"query-input\":{\"@type\":\"PropertyValueSpecification\",\"valueRequired\":true,\"valueName\":\"search_term_string\"}}],\"inLanguage\":\"en-US\"},{\"@type\":[\"Person\",\"Organization\"],\"@id\":\"https:\\\/\\\/www.apfelpatient.de\\\/#\\\/schema\\\/person\\\/7dc56ad6c8e9824b76d2c08d4c140e13\",\"name\":\"Milan\",\"logo\":{\"@id\":\"https:\\\/\\\/www.apfelpatient.de\\\/#\\\/schema\\\/person\\\/image\\\/\"},\"description\":\"Hallo und herzlich willkommen auf meinem Technik-Blog! Als gro\u00dfer Apple-Fan berichte ich hier \u00fcber alles, was mit Apple zu tun hat: von den neuesten News und spannenden Ger\u00fcchten \u00fcber hilfreiche Tipps und Tricks bis hin zu ausf\u00fchrlichen Produkttests. Wenn du genauso technikbegeistert bist wie ich, bist du hier genau richtig!\",\"sameAs\":[\"https:\\\/\\\/www.facebook.com\\\/apfelpatientOfficial\",\"https:\\\/\\\/www.linkedin.com\\\/in\\\/milan-jovicic-42aa0231b\"],\"url\":\"https:\\\/\\\/www.apfelpatient.de\\\/en\\\/author\\\/apfeladmin\"}]}<\/script>\n<!-- \/ Yoast SEO Premium plugin. -->","yoast_head_json":{"title":"This is how flexible the new iPad Pro 2020 is Apfelpatient","description":"The issue was known at the time as &quot;iPad Pro BentGate&quot;. But now the question is what it will look like on the iPad Pro 2020.","robots":{"index":"index","follow":"follow","max-snippet":"max-snippet:-1","max-image-preview":"max-image-preview:large","max-video-preview":"max-video-preview:-1"},"canonical":"https:\/\/www.apfelpatient.de\/en\/news\/this-is-how-flexible-the-new-ipad-pro-2020-is","og_locale":"en_US","og_type":"article","og_title":"So biegsam ist das neue iPad Pro 2020","og_description":"Das Thema wurde damals unter der Bezeichnung \"iPad Pro BentGate\" bekannt. Doch nun stellt sich die Frage, wie es beim iPad Pro 2020 aussieht.","og_url":"https:\/\/www.apfelpatient.de\/en\/news\/this-is-how-flexible-the-new-ipad-pro-2020-is","og_site_name":"Apfelpatient","article_publisher":"https:\/\/www.facebook.com\/apfelpatientOfficial","article_author":"https:\/\/www.facebook.com\/apfelpatientOfficial","article_published_time":"2020-03-26T13:39:58+00:00","og_image":[{"width":2560,"height":1328,"url":"https:\/\/www.apfelpatient.de\/wp-content\/uploads\/2020\/03\/Bildschirmfoto-2020-03-26-um-14.22.49.png","type":"image\/png"}],"author":"Milan","twitter_card":"summary_large_image","twitter_description":"Das Thema wurde damals unter der Bezeichnung \"iPad Pro BentGate\" bekannt. Doch nun stellt sich die Frage, wie es beim iPad Pro 2020 aussieht.","twitter_misc":{"Written by":"Milan","Est. reading time":"2 minutes"},"schema":{"@context":"https:\/\/schema.org","@graph":[{"@type":"NewsArticle","@id":"https:\/\/www.apfelpatient.de\/news\/so-biegsam-ist-das-neue-ipad-pro-2020#article","isPartOf":{"@id":"https:\/\/www.apfelpatient.de\/news\/so-biegsam-ist-das-neue-ipad-pro-2020"},"author":{"@type":"Organization","@id":"https:\/\/www.apfelpatient.de\/en\/#organization","name":"Apfelpatient","url":"https:\/\/www.apfelpatient.de\/en\/"},"headline":"So biegsam ist das neue iPad Pro 2020","datePublished":"2020-03-26T13:39:58+00:00","mainEntityOfPage":{"@id":"https:\/\/www.apfelpatient.de\/news\/so-biegsam-ist-das-neue-ipad-pro-2020"},"wordCount":425,"publisher":{"@type":"Organization","@id":"https:\/\/www.apfelpatient.de\/en\/#organization","name":"Apfelpatient","url":"https:\/\/www.apfelpatient.de\/en\/"},"image":{"@id":"https:\/\/www.apfelpatient.de\/news\/so-biegsam-ist-das-neue-ipad-pro-2020#primaryimage"},"thumbnailUrl":"https:\/\/www.apfelpatient.de\/wp-content\/uploads\/2020\/03\/Bildschirmfoto-2020-03-26-um-14.22.49.png","keywords":["iPad","iPad Pro 2018","iPad Pro 2020"],"articleSection":"News","inLanguage":"en-US","copyrightYear":"2020","copyrightHolder":{"@id":"https:\/\/www.apfelpatient.de\/en\/#organization"}},{"@type":"WebPage","@id":"https:\/\/www.apfelpatient.de\/news\/so-biegsam-ist-das-neue-ipad-pro-2020","url":"https:\/\/www.apfelpatient.de\/news\/so-biegsam-ist-das-neue-ipad-pro-2020","name":"This is how flexible the new iPad Pro 2020 is Apfelpatient","isPartOf":{"@id":"https:\/\/www.apfelpatient.de\/#website"},"primaryImageOfPage":{"@id":"https:\/\/www.apfelpatient.de\/news\/so-biegsam-ist-das-neue-ipad-pro-2020#primaryimage"},"image":{"@id":"https:\/\/www.apfelpatient.de\/news\/so-biegsam-ist-das-neue-ipad-pro-2020#primaryimage"},"thumbnailUrl":"https:\/\/www.apfelpatient.de\/wp-content\/uploads\/2020\/03\/Bildschirmfoto-2020-03-26-um-14.22.49.png","datePublished":"2020-03-26T13:39:58+00:00","description":"The issue was known at the time as &quot;iPad Pro BentGate&quot;. But now the question is what it will look like on the iPad Pro 2020.","breadcrumb":{"@id":"https:\/\/www.apfelpatient.de\/news\/so-biegsam-ist-das-neue-ipad-pro-2020#breadcrumb"},"inLanguage":"en-US","potentialAction":[{"@type":"ReadAction","target":["https:\/\/www.apfelpatient.de\/news\/so-biegsam-ist-das-neue-ipad-pro-2020"]}]},{"@type":"ImageObject","inLanguage":"en-US","@id":"https:\/\/www.apfelpatient.de\/news\/so-biegsam-ist-das-neue-ipad-pro-2020#primaryimage","url":"https:\/\/www.apfelpatient.de\/wp-content\/uploads\/2020\/03\/Bildschirmfoto-2020-03-26-um-14.22.49.png","contentUrl":"https:\/\/www.apfelpatient.de\/wp-content\/uploads\/2020\/03\/Bildschirmfoto-2020-03-26-um-14.22.49.png","width":2560,"height":1328,"caption":"Bild: EverythingApplePro"},{"@type":"BreadcrumbList","@id":"https:\/\/www.apfelpatient.de\/news\/so-biegsam-ist-das-neue-ipad-pro-2020#breadcrumb","itemListElement":[{"@type":"ListItem","position":1,"name":"Startseite","item":"https:\/\/www.apfelpatient.de\/"},{"@type":"ListItem","position":2,"name":"So biegsam ist das neue iPad Pro 2020"}]},{"@type":"WebSite","@id":"https:\/\/www.apfelpatient.de\/#website","url":"https:\/\/www.apfelpatient.de\/","name":"apple patient","description":"Everything about Apple!","publisher":{"@type":"Organization","@id":"https:\/\/www.apfelpatient.de\/en\/#organization","name":"Apfelpatient","url":"https:\/\/www.apfelpatient.de\/en\/"},"alternateName":"Apfelpatient","potentialAction":[{"@type":"SearchAction","target":{"@type":"EntryPoint","urlTemplate":"https:\/\/www.apfelpatient.de\/?s={search_term_string}"},"query-input":{"@type":"PropertyValueSpecification","valueRequired":true,"valueName":"search_term_string"}}],"inLanguage":"en-US"},{"@type":["Person","Organization"],"@id":"https:\/\/www.apfelpatient.de\/#\/schema\/person\/7dc56ad6c8e9824b76d2c08d4c140e13","name":"Milan","logo":{"@id":"https:\/\/www.apfelpatient.de\/#\/schema\/person\/image\/"},"description":"Hello and welcome to my technology blog! As a big Apple fan, I report on everything to do with Apple: from the latest news and exciting rumors to helpful tips and tricks and detailed product tests. If you are as enthusiastic about technology as I am, you have come to the right place!","sameAs":["https:\/\/www.facebook.com\/apfelpatientOfficial","https:\/\/www.linkedin.com\/in\/milan-jovicic-42aa0231b"],"url":"https:\/\/www.apfelpatient.de\/en\/author\/apfeladmin"}]}},"_links":{"self":[{"href":"https:\/\/www.apfelpatient.de\/en\/wp-json\/wp\/v2\/posts\/11164","targetHints":{"allow":["GET"]}}],"collection":[{"href":"https:\/\/www.apfelpatient.de\/en\/wp-json\/wp\/v2\/posts"}],"about":[{"href":"https:\/\/www.apfelpatient.de\/en\/wp-json\/wp\/v2\/types\/post"}],"author":[{"embeddable":true,"href":"https:\/\/www.apfelpatient.de\/en\/wp-json\/wp\/v2\/users\/2"}],"replies":[{"embeddable":true,"href":"https:\/\/www.apfelpatient.de\/en\/wp-json\/wp\/v2\/comments?post=11164"}],"version-history":[{"count":0,"href":"https:\/\/www.apfelpatient.de\/en\/wp-json\/wp\/v2\/posts\/11164\/revisions"}],"wp:featuredmedia":[{"embeddable":true,"href":"https:\/\/www.apfelpatient.de\/en\/wp-json\/wp\/v2\/media\/11163"}],"wp:attachment":[{"href":"https:\/\/www.apfelpatient.de\/en\/wp-json\/wp\/v2\/media?parent=11164"}],"wp:term":[{"taxonomy":"category","embeddable":true,"href":"https:\/\/www.apfelpatient.de\/en\/wp-json\/wp\/v2\/categories?post=11164"},{"taxonomy":"post_tag","embeddable":true,"href":"https:\/\/www.apfelpatient.de\/en\/wp-json\/wp\/v2\/tags?post=11164"}],"curies":[{"name":"wp","href":"https:\/\/api.w.org\/{rel}","templated":true}]}}