{"id":11128,"date":"2020-03-24T22:47:54","date_gmt":"2020-03-24T21:47:54","guid":{"rendered":"https:\/\/www.apfelpatient.de\/?p=11128"},"modified":"2024-05-22T15:14:39","modified_gmt":"2024-05-22T13:14:39","slug":"apple-stores-planned-to-reopen-in-april","status":"publish","type":"post","link":"https:\/\/www.apfelpatient.de\/en\/rumors\/apple-stores-wiedereroeffnung-im-april-geplant","title":{"rendered":"Apple Stores: Reopening planned for April"},"content":{"rendered":"<p class=\"has-drop-cap\"><strong>Apple closed all retail stores outside China on March 14 <a href=\"https:\/\/www.apfelpatient.de\/en\/news\/coronavirus-apple-closes-all-stores\">closed<\/a>The company wanted to reduce the further spread of the novel coronavirus.<\/strong><\/p>\n\n\n\n<p>At the time of the closure, Apple stated that the stores would remain closed until March 27th. However, this information was revised by a new <a href=\"https:\/\/www.apfelpatient.de\/en\/news\/apple-stores-closed-until-further-notice\">Notice<\/a> &quot;Our retail stores are closed until further notice.&quot; Now VentureBeat reports that Apple&#039;s retail chief, Deirdre O&#039;Brien, has promised employees that the stores will reopen in the first half of April. The <a href=\"https:\/\/venturebeat.com\/2020\/03\/24\/apple-plans-to-reopen-u-s-stores-in-april-following-trump-guidance\/\" rel=\"nofollow\">report<\/a>:<\/p>\n\n\n\n\n\n\n\n<blockquote class=\"wp-block-quote is-layout-flow wp-block-quote-is-layout-flow\"><p>As Apple&#039;s senior VP, O&#039;Brien is responsible for both retail operations and employees who have been scattered from Apple&#039;s Cupertino headquarters to work from home following the outbreak of the novel coronavirus disease COVID-19. O&#039;Brien told employees that the company will extend its work-from-home policies through at least April 5 and will reevaluate those policies weekly based on employees&#039; locations.<\/p><\/blockquote>\n\n\n\n<p>Accordingly, home office is to last at least until April 5. However, as part of the reopening, not all stores will be operational at the same time. This means that locations that are particularly affected by COVID-19 will remain closed.&nbsp;<em>(Photo by DevinQuotes \/ Bigstockphoto)<\/em><\/p>","protected":false},"excerpt":{"rendered":"<p>At the time of the closure, Apple stated that the stores would remain closed through March 27.<\/p>","protected":false},"author":2,"featured_media":11129,"comment_status":"closed","ping_status":"closed","sticky":false,"template":"","format":"standard","meta":{"jnews-multi-image_gallery":[],"jnews_single_post":{"subtitle":"","format":"standard","video":"","gallery":"","source_name":"","source_url":"","via_name":"VentureBeat","via_url":"","override_template":"0","override":[{"template":"4","single_blog_custom":"","parallax":"1","fullscreen":"1","layout":"right-sidebar","sidebar":"","second_sidebar":"","sticky_sidebar":"1","share_position":"","share_float_style":"","show_share_counter":"0","show_view_counter":"0","show_featured":"1","show_post_meta":"1","show_post_author":"1","show_post_author_image":"1","show_post_date":"1","post_date_format":"","post_date_format_custom":"","show_post_category":"1","show_post_reading_time":"0","post_reading_time_wpm":"","show_zoom_button":"0","zoom_button_out_step":"1","zoom_button_in_step":"1","show_post_tag":"1","show_prev_next_post":"1","show_popup_post":"1","number_popup_post":"1","show_author_box":"0","show_post_related":"0","show_inline_post_related":"0"}],"override_image_size":"0","image_override":[{"single_post_thumbnail_size":"","single_post_gallery_size":""}],"trending_post":"0","trending_post_position":"","trending_post_label":"","sponsored_post":"0","sponsored_post_label":"Sponsored by","sponsored_post_name":"","sponsored_post_url":"","sponsored_post_logo_enable":"0","sponsored_post_logo":"","sponsored_post_desc":"","disable_ad":"0"},"jnews_primary_category":{"id":"","hide":""},"footnotes":""},"categories":[25],"tags":[81,376,8],"class_list":["post-11128","post","type-post","status-publish","format-standard","has-post-thumbnail","hentry","category-rumors","tag-apple-store","tag-coronavirus","tag-iphone"],"yoast_head":"<!-- This site is optimized with the Yoast SEO Premium plugin v27.5 (Yoast SEO v27.5) - https:\/\/yoast.com\/product\/yoast-seo-premium-wordpress\/ -->\n<title>Apple Stores: Wiederer\u00f6ffnung im April geplant Apfelpatient<\/title>\n<meta name=\"description\" content=\"Zum Zeitpunkt der Schlie\u00dfung gab Apple an, dass die Stores bis einschlie\u00dflich dem 27. M\u00e4rz geschlossen bleiben.\" \/>\n<meta name=\"robots\" content=\"index, follow, max-snippet:-1, max-image-preview:large, max-video-preview:-1\" \/>\n<link rel=\"canonical\" href=\"https:\/\/www.apfelpatient.de\/en\/rumors\/apple-stores-planned-to-reopen-in-april\" \/>\n<meta property=\"og:locale\" content=\"en_US\" \/>\n<meta property=\"og:type\" content=\"article\" \/>\n<meta property=\"og:title\" content=\"Apple Stores: Wiederer\u00f6ffnung im April geplant\" \/>\n<meta property=\"og:description\" content=\"Zum Zeitpunkt der Schlie\u00dfung gab Apple an, dass die Stores bis einschlie\u00dflich dem 27. M\u00e4rz geschlossen bleiben.\" \/>\n<meta property=\"og:url\" content=\"https:\/\/www.apfelpatient.de\/en\/rumors\/apple-stores-planned-to-reopen-in-april\" \/>\n<meta property=\"og:site_name\" content=\"Apfelpatient\" \/>\n<meta property=\"article:publisher\" content=\"https:\/\/www.facebook.com\/apfelpatientOfficial\" \/>\n<meta property=\"article:author\" content=\"https:\/\/www.facebook.com\/apfelpatientOfficial\" \/>\n<meta property=\"article:published_time\" content=\"2020-03-24T21:47:54+00:00\" \/>\n<meta property=\"article:modified_time\" content=\"2024-05-22T13:14:39+00:00\" \/>\n<meta property=\"og:image\" content=\"https:\/\/www.apfelpatient.de\/wp-content\/uploads\/2020\/03\/bigstock-d-Illustration-d-Rendering-349446568.jpg\" \/>\n\t<meta property=\"og:image:width\" content=\"1600\" \/>\n\t<meta property=\"og:image:height\" content=\"1067\" \/>\n\t<meta property=\"og:image:type\" content=\"image\/jpeg\" \/>\n<meta name=\"author\" content=\"Milan\" \/>\n<meta name=\"twitter:card\" content=\"summary_large_image\" \/>\n<meta name=\"twitter:description\" content=\"Zum Zeitpunkt der Schlie\u00dfung gab Apple an, dass die Stores bis einschlie\u00dflich dem 27. M\u00e4rz geschlossen bleiben.\" \/>\n<meta name=\"twitter:label1\" content=\"Written by\" \/>\n\t<meta name=\"twitter:data1\" content=\"Milan\" \/>\n\t<meta name=\"twitter:label2\" content=\"Est. reading time\" \/>\n\t<meta name=\"twitter:data2\" content=\"2 minutes\" \/>\n<script type=\"application\/ld+json\" class=\"yoast-schema-graph\">{\"@context\":\"https:\\\/\\\/schema.org\",\"@graph\":[{\"@type\":\"NewsArticle\",\"@id\":\"https:\\\/\\\/www.apfelpatient.de\\\/rumors\\\/apple-stores-wiedereroeffnung-im-april-geplant#article\",\"isPartOf\":{\"@id\":\"https:\\\/\\\/www.apfelpatient.de\\\/rumors\\\/apple-stores-wiedereroeffnung-im-april-geplant\"},\"author\":{\"@type\":\"Organization\",\"@id\":\"https:\\\/\\\/www.apfelpatient.de\\\/en\\\/#organization\",\"name\":\"Apfelpatient\",\"url\":\"https:\\\/\\\/www.apfelpatient.de\\\/en\\\/\"},\"headline\":\"Apple Stores: Wiederer\u00f6ffnung im April geplant\",\"datePublished\":\"2020-03-24T21:47:54+00:00\",\"dateModified\":\"2024-05-22T13:14:39+00:00\",\"mainEntityOfPage\":{\"@id\":\"https:\\\/\\\/www.apfelpatient.de\\\/rumors\\\/apple-stores-wiedereroeffnung-im-april-geplant\"},\"wordCount\":210,\"publisher\":{\"@type\":\"Organization\",\"@id\":\"https:\\\/\\\/www.apfelpatient.de\\\/en\\\/#organization\",\"name\":\"Apfelpatient\",\"url\":\"https:\\\/\\\/www.apfelpatient.de\\\/en\\\/\"},\"image\":{\"@id\":\"https:\\\/\\\/www.apfelpatient.de\\\/rumors\\\/apple-stores-wiedereroeffnung-im-april-geplant#primaryimage\"},\"thumbnailUrl\":\"https:\\\/\\\/www.apfelpatient.de\\\/wp-content\\\/uploads\\\/2020\\\/03\\\/bigstock-d-Illustration-d-Rendering-349446568.jpg\",\"keywords\":[\"Apple Store\",\"Coronavirus\",\"iPhone\"],\"articleSection\":\"Rumors\",\"inLanguage\":\"en-US\",\"copyrightYear\":\"2020\",\"copyrightHolder\":{\"@id\":\"https:\\\/\\\/www.apfelpatient.de\\\/en\\\/#organization\"}},{\"@type\":\"WebPage\",\"@id\":\"https:\\\/\\\/www.apfelpatient.de\\\/rumors\\\/apple-stores-wiedereroeffnung-im-april-geplant\",\"url\":\"https:\\\/\\\/www.apfelpatient.de\\\/rumors\\\/apple-stores-wiedereroeffnung-im-april-geplant\",\"name\":\"Apple Stores: Wiederer\u00f6ffnung im April geplant Apfelpatient\",\"isPartOf\":{\"@id\":\"https:\\\/\\\/www.apfelpatient.de\\\/#website\"},\"primaryImageOfPage\":{\"@id\":\"https:\\\/\\\/www.apfelpatient.de\\\/rumors\\\/apple-stores-wiedereroeffnung-im-april-geplant#primaryimage\"},\"image\":{\"@id\":\"https:\\\/\\\/www.apfelpatient.de\\\/rumors\\\/apple-stores-wiedereroeffnung-im-april-geplant#primaryimage\"},\"thumbnailUrl\":\"https:\\\/\\\/www.apfelpatient.de\\\/wp-content\\\/uploads\\\/2020\\\/03\\\/bigstock-d-Illustration-d-Rendering-349446568.jpg\",\"datePublished\":\"2020-03-24T21:47:54+00:00\",\"dateModified\":\"2024-05-22T13:14:39+00:00\",\"description\":\"Zum Zeitpunkt der Schlie\u00dfung gab Apple an, dass die Stores bis einschlie\u00dflich dem 27. M\u00e4rz geschlossen bleiben.\",\"breadcrumb\":{\"@id\":\"https:\\\/\\\/www.apfelpatient.de\\\/rumors\\\/apple-stores-wiedereroeffnung-im-april-geplant#breadcrumb\"},\"inLanguage\":\"en-US\",\"potentialAction\":[{\"@type\":\"ReadAction\",\"target\":[\"https:\\\/\\\/www.apfelpatient.de\\\/rumors\\\/apple-stores-wiedereroeffnung-im-april-geplant\"]}]},{\"@type\":\"ImageObject\",\"inLanguage\":\"en-US\",\"@id\":\"https:\\\/\\\/www.apfelpatient.de\\\/rumors\\\/apple-stores-wiedereroeffnung-im-april-geplant#primaryimage\",\"url\":\"https:\\\/\\\/www.apfelpatient.de\\\/wp-content\\\/uploads\\\/2020\\\/03\\\/bigstock-d-Illustration-d-Rendering-349446568.jpg\",\"contentUrl\":\"https:\\\/\\\/www.apfelpatient.de\\\/wp-content\\\/uploads\\\/2020\\\/03\\\/bigstock-d-Illustration-d-Rendering-349446568.jpg\",\"width\":1600,\"height\":1067,\"caption\":\"3D illustration, 3D rendering. coronavirus - corona virus concept. china virus nCoV. virus infection concept\"},{\"@type\":\"BreadcrumbList\",\"@id\":\"https:\\\/\\\/www.apfelpatient.de\\\/rumors\\\/apple-stores-wiedereroeffnung-im-april-geplant#breadcrumb\",\"itemListElement\":[{\"@type\":\"ListItem\",\"position\":1,\"name\":\"Startseite\",\"item\":\"https:\\\/\\\/www.apfelpatient.de\\\/\"},{\"@type\":\"ListItem\",\"position\":2,\"name\":\"Apple Stores: Wiederer\u00f6ffnung im April geplant\"}]},{\"@type\":\"WebSite\",\"@id\":\"https:\\\/\\\/www.apfelpatient.de\\\/#website\",\"url\":\"https:\\\/\\\/www.apfelpatient.de\\\/\",\"name\":\"Apfelpatient\",\"description\":\"Alles rund um Apple!\",\"publisher\":{\"@type\":\"Organization\",\"@id\":\"https:\\\/\\\/www.apfelpatient.de\\\/en\\\/#organization\",\"name\":\"Apfelpatient\",\"url\":\"https:\\\/\\\/www.apfelpatient.de\\\/en\\\/\"},\"alternateName\":\"Apfelpatient\",\"potentialAction\":[{\"@type\":\"SearchAction\",\"target\":{\"@type\":\"EntryPoint\",\"urlTemplate\":\"https:\\\/\\\/www.apfelpatient.de\\\/?s={search_term_string}\"},\"query-input\":{\"@type\":\"PropertyValueSpecification\",\"valueRequired\":true,\"valueName\":\"search_term_string\"}}],\"inLanguage\":\"en-US\"},{\"@type\":[\"Person\",\"Organization\"],\"@id\":\"https:\\\/\\\/www.apfelpatient.de\\\/#\\\/schema\\\/person\\\/7dc56ad6c8e9824b76d2c08d4c140e13\",\"name\":\"Milan\",\"logo\":{\"@id\":\"https:\\\/\\\/www.apfelpatient.de\\\/#\\\/schema\\\/person\\\/image\\\/\"},\"description\":\"Hallo und herzlich willkommen auf meinem Technik-Blog! Als gro\u00dfer Apple-Fan berichte ich hier \u00fcber alles, was mit Apple zu tun hat: von den neuesten News und spannenden Ger\u00fcchten \u00fcber hilfreiche Tipps und Tricks bis hin zu ausf\u00fchrlichen Produkttests. Wenn du genauso technikbegeistert bist wie ich, bist du hier genau richtig!\",\"sameAs\":[\"https:\\\/\\\/www.facebook.com\\\/apfelpatientOfficial\",\"https:\\\/\\\/www.linkedin.com\\\/in\\\/milan-jovicic-42aa0231b\"],\"url\":\"https:\\\/\\\/www.apfelpatient.de\\\/en\\\/author\\\/apfeladmin\"}]}<\/script>\n<!-- \/ Yoast SEO Premium plugin. -->","yoast_head_json":{"title":"Apple Stores: Reopening planned for April Apfelpatient","description":"At the time of the closure, Apple stated that the stores would remain closed through March 27.","robots":{"index":"index","follow":"follow","max-snippet":"max-snippet:-1","max-image-preview":"max-image-preview:large","max-video-preview":"max-video-preview:-1"},"canonical":"https:\/\/www.apfelpatient.de\/en\/rumors\/apple-stores-planned-to-reopen-in-april","og_locale":"en_US","og_type":"article","og_title":"Apple Stores: Wiederer\u00f6ffnung im April geplant","og_description":"Zum Zeitpunkt der Schlie\u00dfung gab Apple an, dass die Stores bis einschlie\u00dflich dem 27. M\u00e4rz geschlossen bleiben.","og_url":"https:\/\/www.apfelpatient.de\/en\/rumors\/apple-stores-planned-to-reopen-in-april","og_site_name":"Apfelpatient","article_publisher":"https:\/\/www.facebook.com\/apfelpatientOfficial","article_author":"https:\/\/www.facebook.com\/apfelpatientOfficial","article_published_time":"2020-03-24T21:47:54+00:00","article_modified_time":"2024-05-22T13:14:39+00:00","og_image":[{"width":1600,"height":1067,"url":"https:\/\/www.apfelpatient.de\/wp-content\/uploads\/2020\/03\/bigstock-d-Illustration-d-Rendering-349446568.jpg","type":"image\/jpeg"}],"author":"Milan","twitter_card":"summary_large_image","twitter_description":"Zum Zeitpunkt der Schlie\u00dfung gab Apple an, dass die Stores bis einschlie\u00dflich dem 27. M\u00e4rz geschlossen bleiben.","twitter_misc":{"Written by":"Milan","Est. reading time":"2 minutes"},"schema":{"@context":"https:\/\/schema.org","@graph":[{"@type":"NewsArticle","@id":"https:\/\/www.apfelpatient.de\/rumors\/apple-stores-wiedereroeffnung-im-april-geplant#article","isPartOf":{"@id":"https:\/\/www.apfelpatient.de\/rumors\/apple-stores-wiedereroeffnung-im-april-geplant"},"author":{"@type":"Organization","@id":"https:\/\/www.apfelpatient.de\/en\/#organization","name":"Apfelpatient","url":"https:\/\/www.apfelpatient.de\/en\/"},"headline":"Apple Stores: Wiederer\u00f6ffnung im April geplant","datePublished":"2020-03-24T21:47:54+00:00","dateModified":"2024-05-22T13:14:39+00:00","mainEntityOfPage":{"@id":"https:\/\/www.apfelpatient.de\/rumors\/apple-stores-wiedereroeffnung-im-april-geplant"},"wordCount":210,"publisher":{"@type":"Organization","@id":"https:\/\/www.apfelpatient.de\/en\/#organization","name":"Apfelpatient","url":"https:\/\/www.apfelpatient.de\/en\/"},"image":{"@id":"https:\/\/www.apfelpatient.de\/rumors\/apple-stores-wiedereroeffnung-im-april-geplant#primaryimage"},"thumbnailUrl":"https:\/\/www.apfelpatient.de\/wp-content\/uploads\/2020\/03\/bigstock-d-Illustration-d-Rendering-349446568.jpg","keywords":["Apple Store","Coronavirus","iPhone"],"articleSection":"Rumors","inLanguage":"en-US","copyrightYear":"2020","copyrightHolder":{"@id":"https:\/\/www.apfelpatient.de\/en\/#organization"}},{"@type":"WebPage","@id":"https:\/\/www.apfelpatient.de\/rumors\/apple-stores-wiedereroeffnung-im-april-geplant","url":"https:\/\/www.apfelpatient.de\/rumors\/apple-stores-wiedereroeffnung-im-april-geplant","name":"Apple Stores: Reopening planned for April Apfelpatient","isPartOf":{"@id":"https:\/\/www.apfelpatient.de\/#website"},"primaryImageOfPage":{"@id":"https:\/\/www.apfelpatient.de\/rumors\/apple-stores-wiedereroeffnung-im-april-geplant#primaryimage"},"image":{"@id":"https:\/\/www.apfelpatient.de\/rumors\/apple-stores-wiedereroeffnung-im-april-geplant#primaryimage"},"thumbnailUrl":"https:\/\/www.apfelpatient.de\/wp-content\/uploads\/2020\/03\/bigstock-d-Illustration-d-Rendering-349446568.jpg","datePublished":"2020-03-24T21:47:54+00:00","dateModified":"2024-05-22T13:14:39+00:00","description":"At the time of the closure, Apple stated that the stores would remain closed through March 27.","breadcrumb":{"@id":"https:\/\/www.apfelpatient.de\/rumors\/apple-stores-wiedereroeffnung-im-april-geplant#breadcrumb"},"inLanguage":"en-US","potentialAction":[{"@type":"ReadAction","target":["https:\/\/www.apfelpatient.de\/rumors\/apple-stores-wiedereroeffnung-im-april-geplant"]}]},{"@type":"ImageObject","inLanguage":"en-US","@id":"https:\/\/www.apfelpatient.de\/rumors\/apple-stores-wiedereroeffnung-im-april-geplant#primaryimage","url":"https:\/\/www.apfelpatient.de\/wp-content\/uploads\/2020\/03\/bigstock-d-Illustration-d-Rendering-349446568.jpg","contentUrl":"https:\/\/www.apfelpatient.de\/wp-content\/uploads\/2020\/03\/bigstock-d-Illustration-d-Rendering-349446568.jpg","width":1600,"height":1067,"caption":"3D illustration, 3D rendering. coronavirus - corona virus concept. china virus nCoV. virus infection concept"},{"@type":"BreadcrumbList","@id":"https:\/\/www.apfelpatient.de\/rumors\/apple-stores-wiedereroeffnung-im-april-geplant#breadcrumb","itemListElement":[{"@type":"ListItem","position":1,"name":"Startseite","item":"https:\/\/www.apfelpatient.de\/"},{"@type":"ListItem","position":2,"name":"Apple Stores: Wiederer\u00f6ffnung im April geplant"}]},{"@type":"WebSite","@id":"https:\/\/www.apfelpatient.de\/#website","url":"https:\/\/www.apfelpatient.de\/","name":"apple patient","description":"Everything about Apple!","publisher":{"@type":"Organization","@id":"https:\/\/www.apfelpatient.de\/en\/#organization","name":"Apfelpatient","url":"https:\/\/www.apfelpatient.de\/en\/"},"alternateName":"Apfelpatient","potentialAction":[{"@type":"SearchAction","target":{"@type":"EntryPoint","urlTemplate":"https:\/\/www.apfelpatient.de\/?s={search_term_string}"},"query-input":{"@type":"PropertyValueSpecification","valueRequired":true,"valueName":"search_term_string"}}],"inLanguage":"en-US"},{"@type":["Person","Organization"],"@id":"https:\/\/www.apfelpatient.de\/#\/schema\/person\/7dc56ad6c8e9824b76d2c08d4c140e13","name":"Milan","logo":{"@id":"https:\/\/www.apfelpatient.de\/#\/schema\/person\/image\/"},"description":"Hello and welcome to my technology blog! As a big Apple fan, I report on everything to do with Apple: from the latest news and exciting rumors to helpful tips and tricks and detailed product tests. If you are as enthusiastic about technology as I am, you have come to the right place!","sameAs":["https:\/\/www.facebook.com\/apfelpatientOfficial","https:\/\/www.linkedin.com\/in\/milan-jovicic-42aa0231b"],"url":"https:\/\/www.apfelpatient.de\/en\/author\/apfeladmin"}]}},"_links":{"self":[{"href":"https:\/\/www.apfelpatient.de\/en\/wp-json\/wp\/v2\/posts\/11128","targetHints":{"allow":["GET"]}}],"collection":[{"href":"https:\/\/www.apfelpatient.de\/en\/wp-json\/wp\/v2\/posts"}],"about":[{"href":"https:\/\/www.apfelpatient.de\/en\/wp-json\/wp\/v2\/types\/post"}],"author":[{"embeddable":true,"href":"https:\/\/www.apfelpatient.de\/en\/wp-json\/wp\/v2\/users\/2"}],"replies":[{"embeddable":true,"href":"https:\/\/www.apfelpatient.de\/en\/wp-json\/wp\/v2\/comments?post=11128"}],"version-history":[{"count":0,"href":"https:\/\/www.apfelpatient.de\/en\/wp-json\/wp\/v2\/posts\/11128\/revisions"}],"wp:featuredmedia":[{"embeddable":true,"href":"https:\/\/www.apfelpatient.de\/en\/wp-json\/wp\/v2\/media\/11129"}],"wp:attachment":[{"href":"https:\/\/www.apfelpatient.de\/en\/wp-json\/wp\/v2\/media?parent=11128"}],"wp:term":[{"taxonomy":"category","embeddable":true,"href":"https:\/\/www.apfelpatient.de\/en\/wp-json\/wp\/v2\/categories?post=11128"},{"taxonomy":"post_tag","embeddable":true,"href":"https:\/\/www.apfelpatient.de\/en\/wp-json\/wp\/v2\/tags?post=11128"}],"curies":[{"name":"wp","href":"https:\/\/api.w.org\/{rel}","templated":true}]}}