{"id":11118,"date":"2020-03-24T19:25:10","date_gmt":"2020-03-24T18:25:10","guid":{"rendered":"https:\/\/www.apfelpatient.de\/?p=11118"},"modified":"2020-03-24T19:25:10","modified_gmt":"2020-03-24T18:25:10","slug":"ipad-pro-2020-what-critics-say","status":"publish","type":"post","link":"https:\/\/www.apfelpatient.de\/en\/news\/ipad-pro-2020-das-sagen-kritiker","title":{"rendered":"iPad Pro 2020: What critics say"},"content":{"rendered":"<p class=\"has-drop-cap\"><strong>Apple introduced new iPad Pro models early last week <a href=\"https:\/\/www.apfelpatient.de\/en\/news\/apple-announces-new-ipad-pro-2020\">presented<\/a>The first reviews have now been published.&nbsp;<\/strong><\/p>\n\n\n\n<p>Considering that all modern iPad models will receive trackpad support under iPadOS 13.4, the new iPad Pro is not receiving as much attention as some expected. The technical difference from its predecessor is very small - except for the camera with the LiDAR scanner. The reviews also confirm that the performance of the new <a href=\"https:\/\/www.apfelpatient.de\/en\/news\/ipad-pro-2020-only-slightly-faster\">A12Z Bionic chip<\/a> has a very similar CPU performance as the previous A12X chip. Accordingly, there are hardly any differences in terms of performance. But <a href=\"https:\/\/www.theverge.com\/2020\/3\/24\/21192146\/apple-ipad-pro-review-2020-lidar-a12z-processor-speed-camera-trackpad-keyboard\">The Verge<\/a> Journalist Dieter Bohn notes that the LiDAR scanner is, despite everything, more than just a vision of the future.&nbsp;<\/p>\n\n\n\n<blockquote class=\"wp-block-quote is-layout-flow wp-block-quote-is-layout-flow\"><p>As I used the iPad Pro this week, I kept coming back to the LiDAR sensor. It&#039;s a powerful and interesting sensor, and Apple&#039;s total control over software and hardware means it &#039;just works&#039; to enhance existing apps. But as powerful as it is, I&#039;m not sure many users will be able to take advantage of it - it&#039;s an extra thing they might not even use.<\/p><\/blockquote>\n\n\n\n<h3 class=\"wp-block-heading\">&quot;improved thermal architecture&quot;<\/h3>\n\n\n\n\n\n\n\n<p>Applications that rely on ARKit will of course benefit from this. For example, motion detection will be significantly better and calculations will be faster. Anyone who uses corresponding apps will certainly be pleased. But the importance of the LiDAR scanner will only increase in the next few years. Regarding the A12Z Bionic chip, Apple explained to Lauren Goode that <a href=\"https:\/\/www.wired.com\/review\/apple-ipad-pro-2020\/\">WIRED<\/a>that it has an improved thermal architecture, which means that the chip does not get as hot when it reaches its limits. The statements from the other media houses are broadly similar. Anyone who has an older device and is thinking about an upgrade should go for it with a clear conscience. Users of the iPad Pro 2018 series, on the other hand, should think carefully about the whole thing. The new iPad Pro is available in 11- and 12.9-inch sizes with 128 GB, 256 GB, 512 GB and 1 TB in space gray or silver. While the 11-inch model is available from 879 euros, the 12.9-inch starts at 1,099 euros. Both devices can be purchased from Apple&#039;s online shop. <em>(Image: Apple)<\/em><\/p>\n\n\n\n<ul class=\"wp-block-list\"><li><a href=\"https:\/\/www.apfelpatient.de\/en\/rumors\/ipad-pro-2020-further-update-planned-for-end-of-2020\">iPad Pro 2020: Another update planned for late 2020<\/a><\/li><\/ul>","protected":false},"excerpt":{"rendered":"<p>Apple introduced new iPad Pro models at the beginning of last week. The first reviews have now been published. <\/p>","protected":false},"author":2,"featured_media":10939,"comment_status":"closed","ping_status":"closed","sticky":false,"template":"","format":"standard","meta":{"jnews-multi-image_gallery":[],"jnews_single_post":{"subtitle":"","format":"standard","video":"","gallery":"","source_name":"","source_url":"","via_name":"","via_url":"","override":[{"single_blog_custom":"","sidebar":"","second_sidebar":"","share_position":"","share_float_style":"","post_date_format":"","post_date_format_custom":"","post_reading_time_wpm":"","zoom_button_out_step":"1","zoom_button_in_step":"1","number_popup_post":"1"}],"image_override":[{"single_post_thumbnail_size":"","single_post_gallery_size":""}],"trending_post_position":"","trending_post_label":""},"jnews_primary_category":{"id":"265"},"footnotes":""},"categories":[9],"tags":[18,307],"class_list":["post-11118","post","type-post","status-publish","format-standard","has-post-thumbnail","hentry","category-news","tag-ipad","tag-ipad-pro-2020"],"yoast_head":"<!-- This site is optimized with the Yoast SEO Premium plugin v27.5 (Yoast SEO v27.5) - https:\/\/yoast.com\/product\/yoast-seo-premium-wordpress\/ -->\n<title>iPad Pro 2020: Das sagen Kritiker Apfelpatient<\/title>\n<meta name=\"description\" content=\"Apple hat Anfang letzter Woche neue iPad Pro Modelle vorgestellt. Nun wurden die ersten Bewertungen ver\u00f6ffentlicht.\" \/>\n<meta name=\"robots\" content=\"index, follow, max-snippet:-1, max-image-preview:large, max-video-preview:-1\" \/>\n<link rel=\"canonical\" href=\"https:\/\/www.apfelpatient.de\/en\/news\/ipad-pro-2020-what-critics-say\" \/>\n<meta property=\"og:locale\" content=\"en_US\" \/>\n<meta property=\"og:type\" content=\"article\" \/>\n<meta property=\"og:title\" content=\"iPad Pro 2020: Das sagen Kritiker\" \/>\n<meta property=\"og:description\" content=\"Apple hat Anfang letzter Woche neue iPad Pro Modelle vorgestellt. Nun wurden die ersten Bewertungen ver\u00f6ffentlicht.\" \/>\n<meta property=\"og:url\" content=\"https:\/\/www.apfelpatient.de\/en\/news\/ipad-pro-2020-what-critics-say\" \/>\n<meta property=\"og:site_name\" content=\"Apfelpatient\" \/>\n<meta property=\"article:publisher\" content=\"https:\/\/www.facebook.com\/apfelpatientOfficial\" \/>\n<meta property=\"article:author\" content=\"https:\/\/www.facebook.com\/apfelpatientOfficial\" \/>\n<meta property=\"article:published_time\" content=\"2020-03-24T18:25:10+00:00\" \/>\n<meta property=\"og:image\" content=\"https:\/\/www.apfelpatient.de\/wp-content\/uploads\/2020\/03\/Apple_new-ipad-pro-apple-pencil-pro-display_03182020.jpg\" \/>\n\t<meta property=\"og:image:width\" content=\"1960\" \/>\n\t<meta property=\"og:image:height\" content=\"1540\" \/>\n\t<meta property=\"og:image:type\" content=\"image\/jpeg\" \/>\n<meta name=\"author\" content=\"Milan\" \/>\n<meta name=\"twitter:card\" content=\"summary_large_image\" \/>\n<meta name=\"twitter:description\" content=\"Apple hat Anfang letzter Woche neue iPad Pro Modelle vorgestellt. Nun wurden die ersten Bewertungen ver\u00f6ffentlicht.\" \/>\n<meta name=\"twitter:label1\" content=\"Written by\" \/>\n\t<meta name=\"twitter:data1\" content=\"Milan\" \/>\n\t<meta name=\"twitter:label2\" content=\"Est. reading time\" \/>\n\t<meta name=\"twitter:data2\" content=\"2 minutes\" \/>\n<script type=\"application\/ld+json\" class=\"yoast-schema-graph\">{\"@context\":\"https:\\\/\\\/schema.org\",\"@graph\":[{\"@type\":\"NewsArticle\",\"@id\":\"https:\\\/\\\/www.apfelpatient.de\\\/news\\\/ipad-pro-2020-das-sagen-kritiker#article\",\"isPartOf\":{\"@id\":\"https:\\\/\\\/www.apfelpatient.de\\\/news\\\/ipad-pro-2020-das-sagen-kritiker\"},\"author\":{\"@type\":\"Organization\",\"@id\":\"https:\\\/\\\/www.apfelpatient.de\\\/en\\\/#organization\",\"name\":\"Apfelpatient\",\"url\":\"https:\\\/\\\/www.apfelpatient.de\\\/en\\\/\"},\"headline\":\"iPad Pro 2020: Das sagen Kritiker\",\"datePublished\":\"2020-03-24T18:25:10+00:00\",\"mainEntityOfPage\":{\"@id\":\"https:\\\/\\\/www.apfelpatient.de\\\/news\\\/ipad-pro-2020-das-sagen-kritiker\"},\"wordCount\":385,\"publisher\":{\"@type\":\"Organization\",\"@id\":\"https:\\\/\\\/www.apfelpatient.de\\\/en\\\/#organization\",\"name\":\"Apfelpatient\",\"url\":\"https:\\\/\\\/www.apfelpatient.de\\\/en\\\/\"},\"image\":{\"@id\":\"https:\\\/\\\/www.apfelpatient.de\\\/news\\\/ipad-pro-2020-das-sagen-kritiker#primaryimage\"},\"thumbnailUrl\":\"https:\\\/\\\/www.apfelpatient.de\\\/wp-content\\\/uploads\\\/2020\\\/03\\\/Apple_new-ipad-pro-apple-pencil-pro-display_03182020.jpg\",\"keywords\":[\"iPad\",\"iPad Pro 2020\"],\"articleSection\":\"News\",\"inLanguage\":\"en-US\",\"copyrightYear\":\"2020\",\"copyrightHolder\":{\"@id\":\"https:\\\/\\\/www.apfelpatient.de\\\/en\\\/#organization\"}},{\"@type\":\"WebPage\",\"@id\":\"https:\\\/\\\/www.apfelpatient.de\\\/news\\\/ipad-pro-2020-das-sagen-kritiker\",\"url\":\"https:\\\/\\\/www.apfelpatient.de\\\/news\\\/ipad-pro-2020-das-sagen-kritiker\",\"name\":\"iPad Pro 2020: Das sagen Kritiker Apfelpatient\",\"isPartOf\":{\"@id\":\"https:\\\/\\\/www.apfelpatient.de\\\/#website\"},\"primaryImageOfPage\":{\"@id\":\"https:\\\/\\\/www.apfelpatient.de\\\/news\\\/ipad-pro-2020-das-sagen-kritiker#primaryimage\"},\"image\":{\"@id\":\"https:\\\/\\\/www.apfelpatient.de\\\/news\\\/ipad-pro-2020-das-sagen-kritiker#primaryimage\"},\"thumbnailUrl\":\"https:\\\/\\\/www.apfelpatient.de\\\/wp-content\\\/uploads\\\/2020\\\/03\\\/Apple_new-ipad-pro-apple-pencil-pro-display_03182020.jpg\",\"datePublished\":\"2020-03-24T18:25:10+00:00\",\"description\":\"Apple hat Anfang letzter Woche neue iPad Pro Modelle vorgestellt. Nun wurden die ersten Bewertungen ver\u00f6ffentlicht.\",\"breadcrumb\":{\"@id\":\"https:\\\/\\\/www.apfelpatient.de\\\/news\\\/ipad-pro-2020-das-sagen-kritiker#breadcrumb\"},\"inLanguage\":\"en-US\",\"potentialAction\":[{\"@type\":\"ReadAction\",\"target\":[\"https:\\\/\\\/www.apfelpatient.de\\\/news\\\/ipad-pro-2020-das-sagen-kritiker\"]}]},{\"@type\":\"ImageObject\",\"inLanguage\":\"en-US\",\"@id\":\"https:\\\/\\\/www.apfelpatient.de\\\/news\\\/ipad-pro-2020-das-sagen-kritiker#primaryimage\",\"url\":\"https:\\\/\\\/www.apfelpatient.de\\\/wp-content\\\/uploads\\\/2020\\\/03\\\/Apple_new-ipad-pro-apple-pencil-pro-display_03182020.jpg\",\"contentUrl\":\"https:\\\/\\\/www.apfelpatient.de\\\/wp-content\\\/uploads\\\/2020\\\/03\\\/Apple_new-ipad-pro-apple-pencil-pro-display_03182020.jpg\",\"width\":1960,\"height\":1540,\"caption\":\"Bild: Apple\"},{\"@type\":\"BreadcrumbList\",\"@id\":\"https:\\\/\\\/www.apfelpatient.de\\\/news\\\/ipad-pro-2020-das-sagen-kritiker#breadcrumb\",\"itemListElement\":[{\"@type\":\"ListItem\",\"position\":1,\"name\":\"Startseite\",\"item\":\"https:\\\/\\\/www.apfelpatient.de\\\/\"},{\"@type\":\"ListItem\",\"position\":2,\"name\":\"iPad Pro 2020: Das sagen Kritiker\"}]},{\"@type\":\"WebSite\",\"@id\":\"https:\\\/\\\/www.apfelpatient.de\\\/#website\",\"url\":\"https:\\\/\\\/www.apfelpatient.de\\\/\",\"name\":\"Apfelpatient\",\"description\":\"Alles rund um Apple!\",\"publisher\":{\"@type\":\"Organization\",\"@id\":\"https:\\\/\\\/www.apfelpatient.de\\\/en\\\/#organization\",\"name\":\"Apfelpatient\",\"url\":\"https:\\\/\\\/www.apfelpatient.de\\\/en\\\/\"},\"alternateName\":\"Apfelpatient\",\"potentialAction\":[{\"@type\":\"SearchAction\",\"target\":{\"@type\":\"EntryPoint\",\"urlTemplate\":\"https:\\\/\\\/www.apfelpatient.de\\\/?s={search_term_string}\"},\"query-input\":{\"@type\":\"PropertyValueSpecification\",\"valueRequired\":true,\"valueName\":\"search_term_string\"}}],\"inLanguage\":\"en-US\"},{\"@type\":[\"Person\",\"Organization\"],\"@id\":\"https:\\\/\\\/www.apfelpatient.de\\\/#\\\/schema\\\/person\\\/7dc56ad6c8e9824b76d2c08d4c140e13\",\"name\":\"Milan\",\"logo\":{\"@id\":\"https:\\\/\\\/www.apfelpatient.de\\\/#\\\/schema\\\/person\\\/image\\\/\"},\"description\":\"Hallo und herzlich willkommen auf meinem Technik-Blog! Als gro\u00dfer Apple-Fan berichte ich hier \u00fcber alles, was mit Apple zu tun hat: von den neuesten News und spannenden Ger\u00fcchten \u00fcber hilfreiche Tipps und Tricks bis hin zu ausf\u00fchrlichen Produkttests. Wenn du genauso technikbegeistert bist wie ich, bist du hier genau richtig!\",\"sameAs\":[\"https:\\\/\\\/www.facebook.com\\\/apfelpatientOfficial\",\"https:\\\/\\\/www.linkedin.com\\\/in\\\/milan-jovicic-42aa0231b\"],\"url\":\"https:\\\/\\\/www.apfelpatient.de\\\/en\\\/author\\\/apfeladmin\"}]}<\/script>\n<!-- \/ Yoast SEO Premium plugin. -->","yoast_head_json":{"title":"iPad Pro 2020: What critics say Apfelpatient","description":"Apple introduced new iPad Pro models at the beginning of last week. The first reviews have now been published.","robots":{"index":"index","follow":"follow","max-snippet":"max-snippet:-1","max-image-preview":"max-image-preview:large","max-video-preview":"max-video-preview:-1"},"canonical":"https:\/\/www.apfelpatient.de\/en\/news\/ipad-pro-2020-what-critics-say","og_locale":"en_US","og_type":"article","og_title":"iPad Pro 2020: Das sagen Kritiker","og_description":"Apple hat Anfang letzter Woche neue iPad Pro Modelle vorgestellt. Nun wurden die ersten Bewertungen ver\u00f6ffentlicht.","og_url":"https:\/\/www.apfelpatient.de\/en\/news\/ipad-pro-2020-what-critics-say","og_site_name":"Apfelpatient","article_publisher":"https:\/\/www.facebook.com\/apfelpatientOfficial","article_author":"https:\/\/www.facebook.com\/apfelpatientOfficial","article_published_time":"2020-03-24T18:25:10+00:00","og_image":[{"width":1960,"height":1540,"url":"https:\/\/www.apfelpatient.de\/wp-content\/uploads\/2020\/03\/Apple_new-ipad-pro-apple-pencil-pro-display_03182020.jpg","type":"image\/jpeg"}],"author":"Milan","twitter_card":"summary_large_image","twitter_description":"Apple hat Anfang letzter Woche neue iPad Pro Modelle vorgestellt. Nun wurden die ersten Bewertungen ver\u00f6ffentlicht.","twitter_misc":{"Written by":"Milan","Est. reading time":"2 minutes"},"schema":{"@context":"https:\/\/schema.org","@graph":[{"@type":"NewsArticle","@id":"https:\/\/www.apfelpatient.de\/news\/ipad-pro-2020-das-sagen-kritiker#article","isPartOf":{"@id":"https:\/\/www.apfelpatient.de\/news\/ipad-pro-2020-das-sagen-kritiker"},"author":{"@type":"Organization","@id":"https:\/\/www.apfelpatient.de\/en\/#organization","name":"Apfelpatient","url":"https:\/\/www.apfelpatient.de\/en\/"},"headline":"iPad Pro 2020: Das sagen Kritiker","datePublished":"2020-03-24T18:25:10+00:00","mainEntityOfPage":{"@id":"https:\/\/www.apfelpatient.de\/news\/ipad-pro-2020-das-sagen-kritiker"},"wordCount":385,"publisher":{"@type":"Organization","@id":"https:\/\/www.apfelpatient.de\/en\/#organization","name":"Apfelpatient","url":"https:\/\/www.apfelpatient.de\/en\/"},"image":{"@id":"https:\/\/www.apfelpatient.de\/news\/ipad-pro-2020-das-sagen-kritiker#primaryimage"},"thumbnailUrl":"https:\/\/www.apfelpatient.de\/wp-content\/uploads\/2020\/03\/Apple_new-ipad-pro-apple-pencil-pro-display_03182020.jpg","keywords":["iPad","iPad Pro 2020"],"articleSection":"News","inLanguage":"en-US","copyrightYear":"2020","copyrightHolder":{"@id":"https:\/\/www.apfelpatient.de\/en\/#organization"}},{"@type":"WebPage","@id":"https:\/\/www.apfelpatient.de\/news\/ipad-pro-2020-das-sagen-kritiker","url":"https:\/\/www.apfelpatient.de\/news\/ipad-pro-2020-das-sagen-kritiker","name":"iPad Pro 2020: What critics say Apfelpatient","isPartOf":{"@id":"https:\/\/www.apfelpatient.de\/#website"},"primaryImageOfPage":{"@id":"https:\/\/www.apfelpatient.de\/news\/ipad-pro-2020-das-sagen-kritiker#primaryimage"},"image":{"@id":"https:\/\/www.apfelpatient.de\/news\/ipad-pro-2020-das-sagen-kritiker#primaryimage"},"thumbnailUrl":"https:\/\/www.apfelpatient.de\/wp-content\/uploads\/2020\/03\/Apple_new-ipad-pro-apple-pencil-pro-display_03182020.jpg","datePublished":"2020-03-24T18:25:10+00:00","description":"Apple introduced new iPad Pro models at the beginning of last week. The first reviews have now been published.","breadcrumb":{"@id":"https:\/\/www.apfelpatient.de\/news\/ipad-pro-2020-das-sagen-kritiker#breadcrumb"},"inLanguage":"en-US","potentialAction":[{"@type":"ReadAction","target":["https:\/\/www.apfelpatient.de\/news\/ipad-pro-2020-das-sagen-kritiker"]}]},{"@type":"ImageObject","inLanguage":"en-US","@id":"https:\/\/www.apfelpatient.de\/news\/ipad-pro-2020-das-sagen-kritiker#primaryimage","url":"https:\/\/www.apfelpatient.de\/wp-content\/uploads\/2020\/03\/Apple_new-ipad-pro-apple-pencil-pro-display_03182020.jpg","contentUrl":"https:\/\/www.apfelpatient.de\/wp-content\/uploads\/2020\/03\/Apple_new-ipad-pro-apple-pencil-pro-display_03182020.jpg","width":1960,"height":1540,"caption":"Bild: Apple"},{"@type":"BreadcrumbList","@id":"https:\/\/www.apfelpatient.de\/news\/ipad-pro-2020-das-sagen-kritiker#breadcrumb","itemListElement":[{"@type":"ListItem","position":1,"name":"Startseite","item":"https:\/\/www.apfelpatient.de\/"},{"@type":"ListItem","position":2,"name":"iPad Pro 2020: Das sagen Kritiker"}]},{"@type":"WebSite","@id":"https:\/\/www.apfelpatient.de\/#website","url":"https:\/\/www.apfelpatient.de\/","name":"apple patient","description":"Everything about Apple!","publisher":{"@type":"Organization","@id":"https:\/\/www.apfelpatient.de\/en\/#organization","name":"Apfelpatient","url":"https:\/\/www.apfelpatient.de\/en\/"},"alternateName":"Apfelpatient","potentialAction":[{"@type":"SearchAction","target":{"@type":"EntryPoint","urlTemplate":"https:\/\/www.apfelpatient.de\/?s={search_term_string}"},"query-input":{"@type":"PropertyValueSpecification","valueRequired":true,"valueName":"search_term_string"}}],"inLanguage":"en-US"},{"@type":["Person","Organization"],"@id":"https:\/\/www.apfelpatient.de\/#\/schema\/person\/7dc56ad6c8e9824b76d2c08d4c140e13","name":"Milan","logo":{"@id":"https:\/\/www.apfelpatient.de\/#\/schema\/person\/image\/"},"description":"Hello and welcome to my technology blog! As a big Apple fan, I report on everything to do with Apple: from the latest news and exciting rumors to helpful tips and tricks and detailed product tests. If you are as enthusiastic about technology as I am, you have come to the right place!","sameAs":["https:\/\/www.facebook.com\/apfelpatientOfficial","https:\/\/www.linkedin.com\/in\/milan-jovicic-42aa0231b"],"url":"https:\/\/www.apfelpatient.de\/en\/author\/apfeladmin"}]}},"_links":{"self":[{"href":"https:\/\/www.apfelpatient.de\/en\/wp-json\/wp\/v2\/posts\/11118","targetHints":{"allow":["GET"]}}],"collection":[{"href":"https:\/\/www.apfelpatient.de\/en\/wp-json\/wp\/v2\/posts"}],"about":[{"href":"https:\/\/www.apfelpatient.de\/en\/wp-json\/wp\/v2\/types\/post"}],"author":[{"embeddable":true,"href":"https:\/\/www.apfelpatient.de\/en\/wp-json\/wp\/v2\/users\/2"}],"replies":[{"embeddable":true,"href":"https:\/\/www.apfelpatient.de\/en\/wp-json\/wp\/v2\/comments?post=11118"}],"version-history":[{"count":0,"href":"https:\/\/www.apfelpatient.de\/en\/wp-json\/wp\/v2\/posts\/11118\/revisions"}],"wp:featuredmedia":[{"embeddable":true,"href":"https:\/\/www.apfelpatient.de\/en\/wp-json\/wp\/v2\/media\/10939"}],"wp:attachment":[{"href":"https:\/\/www.apfelpatient.de\/en\/wp-json\/wp\/v2\/media?parent=11118"}],"wp:term":[{"taxonomy":"category","embeddable":true,"href":"https:\/\/www.apfelpatient.de\/en\/wp-json\/wp\/v2\/categories?post=11118"},{"taxonomy":"post_tag","embeddable":true,"href":"https:\/\/www.apfelpatient.de\/en\/wp-json\/wp\/v2\/tags?post=11118"}],"curies":[{"name":"wp","href":"https:\/\/api.w.org\/{rel}","templated":true}]}}