{"id":11021,"date":"2020-03-20T18:05:13","date_gmt":"2020-03-20T17:05:13","guid":{"rendered":"https:\/\/www.apfelpatient.de\/?p=11021"},"modified":"2020-03-20T18:05:13","modified_gmt":"2020-03-20T17:05:13","slug":"macbook-air-2020-what-critics-say","status":"publish","type":"post","link":"https:\/\/www.apfelpatient.de\/en\/news\/macbook-air-2020-das-sagen-kritiker","title":{"rendered":"MacBook Air 2020: What critics say"},"content":{"rendered":"<p class=\"has-drop-cap\"><strong>Apple launched new iPad Pro and MacBook Air models earlier this week <a href=\"https:\/\/www.apfelpatient.de\/en\/news\/apple-updates-macbook-air-and-mac-mini\">presented<\/a>The first reviews from major media companies are now available.&nbsp;<\/strong><\/p>\n\n\n\n<p>The MacBook Air 2020 is equipped with Intel&#039;s latest 10th generation Core processors, including a quad-core Core i7 that is up to 1.2 GHz faster with Turbo Boost speeds of up to 3.8 GHz, resulting in up to twice the performance of the previous generation. Intel&#039;s Iris Plus graphics card provides up to 80 percent faster graphics performance. The new MacBook Air starts at 1,119.00 euros and can cost up to 2,579.00 euros depending on the equipment. In addition to the performance increase, the keyboard has also been fundamentally redesigned. From now on, the small notebook is also available with Apple&#039;s latest Magic Keyboard, based on scissor technology. But what does the press say about it? <a href=\"https:\/\/www.engadget.com\/2020\/03\/20\/apple-macbook-air-2020-first-look-keyboard-true-tone-display\/\">Engadget<\/a> Journalist Dana Wollman:<\/p>\n\n\n\n<blockquote class=\"wp-block-quote is-layout-flow wp-block-quote-is-layout-flow\"><p>I love this keyboard. I won&#039;t go back to my company-issued MacBook Pro unless I need to use the VPN. Just know that the slight trade-off to this new and improved typing experience is that it&#039;s a bit noisy. It&#039;s not a problem when I&#039;m working alone in my apartment, but if I were in an office or co-working space, I might feel a little unsafe.<\/p><\/blockquote>\n\n\n\n<p><a href=\"https:\/\/sixcolors.com\/post\/2020\/03\/2020-macbook-air-review\/\">SixColors<\/a> Journalist Jason Snell notes that Apple should have introduced the starting price of $999 two years ago, so that offering more powerful configuration options would be a viable choice for everyone.<\/p>\n\n\n\n<blockquote class=\"wp-block-quote is-layout-flow wp-block-quote-is-layout-flow\"><p>This 2020 MacBook Air finally sets the bar in the right place: $999. For that price, you only get a dual-core i3 processor, but you get 256GB of storage, which is double what you got with the old $1099 MacBook Air. (You can also upgrade to 512GB for $200, 1TB for $400, and 2TB for $800). I wish Apple had matched that price two years ago, but I&#039;m glad it&#039;s here today. At $999 (and $899 for education), this Air is much easier to recommend to budget-conscious Mac laptop buyers. Thankfully, if you were hoping for more power than a dual-core i3, Apple has options for you too.<\/p><\/blockquote>\n\n\n\n<p>While Snell highlights the performance, Todd Haselton of <a href=\"https:\/\/www.cnbc.com\/2020\/03\/19\/apple-macbook-air-review-2020-the-keyboard-is-fixed.html?__source=sharebar|twitter&amp;par=sharebar\">CNBC<\/a> the new MacBook Air keyboard and display. He writes:<\/p>\n\n\n\n\n\n\n\n<blockquote class=\"wp-block-quote is-layout-flow wp-block-quote-is-layout-flow\"><p>Many people have asked me over the past few months whether they should &quot;buy the MacBook Air or wait.&quot; And I&#039;ve always said, &quot;Just wait.&quot; The old model was in dire need of a new keyboard. Now it&#039;s finally here. That means people who have the 2018 MacBook Air, or even the 2019 model with the older keyboard, should seriously consider getting the new keyboard. The processor upgrade alone is worth it, and then there&#039;s the new 256GB entry-level storage and a keyboard you can actually type on. With the good speakers, solid display, and lightweight design, you&#039;ve got the complete package.<\/p><\/blockquote>\n\n\n\n<p>Also <a href=\"https:\/\/techcrunch.com\/2020\/03\/20\/apple-macbook-air-review\/?guccounter=1\">TechCrunch<\/a> has a clear message \u2013 buy the i5 processor version. Brian Heater writes:<\/p>\n\n\n\n<blockquote class=\"wp-block-quote is-layout-flow wp-block-quote-is-layout-flow\"><p>But even for casual users, I&#039;d recommend spending an extra $100 to upgrade to an i5. The system scored 5244 and 14672 on Geekbench 4&#039;s single- and multi-core tests, respectively, representing a significant upgrade over the last model we tested in 2018.<\/p><\/blockquote>\n\n\n\n<p>On the whole, the first reviews are very positive. However, things could get tricky when it comes to the battery. The MacBook Air is not supposed to offer the battery life that Apple promised. But the bottom line is that it is a clear recommendation to buy. Have you pre-ordered the new MacBook Air? Let us know in the comments below.<em> (Image: Apple)<\/em><\/p>\n\n\n\n<ul class=\"wp-block-list\"><li><a href=\"https:\/\/www.apfelpatient.de\/en\/rumors\/ipad-pro-2020-further-update-planned-for-end-of-2020\">iPad Pro 2020: Another update planned for late 2020<\/a><\/li><\/ul>","protected":false},"excerpt":{"rendered":"<p>Apple introduced new iPad Pro and MacBook Air models earlier this week. The first reviews from major media houses are now available. <\/p>","protected":false},"author":2,"featured_media":11022,"comment_status":"closed","ping_status":"closed","sticky":false,"template":"","format":"standard","meta":{"jnews-multi-image_gallery":[],"jnews_single_post":{"subtitle":"","format":"standard","video":"","gallery":"","source_name":"","source_url":"","via_name":"","via_url":"","override":[{"single_blog_custom":"","sidebar":"","second_sidebar":"","share_position":"","share_float_style":"","post_date_format":"","post_date_format_custom":"","post_reading_time_wpm":"","zoom_button_out_step":"1","zoom_button_in_step":"1","number_popup_post":"1"}],"image_override":[{"single_post_thumbnail_size":"","single_post_gallery_size":""}],"trending_post_position":"","trending_post_label":""},"jnews_primary_category":{"id":"265"},"footnotes":""},"categories":[9],"tags":[40,41],"class_list":["post-11021","post","type-post","status-publish","format-standard","has-post-thumbnail","hentry","category-news","tag-mac","tag-macbook-air"],"yoast_head":"<!-- This site is optimized with the Yoast SEO Premium plugin v27.5 (Yoast SEO v27.5) - https:\/\/yoast.com\/product\/yoast-seo-premium-wordpress\/ -->\n<title>MacBook Air 2020: Das sagen Kritiker Apfelpatient<\/title>\n<meta name=\"description\" content=\"Apple hat Anfang der Woche neue iPad Pro und MacBook Air Modelle vorgestellt. Nun sind die ersten Bewertungen der gro\u00dfen Medienh\u00e4user verf\u00fcgbar.\" \/>\n<meta name=\"robots\" content=\"index, follow, max-snippet:-1, max-image-preview:large, max-video-preview:-1\" \/>\n<link rel=\"canonical\" href=\"https:\/\/www.apfelpatient.de\/en\/news\/macbook-air-2020-what-critics-say\" \/>\n<meta property=\"og:locale\" content=\"en_US\" \/>\n<meta property=\"og:type\" content=\"article\" \/>\n<meta property=\"og:title\" content=\"MacBook Air 2020: Das sagen Kritiker\" \/>\n<meta property=\"og:description\" content=\"Apple hat Anfang der Woche neue iPad Pro und MacBook Air Modelle vorgestellt. Nun sind die ersten Bewertungen der gro\u00dfen Medienh\u00e4user verf\u00fcgbar.\" \/>\n<meta property=\"og:url\" content=\"https:\/\/www.apfelpatient.de\/en\/news\/macbook-air-2020-what-critics-say\" \/>\n<meta property=\"og:site_name\" content=\"Apfelpatient\" \/>\n<meta property=\"article:publisher\" content=\"https:\/\/www.facebook.com\/apfelpatientOfficial\" \/>\n<meta property=\"article:author\" content=\"https:\/\/www.facebook.com\/apfelpatientOfficial\" \/>\n<meta property=\"article:published_time\" content=\"2020-03-20T17:05:13+00:00\" \/>\n<meta property=\"og:image\" content=\"https:\/\/www.apfelpatient.de\/wp-content\/uploads\/2020\/03\/Apple_new-macbook-air-performance_03182020-1.jpg\" \/>\n\t<meta property=\"og:image:width\" content=\"1306\" \/>\n\t<meta property=\"og:image:height\" content=\"916\" \/>\n\t<meta property=\"og:image:type\" content=\"image\/jpeg\" \/>\n<meta name=\"author\" content=\"Milan\" \/>\n<meta name=\"twitter:card\" content=\"summary_large_image\" \/>\n<meta name=\"twitter:description\" content=\"Apple hat Anfang der Woche neue iPad Pro und MacBook Air Modelle vorgestellt. Nun sind die ersten Bewertungen der gro\u00dfen Medienh\u00e4user verf\u00fcgbar.\" \/>\n<meta name=\"twitter:label1\" content=\"Written by\" \/>\n\t<meta name=\"twitter:data1\" content=\"Milan\" \/>\n\t<meta name=\"twitter:label2\" content=\"Est. reading time\" \/>\n\t<meta name=\"twitter:data2\" content=\"3 minutes\" \/>\n<script type=\"application\/ld+json\" class=\"yoast-schema-graph\">{\"@context\":\"https:\\\/\\\/schema.org\",\"@graph\":[{\"@type\":\"NewsArticle\",\"@id\":\"https:\\\/\\\/www.apfelpatient.de\\\/en\\\/news\\\/macbook-air-2020-das-sagen-kritiker#article\",\"isPartOf\":{\"@id\":\"https:\\\/\\\/www.apfelpatient.de\\\/en\\\/news\\\/macbook-air-2020-das-sagen-kritiker\"},\"author\":{\"@type\":\"Organization\",\"@id\":\"https:\\\/\\\/www.apfelpatient.de\\\/en\\\/#organization\",\"name\":\"Apfelpatient\",\"url\":\"https:\\\/\\\/www.apfelpatient.de\\\/en\\\/\"},\"headline\":\"MacBook Air 2020: Das sagen Kritiker\",\"datePublished\":\"2020-03-20T17:05:13+00:00\",\"mainEntityOfPage\":{\"@id\":\"https:\\\/\\\/www.apfelpatient.de\\\/en\\\/news\\\/macbook-air-2020-das-sagen-kritiker\"},\"wordCount\":640,\"publisher\":{\"@type\":\"Organization\",\"@id\":\"https:\\\/\\\/www.apfelpatient.de\\\/en\\\/#organization\",\"name\":\"Apfelpatient\",\"url\":\"https:\\\/\\\/www.apfelpatient.de\\\/en\\\/\"},\"image\":{\"@id\":\"https:\\\/\\\/www.apfelpatient.de\\\/en\\\/news\\\/macbook-air-2020-das-sagen-kritiker#primaryimage\"},\"thumbnailUrl\":\"https:\\\/\\\/www.apfelpatient.de\\\/wp-content\\\/uploads\\\/2020\\\/03\\\/Apple_new-macbook-air-performance_03182020-1.jpg\",\"keywords\":[\"Mac\",\"MacBook Air\"],\"articleSection\":\"News\",\"inLanguage\":\"en-US\",\"copyrightYear\":\"2020\",\"copyrightHolder\":{\"@id\":\"https:\\\/\\\/www.apfelpatient.de\\\/en\\\/#organization\"}},{\"@type\":\"WebPage\",\"@id\":\"https:\\\/\\\/www.apfelpatient.de\\\/en\\\/news\\\/macbook-air-2020-das-sagen-kritiker\",\"url\":\"https:\\\/\\\/www.apfelpatient.de\\\/en\\\/news\\\/macbook-air-2020-das-sagen-kritiker\",\"name\":\"MacBook Air 2020: Das sagen Kritiker Apfelpatient\",\"isPartOf\":{\"@id\":\"https:\\\/\\\/www.apfelpatient.de\\\/#website\"},\"primaryImageOfPage\":{\"@id\":\"https:\\\/\\\/www.apfelpatient.de\\\/en\\\/news\\\/macbook-air-2020-das-sagen-kritiker#primaryimage\"},\"image\":{\"@id\":\"https:\\\/\\\/www.apfelpatient.de\\\/en\\\/news\\\/macbook-air-2020-das-sagen-kritiker#primaryimage\"},\"thumbnailUrl\":\"https:\\\/\\\/www.apfelpatient.de\\\/wp-content\\\/uploads\\\/2020\\\/03\\\/Apple_new-macbook-air-performance_03182020-1.jpg\",\"datePublished\":\"2020-03-20T17:05:13+00:00\",\"description\":\"Apple hat Anfang der Woche neue iPad Pro und MacBook Air Modelle vorgestellt. Nun sind die ersten Bewertungen der gro\u00dfen Medienh\u00e4user verf\u00fcgbar.\",\"breadcrumb\":{\"@id\":\"https:\\\/\\\/www.apfelpatient.de\\\/en\\\/news\\\/macbook-air-2020-das-sagen-kritiker#breadcrumb\"},\"inLanguage\":\"en-US\",\"potentialAction\":[{\"@type\":\"ReadAction\",\"target\":[\"https:\\\/\\\/www.apfelpatient.de\\\/en\\\/news\\\/macbook-air-2020-das-sagen-kritiker\"]}]},{\"@type\":\"ImageObject\",\"inLanguage\":\"en-US\",\"@id\":\"https:\\\/\\\/www.apfelpatient.de\\\/en\\\/news\\\/macbook-air-2020-das-sagen-kritiker#primaryimage\",\"url\":\"https:\\\/\\\/www.apfelpatient.de\\\/wp-content\\\/uploads\\\/2020\\\/03\\\/Apple_new-macbook-air-performance_03182020-1.jpg\",\"contentUrl\":\"https:\\\/\\\/www.apfelpatient.de\\\/wp-content\\\/uploads\\\/2020\\\/03\\\/Apple_new-macbook-air-performance_03182020-1.jpg\",\"width\":1306,\"height\":916,\"caption\":\"Bild: Apple\"},{\"@type\":\"BreadcrumbList\",\"@id\":\"https:\\\/\\\/www.apfelpatient.de\\\/en\\\/news\\\/macbook-air-2020-das-sagen-kritiker#breadcrumb\",\"itemListElement\":[{\"@type\":\"ListItem\",\"position\":1,\"name\":\"Startseite\",\"item\":\"https:\\\/\\\/www.apfelpatient.de\\\/\"},{\"@type\":\"ListItem\",\"position\":2,\"name\":\"MacBook Air 2020: Das sagen Kritiker\"}]},{\"@type\":\"WebSite\",\"@id\":\"https:\\\/\\\/www.apfelpatient.de\\\/#website\",\"url\":\"https:\\\/\\\/www.apfelpatient.de\\\/\",\"name\":\"Apfelpatient\",\"description\":\"Alles rund um Apple!\",\"publisher\":{\"@type\":\"Organization\",\"@id\":\"https:\\\/\\\/www.apfelpatient.de\\\/en\\\/#organization\",\"name\":\"Apfelpatient\",\"url\":\"https:\\\/\\\/www.apfelpatient.de\\\/en\\\/\"},\"alternateName\":\"Apfelpatient\",\"potentialAction\":[{\"@type\":\"SearchAction\",\"target\":{\"@type\":\"EntryPoint\",\"urlTemplate\":\"https:\\\/\\\/www.apfelpatient.de\\\/?s={search_term_string}\"},\"query-input\":{\"@type\":\"PropertyValueSpecification\",\"valueRequired\":true,\"valueName\":\"search_term_string\"}}],\"inLanguage\":\"en-US\"},{\"@type\":[\"Person\",\"Organization\"],\"@id\":\"https:\\\/\\\/www.apfelpatient.de\\\/#\\\/schema\\\/person\\\/7dc56ad6c8e9824b76d2c08d4c140e13\",\"name\":\"Milan\",\"logo\":{\"@id\":\"https:\\\/\\\/www.apfelpatient.de\\\/#\\\/schema\\\/person\\\/image\\\/\"},\"description\":\"Hallo und herzlich willkommen auf meinem Technik-Blog! Als gro\u00dfer Apple-Fan berichte ich hier \u00fcber alles, was mit Apple zu tun hat: von den neuesten News und spannenden Ger\u00fcchten \u00fcber hilfreiche Tipps und Tricks bis hin zu ausf\u00fchrlichen Produkttests. Wenn du genauso technikbegeistert bist wie ich, bist du hier genau richtig!\",\"sameAs\":[\"https:\\\/\\\/www.facebook.com\\\/apfelpatientOfficial\",\"https:\\\/\\\/www.linkedin.com\\\/in\\\/milan-jovicic-42aa0231b\"],\"url\":\"https:\\\/\\\/www.apfelpatient.de\\\/en\\\/author\\\/apfeladmin\"}]}<\/script>\n<!-- \/ Yoast SEO Premium plugin. -->","yoast_head_json":{"title":"MacBook Air 2020: What critics say Apfelpatient","description":"Apple introduced new iPad Pro and MacBook Air models earlier this week. The first reviews from major media houses are now available.","robots":{"index":"index","follow":"follow","max-snippet":"max-snippet:-1","max-image-preview":"max-image-preview:large","max-video-preview":"max-video-preview:-1"},"canonical":"https:\/\/www.apfelpatient.de\/en\/news\/macbook-air-2020-what-critics-say","og_locale":"en_US","og_type":"article","og_title":"MacBook Air 2020: Das sagen Kritiker","og_description":"Apple hat Anfang der Woche neue iPad Pro und MacBook Air Modelle vorgestellt. Nun sind die ersten Bewertungen der gro\u00dfen Medienh\u00e4user verf\u00fcgbar.","og_url":"https:\/\/www.apfelpatient.de\/en\/news\/macbook-air-2020-what-critics-say","og_site_name":"Apfelpatient","article_publisher":"https:\/\/www.facebook.com\/apfelpatientOfficial","article_author":"https:\/\/www.facebook.com\/apfelpatientOfficial","article_published_time":"2020-03-20T17:05:13+00:00","og_image":[{"width":1306,"height":916,"url":"https:\/\/www.apfelpatient.de\/wp-content\/uploads\/2020\/03\/Apple_new-macbook-air-performance_03182020-1.jpg","type":"image\/jpeg"}],"author":"Milan","twitter_card":"summary_large_image","twitter_description":"Apple hat Anfang der Woche neue iPad Pro und MacBook Air Modelle vorgestellt. Nun sind die ersten Bewertungen der gro\u00dfen Medienh\u00e4user verf\u00fcgbar.","twitter_misc":{"Written by":"Milan","Est. reading time":"3 minutes"},"schema":{"@context":"https:\/\/schema.org","@graph":[{"@type":"NewsArticle","@id":"https:\/\/www.apfelpatient.de\/en\/news\/macbook-air-2020-das-sagen-kritiker#article","isPartOf":{"@id":"https:\/\/www.apfelpatient.de\/en\/news\/macbook-air-2020-das-sagen-kritiker"},"author":{"@type":"Organization","@id":"https:\/\/www.apfelpatient.de\/en\/#organization","name":"Apfelpatient","url":"https:\/\/www.apfelpatient.de\/en\/"},"headline":"MacBook Air 2020: Das sagen Kritiker","datePublished":"2020-03-20T17:05:13+00:00","mainEntityOfPage":{"@id":"https:\/\/www.apfelpatient.de\/en\/news\/macbook-air-2020-das-sagen-kritiker"},"wordCount":640,"publisher":{"@type":"Organization","@id":"https:\/\/www.apfelpatient.de\/en\/#organization","name":"Apfelpatient","url":"https:\/\/www.apfelpatient.de\/en\/"},"image":{"@id":"https:\/\/www.apfelpatient.de\/en\/news\/macbook-air-2020-das-sagen-kritiker#primaryimage"},"thumbnailUrl":"https:\/\/www.apfelpatient.de\/wp-content\/uploads\/2020\/03\/Apple_new-macbook-air-performance_03182020-1.jpg","keywords":["Mac","MacBook Air"],"articleSection":"News","inLanguage":"en-US","copyrightYear":"2020","copyrightHolder":{"@id":"https:\/\/www.apfelpatient.de\/en\/#organization"}},{"@type":"WebPage","@id":"https:\/\/www.apfelpatient.de\/en\/news\/macbook-air-2020-das-sagen-kritiker","url":"https:\/\/www.apfelpatient.de\/en\/news\/macbook-air-2020-das-sagen-kritiker","name":"MacBook Air 2020: What critics say Apfelpatient","isPartOf":{"@id":"https:\/\/www.apfelpatient.de\/#website"},"primaryImageOfPage":{"@id":"https:\/\/www.apfelpatient.de\/en\/news\/macbook-air-2020-das-sagen-kritiker#primaryimage"},"image":{"@id":"https:\/\/www.apfelpatient.de\/en\/news\/macbook-air-2020-das-sagen-kritiker#primaryimage"},"thumbnailUrl":"https:\/\/www.apfelpatient.de\/wp-content\/uploads\/2020\/03\/Apple_new-macbook-air-performance_03182020-1.jpg","datePublished":"2020-03-20T17:05:13+00:00","description":"Apple introduced new iPad Pro and MacBook Air models earlier this week. The first reviews from major media houses are now available.","breadcrumb":{"@id":"https:\/\/www.apfelpatient.de\/en\/news\/macbook-air-2020-das-sagen-kritiker#breadcrumb"},"inLanguage":"en-US","potentialAction":[{"@type":"ReadAction","target":["https:\/\/www.apfelpatient.de\/en\/news\/macbook-air-2020-das-sagen-kritiker"]}]},{"@type":"ImageObject","inLanguage":"en-US","@id":"https:\/\/www.apfelpatient.de\/en\/news\/macbook-air-2020-das-sagen-kritiker#primaryimage","url":"https:\/\/www.apfelpatient.de\/wp-content\/uploads\/2020\/03\/Apple_new-macbook-air-performance_03182020-1.jpg","contentUrl":"https:\/\/www.apfelpatient.de\/wp-content\/uploads\/2020\/03\/Apple_new-macbook-air-performance_03182020-1.jpg","width":1306,"height":916,"caption":"Bild: Apple"},{"@type":"BreadcrumbList","@id":"https:\/\/www.apfelpatient.de\/en\/news\/macbook-air-2020-das-sagen-kritiker#breadcrumb","itemListElement":[{"@type":"ListItem","position":1,"name":"Startseite","item":"https:\/\/www.apfelpatient.de\/"},{"@type":"ListItem","position":2,"name":"MacBook Air 2020: Das sagen Kritiker"}]},{"@type":"WebSite","@id":"https:\/\/www.apfelpatient.de\/#website","url":"https:\/\/www.apfelpatient.de\/","name":"apple patient","description":"Everything about Apple!","publisher":{"@type":"Organization","@id":"https:\/\/www.apfelpatient.de\/en\/#organization","name":"Apfelpatient","url":"https:\/\/www.apfelpatient.de\/en\/"},"alternateName":"Apfelpatient","potentialAction":[{"@type":"SearchAction","target":{"@type":"EntryPoint","urlTemplate":"https:\/\/www.apfelpatient.de\/?s={search_term_string}"},"query-input":{"@type":"PropertyValueSpecification","valueRequired":true,"valueName":"search_term_string"}}],"inLanguage":"en-US"},{"@type":["Person","Organization"],"@id":"https:\/\/www.apfelpatient.de\/#\/schema\/person\/7dc56ad6c8e9824b76d2c08d4c140e13","name":"Milan","logo":{"@id":"https:\/\/www.apfelpatient.de\/#\/schema\/person\/image\/"},"description":"Hello and welcome to my technology blog! As a big Apple fan, I report on everything to do with Apple: from the latest news and exciting rumors to helpful tips and tricks and detailed product tests. If you are as enthusiastic about technology as I am, you have come to the right place!","sameAs":["https:\/\/www.facebook.com\/apfelpatientOfficial","https:\/\/www.linkedin.com\/in\/milan-jovicic-42aa0231b"],"url":"https:\/\/www.apfelpatient.de\/en\/author\/apfeladmin"}]}},"_links":{"self":[{"href":"https:\/\/www.apfelpatient.de\/en\/wp-json\/wp\/v2\/posts\/11021","targetHints":{"allow":["GET"]}}],"collection":[{"href":"https:\/\/www.apfelpatient.de\/en\/wp-json\/wp\/v2\/posts"}],"about":[{"href":"https:\/\/www.apfelpatient.de\/en\/wp-json\/wp\/v2\/types\/post"}],"author":[{"embeddable":true,"href":"https:\/\/www.apfelpatient.de\/en\/wp-json\/wp\/v2\/users\/2"}],"replies":[{"embeddable":true,"href":"https:\/\/www.apfelpatient.de\/en\/wp-json\/wp\/v2\/comments?post=11021"}],"version-history":[{"count":0,"href":"https:\/\/www.apfelpatient.de\/en\/wp-json\/wp\/v2\/posts\/11021\/revisions"}],"wp:featuredmedia":[{"embeddable":true,"href":"https:\/\/www.apfelpatient.de\/en\/wp-json\/wp\/v2\/media\/11022"}],"wp:attachment":[{"href":"https:\/\/www.apfelpatient.de\/en\/wp-json\/wp\/v2\/media?parent=11021"}],"wp:term":[{"taxonomy":"category","embeddable":true,"href":"https:\/\/www.apfelpatient.de\/en\/wp-json\/wp\/v2\/categories?post=11021"},{"taxonomy":"post_tag","embeddable":true,"href":"https:\/\/www.apfelpatient.de\/en\/wp-json\/wp\/v2\/tags?post=11021"}],"curies":[{"name":"wp","href":"https:\/\/api.w.org\/{rel}","templated":true}]}}