{"id":10949,"date":"2020-03-18T14:09:42","date_gmt":"2020-03-18T13:09:42","guid":{"rendered":"https:\/\/www.apfelpatient.de\/?p=10949"},"modified":"2020-03-18T14:09:42","modified_gmt":"2020-03-18T13:09:42","slug":"apple-announces-new-ipad-pro-2020","status":"publish","type":"post","link":"https:\/\/www.apfelpatient.de\/en\/news\/apple-kuendigt-neues-ipad-pro-2020-an","title":{"rendered":"Apple announces new iPad Pro 2020"},"content":{"rendered":"<p class=\"has-drop-cap\"><strong>The rumor mill has already predicted it. Apple has finally introduced the new iPad Pro generation \u2013 the iPad Pro 2020.<\/strong><\/p>\n\n\n\n<p>Apple today announced in a press release the new fourth generation iPad Pro with the brand new LiDAR scanner and trackpad support. In addition to the revised tablet, a new Magic Keyboard with backlight and integrated trackpad in a floating design is also being released. <a href=\"https:\/\/www.apple.com\/newsroom\/2020\/03\/apple-unveils-new-ipad-pro-with-lidar-scanner-and-trackpad-support-in-ipados\/\">press release<\/a>:<\/p>\n\n\n\n<blockquote class=\"wp-block-quote is-layout-flow wp-block-quote-is-layout-flow\"><p>Cupertino, California\u2014Apple today announced its most advanced iPad Pro. With the A12Z Bionic chip, iPad Pro is now faster and more powerful than most Windows PC laptops. The new iPad Pro features an ultra-wide camera, studio-quality microphones and a breakthrough LiDAR scanner that delivers cutting-edge depth sensing capabilities, opens up more professional workflows and supports professional photo and video applications. The LiDAR scanner, along with pro-grade cameras, motion sensors, pro-grade performance, pro-grade audio, the stunning Liquid Retina display and powerful applications, extends iPad Pro&#039;s lead as the world&#039;s best device for augmented reality (AR).<\/p><\/blockquote>\n\n\n\n<h3 class=\"wp-block-heading\">iPadOS 13.4 with trackpad support and Magic Keyboard<\/h3>\n\n\n\n\n\n\n\n<p>Trackpad support has already been hinted at in the past. But now we have certainty. According to this, the iPad will officially receive trackpad support starting with iPadOS 13.4. According to Apple, however, this was not adopted from macOS but was designed from the ground up for the iPad.&nbsp;<\/p>\n\n\n\n<blockquote class=\"wp-block-quote is-layout-flow wp-block-quote-is-layout-flow\"><p>As users move their finger across the trackpad, the pointer elegantly transforms to highlight user interface elements. Multi-touch gestures on the trackpad make it quick and easy to navigate the entire system without the user lifting their hand.<\/p><\/blockquote>\n\n\n\n<p>In addition to the new iPad Pro, a new Magic Keyboard was also introduced. It has a backlit keyboard with an integrated trackpad. The floating design with continuous angle adjustment is the highlight. (Also compatible with iPad Pro 2018)<\/p>\n\n\n\n<figure class=\"wp-block-image size-large\"><img decoding=\"async\" src=\"https:\/\/www.apfelpatient.de\/wp-content\/uploads\/2020\/03\/Apple_new-ipad-pro-keyboard_03182020-1024x946.jpg\" alt=\"Image: Apple\" class=\"wp-image-10946\"\/><figcaption>Image: Apple<\/figcaption><\/figure>\n\n\n\n<h3 class=\"wp-block-heading\">iPad Pro 2020 \u2013 The specifications<\/h3>\n\n\n\n<p>Phil Schiller, Senior Vice President of Worldwide Marketing describes the new iPad as follows:<\/p>\n\n\n\n<blockquote class=\"wp-block-quote is-layout-flow wp-block-quote-is-layout-flow\"><p>The new iPad Pro introduces advanced technologies never before available in mobile computing. Combining the most advanced mobile display with powerful performance, pro cameras, pro audio, the breakthrough LiDAR scanner and the new Magic Keyboard with Trackpad is another big step forward for iPad. There&#039;s no other device in the world like the new iPad Pro and we think our customers will love it.<\/p><\/blockquote>\n\n\n\n<p>Inside the professional tablet is the A12Z Bionic chip, which is designed to handle, among other things, editing 4K videos or creating 3D models. Apple explains:<\/p>\n\n\n\n<blockquote class=\"wp-block-quote is-layout-flow wp-block-quote-is-layout-flow\"><p>The eight-core GPU in the A12Z Bionic, along with an improved thermal architecture and tuned power controllers, gives iPad Pro the highest performance ever in an iPad. Combined with the eight-core CPU and powerful Neural Engine that enables next-generation apps, there is no other chip that delivers the incredible performance found in the thin and light design of iPad Pro.<\/p><\/blockquote>\n\n\n\n<p>In addition to the updated chipset, the new iPad gets five studio-quality microphones. There are no changes to the battery, however; the device still supports up to 10 hours of battery life.<\/p>\n\n\n\n<h3 class=\"wp-block-heading\">iPad Pro 2020 \u2013 The Camera<\/h3>\n\n\n\n<p>But by far the most notable feature is the new camera. The new iPad Pro 2020 has a camera module with a LiDAR scanner. Apple explains the innovation as follows:<\/p>\n\n\n\n<blockquote class=\"wp-block-quote is-layout-flow wp-block-quote-is-layout-flow\"><p>The groundbreaking LiDAR scanner enables features never before possible on a mobile device. The LiDAR scanner measures distance to surrounding objects up to 5 meters away, works both indoors and outdoors, and operates at the photon level at nanosecond speeds. The new depth frames in iPadOS combine the depth points measured by the LiDAR scanner with data from cameras and motion sensors, and on the A12Z Bionic are complemented by computer vision algorithms for a more detailed understanding of a scene.<\/p><\/blockquote>\n\n\n\n<figure class=\"wp-block-image size-large\"><img decoding=\"async\" src=\"https:\/\/www.apfelpatient.de\/wp-content\/uploads\/2020\/03\/Apple_new-iPad-Pro-AR-screen-1_03182020-1024x576.jpg\" alt=\"Image: Apple\" class=\"wp-image-10940\"\/><figcaption>Image: Apple<\/figcaption><\/figure>\n\n\n\n<h3 class=\"wp-block-heading\">Prices and availability<\/h3>\n\n\n\n\n\n\n\n<p>Augmented reality fans can look forward to a completely new AR experience. As expected, the new iPad Pro will be available in two sizes: 11 and 12.9 inches. Both devices are available with 128 GB, 256 GB, 512 GB and 1 TB in space gray or silver. While the 11-inch model is available from 879 euros, the 12.9-inch starts at 1,099 euros. Both devices can be pre-ordered from Apple starting today. Delivery will begin on March 25th.&nbsp;<em>(Image: Apple)<\/em><\/p>\n\n\n\n<ul class=\"wp-block-list\"><li><a href=\"https:\/\/www.apfelpatient.de\/en\/news\/3d-camera-only-planned-for-iphone-12-pro\">3D camera only planned for iPhone 12 Pro<\/a><\/li><\/ul>","protected":false},"excerpt":{"rendered":"<p>The rumor mill has already predicted it. Apple has finally introduced the new iPad Pro generation \u2013 the iPad Pro 2020.<\/p>","protected":false},"author":2,"featured_media":10943,"comment_status":"closed","ping_status":"open","sticky":false,"template":"","format":"standard","meta":{"jnews-multi-image_gallery":[],"jnews_single_post":{"subtitle":"","format":"standard","video":"","gallery":"","source_name":"Pressemitteilung","source_url":"https:\/\/www.apple.com\/newsroom\/2020\/03\/apple-unveils-new-ipad-pro-with-lidar-scanner-and-trackpad-support-in-ipados\/","via_name":"","via_url":"","override":[{"single_blog_custom":"","sidebar":"","second_sidebar":"","share_position":"","share_float_style":"","post_date_format":"","post_date_format_custom":"","post_reading_time_wpm":"","zoom_button_out_step":"1","zoom_button_in_step":"1","number_popup_post":"1"}],"image_override":[{"single_post_thumbnail_size":"","single_post_gallery_size":""}],"trending_post_position":"","trending_post_label":""},"jnews_primary_category":{"id":"265"},"footnotes":""},"categories":[9],"tags":[53,18,307],"class_list":["post-10949","post","type-post","status-publish","format-standard","has-post-thumbnail","hentry","category-news","tag-ios-13-4","tag-ipad","tag-ipad-pro-2020"],"yoast_head":"<!-- This site is optimized with the Yoast SEO Premium plugin v27.5 (Yoast SEO v27.5) - https:\/\/yoast.com\/product\/yoast-seo-premium-wordpress\/ -->\n<title>Apple k\u00fcndigt neues iPad Pro 2020 an Apfelpatient<\/title>\n<meta name=\"description\" content=\"Die Ger\u00fcchtek\u00fcche hat es bereits vorhergesagt. Apple hat nun endlich die neue iPad Pro Generation vorgestellt - das iPad Pro 2020.\" \/>\n<meta name=\"robots\" content=\"index, follow, max-snippet:-1, max-image-preview:large, max-video-preview:-1\" \/>\n<link rel=\"canonical\" href=\"https:\/\/www.apfelpatient.de\/en\/news\/apple-announces-new-ipad-pro-2020\" \/>\n<meta property=\"og:locale\" content=\"en_US\" \/>\n<meta property=\"og:type\" content=\"article\" \/>\n<meta property=\"og:title\" content=\"Apple k\u00fcndigt neues iPad Pro 2020 an\" \/>\n<meta property=\"og:description\" content=\"Die Ger\u00fcchtek\u00fcche hat es bereits vorhergesagt. Apple hat nun endlich die neue iPad Pro Generation vorgestellt - das iPad Pro 2020.\" \/>\n<meta property=\"og:url\" content=\"https:\/\/www.apfelpatient.de\/en\/news\/apple-announces-new-ipad-pro-2020\" \/>\n<meta property=\"og:site_name\" content=\"Apfelpatient\" \/>\n<meta property=\"article:publisher\" content=\"https:\/\/www.facebook.com\/apfelpatientOfficial\" \/>\n<meta property=\"article:author\" content=\"https:\/\/www.facebook.com\/apfelpatientOfficial\" \/>\n<meta property=\"article:published_time\" content=\"2020-03-18T13:09:42+00:00\" \/>\n<meta property=\"og:image\" content=\"https:\/\/www.apfelpatient.de\/wp-content\/uploads\/2020\/03\/Apple_new-iPad-Pro-AR-screen-4_03182020.jpg\" \/>\n\t<meta property=\"og:image:width\" content=\"1960\" \/>\n\t<meta property=\"og:image:height\" content=\"1102\" \/>\n\t<meta property=\"og:image:type\" content=\"image\/jpeg\" \/>\n<meta name=\"author\" content=\"Milan\" \/>\n<meta name=\"twitter:card\" content=\"summary_large_image\" \/>\n<meta name=\"twitter:description\" content=\"Die Ger\u00fcchtek\u00fcche hat es bereits vorhergesagt. Apple hat nun endlich die neue iPad Pro Generation vorgestellt - das iPad Pro 2020.\" \/>\n<meta name=\"twitter:label1\" content=\"Written by\" \/>\n\t<meta name=\"twitter:data1\" content=\"Milan\" \/>\n\t<meta name=\"twitter:label2\" content=\"Est. reading time\" \/>\n\t<meta name=\"twitter:data2\" content=\"4 minutes\" \/>\n<script type=\"application\/ld+json\" class=\"yoast-schema-graph\">{\"@context\":\"https:\\\/\\\/schema.org\",\"@graph\":[{\"@type\":\"NewsArticle\",\"@id\":\"https:\\\/\\\/www.apfelpatient.de\\\/news\\\/apple-kuendigt-neues-ipad-pro-2020-an#article\",\"isPartOf\":{\"@id\":\"https:\\\/\\\/www.apfelpatient.de\\\/news\\\/apple-kuendigt-neues-ipad-pro-2020-an\"},\"author\":{\"@type\":\"Organization\",\"@id\":\"https:\\\/\\\/www.apfelpatient.de\\\/en\\\/#organization\",\"name\":\"Apfelpatient\",\"url\":\"https:\\\/\\\/www.apfelpatient.de\\\/en\\\/\"},\"headline\":\"Apple k\u00fcndigt neues iPad Pro 2020 an\",\"datePublished\":\"2020-03-18T13:09:42+00:00\",\"mainEntityOfPage\":{\"@id\":\"https:\\\/\\\/www.apfelpatient.de\\\/news\\\/apple-kuendigt-neues-ipad-pro-2020-an\"},\"wordCount\":756,\"publisher\":{\"@type\":\"Organization\",\"@id\":\"https:\\\/\\\/www.apfelpatient.de\\\/en\\\/#organization\",\"name\":\"Apfelpatient\",\"url\":\"https:\\\/\\\/www.apfelpatient.de\\\/en\\\/\"},\"image\":{\"@id\":\"https:\\\/\\\/www.apfelpatient.de\\\/news\\\/apple-kuendigt-neues-ipad-pro-2020-an#primaryimage\"},\"thumbnailUrl\":\"https:\\\/\\\/www.apfelpatient.de\\\/wp-content\\\/uploads\\\/2020\\\/03\\\/Apple_new-iPad-Pro-AR-screen-4_03182020.jpg\",\"keywords\":[\"iOS 13.4\",\"iPad\",\"iPad Pro 2020\"],\"articleSection\":\"News\",\"inLanguage\":\"en-US\",\"copyrightYear\":\"2020\",\"copyrightHolder\":{\"@id\":\"https:\\\/\\\/www.apfelpatient.de\\\/en\\\/#organization\"}},{\"@type\":\"WebPage\",\"@id\":\"https:\\\/\\\/www.apfelpatient.de\\\/news\\\/apple-kuendigt-neues-ipad-pro-2020-an\",\"url\":\"https:\\\/\\\/www.apfelpatient.de\\\/news\\\/apple-kuendigt-neues-ipad-pro-2020-an\",\"name\":\"Apple k\u00fcndigt neues iPad Pro 2020 an Apfelpatient\",\"isPartOf\":{\"@id\":\"https:\\\/\\\/www.apfelpatient.de\\\/#website\"},\"primaryImageOfPage\":{\"@id\":\"https:\\\/\\\/www.apfelpatient.de\\\/news\\\/apple-kuendigt-neues-ipad-pro-2020-an#primaryimage\"},\"image\":{\"@id\":\"https:\\\/\\\/www.apfelpatient.de\\\/news\\\/apple-kuendigt-neues-ipad-pro-2020-an#primaryimage\"},\"thumbnailUrl\":\"https:\\\/\\\/www.apfelpatient.de\\\/wp-content\\\/uploads\\\/2020\\\/03\\\/Apple_new-iPad-Pro-AR-screen-4_03182020.jpg\",\"datePublished\":\"2020-03-18T13:09:42+00:00\",\"description\":\"Die Ger\u00fcchtek\u00fcche hat es bereits vorhergesagt. Apple hat nun endlich die neue iPad Pro Generation vorgestellt - das iPad Pro 2020.\",\"breadcrumb\":{\"@id\":\"https:\\\/\\\/www.apfelpatient.de\\\/news\\\/apple-kuendigt-neues-ipad-pro-2020-an#breadcrumb\"},\"inLanguage\":\"en-US\",\"potentialAction\":[{\"@type\":\"ReadAction\",\"target\":[\"https:\\\/\\\/www.apfelpatient.de\\\/news\\\/apple-kuendigt-neues-ipad-pro-2020-an\"]}]},{\"@type\":\"ImageObject\",\"inLanguage\":\"en-US\",\"@id\":\"https:\\\/\\\/www.apfelpatient.de\\\/news\\\/apple-kuendigt-neues-ipad-pro-2020-an#primaryimage\",\"url\":\"https:\\\/\\\/www.apfelpatient.de\\\/wp-content\\\/uploads\\\/2020\\\/03\\\/Apple_new-iPad-Pro-AR-screen-4_03182020.jpg\",\"contentUrl\":\"https:\\\/\\\/www.apfelpatient.de\\\/wp-content\\\/uploads\\\/2020\\\/03\\\/Apple_new-iPad-Pro-AR-screen-4_03182020.jpg\",\"width\":1960,\"height\":1102,\"caption\":\"Bild: Apple\"},{\"@type\":\"BreadcrumbList\",\"@id\":\"https:\\\/\\\/www.apfelpatient.de\\\/news\\\/apple-kuendigt-neues-ipad-pro-2020-an#breadcrumb\",\"itemListElement\":[{\"@type\":\"ListItem\",\"position\":1,\"name\":\"Startseite\",\"item\":\"https:\\\/\\\/www.apfelpatient.de\\\/\"},{\"@type\":\"ListItem\",\"position\":2,\"name\":\"Apple k\u00fcndigt neues iPad Pro 2020 an\"}]},{\"@type\":\"WebSite\",\"@id\":\"https:\\\/\\\/www.apfelpatient.de\\\/#website\",\"url\":\"https:\\\/\\\/www.apfelpatient.de\\\/\",\"name\":\"Apfelpatient\",\"description\":\"Alles rund um Apple!\",\"publisher\":{\"@type\":\"Organization\",\"@id\":\"https:\\\/\\\/www.apfelpatient.de\\\/en\\\/#organization\",\"name\":\"Apfelpatient\",\"url\":\"https:\\\/\\\/www.apfelpatient.de\\\/en\\\/\"},\"alternateName\":\"Apfelpatient\",\"potentialAction\":[{\"@type\":\"SearchAction\",\"target\":{\"@type\":\"EntryPoint\",\"urlTemplate\":\"https:\\\/\\\/www.apfelpatient.de\\\/?s={search_term_string}\"},\"query-input\":{\"@type\":\"PropertyValueSpecification\",\"valueRequired\":true,\"valueName\":\"search_term_string\"}}],\"inLanguage\":\"en-US\"},{\"@type\":[\"Person\",\"Organization\"],\"@id\":\"https:\\\/\\\/www.apfelpatient.de\\\/#\\\/schema\\\/person\\\/7dc56ad6c8e9824b76d2c08d4c140e13\",\"name\":\"Milan\",\"logo\":{\"@id\":\"https:\\\/\\\/www.apfelpatient.de\\\/#\\\/schema\\\/person\\\/image\\\/\"},\"description\":\"Hallo und herzlich willkommen auf meinem Technik-Blog! Als gro\u00dfer Apple-Fan berichte ich hier \u00fcber alles, was mit Apple zu tun hat: von den neuesten News und spannenden Ger\u00fcchten \u00fcber hilfreiche Tipps und Tricks bis hin zu ausf\u00fchrlichen Produkttests. Wenn du genauso technikbegeistert bist wie ich, bist du hier genau richtig!\",\"sameAs\":[\"https:\\\/\\\/www.facebook.com\\\/apfelpatientOfficial\",\"https:\\\/\\\/www.linkedin.com\\\/in\\\/milan-jovicic-42aa0231b\"],\"url\":\"https:\\\/\\\/www.apfelpatient.de\\\/en\\\/author\\\/apfeladmin\"}]}<\/script>\n<!-- \/ Yoast SEO Premium plugin. -->","yoast_head_json":{"title":"Apple announces new iPad Pro 2020 Apfelpatient","description":"The rumor mill has already predicted it. Apple has finally introduced the new iPad Pro generation - the iPad Pro 2020.","robots":{"index":"index","follow":"follow","max-snippet":"max-snippet:-1","max-image-preview":"max-image-preview:large","max-video-preview":"max-video-preview:-1"},"canonical":"https:\/\/www.apfelpatient.de\/en\/news\/apple-announces-new-ipad-pro-2020","og_locale":"en_US","og_type":"article","og_title":"Apple k\u00fcndigt neues iPad Pro 2020 an","og_description":"Die Ger\u00fcchtek\u00fcche hat es bereits vorhergesagt. Apple hat nun endlich die neue iPad Pro Generation vorgestellt - das iPad Pro 2020.","og_url":"https:\/\/www.apfelpatient.de\/en\/news\/apple-announces-new-ipad-pro-2020","og_site_name":"Apfelpatient","article_publisher":"https:\/\/www.facebook.com\/apfelpatientOfficial","article_author":"https:\/\/www.facebook.com\/apfelpatientOfficial","article_published_time":"2020-03-18T13:09:42+00:00","og_image":[{"width":1960,"height":1102,"url":"https:\/\/www.apfelpatient.de\/wp-content\/uploads\/2020\/03\/Apple_new-iPad-Pro-AR-screen-4_03182020.jpg","type":"image\/jpeg"}],"author":"Milan","twitter_card":"summary_large_image","twitter_description":"Die Ger\u00fcchtek\u00fcche hat es bereits vorhergesagt. Apple hat nun endlich die neue iPad Pro Generation vorgestellt - das iPad Pro 2020.","twitter_misc":{"Written by":"Milan","Est. reading time":"4 minutes"},"schema":{"@context":"https:\/\/schema.org","@graph":[{"@type":"NewsArticle","@id":"https:\/\/www.apfelpatient.de\/news\/apple-kuendigt-neues-ipad-pro-2020-an#article","isPartOf":{"@id":"https:\/\/www.apfelpatient.de\/news\/apple-kuendigt-neues-ipad-pro-2020-an"},"author":{"@type":"Organization","@id":"https:\/\/www.apfelpatient.de\/en\/#organization","name":"Apfelpatient","url":"https:\/\/www.apfelpatient.de\/en\/"},"headline":"Apple k\u00fcndigt neues iPad Pro 2020 an","datePublished":"2020-03-18T13:09:42+00:00","mainEntityOfPage":{"@id":"https:\/\/www.apfelpatient.de\/news\/apple-kuendigt-neues-ipad-pro-2020-an"},"wordCount":756,"publisher":{"@type":"Organization","@id":"https:\/\/www.apfelpatient.de\/en\/#organization","name":"Apfelpatient","url":"https:\/\/www.apfelpatient.de\/en\/"},"image":{"@id":"https:\/\/www.apfelpatient.de\/news\/apple-kuendigt-neues-ipad-pro-2020-an#primaryimage"},"thumbnailUrl":"https:\/\/www.apfelpatient.de\/wp-content\/uploads\/2020\/03\/Apple_new-iPad-Pro-AR-screen-4_03182020.jpg","keywords":["iOS 13.4","iPad","iPad Pro 2020"],"articleSection":"News","inLanguage":"en-US","copyrightYear":"2020","copyrightHolder":{"@id":"https:\/\/www.apfelpatient.de\/en\/#organization"}},{"@type":"WebPage","@id":"https:\/\/www.apfelpatient.de\/news\/apple-kuendigt-neues-ipad-pro-2020-an","url":"https:\/\/www.apfelpatient.de\/news\/apple-kuendigt-neues-ipad-pro-2020-an","name":"Apple announces new iPad Pro 2020 Apfelpatient","isPartOf":{"@id":"https:\/\/www.apfelpatient.de\/#website"},"primaryImageOfPage":{"@id":"https:\/\/www.apfelpatient.de\/news\/apple-kuendigt-neues-ipad-pro-2020-an#primaryimage"},"image":{"@id":"https:\/\/www.apfelpatient.de\/news\/apple-kuendigt-neues-ipad-pro-2020-an#primaryimage"},"thumbnailUrl":"https:\/\/www.apfelpatient.de\/wp-content\/uploads\/2020\/03\/Apple_new-iPad-Pro-AR-screen-4_03182020.jpg","datePublished":"2020-03-18T13:09:42+00:00","description":"The rumor mill has already predicted it. Apple has finally introduced the new iPad Pro generation - the iPad Pro 2020.","breadcrumb":{"@id":"https:\/\/www.apfelpatient.de\/news\/apple-kuendigt-neues-ipad-pro-2020-an#breadcrumb"},"inLanguage":"en-US","potentialAction":[{"@type":"ReadAction","target":["https:\/\/www.apfelpatient.de\/news\/apple-kuendigt-neues-ipad-pro-2020-an"]}]},{"@type":"ImageObject","inLanguage":"en-US","@id":"https:\/\/www.apfelpatient.de\/news\/apple-kuendigt-neues-ipad-pro-2020-an#primaryimage","url":"https:\/\/www.apfelpatient.de\/wp-content\/uploads\/2020\/03\/Apple_new-iPad-Pro-AR-screen-4_03182020.jpg","contentUrl":"https:\/\/www.apfelpatient.de\/wp-content\/uploads\/2020\/03\/Apple_new-iPad-Pro-AR-screen-4_03182020.jpg","width":1960,"height":1102,"caption":"Bild: Apple"},{"@type":"BreadcrumbList","@id":"https:\/\/www.apfelpatient.de\/news\/apple-kuendigt-neues-ipad-pro-2020-an#breadcrumb","itemListElement":[{"@type":"ListItem","position":1,"name":"Startseite","item":"https:\/\/www.apfelpatient.de\/"},{"@type":"ListItem","position":2,"name":"Apple k\u00fcndigt neues iPad Pro 2020 an"}]},{"@type":"WebSite","@id":"https:\/\/www.apfelpatient.de\/#website","url":"https:\/\/www.apfelpatient.de\/","name":"apple patient","description":"Everything about Apple!","publisher":{"@type":"Organization","@id":"https:\/\/www.apfelpatient.de\/en\/#organization","name":"Apfelpatient","url":"https:\/\/www.apfelpatient.de\/en\/"},"alternateName":"Apfelpatient","potentialAction":[{"@type":"SearchAction","target":{"@type":"EntryPoint","urlTemplate":"https:\/\/www.apfelpatient.de\/?s={search_term_string}"},"query-input":{"@type":"PropertyValueSpecification","valueRequired":true,"valueName":"search_term_string"}}],"inLanguage":"en-US"},{"@type":["Person","Organization"],"@id":"https:\/\/www.apfelpatient.de\/#\/schema\/person\/7dc56ad6c8e9824b76d2c08d4c140e13","name":"Milan","logo":{"@id":"https:\/\/www.apfelpatient.de\/#\/schema\/person\/image\/"},"description":"Hello and welcome to my technology blog! As a big Apple fan, I report on everything to do with Apple: from the latest news and exciting rumors to helpful tips and tricks and detailed product tests. If you are as enthusiastic about technology as I am, you have come to the right place!","sameAs":["https:\/\/www.facebook.com\/apfelpatientOfficial","https:\/\/www.linkedin.com\/in\/milan-jovicic-42aa0231b"],"url":"https:\/\/www.apfelpatient.de\/en\/author\/apfeladmin"}]}},"_links":{"self":[{"href":"https:\/\/www.apfelpatient.de\/en\/wp-json\/wp\/v2\/posts\/10949","targetHints":{"allow":["GET"]}}],"collection":[{"href":"https:\/\/www.apfelpatient.de\/en\/wp-json\/wp\/v2\/posts"}],"about":[{"href":"https:\/\/www.apfelpatient.de\/en\/wp-json\/wp\/v2\/types\/post"}],"author":[{"embeddable":true,"href":"https:\/\/www.apfelpatient.de\/en\/wp-json\/wp\/v2\/users\/2"}],"replies":[{"embeddable":true,"href":"https:\/\/www.apfelpatient.de\/en\/wp-json\/wp\/v2\/comments?post=10949"}],"version-history":[{"count":0,"href":"https:\/\/www.apfelpatient.de\/en\/wp-json\/wp\/v2\/posts\/10949\/revisions"}],"wp:featuredmedia":[{"embeddable":true,"href":"https:\/\/www.apfelpatient.de\/en\/wp-json\/wp\/v2\/media\/10943"}],"wp:attachment":[{"href":"https:\/\/www.apfelpatient.de\/en\/wp-json\/wp\/v2\/media?parent=10949"}],"wp:term":[{"taxonomy":"category","embeddable":true,"href":"https:\/\/www.apfelpatient.de\/en\/wp-json\/wp\/v2\/categories?post=10949"},{"taxonomy":"post_tag","embeddable":true,"href":"https:\/\/www.apfelpatient.de\/en\/wp-json\/wp\/v2\/tags?post=10949"}],"curies":[{"name":"wp","href":"https:\/\/api.w.org\/{rel}","templated":true}]}}