{"id":10867,"date":"2020-03-16T16:10:55","date_gmt":"2020-03-16T15:10:55","guid":{"rendered":"https:\/\/www.apfelpatient.de\/?p=10867"},"modified":"2020-03-16T16:10:55","modified_gmt":"2020-03-16T15:10:55","slug":"database-unveils-new-ipad","status":"publish","type":"post","link":"https:\/\/www.apfelpatient.de\/en\/news\/datenbank-enthuellt-neues-ipad","title":{"rendered":"Database reveals new iPad"},"content":{"rendered":"<p class=\"has-drop-cap\"><strong>The rumor that Apple will soon release new iPad Pro models is at least as persistent as reports about a new entry-level iPhone.&nbsp;<\/strong><\/p>\n\n\n\n<p>If manufacturers want to bring new devices onto the market, they must first register them with the Eurasian Economic Commission (EEC). This can be done immediately before a presentation or several months in advance. This has now happened. A new iPad with the designation A2229 has been registered with the Eurasian Economic Commission (EEC). iPadOS 13 has been registered as the operating system. However, it cannot be confirmed with certainty whether this is actually the iPad Pro 2020.&nbsp;<\/p>\n\n\n\n<h3 class=\"wp-block-heading\">iPad Pro 2020 with triple camera<\/h3>\n\n\n\n\n\n\n\n<p>According to rumors and leaks, the new iPad Pro will have a triple camera with 3D sensors. This is said to be based on Time-of-Flight technology. A recently discovered <a href=\"https:\/\/www.apfelpatient.de\/en\/news\/iphone-9-and-ipad-pro-2020-specifications-discovered\">iOS 14 leak<\/a> has practically confirmed rumors about the device. Since all reports in the iPad area so far have been about a Pro version, it can be assumed that the model listed today is an iPad Pro. But when could the device be presented? Observers, including us, believe that Apple will announce the new tablet series shortly via a press release. Due to the COVID-19 crisis, there will be no Apple Keynote this month, which is why insiders say Apple will switch to press releases. This is in line with general expectations of Apple. Since the company has already announced the new <a href=\"https:\/\/www.apfelpatient.de\/en\/news\/apple-officially-introduces-powerbeats4\">Powerbeats4<\/a> It is possible that more products will follow later this week. Late last week a report was published that Apple will be releasing new <a href=\"https:\/\/www.apfelpatient.de\/en\/rumors\/new-macbook-air-to-be-released-next-week\">MacBook Air<\/a> models will be presented \u2013 so the further development remains exciting. &nbsp;<em>(Photo by xMarshall \/ Bigstockphoto)<\/em><\/p>","protected":false},"excerpt":{"rendered":"<p>According to rumors and leaks, the new iPad Pro will have a triple camera with 3D sensors. <\/p>","protected":false},"author":2,"featured_media":6581,"comment_status":"closed","ping_status":"open","sticky":false,"template":"","format":"standard","meta":{"jnews-multi-image_gallery":[],"jnews_single_post":{"subtitle":"","format":"standard","video":"","gallery":"","source_name":"","source_url":"","via_name":"","via_url":"","override":[{"single_blog_custom":"","sidebar":"","second_sidebar":"","share_position":"","share_float_style":"","post_date_format":"","post_date_format_custom":"","post_reading_time_wpm":"","zoom_button_out_step":"1","zoom_button_in_step":"1","number_popup_post":"1"}],"image_override":[{"single_post_thumbnail_size":"","single_post_gallery_size":""}],"trending_post_position":"","trending_post_label":""},"jnews_primary_category":{"id":"265"},"footnotes":""},"categories":[9],"tags":[223,76,18,306,307,379,13],"class_list":["post-10867","post","type-post","status-publish","format-standard","has-post-thumbnail","hentry","category-news","tag-beats","tag-eec","tag-ipad","tag-ipad-2020","tag-ipad-pro-2020","tag-powerbeats-4","tag-techpatient"],"yoast_head":"<!-- This site is optimized with the Yoast SEO Premium plugin v27.5 (Yoast SEO v27.5) - https:\/\/yoast.com\/product\/yoast-seo-premium-wordpress\/ -->\n<title>Datenbank enth\u00fcllt neues iPad Apfelpatient<\/title>\n<meta name=\"description\" content=\"Ger\u00fcchten und Leaks zufolge wird das neue iPad Pro \u00fcber eine Dreifach-Kamera mit 3D-Sensorik verf\u00fcgen.\" \/>\n<meta name=\"robots\" content=\"index, follow, max-snippet:-1, max-image-preview:large, max-video-preview:-1\" \/>\n<link rel=\"canonical\" href=\"https:\/\/www.apfelpatient.de\/en\/news\/database-unveils-new-ipad\" \/>\n<meta property=\"og:locale\" content=\"en_US\" \/>\n<meta property=\"og:type\" content=\"article\" \/>\n<meta property=\"og:title\" content=\"Datenbank enth\u00fcllt neues iPad\" \/>\n<meta property=\"og:description\" content=\"Ger\u00fcchten und Leaks zufolge wird das neue iPad Pro \u00fcber eine Dreifach-Kamera mit 3D-Sensorik verf\u00fcgen.\" \/>\n<meta property=\"og:url\" content=\"https:\/\/www.apfelpatient.de\/en\/news\/database-unveils-new-ipad\" \/>\n<meta property=\"og:site_name\" content=\"Apfelpatient\" \/>\n<meta property=\"article:publisher\" content=\"https:\/\/www.facebook.com\/apfelpatientOfficial\" \/>\n<meta property=\"article:author\" content=\"https:\/\/www.facebook.com\/apfelpatientOfficial\" \/>\n<meta property=\"article:published_time\" content=\"2020-03-16T15:10:55+00:00\" \/>\n<meta property=\"og:image\" content=\"https:\/\/www.apfelpatient.de\/wp-content\/uploads\/2019\/10\/bigstock-Zagreb-Croatia-February-284983744.jpg\" \/>\n\t<meta property=\"og:image:width\" content=\"1600\" \/>\n\t<meta property=\"og:image:height\" content=\"1068\" \/>\n\t<meta property=\"og:image:type\" content=\"image\/jpeg\" \/>\n<meta name=\"author\" content=\"Milan\" \/>\n<meta name=\"twitter:card\" content=\"summary_large_image\" \/>\n<meta name=\"twitter:description\" content=\"Ger\u00fcchten und Leaks zufolge wird das neue iPad Pro \u00fcber eine Dreifach-Kamera mit 3D-Sensorik verf\u00fcgen.\" \/>\n<meta name=\"twitter:label1\" content=\"Written by\" \/>\n\t<meta name=\"twitter:data1\" content=\"Milan\" \/>\n\t<meta name=\"twitter:label2\" content=\"Est. reading time\" \/>\n\t<meta name=\"twitter:data2\" content=\"1 minute\" \/>\n<script type=\"application\/ld+json\" class=\"yoast-schema-graph\">{\"@context\":\"https:\\\/\\\/schema.org\",\"@graph\":[{\"@type\":\"NewsArticle\",\"@id\":\"https:\\\/\\\/www.apfelpatient.de\\\/news\\\/datenbank-enthuellt-neues-ipad#article\",\"isPartOf\":{\"@id\":\"https:\\\/\\\/www.apfelpatient.de\\\/news\\\/datenbank-enthuellt-neues-ipad\"},\"author\":{\"@type\":\"Organization\",\"@id\":\"https:\\\/\\\/www.apfelpatient.de\\\/en\\\/#organization\",\"name\":\"Apfelpatient\",\"url\":\"https:\\\/\\\/www.apfelpatient.de\\\/en\\\/\"},\"headline\":\"Datenbank enth\u00fcllt neues iPad\",\"datePublished\":\"2020-03-16T15:10:55+00:00\",\"mainEntityOfPage\":{\"@id\":\"https:\\\/\\\/www.apfelpatient.de\\\/news\\\/datenbank-enthuellt-neues-ipad\"},\"wordCount\":302,\"publisher\":{\"@type\":\"Organization\",\"@id\":\"https:\\\/\\\/www.apfelpatient.de\\\/en\\\/#organization\",\"name\":\"Apfelpatient\",\"url\":\"https:\\\/\\\/www.apfelpatient.de\\\/en\\\/\"},\"image\":{\"@id\":\"https:\\\/\\\/www.apfelpatient.de\\\/news\\\/datenbank-enthuellt-neues-ipad#primaryimage\"},\"thumbnailUrl\":\"https:\\\/\\\/www.apfelpatient.de\\\/wp-content\\\/uploads\\\/2019\\\/10\\\/bigstock-Zagreb-Croatia-February-284983744.jpg\",\"keywords\":[\"Beats\",\"EEC\",\"iPad\",\"iPad 2020\",\"iPad Pro 2020\",\"Powerbeats 4\",\"TechPatient\"],\"articleSection\":\"News\",\"inLanguage\":\"en-US\",\"copyrightYear\":\"2020\",\"copyrightHolder\":{\"@id\":\"https:\\\/\\\/www.apfelpatient.de\\\/en\\\/#organization\"}},{\"@type\":\"WebPage\",\"@id\":\"https:\\\/\\\/www.apfelpatient.de\\\/news\\\/datenbank-enthuellt-neues-ipad\",\"url\":\"https:\\\/\\\/www.apfelpatient.de\\\/news\\\/datenbank-enthuellt-neues-ipad\",\"name\":\"Datenbank enth\u00fcllt neues iPad Apfelpatient\",\"isPartOf\":{\"@id\":\"https:\\\/\\\/www.apfelpatient.de\\\/#website\"},\"primaryImageOfPage\":{\"@id\":\"https:\\\/\\\/www.apfelpatient.de\\\/news\\\/datenbank-enthuellt-neues-ipad#primaryimage\"},\"image\":{\"@id\":\"https:\\\/\\\/www.apfelpatient.de\\\/news\\\/datenbank-enthuellt-neues-ipad#primaryimage\"},\"thumbnailUrl\":\"https:\\\/\\\/www.apfelpatient.de\\\/wp-content\\\/uploads\\\/2019\\\/10\\\/bigstock-Zagreb-Croatia-February-284983744.jpg\",\"datePublished\":\"2020-03-16T15:10:55+00:00\",\"description\":\"Ger\u00fcchten und Leaks zufolge wird das neue iPad Pro \u00fcber eine Dreifach-Kamera mit 3D-Sensorik verf\u00fcgen.\",\"breadcrumb\":{\"@id\":\"https:\\\/\\\/www.apfelpatient.de\\\/news\\\/datenbank-enthuellt-neues-ipad#breadcrumb\"},\"inLanguage\":\"en-US\",\"potentialAction\":[{\"@type\":\"ReadAction\",\"target\":[\"https:\\\/\\\/www.apfelpatient.de\\\/news\\\/datenbank-enthuellt-neues-ipad\"]}]},{\"@type\":\"ImageObject\",\"inLanguage\":\"en-US\",\"@id\":\"https:\\\/\\\/www.apfelpatient.de\\\/news\\\/datenbank-enthuellt-neues-ipad#primaryimage\",\"url\":\"https:\\\/\\\/www.apfelpatient.de\\\/wp-content\\\/uploads\\\/2019\\\/10\\\/bigstock-Zagreb-Croatia-February-284983744.jpg\",\"contentUrl\":\"https:\\\/\\\/www.apfelpatient.de\\\/wp-content\\\/uploads\\\/2019\\\/10\\\/bigstock-Zagreb-Croatia-February-284983744.jpg\",\"width\":1600,\"height\":1068,\"caption\":\"ZAGREB, CROATIA - FEBRUARY 18, 2019: Apple iPad Pro 11 inch with Apple Pencil 2 on white marble background. Newly opened iPad Pro 11 inch and Apple Pencil 2 surrounded by boxes. Top view.\"},{\"@type\":\"BreadcrumbList\",\"@id\":\"https:\\\/\\\/www.apfelpatient.de\\\/news\\\/datenbank-enthuellt-neues-ipad#breadcrumb\",\"itemListElement\":[{\"@type\":\"ListItem\",\"position\":1,\"name\":\"Startseite\",\"item\":\"https:\\\/\\\/www.apfelpatient.de\\\/\"},{\"@type\":\"ListItem\",\"position\":2,\"name\":\"Datenbank enth\u00fcllt neues iPad\"}]},{\"@type\":\"WebSite\",\"@id\":\"https:\\\/\\\/www.apfelpatient.de\\\/#website\",\"url\":\"https:\\\/\\\/www.apfelpatient.de\\\/\",\"name\":\"Apfelpatient\",\"description\":\"Alles rund um Apple!\",\"publisher\":{\"@type\":\"Organization\",\"@id\":\"https:\\\/\\\/www.apfelpatient.de\\\/en\\\/#organization\",\"name\":\"Apfelpatient\",\"url\":\"https:\\\/\\\/www.apfelpatient.de\\\/en\\\/\"},\"alternateName\":\"Apfelpatient\",\"potentialAction\":[{\"@type\":\"SearchAction\",\"target\":{\"@type\":\"EntryPoint\",\"urlTemplate\":\"https:\\\/\\\/www.apfelpatient.de\\\/?s={search_term_string}\"},\"query-input\":{\"@type\":\"PropertyValueSpecification\",\"valueRequired\":true,\"valueName\":\"search_term_string\"}}],\"inLanguage\":\"en-US\"},{\"@type\":[\"Person\",\"Organization\"],\"@id\":\"https:\\\/\\\/www.apfelpatient.de\\\/#\\\/schema\\\/person\\\/7dc56ad6c8e9824b76d2c08d4c140e13\",\"name\":\"Milan\",\"logo\":{\"@id\":\"https:\\\/\\\/www.apfelpatient.de\\\/#\\\/schema\\\/person\\\/image\\\/\"},\"description\":\"Hallo und herzlich willkommen auf meinem Technik-Blog! Als gro\u00dfer Apple-Fan berichte ich hier \u00fcber alles, was mit Apple zu tun hat: von den neuesten News und spannenden Ger\u00fcchten \u00fcber hilfreiche Tipps und Tricks bis hin zu ausf\u00fchrlichen Produkttests. Wenn du genauso technikbegeistert bist wie ich, bist du hier genau richtig!\",\"sameAs\":[\"https:\\\/\\\/www.facebook.com\\\/apfelpatientOfficial\",\"https:\\\/\\\/www.linkedin.com\\\/in\\\/milan-jovicic-42aa0231b\"],\"url\":\"https:\\\/\\\/www.apfelpatient.de\\\/en\\\/author\\\/apfeladmin\"}]}<\/script>\n<!-- \/ Yoast SEO Premium plugin. -->","yoast_head_json":{"title":"Database reveals new iPad Apfelpatient","description":"According to rumors and leaks, the new iPad Pro will have a triple camera with 3D sensors.","robots":{"index":"index","follow":"follow","max-snippet":"max-snippet:-1","max-image-preview":"max-image-preview:large","max-video-preview":"max-video-preview:-1"},"canonical":"https:\/\/www.apfelpatient.de\/en\/news\/database-unveils-new-ipad","og_locale":"en_US","og_type":"article","og_title":"Datenbank enth\u00fcllt neues iPad","og_description":"Ger\u00fcchten und Leaks zufolge wird das neue iPad Pro \u00fcber eine Dreifach-Kamera mit 3D-Sensorik verf\u00fcgen.","og_url":"https:\/\/www.apfelpatient.de\/en\/news\/database-unveils-new-ipad","og_site_name":"Apfelpatient","article_publisher":"https:\/\/www.facebook.com\/apfelpatientOfficial","article_author":"https:\/\/www.facebook.com\/apfelpatientOfficial","article_published_time":"2020-03-16T15:10:55+00:00","og_image":[{"width":1600,"height":1068,"url":"https:\/\/www.apfelpatient.de\/wp-content\/uploads\/2019\/10\/bigstock-Zagreb-Croatia-February-284983744.jpg","type":"image\/jpeg"}],"author":"Milan","twitter_card":"summary_large_image","twitter_description":"Ger\u00fcchten und Leaks zufolge wird das neue iPad Pro \u00fcber eine Dreifach-Kamera mit 3D-Sensorik verf\u00fcgen.","twitter_misc":{"Written by":"Milan","Est. reading time":"1 minute"},"schema":{"@context":"https:\/\/schema.org","@graph":[{"@type":"NewsArticle","@id":"https:\/\/www.apfelpatient.de\/news\/datenbank-enthuellt-neues-ipad#article","isPartOf":{"@id":"https:\/\/www.apfelpatient.de\/news\/datenbank-enthuellt-neues-ipad"},"author":{"@type":"Organization","@id":"https:\/\/www.apfelpatient.de\/en\/#organization","name":"Apfelpatient","url":"https:\/\/www.apfelpatient.de\/en\/"},"headline":"Datenbank enth\u00fcllt neues iPad","datePublished":"2020-03-16T15:10:55+00:00","mainEntityOfPage":{"@id":"https:\/\/www.apfelpatient.de\/news\/datenbank-enthuellt-neues-ipad"},"wordCount":302,"publisher":{"@type":"Organization","@id":"https:\/\/www.apfelpatient.de\/en\/#organization","name":"Apfelpatient","url":"https:\/\/www.apfelpatient.de\/en\/"},"image":{"@id":"https:\/\/www.apfelpatient.de\/news\/datenbank-enthuellt-neues-ipad#primaryimage"},"thumbnailUrl":"https:\/\/www.apfelpatient.de\/wp-content\/uploads\/2019\/10\/bigstock-Zagreb-Croatia-February-284983744.jpg","keywords":["Beats","EEC","iPad","iPad 2020","iPad Pro 2020","Powerbeats 4","TechPatient"],"articleSection":"News","inLanguage":"en-US","copyrightYear":"2020","copyrightHolder":{"@id":"https:\/\/www.apfelpatient.de\/en\/#organization"}},{"@type":"WebPage","@id":"https:\/\/www.apfelpatient.de\/news\/datenbank-enthuellt-neues-ipad","url":"https:\/\/www.apfelpatient.de\/news\/datenbank-enthuellt-neues-ipad","name":"Database reveals new iPad Apfelpatient","isPartOf":{"@id":"https:\/\/www.apfelpatient.de\/#website"},"primaryImageOfPage":{"@id":"https:\/\/www.apfelpatient.de\/news\/datenbank-enthuellt-neues-ipad#primaryimage"},"image":{"@id":"https:\/\/www.apfelpatient.de\/news\/datenbank-enthuellt-neues-ipad#primaryimage"},"thumbnailUrl":"https:\/\/www.apfelpatient.de\/wp-content\/uploads\/2019\/10\/bigstock-Zagreb-Croatia-February-284983744.jpg","datePublished":"2020-03-16T15:10:55+00:00","description":"According to rumors and leaks, the new iPad Pro will have a triple camera with 3D sensors.","breadcrumb":{"@id":"https:\/\/www.apfelpatient.de\/news\/datenbank-enthuellt-neues-ipad#breadcrumb"},"inLanguage":"en-US","potentialAction":[{"@type":"ReadAction","target":["https:\/\/www.apfelpatient.de\/news\/datenbank-enthuellt-neues-ipad"]}]},{"@type":"ImageObject","inLanguage":"en-US","@id":"https:\/\/www.apfelpatient.de\/news\/datenbank-enthuellt-neues-ipad#primaryimage","url":"https:\/\/www.apfelpatient.de\/wp-content\/uploads\/2019\/10\/bigstock-Zagreb-Croatia-February-284983744.jpg","contentUrl":"https:\/\/www.apfelpatient.de\/wp-content\/uploads\/2019\/10\/bigstock-Zagreb-Croatia-February-284983744.jpg","width":1600,"height":1068,"caption":"ZAGREB, CROATIA - FEBRUARY 18, 2019: Apple iPad Pro 11 inch with Apple Pencil 2 on white marble background. Newly opened iPad Pro 11 inch and Apple Pencil 2 surrounded by boxes. Top view."},{"@type":"BreadcrumbList","@id":"https:\/\/www.apfelpatient.de\/news\/datenbank-enthuellt-neues-ipad#breadcrumb","itemListElement":[{"@type":"ListItem","position":1,"name":"Startseite","item":"https:\/\/www.apfelpatient.de\/"},{"@type":"ListItem","position":2,"name":"Datenbank enth\u00fcllt neues iPad"}]},{"@type":"WebSite","@id":"https:\/\/www.apfelpatient.de\/#website","url":"https:\/\/www.apfelpatient.de\/","name":"apple patient","description":"Everything about Apple!","publisher":{"@type":"Organization","@id":"https:\/\/www.apfelpatient.de\/en\/#organization","name":"Apfelpatient","url":"https:\/\/www.apfelpatient.de\/en\/"},"alternateName":"Apfelpatient","potentialAction":[{"@type":"SearchAction","target":{"@type":"EntryPoint","urlTemplate":"https:\/\/www.apfelpatient.de\/?s={search_term_string}"},"query-input":{"@type":"PropertyValueSpecification","valueRequired":true,"valueName":"search_term_string"}}],"inLanguage":"en-US"},{"@type":["Person","Organization"],"@id":"https:\/\/www.apfelpatient.de\/#\/schema\/person\/7dc56ad6c8e9824b76d2c08d4c140e13","name":"Milan","logo":{"@id":"https:\/\/www.apfelpatient.de\/#\/schema\/person\/image\/"},"description":"Hello and welcome to my technology blog! As a big Apple fan, I report on everything to do with Apple: from the latest news and exciting rumors to helpful tips and tricks and detailed product tests. If you are as enthusiastic about technology as I am, you have come to the right place!","sameAs":["https:\/\/www.facebook.com\/apfelpatientOfficial","https:\/\/www.linkedin.com\/in\/milan-jovicic-42aa0231b"],"url":"https:\/\/www.apfelpatient.de\/en\/author\/apfeladmin"}]}},"_links":{"self":[{"href":"https:\/\/www.apfelpatient.de\/en\/wp-json\/wp\/v2\/posts\/10867","targetHints":{"allow":["GET"]}}],"collection":[{"href":"https:\/\/www.apfelpatient.de\/en\/wp-json\/wp\/v2\/posts"}],"about":[{"href":"https:\/\/www.apfelpatient.de\/en\/wp-json\/wp\/v2\/types\/post"}],"author":[{"embeddable":true,"href":"https:\/\/www.apfelpatient.de\/en\/wp-json\/wp\/v2\/users\/2"}],"replies":[{"embeddable":true,"href":"https:\/\/www.apfelpatient.de\/en\/wp-json\/wp\/v2\/comments?post=10867"}],"version-history":[{"count":0,"href":"https:\/\/www.apfelpatient.de\/en\/wp-json\/wp\/v2\/posts\/10867\/revisions"}],"wp:featuredmedia":[{"embeddable":true,"href":"https:\/\/www.apfelpatient.de\/en\/wp-json\/wp\/v2\/media\/6581"}],"wp:attachment":[{"href":"https:\/\/www.apfelpatient.de\/en\/wp-json\/wp\/v2\/media?parent=10867"}],"wp:term":[{"taxonomy":"category","embeddable":true,"href":"https:\/\/www.apfelpatient.de\/en\/wp-json\/wp\/v2\/categories?post=10867"},{"taxonomy":"post_tag","embeddable":true,"href":"https:\/\/www.apfelpatient.de\/en\/wp-json\/wp\/v2\/tags?post=10867"}],"curies":[{"name":"wp","href":"https:\/\/api.w.org\/{rel}","templated":true}]}}