{"id":10775,"date":"2020-03-13T17:30:22","date_gmt":"2020-03-13T16:30:22","guid":{"rendered":"https:\/\/www.apfelpatient.de\/?p=10775"},"modified":"2020-03-13T17:30:22","modified_gmt":"2020-03-13T16:30:22","slug":"apple-confirms-wwdc-2020-in-new-format","status":"publish","type":"post","link":"https:\/\/www.apfelpatient.de\/en\/news\/apple-bestaetigt-wwdc-2020-in-neuem-format","title":{"rendered":"Apple confirms WWDC 2020 in new format"},"content":{"rendered":"<p class=\"has-drop-cap\"><strong>Apple today confirmed this year&#039;s World Wide Developer Conference (WWDC 2020) in a press release - the event will be held in a new format.&nbsp;<\/strong><\/p>\n\n\n\n<p>Unlike in recent years, Apple has officially confirmed WWDC 2020 today but without sending out invitations - the reason is the current coronavirus crisis. Accordingly, Apple will hold the World Wide Developer Conference 2020 as usual in June - but online. This is what the <a href=\"https:\/\/www.apple.com\/newsroom\/2020\/03\/apples-wwdc-2020-kicks-off-in-june-with-an-all-new-online-format\/\">press release<\/a>:<\/p>\n\n\n\n<blockquote class=\"wp-block-quote is-layout-flow wp-block-quote-is-layout-flow\"><p>Cupertino, California \u2014 Apple today announced it will host its annual Worldwide Developers Conference in June. Now in its 31st year, WWDC 2020 will adopt an all-new online format with rich content for consumers, press and developers alike. The online event will provide millions of creative and innovative developers with the opportunity to gain early access to the future of iOS, iPadOS, macOS, watchOS and tvOS and collaborate with Apple engineers to build apps that enrich the lives of Apple customers around the world.<\/p><\/blockquote>\n\n\n\n<h3 class=\"wp-block-heading\">\u201cCurrent health situation makes it necessary\u201d<\/h3>\n\n\n\n\n\n\n\n<p>As expected, Apple will hold this year&#039;s developer conference entirely online. Phil Schiller, Apple&#039;s Senior Vice President of Worldwide Marketing, explains:<\/p>\n\n\n\n<blockquote class=\"wp-block-quote is-layout-flow wp-block-quote-is-layout-flow\"><p>We&#039;re delivering WWDC 2020 this June in an innovative way for millions of developers around the world, bringing the entire developer community together with a new experience. The current health situation has required us to create a new WWDC 2020 format that offers a full program with an online keynote and sessions that will be a great learning experience for our entire developer community around the world. We&#039;ll share full details in the coming weeks.<\/p><\/blockquote>\n\n\n\n<p>However, no specific date was set in the announcement. According to Apple, the online event will take place in June - further information is to follow. The company also pledged a donation to local organizations in San Jose. The announcement states:<\/p>\n\n\n\n<blockquote class=\"wp-block-quote is-layout-flow wp-block-quote-is-layout-flow\"><p>Apple also announced that it will donate $1 million to local organizations in San Jose to help offset the associated loss of revenue resulting from WWDC 2020&#039;s new online format.<\/p><\/blockquote>\n\n\n\n<p>Apple will present the new operating systems iOS 14, iPadOS 14, tvOS 14, watchOS 7 and macOS 10.16 at WWDC. Some of the new features in iOS 14 have already been leaked - you can find out more in our archive. <em>(Image: Apple)<\/em><\/p>\n\n\n\n<ul class=\"wp-block-list\"><li><a href=\"https:\/\/www.apfelpatient.de\/en\/rumors\/iphone-9-apple-postpones-march-event\">iPhone 9: Apple postpones March event<\/a><\/li><li><a href=\"https:\/\/www.apfelpatient.de\/en\/day\/ios-14\">All new features in iOS 14 at a glance<\/a><\/li><\/ul>","protected":false},"excerpt":{"rendered":"<p>Apple today confirmed this year\u2019s World Wide Developer Conference (WWDC 2020) via a press release.<\/p>","protected":false},"author":2,"featured_media":10776,"comment_status":"closed","ping_status":"closed","sticky":false,"template":"","format":"standard","meta":{"jnews-multi-image_gallery":[],"jnews_single_post":{"subtitle":"","format":"standard","video":"","gallery":"","source_name":"Pressemitteilung","source_url":"https:\/\/www.apple.com\/newsroom\/2020\/03\/apples-wwdc-2020-kicks-off-in-june-with-an-all-new-online-format\/","via_name":"","via_url":"","override":[{"single_blog_custom":"","sidebar":"","second_sidebar":"","share_position":"","share_float_style":"","post_date_format":"","post_date_format_custom":"","post_reading_time_wpm":"","zoom_button_out_step":"1","zoom_button_in_step":"1","number_popup_post":"1"}],"image_override":[{"single_post_thumbnail_size":"","single_post_gallery_size":""}],"trending_post_position":"","trending_post_label":""},"jnews_primary_category":{"id":"265"},"footnotes":""},"categories":[9],"tags":[3,15,203,320],"class_list":["post-10775","post","type-post","status-publish","format-standard","has-post-thumbnail","hentry","category-news","tag-ios","tag-ios-14","tag-wwdc","tag-wwdc-2020"],"yoast_head":"<!-- This site is optimized with the Yoast SEO Premium plugin v27.5 (Yoast SEO v27.5) - https:\/\/yoast.com\/product\/yoast-seo-premium-wordpress\/ -->\n<title>Apple best\u00e4tigt WWDC 2020 in neuem Format Apfelpatient<\/title>\n<meta name=\"description\" content=\"Apple hat heute mittels einer Pressemitteilung die diesj\u00e4hrige World Wide Developer Conference (WWDC 2020) best\u00e4tigt.\" \/>\n<meta name=\"robots\" content=\"index, follow, max-snippet:-1, max-image-preview:large, max-video-preview:-1\" \/>\n<link rel=\"canonical\" href=\"https:\/\/www.apfelpatient.de\/en\/news\/apple-confirms-wwdc-2020-in-new-format\" \/>\n<meta property=\"og:locale\" content=\"en_US\" \/>\n<meta property=\"og:type\" content=\"article\" \/>\n<meta property=\"og:title\" content=\"Apple best\u00e4tigt WWDC 2020 in neuem Format\" \/>\n<meta property=\"og:description\" content=\"Apple hat heute mittels einer Pressemitteilung die diesj\u00e4hrige World Wide Developer Conference (WWDC 2020) best\u00e4tigt.\" \/>\n<meta property=\"og:url\" content=\"https:\/\/www.apfelpatient.de\/en\/news\/apple-confirms-wwdc-2020-in-new-format\" \/>\n<meta property=\"og:site_name\" content=\"Apfelpatient\" \/>\n<meta property=\"article:publisher\" content=\"https:\/\/www.facebook.com\/apfelpatientOfficial\" \/>\n<meta property=\"article:author\" content=\"https:\/\/www.facebook.com\/apfelpatientOfficial\" \/>\n<meta property=\"article:published_time\" content=\"2020-03-13T16:30:22+00:00\" \/>\n<meta property=\"og:image\" content=\"https:\/\/www.apfelpatient.de\/wp-content\/uploads\/2020\/03\/Apple_wwdc2020_03132020.jpg\" \/>\n\t<meta property=\"og:image:width\" content=\"1960\" \/>\n\t<meta property=\"og:image:height\" content=\"1102\" \/>\n\t<meta property=\"og:image:type\" content=\"image\/jpeg\" \/>\n<meta name=\"author\" content=\"Milan\" \/>\n<meta name=\"twitter:card\" content=\"summary_large_image\" \/>\n<meta name=\"twitter:description\" content=\"Apple hat heute mittels einer Pressemitteilung die diesj\u00e4hrige World Wide Developer Conference (WWDC 2020) best\u00e4tigt.\" \/>\n<meta name=\"twitter:label1\" content=\"Written by\" \/>\n\t<meta name=\"twitter:data1\" content=\"Milan\" \/>\n\t<meta name=\"twitter:label2\" content=\"Est. reading time\" \/>\n\t<meta name=\"twitter:data2\" content=\"2 minutes\" \/>\n<script type=\"application\/ld+json\" class=\"yoast-schema-graph\">{\"@context\":\"https:\\\/\\\/schema.org\",\"@graph\":[{\"@type\":\"NewsArticle\",\"@id\":\"https:\\\/\\\/www.apfelpatient.de\\\/news\\\/apple-bestaetigt-wwdc-2020-in-neuem-format#article\",\"isPartOf\":{\"@id\":\"https:\\\/\\\/www.apfelpatient.de\\\/news\\\/apple-bestaetigt-wwdc-2020-in-neuem-format\"},\"author\":{\"@type\":\"Organization\",\"@id\":\"https:\\\/\\\/www.apfelpatient.de\\\/en\\\/#organization\",\"name\":\"Apfelpatient\",\"url\":\"https:\\\/\\\/www.apfelpatient.de\\\/en\\\/\"},\"headline\":\"Apple best\u00e4tigt WWDC 2020 in neuem Format\",\"datePublished\":\"2020-03-13T16:30:22+00:00\",\"mainEntityOfPage\":{\"@id\":\"https:\\\/\\\/www.apfelpatient.de\\\/news\\\/apple-bestaetigt-wwdc-2020-in-neuem-format\"},\"wordCount\":413,\"publisher\":{\"@type\":\"Organization\",\"@id\":\"https:\\\/\\\/www.apfelpatient.de\\\/en\\\/#organization\",\"name\":\"Apfelpatient\",\"url\":\"https:\\\/\\\/www.apfelpatient.de\\\/en\\\/\"},\"image\":{\"@id\":\"https:\\\/\\\/www.apfelpatient.de\\\/news\\\/apple-bestaetigt-wwdc-2020-in-neuem-format#primaryimage\"},\"thumbnailUrl\":\"https:\\\/\\\/www.apfelpatient.de\\\/wp-content\\\/uploads\\\/2020\\\/03\\\/Apple_wwdc2020_03132020.jpg\",\"keywords\":[\"iOS\",\"iOS 14\",\"WWDC\",\"WWDC 2020\"],\"articleSection\":\"News\",\"inLanguage\":\"en-US\",\"copyrightYear\":\"2020\",\"copyrightHolder\":{\"@id\":\"https:\\\/\\\/www.apfelpatient.de\\\/en\\\/#organization\"}},{\"@type\":\"WebPage\",\"@id\":\"https:\\\/\\\/www.apfelpatient.de\\\/news\\\/apple-bestaetigt-wwdc-2020-in-neuem-format\",\"url\":\"https:\\\/\\\/www.apfelpatient.de\\\/news\\\/apple-bestaetigt-wwdc-2020-in-neuem-format\",\"name\":\"Apple best\u00e4tigt WWDC 2020 in neuem Format Apfelpatient\",\"isPartOf\":{\"@id\":\"https:\\\/\\\/www.apfelpatient.de\\\/#website\"},\"primaryImageOfPage\":{\"@id\":\"https:\\\/\\\/www.apfelpatient.de\\\/news\\\/apple-bestaetigt-wwdc-2020-in-neuem-format#primaryimage\"},\"image\":{\"@id\":\"https:\\\/\\\/www.apfelpatient.de\\\/news\\\/apple-bestaetigt-wwdc-2020-in-neuem-format#primaryimage\"},\"thumbnailUrl\":\"https:\\\/\\\/www.apfelpatient.de\\\/wp-content\\\/uploads\\\/2020\\\/03\\\/Apple_wwdc2020_03132020.jpg\",\"datePublished\":\"2020-03-13T16:30:22+00:00\",\"description\":\"Apple hat heute mittels einer Pressemitteilung die diesj\u00e4hrige World Wide Developer Conference (WWDC 2020) best\u00e4tigt.\",\"breadcrumb\":{\"@id\":\"https:\\\/\\\/www.apfelpatient.de\\\/news\\\/apple-bestaetigt-wwdc-2020-in-neuem-format#breadcrumb\"},\"inLanguage\":\"en-US\",\"potentialAction\":[{\"@type\":\"ReadAction\",\"target\":[\"https:\\\/\\\/www.apfelpatient.de\\\/news\\\/apple-bestaetigt-wwdc-2020-in-neuem-format\"]}]},{\"@type\":\"ImageObject\",\"inLanguage\":\"en-US\",\"@id\":\"https:\\\/\\\/www.apfelpatient.de\\\/news\\\/apple-bestaetigt-wwdc-2020-in-neuem-format#primaryimage\",\"url\":\"https:\\\/\\\/www.apfelpatient.de\\\/wp-content\\\/uploads\\\/2020\\\/03\\\/Apple_wwdc2020_03132020.jpg\",\"contentUrl\":\"https:\\\/\\\/www.apfelpatient.de\\\/wp-content\\\/uploads\\\/2020\\\/03\\\/Apple_wwdc2020_03132020.jpg\",\"width\":1960,\"height\":1102,\"caption\":\"Bild: Apple\"},{\"@type\":\"BreadcrumbList\",\"@id\":\"https:\\\/\\\/www.apfelpatient.de\\\/news\\\/apple-bestaetigt-wwdc-2020-in-neuem-format#breadcrumb\",\"itemListElement\":[{\"@type\":\"ListItem\",\"position\":1,\"name\":\"Startseite\",\"item\":\"https:\\\/\\\/www.apfelpatient.de\\\/\"},{\"@type\":\"ListItem\",\"position\":2,\"name\":\"Apple best\u00e4tigt WWDC 2020 in neuem Format\"}]},{\"@type\":\"WebSite\",\"@id\":\"https:\\\/\\\/www.apfelpatient.de\\\/#website\",\"url\":\"https:\\\/\\\/www.apfelpatient.de\\\/\",\"name\":\"Apfelpatient\",\"description\":\"Alles rund um Apple!\",\"publisher\":{\"@type\":\"Organization\",\"@id\":\"https:\\\/\\\/www.apfelpatient.de\\\/en\\\/#organization\",\"name\":\"Apfelpatient\",\"url\":\"https:\\\/\\\/www.apfelpatient.de\\\/en\\\/\"},\"alternateName\":\"Apfelpatient\",\"potentialAction\":[{\"@type\":\"SearchAction\",\"target\":{\"@type\":\"EntryPoint\",\"urlTemplate\":\"https:\\\/\\\/www.apfelpatient.de\\\/?s={search_term_string}\"},\"query-input\":{\"@type\":\"PropertyValueSpecification\",\"valueRequired\":true,\"valueName\":\"search_term_string\"}}],\"inLanguage\":\"en-US\"},{\"@type\":[\"Person\",\"Organization\"],\"@id\":\"https:\\\/\\\/www.apfelpatient.de\\\/#\\\/schema\\\/person\\\/35b3ddba5832f2bfc7fff5206d4f6b7b\",\"name\":\"Milan\",\"logo\":{\"@id\":\"https:\\\/\\\/www.apfelpatient.de\\\/#\\\/schema\\\/person\\\/image\\\/\"},\"description\":\"Hallo und herzlich willkommen auf meinem Technik-Blog! Als gro\u00dfer Apple-Fan berichte ich hier \u00fcber alles, was mit Apple zu tun hat: von den neuesten News und spannenden Ger\u00fcchten \u00fcber hilfreiche Tipps und Tricks bis hin zu ausf\u00fchrlichen Produkttests. Wenn du genauso technikbegeistert bist wie ich, bist du hier genau richtig!\",\"sameAs\":[\"https:\\\/\\\/www.facebook.com\\\/apfelpatientOfficial\",\"https:\\\/\\\/www.linkedin.com\\\/in\\\/milan-jovicic-42aa0231b\"],\"url\":\"https:\\\/\\\/www.apfelpatient.de\\\/en\\\/author\\\/apfeladmin\"}]}<\/script>\n<!-- \/ Yoast SEO Premium plugin. -->","yoast_head_json":{"title":"Apple confirms WWDC 2020 in new format Apfelpatient","description":"Apple today confirmed this year\u2019s World Wide Developer Conference (WWDC 2020) via a press release.","robots":{"index":"index","follow":"follow","max-snippet":"max-snippet:-1","max-image-preview":"max-image-preview:large","max-video-preview":"max-video-preview:-1"},"canonical":"https:\/\/www.apfelpatient.de\/en\/news\/apple-confirms-wwdc-2020-in-new-format","og_locale":"en_US","og_type":"article","og_title":"Apple best\u00e4tigt WWDC 2020 in neuem Format","og_description":"Apple hat heute mittels einer Pressemitteilung die diesj\u00e4hrige World Wide Developer Conference (WWDC 2020) best\u00e4tigt.","og_url":"https:\/\/www.apfelpatient.de\/en\/news\/apple-confirms-wwdc-2020-in-new-format","og_site_name":"Apfelpatient","article_publisher":"https:\/\/www.facebook.com\/apfelpatientOfficial","article_author":"https:\/\/www.facebook.com\/apfelpatientOfficial","article_published_time":"2020-03-13T16:30:22+00:00","og_image":[{"width":1960,"height":1102,"url":"https:\/\/www.apfelpatient.de\/wp-content\/uploads\/2020\/03\/Apple_wwdc2020_03132020.jpg","type":"image\/jpeg"}],"author":"Milan","twitter_card":"summary_large_image","twitter_description":"Apple hat heute mittels einer Pressemitteilung die diesj\u00e4hrige World Wide Developer Conference (WWDC 2020) best\u00e4tigt.","twitter_misc":{"Written by":"Milan","Est. reading time":"2 minutes"},"schema":{"@context":"https:\/\/schema.org","@graph":[{"@type":"NewsArticle","@id":"https:\/\/www.apfelpatient.de\/news\/apple-bestaetigt-wwdc-2020-in-neuem-format#article","isPartOf":{"@id":"https:\/\/www.apfelpatient.de\/news\/apple-bestaetigt-wwdc-2020-in-neuem-format"},"author":{"@type":"Organization","@id":"https:\/\/www.apfelpatient.de\/en\/#organization","name":"Apfelpatient","url":"https:\/\/www.apfelpatient.de\/en\/"},"headline":"Apple best\u00e4tigt WWDC 2020 in neuem Format","datePublished":"2020-03-13T16:30:22+00:00","mainEntityOfPage":{"@id":"https:\/\/www.apfelpatient.de\/news\/apple-bestaetigt-wwdc-2020-in-neuem-format"},"wordCount":413,"publisher":{"@type":"Organization","@id":"https:\/\/www.apfelpatient.de\/en\/#organization","name":"Apfelpatient","url":"https:\/\/www.apfelpatient.de\/en\/"},"image":{"@id":"https:\/\/www.apfelpatient.de\/news\/apple-bestaetigt-wwdc-2020-in-neuem-format#primaryimage"},"thumbnailUrl":"https:\/\/www.apfelpatient.de\/wp-content\/uploads\/2020\/03\/Apple_wwdc2020_03132020.jpg","keywords":["iOS","iOS 14","WWDC","WWDC 2020"],"articleSection":"News","inLanguage":"en-US","copyrightYear":"2020","copyrightHolder":{"@id":"https:\/\/www.apfelpatient.de\/en\/#organization"}},{"@type":"WebPage","@id":"https:\/\/www.apfelpatient.de\/news\/apple-bestaetigt-wwdc-2020-in-neuem-format","url":"https:\/\/www.apfelpatient.de\/news\/apple-bestaetigt-wwdc-2020-in-neuem-format","name":"Apple confirms WWDC 2020 in new format Apfelpatient","isPartOf":{"@id":"https:\/\/www.apfelpatient.de\/#website"},"primaryImageOfPage":{"@id":"https:\/\/www.apfelpatient.de\/news\/apple-bestaetigt-wwdc-2020-in-neuem-format#primaryimage"},"image":{"@id":"https:\/\/www.apfelpatient.de\/news\/apple-bestaetigt-wwdc-2020-in-neuem-format#primaryimage"},"thumbnailUrl":"https:\/\/www.apfelpatient.de\/wp-content\/uploads\/2020\/03\/Apple_wwdc2020_03132020.jpg","datePublished":"2020-03-13T16:30:22+00:00","description":"Apple today confirmed this year\u2019s World Wide Developer Conference (WWDC 2020) via a press release.","breadcrumb":{"@id":"https:\/\/www.apfelpatient.de\/news\/apple-bestaetigt-wwdc-2020-in-neuem-format#breadcrumb"},"inLanguage":"en-US","potentialAction":[{"@type":"ReadAction","target":["https:\/\/www.apfelpatient.de\/news\/apple-bestaetigt-wwdc-2020-in-neuem-format"]}]},{"@type":"ImageObject","inLanguage":"en-US","@id":"https:\/\/www.apfelpatient.de\/news\/apple-bestaetigt-wwdc-2020-in-neuem-format#primaryimage","url":"https:\/\/www.apfelpatient.de\/wp-content\/uploads\/2020\/03\/Apple_wwdc2020_03132020.jpg","contentUrl":"https:\/\/www.apfelpatient.de\/wp-content\/uploads\/2020\/03\/Apple_wwdc2020_03132020.jpg","width":1960,"height":1102,"caption":"Bild: Apple"},{"@type":"BreadcrumbList","@id":"https:\/\/www.apfelpatient.de\/news\/apple-bestaetigt-wwdc-2020-in-neuem-format#breadcrumb","itemListElement":[{"@type":"ListItem","position":1,"name":"Startseite","item":"https:\/\/www.apfelpatient.de\/"},{"@type":"ListItem","position":2,"name":"Apple best\u00e4tigt WWDC 2020 in neuem Format"}]},{"@type":"WebSite","@id":"https:\/\/www.apfelpatient.de\/#website","url":"https:\/\/www.apfelpatient.de\/","name":"apple patient","description":"Everything about Apple!","publisher":{"@type":"Organization","@id":"https:\/\/www.apfelpatient.de\/en\/#organization","name":"Apfelpatient","url":"https:\/\/www.apfelpatient.de\/en\/"},"alternateName":"Apfelpatient","potentialAction":[{"@type":"SearchAction","target":{"@type":"EntryPoint","urlTemplate":"https:\/\/www.apfelpatient.de\/?s={search_term_string}"},"query-input":{"@type":"PropertyValueSpecification","valueRequired":true,"valueName":"search_term_string"}}],"inLanguage":"en-US"},{"@type":["Person","Organization"],"@id":"https:\/\/www.apfelpatient.de\/#\/schema\/person\/35b3ddba5832f2bfc7fff5206d4f6b7b","name":"Milan","logo":{"@id":"https:\/\/www.apfelpatient.de\/#\/schema\/person\/image\/"},"description":"Hello and welcome to my technology blog! As a big Apple fan, I report on everything to do with Apple: from the latest news and exciting rumors to helpful tips and tricks and detailed product tests. If you are as enthusiastic about technology as I am, you have come to the right place!","sameAs":["https:\/\/www.facebook.com\/apfelpatientOfficial","https:\/\/www.linkedin.com\/in\/milan-jovicic-42aa0231b"],"url":"https:\/\/www.apfelpatient.de\/en\/author\/apfeladmin"}]}},"_links":{"self":[{"href":"https:\/\/www.apfelpatient.de\/en\/wp-json\/wp\/v2\/posts\/10775","targetHints":{"allow":["GET"]}}],"collection":[{"href":"https:\/\/www.apfelpatient.de\/en\/wp-json\/wp\/v2\/posts"}],"about":[{"href":"https:\/\/www.apfelpatient.de\/en\/wp-json\/wp\/v2\/types\/post"}],"author":[{"embeddable":true,"href":"https:\/\/www.apfelpatient.de\/en\/wp-json\/wp\/v2\/users\/2"}],"replies":[{"embeddable":true,"href":"https:\/\/www.apfelpatient.de\/en\/wp-json\/wp\/v2\/comments?post=10775"}],"version-history":[{"count":0,"href":"https:\/\/www.apfelpatient.de\/en\/wp-json\/wp\/v2\/posts\/10775\/revisions"}],"wp:featuredmedia":[{"embeddable":true,"href":"https:\/\/www.apfelpatient.de\/en\/wp-json\/wp\/v2\/media\/10776"}],"wp:attachment":[{"href":"https:\/\/www.apfelpatient.de\/en\/wp-json\/wp\/v2\/media?parent=10775"}],"wp:term":[{"taxonomy":"category","embeddable":true,"href":"https:\/\/www.apfelpatient.de\/en\/wp-json\/wp\/v2\/categories?post=10775"},{"taxonomy":"post_tag","embeddable":true,"href":"https:\/\/www.apfelpatient.de\/en\/wp-json\/wp\/v2\/tags?post=10775"}],"curies":[{"name":"wp","href":"https:\/\/api.w.org\/{rel}","templated":true}]}}