{"id":10725,"date":"2020-03-11T01:14:56","date_gmt":"2020-03-11T00:14:56","guid":{"rendered":"https:\/\/www.apfelpatient.de\/?p=10725"},"modified":"2020-03-11T01:14:56","modified_gmt":"2020-03-11T00:14:56","slug":"iphone-9-apple-postpones-march-event","status":"publish","type":"post","link":"https:\/\/www.apfelpatient.de\/en\/rumors\/iphone-9-apple-verschiebt-maerz-event","title":{"rendered":"iPhone 9: Apple postpones March event"},"content":{"rendered":"<p class=\"has-drop-cap\"><strong>Originally, rumors said that Apple had planned an event at the end of March. However, the event was not officially confirmed. Now an insider has spoken out.<\/strong><\/p>\n\n\n\n<p>The Apple blog Cult of Mac has a new <a href=\"https:\/\/www.cultofmac.com\/690981\/iphone-se-2-delayed-indefinitely-apple-nixes-march-product-event\/\">report<\/a> published, which sheds light on Apple&#039;s plans for a March event and upcoming products. The information is said to come from a source familiar with the matter. According to this, Apple was &quot;concerned&quot; about bringing people together in Apple Park. In February there was a rumor that Apple would hold an event on March 31st, but Apple never announced the event. The move is basically no surprise. Due to the ongoing coronavirus crisis, many companies have adapted their own policies to the current situation. Employees are being encouraged to work from home and events are being canceled. Apple is also trying to reduce the risk of infection and is following this policy. Apart from that, the Santa Clara district, which also includes Cupertino, has banned <a href=\"https:\/\/www.apfelpatient.de\/en\/news\/apple-employee-becomes-infected-with-coronavirus\">mass events<\/a> This ban is initially valid from March 11th to April 1st inclusive. Accordingly, no Apple event can take place.&nbsp;<\/p>\n\n\n\n<h3 class=\"wp-block-heading\">\u201cDelays in the production of two of the main products\u201d<\/h3>\n\n\n\n\n\n\n\n<p>The source later explained to Cult of Mac that the decision to cancel the event was also related to production problems. According to the insider, there were &quot;delays in the production of two of the main products.&quot; There have already been several reports that the cheaper iPhone (iPhone 9 or iPhone SE2) could not go into mass production as planned. According to the source, Apple is now waiting to better evaluate the &quot;production schedule of the components&quot; and the &quot;final assembly of the product&quot;, so it is currently difficult to set a firm plan for the product announcement. In addition to the iPhone 9, the upcoming iPad Pro could also be meant - but the insider did not reveal any specific product names. Of course, Apple could present the new devices at the end of March via press release, but given the latest information, that also seems rather unlikely. This means that the launch of the iPhone 9 and iPad Pro 2020 could be further delayed.&nbsp;<em>(Photo by mingman \/ Bigstockphoto)<\/em><\/p>\n\n\n\n<ul class=\"wp-block-list\"><li><a href=\"https:\/\/www.apfelpatient.de\/en\/day\/ios-14\">All new features in iOS 14 at a glance<\/a><\/li><\/ul>","protected":false},"excerpt":{"rendered":"<p>Apple was originally rumored to have planned an event at the end of March. However, the event has not been officially confirmed.<\/p>","protected":false},"author":2,"featured_media":10724,"comment_status":"closed","ping_status":"closed","sticky":false,"template":"","format":"standard","meta":{"jnews-multi-image_gallery":[],"jnews_single_post":{"subtitle":"","format":"standard","video":"","gallery":"","source_name":"","source_url":"","via_name":"Cult of Mac","via_url":"https:\/\/www.cultofmac.com\/690981\/iphone-se-2-delayed-indefinitely-apple-nixes-march-product-event\/","override":[{"single_blog_custom":"","sidebar":"","second_sidebar":"","share_position":"","share_float_style":"","post_date_format":"","post_date_format_custom":"","post_reading_time_wpm":"","zoom_button_out_step":"1","zoom_button_in_step":"1","number_popup_post":"1"}],"image_override":[{"single_post_thumbnail_size":"","single_post_gallery_size":""}],"trending_post_position":"","trending_post_label":""},"jnews_primary_category":{"id":"274"},"footnotes":""},"categories":[25],"tags":[86,32,376,18,307,8,371,71],"class_list":["post-10725","post","type-post","status-publish","format-standard","has-post-thumbnail","hentry","category-rumors","tag-apple-event","tag-china","tag-coronavirus","tag-ipad","tag-ipad-pro-2020","tag-iphone","tag-iphone-9","tag-iphone-se-2"],"yoast_head":"<!-- This site is optimized with the Yoast SEO Premium plugin v27.5 (Yoast SEO v27.5) - https:\/\/yoast.com\/product\/yoast-seo-premium-wordpress\/ -->\n<title>iPhone 9: Apple verschiebt M\u00e4rz-Event Apfelpatient<\/title>\n<meta name=\"description\" content=\"Urspr\u00fcnglich hat Apple Ger\u00fcchten zufolge eine Veranstaltung Ende M\u00e4rz geplant. Das Event wurde allerdings nicht offiziell best\u00e4tigt.\" \/>\n<meta name=\"robots\" content=\"index, follow, max-snippet:-1, max-image-preview:large, max-video-preview:-1\" \/>\n<link rel=\"canonical\" href=\"https:\/\/www.apfelpatient.de\/en\/rumors\/iphone-9-apple-postpones-march-event\" \/>\n<meta property=\"og:locale\" content=\"en_US\" \/>\n<meta property=\"og:type\" content=\"article\" \/>\n<meta property=\"og:title\" content=\"iPhone 9: Apple verschiebt M\u00e4rz-Event\" \/>\n<meta property=\"og:description\" content=\"Urspr\u00fcnglich hat Apple Ger\u00fcchten zufolge eine Veranstaltung Ende M\u00e4rz geplant. Das Event wurde allerdings nicht offiziell best\u00e4tigt.\" \/>\n<meta property=\"og:url\" content=\"https:\/\/www.apfelpatient.de\/en\/rumors\/iphone-9-apple-postpones-march-event\" \/>\n<meta property=\"og:site_name\" content=\"Apfelpatient\" \/>\n<meta property=\"article:publisher\" content=\"https:\/\/www.facebook.com\/apfelpatientOfficial\" \/>\n<meta property=\"article:author\" content=\"https:\/\/www.facebook.com\/apfelpatientOfficial\" \/>\n<meta property=\"article:published_time\" content=\"2020-03-11T00:14:56+00:00\" \/>\n<meta property=\"og:image\" content=\"https:\/\/www.apfelpatient.de\/wp-content\/uploads\/2020\/03\/bigstock-Bangkok-Thailand-November-236271379-1.jpg\" \/>\n\t<meta property=\"og:image:width\" content=\"1600\" \/>\n\t<meta property=\"og:image:height\" content=\"1068\" \/>\n\t<meta property=\"og:image:type\" content=\"image\/jpeg\" \/>\n<meta name=\"author\" content=\"Milan\" \/>\n<meta name=\"twitter:card\" content=\"summary_large_image\" \/>\n<meta name=\"twitter:description\" content=\"Urspr\u00fcnglich hat Apple Ger\u00fcchten zufolge eine Veranstaltung Ende M\u00e4rz geplant. Das Event wurde allerdings nicht offiziell best\u00e4tigt.\" \/>\n<meta name=\"twitter:label1\" content=\"Written by\" \/>\n\t<meta name=\"twitter:data1\" content=\"Milan\" \/>\n\t<meta name=\"twitter:label2\" content=\"Est. reading time\" \/>\n\t<meta name=\"twitter:data2\" content=\"2 minutes\" \/>\n<script type=\"application\/ld+json\" class=\"yoast-schema-graph\">{\"@context\":\"https:\\\/\\\/schema.org\",\"@graph\":[{\"@type\":\"NewsArticle\",\"@id\":\"https:\\\/\\\/www.apfelpatient.de\\\/rumors\\\/iphone-9-apple-verschiebt-maerz-event#article\",\"isPartOf\":{\"@id\":\"https:\\\/\\\/www.apfelpatient.de\\\/rumors\\\/iphone-9-apple-verschiebt-maerz-event\"},\"author\":{\"@type\":\"Organization\",\"@id\":\"https:\\\/\\\/www.apfelpatient.de\\\/en\\\/#organization\",\"name\":\"Apfelpatient\",\"url\":\"https:\\\/\\\/www.apfelpatient.de\\\/en\\\/\"},\"headline\":\"iPhone 9: Apple verschiebt M\u00e4rz-Event\",\"datePublished\":\"2020-03-11T00:14:56+00:00\",\"mainEntityOfPage\":{\"@id\":\"https:\\\/\\\/www.apfelpatient.de\\\/rumors\\\/iphone-9-apple-verschiebt-maerz-event\"},\"wordCount\":374,\"publisher\":{\"@type\":\"Organization\",\"@id\":\"https:\\\/\\\/www.apfelpatient.de\\\/en\\\/#organization\",\"name\":\"Apfelpatient\",\"url\":\"https:\\\/\\\/www.apfelpatient.de\\\/en\\\/\"},\"image\":{\"@id\":\"https:\\\/\\\/www.apfelpatient.de\\\/rumors\\\/iphone-9-apple-verschiebt-maerz-event#primaryimage\"},\"thumbnailUrl\":\"https:\\\/\\\/www.apfelpatient.de\\\/wp-content\\\/uploads\\\/2020\\\/03\\\/bigstock-Bangkok-Thailand-November-236271379-1.jpg\",\"keywords\":[\"Apple Event\",\"China\",\"Coronavirus\",\"iPad\",\"iPad Pro 2020\",\"iPhone\",\"iPhone 9\",\"iPhone SE 2\"],\"articleSection\":\"Rumors\",\"inLanguage\":\"en-US\",\"copyrightYear\":\"2020\",\"copyrightHolder\":{\"@id\":\"https:\\\/\\\/www.apfelpatient.de\\\/en\\\/#organization\"}},{\"@type\":\"WebPage\",\"@id\":\"https:\\\/\\\/www.apfelpatient.de\\\/rumors\\\/iphone-9-apple-verschiebt-maerz-event\",\"url\":\"https:\\\/\\\/www.apfelpatient.de\\\/rumors\\\/iphone-9-apple-verschiebt-maerz-event\",\"name\":\"iPhone 9: Apple verschiebt M\u00e4rz-Event Apfelpatient\",\"isPartOf\":{\"@id\":\"https:\\\/\\\/www.apfelpatient.de\\\/#website\"},\"primaryImageOfPage\":{\"@id\":\"https:\\\/\\\/www.apfelpatient.de\\\/rumors\\\/iphone-9-apple-verschiebt-maerz-event#primaryimage\"},\"image\":{\"@id\":\"https:\\\/\\\/www.apfelpatient.de\\\/rumors\\\/iphone-9-apple-verschiebt-maerz-event#primaryimage\"},\"thumbnailUrl\":\"https:\\\/\\\/www.apfelpatient.de\\\/wp-content\\\/uploads\\\/2020\\\/03\\\/bigstock-Bangkok-Thailand-November-236271379-1.jpg\",\"datePublished\":\"2020-03-11T00:14:56+00:00\",\"description\":\"Urspr\u00fcnglich hat Apple Ger\u00fcchten zufolge eine Veranstaltung Ende M\u00e4rz geplant. Das Event wurde allerdings nicht offiziell best\u00e4tigt.\",\"breadcrumb\":{\"@id\":\"https:\\\/\\\/www.apfelpatient.de\\\/rumors\\\/iphone-9-apple-verschiebt-maerz-event#breadcrumb\"},\"inLanguage\":\"en-US\",\"potentialAction\":[{\"@type\":\"ReadAction\",\"target\":[\"https:\\\/\\\/www.apfelpatient.de\\\/rumors\\\/iphone-9-apple-verschiebt-maerz-event\"]}]},{\"@type\":\"ImageObject\",\"inLanguage\":\"en-US\",\"@id\":\"https:\\\/\\\/www.apfelpatient.de\\\/rumors\\\/iphone-9-apple-verschiebt-maerz-event#primaryimage\",\"url\":\"https:\\\/\\\/www.apfelpatient.de\\\/wp-content\\\/uploads\\\/2020\\\/03\\\/bigstock-Bangkok-Thailand-November-236271379-1.jpg\",\"contentUrl\":\"https:\\\/\\\/www.apfelpatient.de\\\/wp-content\\\/uploads\\\/2020\\\/03\\\/bigstock-Bangkok-Thailand-November-236271379-1.jpg\",\"width\":1600,\"height\":1068,\"caption\":\"Bangkok, Thailand - November 19, 2017:Brand new generation of Apple iPhone 8 plus with box isolate on white background. iPhone is most popular of smartphone in the world.\"},{\"@type\":\"BreadcrumbList\",\"@id\":\"https:\\\/\\\/www.apfelpatient.de\\\/rumors\\\/iphone-9-apple-verschiebt-maerz-event#breadcrumb\",\"itemListElement\":[{\"@type\":\"ListItem\",\"position\":1,\"name\":\"Startseite\",\"item\":\"https:\\\/\\\/www.apfelpatient.de\\\/\"},{\"@type\":\"ListItem\",\"position\":2,\"name\":\"iPhone 9: Apple verschiebt M\u00e4rz-Event\"}]},{\"@type\":\"WebSite\",\"@id\":\"https:\\\/\\\/www.apfelpatient.de\\\/#website\",\"url\":\"https:\\\/\\\/www.apfelpatient.de\\\/\",\"name\":\"Apfelpatient\",\"description\":\"Alles rund um Apple!\",\"publisher\":{\"@type\":\"Organization\",\"@id\":\"https:\\\/\\\/www.apfelpatient.de\\\/en\\\/#organization\",\"name\":\"Apfelpatient\",\"url\":\"https:\\\/\\\/www.apfelpatient.de\\\/en\\\/\"},\"alternateName\":\"Apfelpatient\",\"potentialAction\":[{\"@type\":\"SearchAction\",\"target\":{\"@type\":\"EntryPoint\",\"urlTemplate\":\"https:\\\/\\\/www.apfelpatient.de\\\/?s={search_term_string}\"},\"query-input\":{\"@type\":\"PropertyValueSpecification\",\"valueRequired\":true,\"valueName\":\"search_term_string\"}}],\"inLanguage\":\"en-US\"},{\"@type\":[\"Person\",\"Organization\"],\"@id\":\"https:\\\/\\\/www.apfelpatient.de\\\/#\\\/schema\\\/person\\\/7dc56ad6c8e9824b76d2c08d4c140e13\",\"name\":\"Milan\",\"logo\":{\"@id\":\"https:\\\/\\\/www.apfelpatient.de\\\/#\\\/schema\\\/person\\\/image\\\/\"},\"description\":\"Hallo und herzlich willkommen auf meinem Technik-Blog! Als gro\u00dfer Apple-Fan berichte ich hier \u00fcber alles, was mit Apple zu tun hat: von den neuesten News und spannenden Ger\u00fcchten \u00fcber hilfreiche Tipps und Tricks bis hin zu ausf\u00fchrlichen Produkttests. Wenn du genauso technikbegeistert bist wie ich, bist du hier genau richtig!\",\"sameAs\":[\"https:\\\/\\\/www.facebook.com\\\/apfelpatientOfficial\",\"https:\\\/\\\/www.linkedin.com\\\/in\\\/milan-jovicic-42aa0231b\"],\"url\":\"https:\\\/\\\/www.apfelpatient.de\\\/en\\\/author\\\/apfeladmin\"}]}<\/script>\n<!-- \/ Yoast SEO Premium plugin. -->","yoast_head_json":{"title":"iPhone 9: Apple postpones March event Apfelpatient","description":"Apple was originally rumored to have planned an event at the end of March. However, the event has not been officially confirmed.","robots":{"index":"index","follow":"follow","max-snippet":"max-snippet:-1","max-image-preview":"max-image-preview:large","max-video-preview":"max-video-preview:-1"},"canonical":"https:\/\/www.apfelpatient.de\/en\/rumors\/iphone-9-apple-postpones-march-event","og_locale":"en_US","og_type":"article","og_title":"iPhone 9: Apple verschiebt M\u00e4rz-Event","og_description":"Urspr\u00fcnglich hat Apple Ger\u00fcchten zufolge eine Veranstaltung Ende M\u00e4rz geplant. Das Event wurde allerdings nicht offiziell best\u00e4tigt.","og_url":"https:\/\/www.apfelpatient.de\/en\/rumors\/iphone-9-apple-postpones-march-event","og_site_name":"Apfelpatient","article_publisher":"https:\/\/www.facebook.com\/apfelpatientOfficial","article_author":"https:\/\/www.facebook.com\/apfelpatientOfficial","article_published_time":"2020-03-11T00:14:56+00:00","og_image":[{"width":1600,"height":1068,"url":"https:\/\/www.apfelpatient.de\/wp-content\/uploads\/2020\/03\/bigstock-Bangkok-Thailand-November-236271379-1.jpg","type":"image\/jpeg"}],"author":"Milan","twitter_card":"summary_large_image","twitter_description":"Urspr\u00fcnglich hat Apple Ger\u00fcchten zufolge eine Veranstaltung Ende M\u00e4rz geplant. Das Event wurde allerdings nicht offiziell best\u00e4tigt.","twitter_misc":{"Written by":"Milan","Est. reading time":"2 minutes"},"schema":{"@context":"https:\/\/schema.org","@graph":[{"@type":"NewsArticle","@id":"https:\/\/www.apfelpatient.de\/rumors\/iphone-9-apple-verschiebt-maerz-event#article","isPartOf":{"@id":"https:\/\/www.apfelpatient.de\/rumors\/iphone-9-apple-verschiebt-maerz-event"},"author":{"@type":"Organization","@id":"https:\/\/www.apfelpatient.de\/en\/#organization","name":"Apfelpatient","url":"https:\/\/www.apfelpatient.de\/en\/"},"headline":"iPhone 9: Apple verschiebt M\u00e4rz-Event","datePublished":"2020-03-11T00:14:56+00:00","mainEntityOfPage":{"@id":"https:\/\/www.apfelpatient.de\/rumors\/iphone-9-apple-verschiebt-maerz-event"},"wordCount":374,"publisher":{"@type":"Organization","@id":"https:\/\/www.apfelpatient.de\/en\/#organization","name":"Apfelpatient","url":"https:\/\/www.apfelpatient.de\/en\/"},"image":{"@id":"https:\/\/www.apfelpatient.de\/rumors\/iphone-9-apple-verschiebt-maerz-event#primaryimage"},"thumbnailUrl":"https:\/\/www.apfelpatient.de\/wp-content\/uploads\/2020\/03\/bigstock-Bangkok-Thailand-November-236271379-1.jpg","keywords":["Apple Event","China","Coronavirus","iPad","iPad Pro 2020","iPhone","iPhone 9","iPhone SE 2"],"articleSection":"Rumors","inLanguage":"en-US","copyrightYear":"2020","copyrightHolder":{"@id":"https:\/\/www.apfelpatient.de\/en\/#organization"}},{"@type":"WebPage","@id":"https:\/\/www.apfelpatient.de\/rumors\/iphone-9-apple-verschiebt-maerz-event","url":"https:\/\/www.apfelpatient.de\/rumors\/iphone-9-apple-verschiebt-maerz-event","name":"iPhone 9: Apple postpones March event Apfelpatient","isPartOf":{"@id":"https:\/\/www.apfelpatient.de\/#website"},"primaryImageOfPage":{"@id":"https:\/\/www.apfelpatient.de\/rumors\/iphone-9-apple-verschiebt-maerz-event#primaryimage"},"image":{"@id":"https:\/\/www.apfelpatient.de\/rumors\/iphone-9-apple-verschiebt-maerz-event#primaryimage"},"thumbnailUrl":"https:\/\/www.apfelpatient.de\/wp-content\/uploads\/2020\/03\/bigstock-Bangkok-Thailand-November-236271379-1.jpg","datePublished":"2020-03-11T00:14:56+00:00","description":"Apple was originally rumored to have planned an event at the end of March. However, the event has not been officially confirmed.","breadcrumb":{"@id":"https:\/\/www.apfelpatient.de\/rumors\/iphone-9-apple-verschiebt-maerz-event#breadcrumb"},"inLanguage":"en-US","potentialAction":[{"@type":"ReadAction","target":["https:\/\/www.apfelpatient.de\/rumors\/iphone-9-apple-verschiebt-maerz-event"]}]},{"@type":"ImageObject","inLanguage":"en-US","@id":"https:\/\/www.apfelpatient.de\/rumors\/iphone-9-apple-verschiebt-maerz-event#primaryimage","url":"https:\/\/www.apfelpatient.de\/wp-content\/uploads\/2020\/03\/bigstock-Bangkok-Thailand-November-236271379-1.jpg","contentUrl":"https:\/\/www.apfelpatient.de\/wp-content\/uploads\/2020\/03\/bigstock-Bangkok-Thailand-November-236271379-1.jpg","width":1600,"height":1068,"caption":"Bangkok, Thailand - November 19, 2017:Brand new generation of Apple iPhone 8 plus with box isolate on white background. iPhone is most popular of smartphone in the world."},{"@type":"BreadcrumbList","@id":"https:\/\/www.apfelpatient.de\/rumors\/iphone-9-apple-verschiebt-maerz-event#breadcrumb","itemListElement":[{"@type":"ListItem","position":1,"name":"Startseite","item":"https:\/\/www.apfelpatient.de\/"},{"@type":"ListItem","position":2,"name":"iPhone 9: Apple verschiebt M\u00e4rz-Event"}]},{"@type":"WebSite","@id":"https:\/\/www.apfelpatient.de\/#website","url":"https:\/\/www.apfelpatient.de\/","name":"apple patient","description":"Everything about Apple!","publisher":{"@type":"Organization","@id":"https:\/\/www.apfelpatient.de\/en\/#organization","name":"Apfelpatient","url":"https:\/\/www.apfelpatient.de\/en\/"},"alternateName":"Apfelpatient","potentialAction":[{"@type":"SearchAction","target":{"@type":"EntryPoint","urlTemplate":"https:\/\/www.apfelpatient.de\/?s={search_term_string}"},"query-input":{"@type":"PropertyValueSpecification","valueRequired":true,"valueName":"search_term_string"}}],"inLanguage":"en-US"},{"@type":["Person","Organization"],"@id":"https:\/\/www.apfelpatient.de\/#\/schema\/person\/7dc56ad6c8e9824b76d2c08d4c140e13","name":"Milan","logo":{"@id":"https:\/\/www.apfelpatient.de\/#\/schema\/person\/image\/"},"description":"Hello and welcome to my technology blog! As a big Apple fan, I report on everything to do with Apple: from the latest news and exciting rumors to helpful tips and tricks and detailed product tests. If you are as enthusiastic about technology as I am, you have come to the right place!","sameAs":["https:\/\/www.facebook.com\/apfelpatientOfficial","https:\/\/www.linkedin.com\/in\/milan-jovicic-42aa0231b"],"url":"https:\/\/www.apfelpatient.de\/en\/author\/apfeladmin"}]}},"_links":{"self":[{"href":"https:\/\/www.apfelpatient.de\/en\/wp-json\/wp\/v2\/posts\/10725","targetHints":{"allow":["GET"]}}],"collection":[{"href":"https:\/\/www.apfelpatient.de\/en\/wp-json\/wp\/v2\/posts"}],"about":[{"href":"https:\/\/www.apfelpatient.de\/en\/wp-json\/wp\/v2\/types\/post"}],"author":[{"embeddable":true,"href":"https:\/\/www.apfelpatient.de\/en\/wp-json\/wp\/v2\/users\/2"}],"replies":[{"embeddable":true,"href":"https:\/\/www.apfelpatient.de\/en\/wp-json\/wp\/v2\/comments?post=10725"}],"version-history":[{"count":0,"href":"https:\/\/www.apfelpatient.de\/en\/wp-json\/wp\/v2\/posts\/10725\/revisions"}],"wp:featuredmedia":[{"embeddable":true,"href":"https:\/\/www.apfelpatient.de\/en\/wp-json\/wp\/v2\/media\/10724"}],"wp:attachment":[{"href":"https:\/\/www.apfelpatient.de\/en\/wp-json\/wp\/v2\/media?parent=10725"}],"wp:term":[{"taxonomy":"category","embeddable":true,"href":"https:\/\/www.apfelpatient.de\/en\/wp-json\/wp\/v2\/categories?post=10725"},{"taxonomy":"post_tag","embeddable":true,"href":"https:\/\/www.apfelpatient.de\/en\/wp-json\/wp\/v2\/tags?post=10725"}],"curies":[{"name":"wp","href":"https:\/\/api.w.org\/{rel}","templated":true}]}}