{"id":10720,"date":"2020-03-10T19:45:00","date_gmt":"2020-03-10T18:45:00","guid":{"rendered":"https:\/\/www.apfelpatient.de\/?p=10720"},"modified":"2020-03-10T19:45:00","modified_gmt":"2020-03-10T18:45:00","slug":"apple-employee-becomes-infected-with-coronavirus","status":"publish","type":"post","link":"https:\/\/www.apfelpatient.de\/en\/news\/apple-mitarbeiter-infiziert-sich-mit-coronavirus","title":{"rendered":"Apple employee infected with coronavirus"},"content":{"rendered":"<p class=\"has-drop-cap\"><strong>It is now official. An Apple employee on the Apple campus in Cork, Ireland, has been infected with the novel coronavirus.<\/strong><\/p>\n\n\n\n<p>Today, the first Covid-19 infection case at Apple was officially confirmed. The employee is already in quarantine - other colleagues have been asked to stay at home. The next step will be to thoroughly clean the offices. An official statement says:<\/p>\n\n\n\n<blockquote class=\"wp-block-quote is-layout-flow wp-block-quote-is-layout-flow\"><p>One of our staff in Cork has been confirmed to have Covid-19. We are working closely with local health authorities who assess the risk to others as low and the individual remains in self-isolation. As a precautionary measure, we have asked some of our team members to stay at home while we work with the Health and Safety Executive to assess the situation. We continue to carry out regular deep cleaning of all our offices and stores and will take all necessary precautions in line with the advice of health authorities.<\/p><\/blockquote>\n\n\n\n<h3 class=\"wp-block-heading\">Apple Store employees receive unlimited sick leave<\/h3>\n\n\n\n\n\n\n\n<p>In an earlier report, a change to Apple&#039;s new policy regarding the coronavirus was announced. According to this, the company has promised all retail employees unlimited sick leave if they experience Covid-19 symptoms. Those affected do not have to provide a doctor&#039;s note - and their salary will also be paid in full.<\/p>\n\n\n\n<h3 class=\"wp-block-heading\">WWDC 2020 will not take place<\/h3>\n\n\n\n<p>Although Apple has not yet officially cancelled this year&#039;s WWDC (World Wide Developer Conference), there is little hope. The reason is a new ban. After the <a href=\"https:\/\/www.apfelpatient.de\/en\/news\/wwdc-2020-health-guidelines-demand-cancellation\">Santa Clara County<\/a> recently new <a href=\"https:\/\/www.sccgov.org\/sites\/phd\/news\/Pages\/new-guidance-new-covid-19-3-5-2020.aspx\">rules of conduct<\/a> published, a ban has now been issued. Accordingly, no mass gatherings are allowed in the entire district. Since the WWDC has around 5,000 visitors each year, the event falls into this category. It is assumed that Apple will hold the WWDC digitally. Accordingly, there could be a livestream in front of an online audience. However, an official confirmation from Apple is still pending.&nbsp; <em>(Photo by shawn_h \/ Bigstockphoto)<\/em><\/p>\n\n\n\n<ul class=\"wp-block-list\"><li><a href=\"https:\/\/www.apfelpatient.de\/en\/generally\/apple-2020-these-products-could-appear-in-march\">Apple 2020: These products could be released in March<\/a><\/li><li><a href=\"https:\/\/www.apfelpatient.de\/en\/day\/ios-14\">All new features in iOS 14 at a glance<\/a><\/li><\/ul>","protected":false},"excerpt":{"rendered":"<p>It is now official. An Apple employee on the Apple campus in Cork, Ireland, has been infected with the novel coronavirus.<\/p>","protected":false},"author":2,"featured_media":9627,"comment_status":"closed","ping_status":"closed","sticky":false,"template":"","format":"standard","meta":{"jnews-multi-image_gallery":[],"jnews_single_post":{"subtitle":"","format":"standard","video":"","gallery":"","source_name":"","source_url":"","via_name":"","via_url":"","override":[{"single_blog_custom":"","sidebar":"","second_sidebar":"","share_position":"","share_float_style":"","post_date_format":"","post_date_format_custom":"","post_reading_time_wpm":"","zoom_button_out_step":"1","zoom_button_in_step":"1","number_popup_post":"1"}],"image_override":[{"single_post_thumbnail_size":"","single_post_gallery_size":""}],"trending_post_position":"","trending_post_label":""},"jnews_primary_category":{"id":"265"},"footnotes":""},"categories":[9],"tags":[32,376,13,203,320],"class_list":["post-10720","post","type-post","status-publish","format-standard","has-post-thumbnail","hentry","category-news","tag-china","tag-coronavirus","tag-techpatient","tag-wwdc","tag-wwdc-2020"],"yoast_head":"<!-- This site is optimized with the Yoast SEO Premium plugin v27.5 (Yoast SEO v27.5) - https:\/\/yoast.com\/product\/yoast-seo-premium-wordpress\/ -->\n<title>Apple Mitarbeiter infiziert sich mit Coronavirus Apfelpatient<\/title>\n<meta name=\"description\" content=\"Es ist nun offiziell. Ein Apple Mitarbeiter auf dem Apple-Campus in Cork, Irland, hat sich mit dem neuartigen Coronavirus infiziert.\" \/>\n<meta name=\"robots\" content=\"index, follow, max-snippet:-1, max-image-preview:large, max-video-preview:-1\" \/>\n<link rel=\"canonical\" href=\"https:\/\/www.apfelpatient.de\/en\/news\/apple-employee-becomes-infected-with-coronavirus\" \/>\n<meta property=\"og:locale\" content=\"en_US\" \/>\n<meta property=\"og:type\" content=\"article\" \/>\n<meta property=\"og:title\" content=\"Apple Mitarbeiter infiziert sich mit Coronavirus\" \/>\n<meta property=\"og:description\" content=\"Es ist nun offiziell. Ein Apple Mitarbeiter auf dem Apple-Campus in Cork, Irland, hat sich mit dem neuartigen Coronavirus infiziert.\" \/>\n<meta property=\"og:url\" content=\"https:\/\/www.apfelpatient.de\/en\/news\/apple-employee-becomes-infected-with-coronavirus\" \/>\n<meta property=\"og:site_name\" content=\"Apfelpatient\" \/>\n<meta property=\"article:publisher\" content=\"https:\/\/www.facebook.com\/apfelpatientOfficial\" \/>\n<meta property=\"article:author\" content=\"https:\/\/www.facebook.com\/apfelpatientOfficial\" \/>\n<meta property=\"article:published_time\" content=\"2020-03-10T18:45:00+00:00\" \/>\n<meta property=\"og:image\" content=\"https:\/\/www.apfelpatient.de\/wp-content\/uploads\/2020\/01\/bigstock-Flu-Or-Hiv-Coronavirus-Floatin-345771040.jpg\" \/>\n\t<meta property=\"og:image:width\" content=\"1600\" \/>\n\t<meta property=\"og:image:height\" content=\"1067\" \/>\n\t<meta property=\"og:image:type\" content=\"image\/jpeg\" \/>\n<meta name=\"author\" content=\"Milan\" \/>\n<meta name=\"twitter:card\" content=\"summary_large_image\" \/>\n<meta name=\"twitter:description\" content=\"Es ist nun offiziell. Ein Apple Mitarbeiter auf dem Apple-Campus in Cork, Irland, hat sich mit dem neuartigen Coronavirus infiziert.\" \/>\n<meta name=\"twitter:label1\" content=\"Written by\" \/>\n\t<meta name=\"twitter:data1\" content=\"Milan\" \/>\n\t<meta name=\"twitter:label2\" content=\"Est. reading time\" \/>\n\t<meta name=\"twitter:data2\" content=\"2 minutes\" \/>\n<script type=\"application\/ld+json\" class=\"yoast-schema-graph\">{\"@context\":\"https:\\\/\\\/schema.org\",\"@graph\":[{\"@type\":\"NewsArticle\",\"@id\":\"https:\\\/\\\/www.apfelpatient.de\\\/news\\\/apple-mitarbeiter-infiziert-sich-mit-coronavirus#article\",\"isPartOf\":{\"@id\":\"https:\\\/\\\/www.apfelpatient.de\\\/news\\\/apple-mitarbeiter-infiziert-sich-mit-coronavirus\"},\"author\":{\"@type\":\"Organization\",\"@id\":\"https:\\\/\\\/www.apfelpatient.de\\\/en\\\/#organization\",\"name\":\"Apfelpatient\",\"url\":\"https:\\\/\\\/www.apfelpatient.de\\\/en\\\/\"},\"headline\":\"Apple Mitarbeiter infiziert sich mit Coronavirus\",\"datePublished\":\"2020-03-10T18:45:00+00:00\",\"mainEntityOfPage\":{\"@id\":\"https:\\\/\\\/www.apfelpatient.de\\\/news\\\/apple-mitarbeiter-infiziert-sich-mit-coronavirus\"},\"wordCount\":357,\"publisher\":{\"@type\":\"Organization\",\"@id\":\"https:\\\/\\\/www.apfelpatient.de\\\/en\\\/#organization\",\"name\":\"Apfelpatient\",\"url\":\"https:\\\/\\\/www.apfelpatient.de\\\/en\\\/\"},\"image\":{\"@id\":\"https:\\\/\\\/www.apfelpatient.de\\\/news\\\/apple-mitarbeiter-infiziert-sich-mit-coronavirus#primaryimage\"},\"thumbnailUrl\":\"https:\\\/\\\/www.apfelpatient.de\\\/wp-content\\\/uploads\\\/2020\\\/01\\\/bigstock-Flu-Or-Hiv-Coronavirus-Floatin-345771040.jpg\",\"keywords\":[\"China\",\"Coronavirus\",\"TechPatient\",\"WWDC\",\"WWDC 2020\"],\"articleSection\":\"News\",\"inLanguage\":\"en-US\",\"copyrightYear\":\"2020\",\"copyrightHolder\":{\"@id\":\"https:\\\/\\\/www.apfelpatient.de\\\/en\\\/#organization\"}},{\"@type\":\"WebPage\",\"@id\":\"https:\\\/\\\/www.apfelpatient.de\\\/news\\\/apple-mitarbeiter-infiziert-sich-mit-coronavirus\",\"url\":\"https:\\\/\\\/www.apfelpatient.de\\\/news\\\/apple-mitarbeiter-infiziert-sich-mit-coronavirus\",\"name\":\"Apple Mitarbeiter infiziert sich mit Coronavirus Apfelpatient\",\"isPartOf\":{\"@id\":\"https:\\\/\\\/www.apfelpatient.de\\\/#website\"},\"primaryImageOfPage\":{\"@id\":\"https:\\\/\\\/www.apfelpatient.de\\\/news\\\/apple-mitarbeiter-infiziert-sich-mit-coronavirus#primaryimage\"},\"image\":{\"@id\":\"https:\\\/\\\/www.apfelpatient.de\\\/news\\\/apple-mitarbeiter-infiziert-sich-mit-coronavirus#primaryimage\"},\"thumbnailUrl\":\"https:\\\/\\\/www.apfelpatient.de\\\/wp-content\\\/uploads\\\/2020\\\/01\\\/bigstock-Flu-Or-Hiv-Coronavirus-Floatin-345771040.jpg\",\"datePublished\":\"2020-03-10T18:45:00+00:00\",\"description\":\"Es ist nun offiziell. Ein Apple Mitarbeiter auf dem Apple-Campus in Cork, Irland, hat sich mit dem neuartigen Coronavirus infiziert.\",\"breadcrumb\":{\"@id\":\"https:\\\/\\\/www.apfelpatient.de\\\/news\\\/apple-mitarbeiter-infiziert-sich-mit-coronavirus#breadcrumb\"},\"inLanguage\":\"en-US\",\"potentialAction\":[{\"@type\":\"ReadAction\",\"target\":[\"https:\\\/\\\/www.apfelpatient.de\\\/news\\\/apple-mitarbeiter-infiziert-sich-mit-coronavirus\"]}]},{\"@type\":\"ImageObject\",\"inLanguage\":\"en-US\",\"@id\":\"https:\\\/\\\/www.apfelpatient.de\\\/news\\\/apple-mitarbeiter-infiziert-sich-mit-coronavirus#primaryimage\",\"url\":\"https:\\\/\\\/www.apfelpatient.de\\\/wp-content\\\/uploads\\\/2020\\\/01\\\/bigstock-Flu-Or-Hiv-Coronavirus-Floatin-345771040.jpg\",\"contentUrl\":\"https:\\\/\\\/www.apfelpatient.de\\\/wp-content\\\/uploads\\\/2020\\\/01\\\/bigstock-Flu-Or-Hiv-Coronavirus-Floatin-345771040.jpg\",\"width\":1600,\"height\":1067,\"caption\":\"Flu or HIV coronavirus floating in fluid microscopic view, pandemic or virus infection concept - 3D illustration\"},{\"@type\":\"BreadcrumbList\",\"@id\":\"https:\\\/\\\/www.apfelpatient.de\\\/news\\\/apple-mitarbeiter-infiziert-sich-mit-coronavirus#breadcrumb\",\"itemListElement\":[{\"@type\":\"ListItem\",\"position\":1,\"name\":\"Startseite\",\"item\":\"https:\\\/\\\/www.apfelpatient.de\\\/\"},{\"@type\":\"ListItem\",\"position\":2,\"name\":\"Apple Mitarbeiter infiziert sich mit Coronavirus\"}]},{\"@type\":\"WebSite\",\"@id\":\"https:\\\/\\\/www.apfelpatient.de\\\/#website\",\"url\":\"https:\\\/\\\/www.apfelpatient.de\\\/\",\"name\":\"Apfelpatient\",\"description\":\"Alles rund um Apple!\",\"publisher\":{\"@type\":\"Organization\",\"@id\":\"https:\\\/\\\/www.apfelpatient.de\\\/en\\\/#organization\",\"name\":\"Apfelpatient\",\"url\":\"https:\\\/\\\/www.apfelpatient.de\\\/en\\\/\"},\"alternateName\":\"Apfelpatient\",\"potentialAction\":[{\"@type\":\"SearchAction\",\"target\":{\"@type\":\"EntryPoint\",\"urlTemplate\":\"https:\\\/\\\/www.apfelpatient.de\\\/?s={search_term_string}\"},\"query-input\":{\"@type\":\"PropertyValueSpecification\",\"valueRequired\":true,\"valueName\":\"search_term_string\"}}],\"inLanguage\":\"en-US\"},{\"@type\":[\"Person\",\"Organization\"],\"@id\":\"https:\\\/\\\/www.apfelpatient.de\\\/#\\\/schema\\\/person\\\/7dc56ad6c8e9824b76d2c08d4c140e13\",\"name\":\"Milan\",\"logo\":{\"@id\":\"https:\\\/\\\/www.apfelpatient.de\\\/#\\\/schema\\\/person\\\/image\\\/\"},\"description\":\"Hallo und herzlich willkommen auf meinem Technik-Blog! Als gro\u00dfer Apple-Fan berichte ich hier \u00fcber alles, was mit Apple zu tun hat: von den neuesten News und spannenden Ger\u00fcchten \u00fcber hilfreiche Tipps und Tricks bis hin zu ausf\u00fchrlichen Produkttests. Wenn du genauso technikbegeistert bist wie ich, bist du hier genau richtig!\",\"sameAs\":[\"https:\\\/\\\/www.facebook.com\\\/apfelpatientOfficial\",\"https:\\\/\\\/www.linkedin.com\\\/in\\\/milan-jovicic-42aa0231b\"],\"url\":\"https:\\\/\\\/www.apfelpatient.de\\\/en\\\/author\\\/apfeladmin\"}]}<\/script>\n<!-- \/ Yoast SEO Premium plugin. -->","yoast_head_json":{"title":"Apple employee infected with coronavirus Apfelpatient","description":"It is now official. An Apple employee on the Apple campus in Cork, Ireland, has been infected with the novel coronavirus.","robots":{"index":"index","follow":"follow","max-snippet":"max-snippet:-1","max-image-preview":"max-image-preview:large","max-video-preview":"max-video-preview:-1"},"canonical":"https:\/\/www.apfelpatient.de\/en\/news\/apple-employee-becomes-infected-with-coronavirus","og_locale":"en_US","og_type":"article","og_title":"Apple Mitarbeiter infiziert sich mit Coronavirus","og_description":"Es ist nun offiziell. Ein Apple Mitarbeiter auf dem Apple-Campus in Cork, Irland, hat sich mit dem neuartigen Coronavirus infiziert.","og_url":"https:\/\/www.apfelpatient.de\/en\/news\/apple-employee-becomes-infected-with-coronavirus","og_site_name":"Apfelpatient","article_publisher":"https:\/\/www.facebook.com\/apfelpatientOfficial","article_author":"https:\/\/www.facebook.com\/apfelpatientOfficial","article_published_time":"2020-03-10T18:45:00+00:00","og_image":[{"width":1600,"height":1067,"url":"https:\/\/www.apfelpatient.de\/wp-content\/uploads\/2020\/01\/bigstock-Flu-Or-Hiv-Coronavirus-Floatin-345771040.jpg","type":"image\/jpeg"}],"author":"Milan","twitter_card":"summary_large_image","twitter_description":"Es ist nun offiziell. Ein Apple Mitarbeiter auf dem Apple-Campus in Cork, Irland, hat sich mit dem neuartigen Coronavirus infiziert.","twitter_misc":{"Written by":"Milan","Est. reading time":"2 minutes"},"schema":{"@context":"https:\/\/schema.org","@graph":[{"@type":"NewsArticle","@id":"https:\/\/www.apfelpatient.de\/news\/apple-mitarbeiter-infiziert-sich-mit-coronavirus#article","isPartOf":{"@id":"https:\/\/www.apfelpatient.de\/news\/apple-mitarbeiter-infiziert-sich-mit-coronavirus"},"author":{"@type":"Organization","@id":"https:\/\/www.apfelpatient.de\/en\/#organization","name":"Apfelpatient","url":"https:\/\/www.apfelpatient.de\/en\/"},"headline":"Apple Mitarbeiter infiziert sich mit Coronavirus","datePublished":"2020-03-10T18:45:00+00:00","mainEntityOfPage":{"@id":"https:\/\/www.apfelpatient.de\/news\/apple-mitarbeiter-infiziert-sich-mit-coronavirus"},"wordCount":357,"publisher":{"@type":"Organization","@id":"https:\/\/www.apfelpatient.de\/en\/#organization","name":"Apfelpatient","url":"https:\/\/www.apfelpatient.de\/en\/"},"image":{"@id":"https:\/\/www.apfelpatient.de\/news\/apple-mitarbeiter-infiziert-sich-mit-coronavirus#primaryimage"},"thumbnailUrl":"https:\/\/www.apfelpatient.de\/wp-content\/uploads\/2020\/01\/bigstock-Flu-Or-Hiv-Coronavirus-Floatin-345771040.jpg","keywords":["China","Coronavirus","TechPatient","WWDC","WWDC 2020"],"articleSection":"News","inLanguage":"en-US","copyrightYear":"2020","copyrightHolder":{"@id":"https:\/\/www.apfelpatient.de\/en\/#organization"}},{"@type":"WebPage","@id":"https:\/\/www.apfelpatient.de\/news\/apple-mitarbeiter-infiziert-sich-mit-coronavirus","url":"https:\/\/www.apfelpatient.de\/news\/apple-mitarbeiter-infiziert-sich-mit-coronavirus","name":"Apple employee infected with coronavirus Apfelpatient","isPartOf":{"@id":"https:\/\/www.apfelpatient.de\/#website"},"primaryImageOfPage":{"@id":"https:\/\/www.apfelpatient.de\/news\/apple-mitarbeiter-infiziert-sich-mit-coronavirus#primaryimage"},"image":{"@id":"https:\/\/www.apfelpatient.de\/news\/apple-mitarbeiter-infiziert-sich-mit-coronavirus#primaryimage"},"thumbnailUrl":"https:\/\/www.apfelpatient.de\/wp-content\/uploads\/2020\/01\/bigstock-Flu-Or-Hiv-Coronavirus-Floatin-345771040.jpg","datePublished":"2020-03-10T18:45:00+00:00","description":"It is now official. An Apple employee on the Apple campus in Cork, Ireland, has been infected with the novel coronavirus.","breadcrumb":{"@id":"https:\/\/www.apfelpatient.de\/news\/apple-mitarbeiter-infiziert-sich-mit-coronavirus#breadcrumb"},"inLanguage":"en-US","potentialAction":[{"@type":"ReadAction","target":["https:\/\/www.apfelpatient.de\/news\/apple-mitarbeiter-infiziert-sich-mit-coronavirus"]}]},{"@type":"ImageObject","inLanguage":"en-US","@id":"https:\/\/www.apfelpatient.de\/news\/apple-mitarbeiter-infiziert-sich-mit-coronavirus#primaryimage","url":"https:\/\/www.apfelpatient.de\/wp-content\/uploads\/2020\/01\/bigstock-Flu-Or-Hiv-Coronavirus-Floatin-345771040.jpg","contentUrl":"https:\/\/www.apfelpatient.de\/wp-content\/uploads\/2020\/01\/bigstock-Flu-Or-Hiv-Coronavirus-Floatin-345771040.jpg","width":1600,"height":1067,"caption":"Flu or HIV coronavirus floating in fluid microscopic view, pandemic or virus infection concept - 3D illustration"},{"@type":"BreadcrumbList","@id":"https:\/\/www.apfelpatient.de\/news\/apple-mitarbeiter-infiziert-sich-mit-coronavirus#breadcrumb","itemListElement":[{"@type":"ListItem","position":1,"name":"Startseite","item":"https:\/\/www.apfelpatient.de\/"},{"@type":"ListItem","position":2,"name":"Apple Mitarbeiter infiziert sich mit Coronavirus"}]},{"@type":"WebSite","@id":"https:\/\/www.apfelpatient.de\/#website","url":"https:\/\/www.apfelpatient.de\/","name":"apple patient","description":"Everything about Apple!","publisher":{"@type":"Organization","@id":"https:\/\/www.apfelpatient.de\/en\/#organization","name":"Apfelpatient","url":"https:\/\/www.apfelpatient.de\/en\/"},"alternateName":"Apfelpatient","potentialAction":[{"@type":"SearchAction","target":{"@type":"EntryPoint","urlTemplate":"https:\/\/www.apfelpatient.de\/?s={search_term_string}"},"query-input":{"@type":"PropertyValueSpecification","valueRequired":true,"valueName":"search_term_string"}}],"inLanguage":"en-US"},{"@type":["Person","Organization"],"@id":"https:\/\/www.apfelpatient.de\/#\/schema\/person\/7dc56ad6c8e9824b76d2c08d4c140e13","name":"Milan","logo":{"@id":"https:\/\/www.apfelpatient.de\/#\/schema\/person\/image\/"},"description":"Hello and welcome to my technology blog! As a big Apple fan, I report on everything to do with Apple: from the latest news and exciting rumors to helpful tips and tricks and detailed product tests. If you are as enthusiastic about technology as I am, you have come to the right place!","sameAs":["https:\/\/www.facebook.com\/apfelpatientOfficial","https:\/\/www.linkedin.com\/in\/milan-jovicic-42aa0231b"],"url":"https:\/\/www.apfelpatient.de\/en\/author\/apfeladmin"}]}},"_links":{"self":[{"href":"https:\/\/www.apfelpatient.de\/en\/wp-json\/wp\/v2\/posts\/10720","targetHints":{"allow":["GET"]}}],"collection":[{"href":"https:\/\/www.apfelpatient.de\/en\/wp-json\/wp\/v2\/posts"}],"about":[{"href":"https:\/\/www.apfelpatient.de\/en\/wp-json\/wp\/v2\/types\/post"}],"author":[{"embeddable":true,"href":"https:\/\/www.apfelpatient.de\/en\/wp-json\/wp\/v2\/users\/2"}],"replies":[{"embeddable":true,"href":"https:\/\/www.apfelpatient.de\/en\/wp-json\/wp\/v2\/comments?post=10720"}],"version-history":[{"count":0,"href":"https:\/\/www.apfelpatient.de\/en\/wp-json\/wp\/v2\/posts\/10720\/revisions"}],"wp:featuredmedia":[{"embeddable":true,"href":"https:\/\/www.apfelpatient.de\/en\/wp-json\/wp\/v2\/media\/9627"}],"wp:attachment":[{"href":"https:\/\/www.apfelpatient.de\/en\/wp-json\/wp\/v2\/media?parent=10720"}],"wp:term":[{"taxonomy":"category","embeddable":true,"href":"https:\/\/www.apfelpatient.de\/en\/wp-json\/wp\/v2\/categories?post=10720"},{"taxonomy":"post_tag","embeddable":true,"href":"https:\/\/www.apfelpatient.de\/en\/wp-json\/wp\/v2\/tags?post=10720"}],"curies":[{"name":"wp","href":"https:\/\/api.w.org\/{rel}","templated":true}]}}