{"id":1066,"date":"2018-07-13T19:32:47","date_gmt":"2018-07-13T17:32:47","guid":{"rendered":"https:\/\/www.apfelpatient.de\/?p=1066"},"modified":"2025-02-06T07:04:09","modified_gmt":"2025-02-06T06:04:09","slug":"new-macbook-pro-high-quality-price-better-keyboard","status":"publish","type":"post","link":"https:\/\/www.apfelpatient.de\/en\/news\/neues-macbook-pro-hochkaraetiger-preis-bessere-tastatur","title":{"rendered":"New MacBook Pro: Top-class price \u2013 better keyboard?"},"content":{"rendered":"<p><strong>Just yesterday, Apple presented revised MacBook Pros to the surprise of the community. What makes these devices stand out is not only their power but also their price.<\/strong><\/p>\n<p><strong>15\u201d for a lot of money<\/strong><\/p>\n<p>If you order a 15\u201d model with 2 TB of flash memory, maximum computing power and 16 GB of RAM, you pay 5,079 euros \u2013 the same as before. But now the device can also be extremely tuned.<br \/>\nInstead of 16 GB RAM, a whopping 32 GB RAM can be installed for an additional charge of 480 euros. If a 2 TB SSD is not enough for you, you can upgrade the storage to 4 TB - that costs 3,840 euros more. So if you want a fully upgraded MacBook Pro 15\u201d, you will have to shell out 7,959 euros - exactly the same as a Mac Pro with the best hardware.<\/p>\n<p><strong>3rd generation butterfly keyboard<\/strong><\/p>\n<p>According to Apple, the MacBooks will come with a redesigned keyboard for quieter typing. The sound will also be better.<br \/>\nOnly a few selected journalists have already been shown the devices by Apple.<br \/>\nThey say that the typing noises have actually become quieter and a more pleasant sound can be heard when the keys are struck.<\/p>\n<p>Apple did not want to answer the question of whether these third-generation keyboards have become more robust. However, this could also have something to do with the current class action lawsuits regarding the predecessors. So it remains to be seen what future test reports reveal.<\/p>\n<p>&nbsp;<\/p>\n<p><em><strong>More articles\u00a0<\/strong><\/em><\/p>\n<p class=\"entry-title\"><a href=\"https:\/\/www.apfelpatient.de\/en\"><em>These are the top apps of the week for iOS &amp; macOS \u2013 currently discounted<\/em><\/a><\/p>\n<p><a href=\"https:\/\/www.apfelpatient.de\/en\"><em>Click here for the detailed article about the specifications of the new MacBooks<\/em><\/a><\/p>\n<p><a href=\"https:\/\/www.apfelpatient.de\/en\"><em>Problems with the butterfly keyboard\u00a0<\/em><\/a><\/p>\n<p>&nbsp;<\/p>","protected":false},"excerpt":{"rendered":"<p>Erst gestern hat Apple zur \u00dcberraschung der Community \u00fcberarbeitete MacBook Pro\u2019s vorgestellt. Glanz verleiht diesen Ger\u00e4ten nicht nur die Power sondern auch der Preis. 15\u201d f\u00fcr viel Geld Bestellt man ein 15\u201d Modell mit 2 TB Flashspeicher, maximaler Rechenpower und 16 GB Arbeitsspeicher zahlt man 5.079 Euro &#8211; also wie zuvor. Nun l\u00e4sst sich das [&hellip;]<\/p>\n","protected":false},"author":2,"featured_media":1067,"comment_status":"open","ping_status":"open","sticky":false,"template":"","format":"standard","meta":{"jnews-multi-image_gallery":[],"jnews_single_post":[],"jnews_primary_category":[],"footnotes":""},"categories":[75,9],"tags":[55,40,50],"class_list":["post-1066","post","type-post","status-publish","format-standard","has-post-thumbnail","hentry","category-mac","category-news","tag-butterfly-tastatur","tag-mac","tag-macbook-pro"],"yoast_head":"<!-- This site is optimized with the Yoast SEO Premium plugin v27.5 (Yoast SEO v27.5) - https:\/\/yoast.com\/product\/yoast-seo-premium-wordpress\/ -->\n<title>Neues MacBook Pro: Hochkar\u00e4tiger Preis - bessere Tastatur? Apfelpatient<\/title>\n<meta name=\"description\" content=\"Erst gestern hat Apple zur \u00dcberraschung der Community \u00fcberarbeitete MacBook Pro\u2019s vorgestellt. Glanz verleiht diesen Ger\u00e4ten nicht nur die Power sondern\" \/>\n<meta name=\"robots\" content=\"index, follow, max-snippet:-1, max-image-preview:large, max-video-preview:-1\" \/>\n<link rel=\"canonical\" href=\"https:\/\/www.apfelpatient.de\/en\/news\/new-macbook-pro-high-quality-price-better-keyboard\" \/>\n<meta property=\"og:locale\" content=\"en_US\" \/>\n<meta property=\"og:type\" content=\"article\" \/>\n<meta property=\"og:title\" content=\"Neues MacBook Pro: Hochkar\u00e4tiger Preis - bessere Tastatur?\" \/>\n<meta property=\"og:description\" content=\"Erst gestern hat Apple zur \u00dcberraschung der Community \u00fcberarbeitete MacBook Pro\u2019s vorgestellt. Glanz verleiht diesen Ger\u00e4ten nicht nur die Power sondern\" \/>\n<meta property=\"og:url\" content=\"https:\/\/www.apfelpatient.de\/en\/news\/new-macbook-pro-high-quality-price-better-keyboard\" \/>\n<meta property=\"og:site_name\" content=\"Apfelpatient\" \/>\n<meta property=\"article:publisher\" content=\"https:\/\/www.facebook.com\/apfelpatientOfficial\" \/>\n<meta property=\"article:author\" content=\"https:\/\/www.facebook.com\/apfelpatientOfficial\" \/>\n<meta property=\"article:published_time\" content=\"2018-07-13T17:32:47+00:00\" \/>\n<meta property=\"article:modified_time\" content=\"2025-02-06T06:04:09+00:00\" \/>\n<meta property=\"og:image\" content=\"https:\/\/www.apfelpatient.de\/wp-content\/uploads\/2018\/07\/Apple_MacBook_Pro_Update_data_manipulation_simulations_07122018.jpg\" \/>\n\t<meta property=\"og:image:width\" content=\"2400\" \/>\n\t<meta property=\"og:image:height\" content=\"1587\" \/>\n\t<meta property=\"og:image:type\" content=\"image\/jpeg\" \/>\n<meta name=\"author\" content=\"Milan\" \/>\n<meta name=\"twitter:card\" content=\"summary_large_image\" \/>\n<meta name=\"twitter:label1\" content=\"Written by\" \/>\n\t<meta name=\"twitter:data1\" content=\"Milan\" \/>\n\t<meta name=\"twitter:label2\" content=\"Est. reading time\" \/>\n\t<meta name=\"twitter:data2\" content=\"1 minute\" \/>\n<script type=\"application\/ld+json\" class=\"yoast-schema-graph\">{\"@context\":\"https:\\\/\\\/schema.org\",\"@graph\":[{\"@type\":\"NewsArticle\",\"@id\":\"https:\\\/\\\/www.apfelpatient.de\\\/news\\\/neues-macbook-pro-hochkaraetiger-preis-bessere-tastatur#article\",\"isPartOf\":{\"@id\":\"https:\\\/\\\/www.apfelpatient.de\\\/news\\\/neues-macbook-pro-hochkaraetiger-preis-bessere-tastatur\"},\"author\":{\"@type\":\"Organization\",\"@id\":\"https:\\\/\\\/www.apfelpatient.de\\\/en\\\/#organization\",\"name\":\"Apfelpatient\",\"url\":\"https:\\\/\\\/www.apfelpatient.de\\\/en\\\/\"},\"headline\":\"Neues MacBook Pro: Hochkar\u00e4tiger Preis &#8211; bessere Tastatur?\",\"datePublished\":\"2018-07-13T17:32:47+00:00\",\"dateModified\":\"2025-02-06T06:04:09+00:00\",\"mainEntityOfPage\":{\"@id\":\"https:\\\/\\\/www.apfelpatient.de\\\/news\\\/neues-macbook-pro-hochkaraetiger-preis-bessere-tastatur\"},\"wordCount\":260,\"commentCount\":0,\"publisher\":{\"@type\":\"Organization\",\"@id\":\"https:\\\/\\\/www.apfelpatient.de\\\/en\\\/#organization\",\"name\":\"Apfelpatient\",\"url\":\"https:\\\/\\\/www.apfelpatient.de\\\/en\\\/\"},\"image\":{\"@id\":\"https:\\\/\\\/www.apfelpatient.de\\\/news\\\/neues-macbook-pro-hochkaraetiger-preis-bessere-tastatur#primaryimage\"},\"thumbnailUrl\":\"https:\\\/\\\/www.apfelpatient.de\\\/wp-content\\\/uploads\\\/2018\\\/07\\\/Apple_MacBook_Pro_Update_data_manipulation_simulations_07122018.jpg\",\"keywords\":[\"Butterfly-Tastatur\",\"Mac\",\"MacBook Pro\"],\"articleSection\":\"Mac\",\"inLanguage\":\"en-US\",\"potentialAction\":[{\"@type\":\"CommentAction\",\"name\":\"Comment\",\"target\":[\"https:\\\/\\\/www.apfelpatient.de\\\/news\\\/neues-macbook-pro-hochkaraetiger-preis-bessere-tastatur#respond\"]}],\"copyrightYear\":\"2018\",\"copyrightHolder\":{\"@id\":\"https:\\\/\\\/www.apfelpatient.de\\\/en\\\/#organization\"}},{\"@type\":\"WebPage\",\"@id\":\"https:\\\/\\\/www.apfelpatient.de\\\/news\\\/neues-macbook-pro-hochkaraetiger-preis-bessere-tastatur\",\"url\":\"https:\\\/\\\/www.apfelpatient.de\\\/news\\\/neues-macbook-pro-hochkaraetiger-preis-bessere-tastatur\",\"name\":\"Neues MacBook Pro: Hochkar\u00e4tiger Preis - bessere Tastatur? Apfelpatient\",\"isPartOf\":{\"@id\":\"https:\\\/\\\/www.apfelpatient.de\\\/#website\"},\"primaryImageOfPage\":{\"@id\":\"https:\\\/\\\/www.apfelpatient.de\\\/news\\\/neues-macbook-pro-hochkaraetiger-preis-bessere-tastatur#primaryimage\"},\"image\":{\"@id\":\"https:\\\/\\\/www.apfelpatient.de\\\/news\\\/neues-macbook-pro-hochkaraetiger-preis-bessere-tastatur#primaryimage\"},\"thumbnailUrl\":\"https:\\\/\\\/www.apfelpatient.de\\\/wp-content\\\/uploads\\\/2018\\\/07\\\/Apple_MacBook_Pro_Update_data_manipulation_simulations_07122018.jpg\",\"datePublished\":\"2018-07-13T17:32:47+00:00\",\"dateModified\":\"2025-02-06T06:04:09+00:00\",\"description\":\"Erst gestern hat Apple zur \u00dcberraschung der Community \u00fcberarbeitete MacBook Pro\u2019s vorgestellt. Glanz verleiht diesen Ger\u00e4ten nicht nur die Power sondern\",\"breadcrumb\":{\"@id\":\"https:\\\/\\\/www.apfelpatient.de\\\/news\\\/neues-macbook-pro-hochkaraetiger-preis-bessere-tastatur#breadcrumb\"},\"inLanguage\":\"en-US\",\"potentialAction\":[{\"@type\":\"ReadAction\",\"target\":[\"https:\\\/\\\/www.apfelpatient.de\\\/news\\\/neues-macbook-pro-hochkaraetiger-preis-bessere-tastatur\"]}]},{\"@type\":\"ImageObject\",\"inLanguage\":\"en-US\",\"@id\":\"https:\\\/\\\/www.apfelpatient.de\\\/news\\\/neues-macbook-pro-hochkaraetiger-preis-bessere-tastatur#primaryimage\",\"url\":\"https:\\\/\\\/www.apfelpatient.de\\\/wp-content\\\/uploads\\\/2018\\\/07\\\/Apple_MacBook_Pro_Update_data_manipulation_simulations_07122018.jpg\",\"contentUrl\":\"https:\\\/\\\/www.apfelpatient.de\\\/wp-content\\\/uploads\\\/2018\\\/07\\\/Apple_MacBook_Pro_Update_data_manipulation_simulations_07122018.jpg\",\"width\":2400,\"height\":1587,\"caption\":\"Bild: Apple\"},{\"@type\":\"BreadcrumbList\",\"@id\":\"https:\\\/\\\/www.apfelpatient.de\\\/news\\\/neues-macbook-pro-hochkaraetiger-preis-bessere-tastatur#breadcrumb\",\"itemListElement\":[{\"@type\":\"ListItem\",\"position\":1,\"name\":\"Startseite\",\"item\":\"https:\\\/\\\/www.apfelpatient.de\\\/\"},{\"@type\":\"ListItem\",\"position\":2,\"name\":\"Neues MacBook Pro: Hochkar\u00e4tiger Preis &#8211; bessere Tastatur?\"}]},{\"@type\":\"WebSite\",\"@id\":\"https:\\\/\\\/www.apfelpatient.de\\\/#website\",\"url\":\"https:\\\/\\\/www.apfelpatient.de\\\/\",\"name\":\"Apfelpatient\",\"description\":\"Alles rund um Apple!\",\"publisher\":{\"@type\":\"Organization\",\"@id\":\"https:\\\/\\\/www.apfelpatient.de\\\/en\\\/#organization\",\"name\":\"Apfelpatient\",\"url\":\"https:\\\/\\\/www.apfelpatient.de\\\/en\\\/\"},\"alternateName\":\"Apfelpatient\",\"potentialAction\":[{\"@type\":\"SearchAction\",\"target\":{\"@type\":\"EntryPoint\",\"urlTemplate\":\"https:\\\/\\\/www.apfelpatient.de\\\/?s={search_term_string}\"},\"query-input\":{\"@type\":\"PropertyValueSpecification\",\"valueRequired\":true,\"valueName\":\"search_term_string\"}}],\"inLanguage\":\"en-US\"},{\"@type\":[\"Person\",\"Organization\"],\"@id\":\"https:\\\/\\\/www.apfelpatient.de\\\/#\\\/schema\\\/person\\\/7dc56ad6c8e9824b76d2c08d4c140e13\",\"name\":\"Milan\",\"logo\":{\"@id\":\"https:\\\/\\\/www.apfelpatient.de\\\/#\\\/schema\\\/person\\\/image\\\/\"},\"description\":\"Hallo und herzlich willkommen auf meinem Technik-Blog! Als gro\u00dfer Apple-Fan berichte ich hier \u00fcber alles, was mit Apple zu tun hat: von den neuesten News und spannenden Ger\u00fcchten \u00fcber hilfreiche Tipps und Tricks bis hin zu ausf\u00fchrlichen Produkttests. Wenn du genauso technikbegeistert bist wie ich, bist du hier genau richtig!\",\"sameAs\":[\"https:\\\/\\\/www.facebook.com\\\/apfelpatientOfficial\",\"https:\\\/\\\/www.linkedin.com\\\/in\\\/milan-jovicic-42aa0231b\"],\"url\":\"https:\\\/\\\/www.apfelpatient.de\\\/en\\\/author\\\/apfeladmin\"}]}<\/script>\n<!-- \/ Yoast SEO Premium plugin. -->","yoast_head_json":{"title":"New MacBook Pro: Top-class price - better keyboard? Apfelpatient","description":"Just yesterday, Apple presented revised MacBook Pros to the surprise of the community. Shine not only gives these devices power but","robots":{"index":"index","follow":"follow","max-snippet":"max-snippet:-1","max-image-preview":"max-image-preview:large","max-video-preview":"max-video-preview:-1"},"canonical":"https:\/\/www.apfelpatient.de\/en\/news\/new-macbook-pro-high-quality-price-better-keyboard","og_locale":"en_US","og_type":"article","og_title":"Neues MacBook Pro: Hochkar\u00e4tiger Preis - bessere Tastatur?","og_description":"Erst gestern hat Apple zur \u00dcberraschung der Community \u00fcberarbeitete MacBook Pro\u2019s vorgestellt. Glanz verleiht diesen Ger\u00e4ten nicht nur die Power sondern","og_url":"https:\/\/www.apfelpatient.de\/en\/news\/new-macbook-pro-high-quality-price-better-keyboard","og_site_name":"Apfelpatient","article_publisher":"https:\/\/www.facebook.com\/apfelpatientOfficial","article_author":"https:\/\/www.facebook.com\/apfelpatientOfficial","article_published_time":"2018-07-13T17:32:47+00:00","article_modified_time":"2025-02-06T06:04:09+00:00","og_image":[{"width":2400,"height":1587,"url":"https:\/\/www.apfelpatient.de\/wp-content\/uploads\/2018\/07\/Apple_MacBook_Pro_Update_data_manipulation_simulations_07122018.jpg","type":"image\/jpeg"}],"author":"Milan","twitter_card":"summary_large_image","twitter_misc":{"Written by":"Milan","Est. reading time":"1 minute"},"schema":{"@context":"https:\/\/schema.org","@graph":[{"@type":"NewsArticle","@id":"https:\/\/www.apfelpatient.de\/news\/neues-macbook-pro-hochkaraetiger-preis-bessere-tastatur#article","isPartOf":{"@id":"https:\/\/www.apfelpatient.de\/news\/neues-macbook-pro-hochkaraetiger-preis-bessere-tastatur"},"author":{"@type":"Organization","@id":"https:\/\/www.apfelpatient.de\/en\/#organization","name":"Apfelpatient","url":"https:\/\/www.apfelpatient.de\/en\/"},"headline":"Neues MacBook Pro: Hochkar\u00e4tiger Preis &#8211; bessere Tastatur?","datePublished":"2018-07-13T17:32:47+00:00","dateModified":"2025-02-06T06:04:09+00:00","mainEntityOfPage":{"@id":"https:\/\/www.apfelpatient.de\/news\/neues-macbook-pro-hochkaraetiger-preis-bessere-tastatur"},"wordCount":260,"commentCount":0,"publisher":{"@type":"Organization","@id":"https:\/\/www.apfelpatient.de\/en\/#organization","name":"Apfelpatient","url":"https:\/\/www.apfelpatient.de\/en\/"},"image":{"@id":"https:\/\/www.apfelpatient.de\/news\/neues-macbook-pro-hochkaraetiger-preis-bessere-tastatur#primaryimage"},"thumbnailUrl":"https:\/\/www.apfelpatient.de\/wp-content\/uploads\/2018\/07\/Apple_MacBook_Pro_Update_data_manipulation_simulations_07122018.jpg","keywords":["Butterfly-Tastatur","Mac","MacBook Pro"],"articleSection":"Mac","inLanguage":"en-US","potentialAction":[{"@type":"CommentAction","name":"Comment","target":["https:\/\/www.apfelpatient.de\/news\/neues-macbook-pro-hochkaraetiger-preis-bessere-tastatur#respond"]}],"copyrightYear":"2018","copyrightHolder":{"@id":"https:\/\/www.apfelpatient.de\/en\/#organization"}},{"@type":"WebPage","@id":"https:\/\/www.apfelpatient.de\/news\/neues-macbook-pro-hochkaraetiger-preis-bessere-tastatur","url":"https:\/\/www.apfelpatient.de\/news\/neues-macbook-pro-hochkaraetiger-preis-bessere-tastatur","name":"New MacBook Pro: Top-class price - better keyboard? Apfelpatient","isPartOf":{"@id":"https:\/\/www.apfelpatient.de\/#website"},"primaryImageOfPage":{"@id":"https:\/\/www.apfelpatient.de\/news\/neues-macbook-pro-hochkaraetiger-preis-bessere-tastatur#primaryimage"},"image":{"@id":"https:\/\/www.apfelpatient.de\/news\/neues-macbook-pro-hochkaraetiger-preis-bessere-tastatur#primaryimage"},"thumbnailUrl":"https:\/\/www.apfelpatient.de\/wp-content\/uploads\/2018\/07\/Apple_MacBook_Pro_Update_data_manipulation_simulations_07122018.jpg","datePublished":"2018-07-13T17:32:47+00:00","dateModified":"2025-02-06T06:04:09+00:00","description":"Just yesterday, Apple presented revised MacBook Pros to the surprise of the community. Shine not only gives these devices power but","breadcrumb":{"@id":"https:\/\/www.apfelpatient.de\/news\/neues-macbook-pro-hochkaraetiger-preis-bessere-tastatur#breadcrumb"},"inLanguage":"en-US","potentialAction":[{"@type":"ReadAction","target":["https:\/\/www.apfelpatient.de\/news\/neues-macbook-pro-hochkaraetiger-preis-bessere-tastatur"]}]},{"@type":"ImageObject","inLanguage":"en-US","@id":"https:\/\/www.apfelpatient.de\/news\/neues-macbook-pro-hochkaraetiger-preis-bessere-tastatur#primaryimage","url":"https:\/\/www.apfelpatient.de\/wp-content\/uploads\/2018\/07\/Apple_MacBook_Pro_Update_data_manipulation_simulations_07122018.jpg","contentUrl":"https:\/\/www.apfelpatient.de\/wp-content\/uploads\/2018\/07\/Apple_MacBook_Pro_Update_data_manipulation_simulations_07122018.jpg","width":2400,"height":1587,"caption":"Bild: Apple"},{"@type":"BreadcrumbList","@id":"https:\/\/www.apfelpatient.de\/news\/neues-macbook-pro-hochkaraetiger-preis-bessere-tastatur#breadcrumb","itemListElement":[{"@type":"ListItem","position":1,"name":"Startseite","item":"https:\/\/www.apfelpatient.de\/"},{"@type":"ListItem","position":2,"name":"Neues MacBook Pro: Hochkar\u00e4tiger Preis &#8211; bessere Tastatur?"}]},{"@type":"WebSite","@id":"https:\/\/www.apfelpatient.de\/#website","url":"https:\/\/www.apfelpatient.de\/","name":"apple patient","description":"Everything about Apple!","publisher":{"@type":"Organization","@id":"https:\/\/www.apfelpatient.de\/en\/#organization","name":"Apfelpatient","url":"https:\/\/www.apfelpatient.de\/en\/"},"alternateName":"Apfelpatient","potentialAction":[{"@type":"SearchAction","target":{"@type":"EntryPoint","urlTemplate":"https:\/\/www.apfelpatient.de\/?s={search_term_string}"},"query-input":{"@type":"PropertyValueSpecification","valueRequired":true,"valueName":"search_term_string"}}],"inLanguage":"en-US"},{"@type":["Person","Organization"],"@id":"https:\/\/www.apfelpatient.de\/#\/schema\/person\/7dc56ad6c8e9824b76d2c08d4c140e13","name":"Milan","logo":{"@id":"https:\/\/www.apfelpatient.de\/#\/schema\/person\/image\/"},"description":"Hello and welcome to my technology blog! As a big Apple fan, I report on everything to do with Apple: from the latest news and exciting rumors to helpful tips and tricks and detailed product tests. If you are as enthusiastic about technology as I am, you have come to the right place!","sameAs":["https:\/\/www.facebook.com\/apfelpatientOfficial","https:\/\/www.linkedin.com\/in\/milan-jovicic-42aa0231b"],"url":"https:\/\/www.apfelpatient.de\/en\/author\/apfeladmin"}]}},"_links":{"self":[{"href":"https:\/\/www.apfelpatient.de\/en\/wp-json\/wp\/v2\/posts\/1066","targetHints":{"allow":["GET"]}}],"collection":[{"href":"https:\/\/www.apfelpatient.de\/en\/wp-json\/wp\/v2\/posts"}],"about":[{"href":"https:\/\/www.apfelpatient.de\/en\/wp-json\/wp\/v2\/types\/post"}],"author":[{"embeddable":true,"href":"https:\/\/www.apfelpatient.de\/en\/wp-json\/wp\/v2\/users\/2"}],"replies":[{"embeddable":true,"href":"https:\/\/www.apfelpatient.de\/en\/wp-json\/wp\/v2\/comments?post=1066"}],"version-history":[{"count":0,"href":"https:\/\/www.apfelpatient.de\/en\/wp-json\/wp\/v2\/posts\/1066\/revisions"}],"wp:featuredmedia":[{"embeddable":true,"href":"https:\/\/www.apfelpatient.de\/en\/wp-json\/wp\/v2\/media\/1067"}],"wp:attachment":[{"href":"https:\/\/www.apfelpatient.de\/en\/wp-json\/wp\/v2\/media?parent=1066"}],"wp:term":[{"taxonomy":"category","embeddable":true,"href":"https:\/\/www.apfelpatient.de\/en\/wp-json\/wp\/v2\/categories?post=1066"},{"taxonomy":"post_tag","embeddable":true,"href":"https:\/\/www.apfelpatient.de\/en\/wp-json\/wp\/v2\/tags?post=1066"}],"curies":[{"name":"wp","href":"https:\/\/api.w.org\/{rel}","templated":true}]}}