{"id":1059,"date":"2018-07-12T17:00:15","date_gmt":"2018-07-12T15:00:15","guid":{"rendered":"https:\/\/www.apfelpatient.de\/?p=1059"},"modified":"2025-02-06T07:04:01","modified_gmt":"2025-02-06T06:04:01","slug":"the-new-macbook-pro-a-beast","status":"publish","type":"post","link":"https:\/\/www.apfelpatient.de\/en\/news\/das-neue-macbook-pro-ein-biest","title":{"rendered":"The new MacBook Pro \u2013 a beast"},"content":{"rendered":"<p><strong>Yesterday it was still treated as a rumor - today Apple is making it a reality. 32 GB RAM for the MacBook Pro and much more. On Thursday afternoon, Apple sent new MacBook Pro models into the race via press release.<\/strong><\/p>\n<p>&nbsp;<\/p>\n<p><strong>MacBook Pro 15&quot;<\/strong><\/p>\n<p>The new 15-inch model comes with an Intel Core i7 or Core i9 processor and works with Turbo Boost at up to 4.8 GHz. For the first time, these devices have up to 32 GB of DDR4 RAM. Every configuration includes a Radeon Pro graphics card with 4 GB of video memory. Those who need more memory will not have to suffer. An SSD of up to 4 TB can be installed. Thanks to the True Tone screen, better color representation should be guaranteed. The T2 security chip known from the iMac Pro will also be included. This will also make it possible to use the &quot;Hey Siri&quot; function. You should have at least 2800 euros to spare for this.<\/p>\n<p>&nbsp;<\/p>\n<p><strong>MacBook Pro 13&quot;<\/strong><\/p>\n<p>The equipment of the 13-inch model is also impressive. It leaves the factory with a Core i5 or Core i7. The graphics come from Intel, an Iris Plus 655 with 128 MB eDRAM.<\/p>\n<p>If you need more storage, you can add 2 TB to the 13\u201d MacBook Pro.<\/p>\n<p>As with the 15\u201d model, the little brother will also be True Tone capable and will have the T2 chip. The fun starts at 2000 euros.<\/p>\n<p>According to Apple, they are not only faster, but also quieter - and this is due to the revised third-generation keyboard. The devices can be ordered from today. Professional users are very happy.<\/p>\n<p>&quot;<a href=\"https:\/\/www.apfelpatient.de\/en\">These products await us in autumn<\/a>\u201d<\/p>","protected":false},"excerpt":{"rendered":"<p>Gestern wurde es noch als Ger\u00fccht behandelt &#8211; heute macht es Apple wahr. 32 GB RAM f\u00fcr das MacBook Pro und vieles mehr. Am Donnerstagnachmittag schickte Apple per Pressemitteilung neue MacBook-Pro-Modelle ins Rennen. &nbsp; MacBook Pro 15\u201d Das neue 15 Zoll Modell kommt mit einem Intel Core i7 oder Core i9 Prozessor und arbeitet im [&hellip;]<\/p>\n","protected":false},"author":2,"featured_media":1064,"comment_status":"open","ping_status":"open","sticky":false,"template":"","format":"standard","meta":{"jnews-multi-image_gallery":[],"jnews_single_post":[],"jnews_primary_category":[],"footnotes":""},"categories":[9],"tags":[40,50],"class_list":["post-1059","post","type-post","status-publish","format-standard","has-post-thumbnail","hentry","category-news","tag-mac","tag-macbook-pro"],"yoast_head":"<!-- This site is optimized with the Yoast SEO Premium plugin v27.5 (Yoast SEO v27.5) - https:\/\/yoast.com\/product\/yoast-seo-premium-wordpress\/ -->\n<title>Das neue MacBook Pro - ein Biest Apfelpatient<\/title>\n<meta name=\"description\" content=\"Gestern wurde es noch als Ger\u00fccht behandelt - heute macht es Apple wahr. 32 GB RAM f\u00fcr das MacBook Pro und vieles mehr. Am Donnerstagnachmittag schickte\" \/>\n<meta name=\"robots\" content=\"index, follow, max-snippet:-1, max-image-preview:large, max-video-preview:-1\" \/>\n<link rel=\"canonical\" href=\"https:\/\/www.apfelpatient.de\/en\/news\/the-new-macbook-pro-a-beast\" \/>\n<meta property=\"og:locale\" content=\"en_US\" \/>\n<meta property=\"og:type\" content=\"article\" \/>\n<meta property=\"og:title\" content=\"Das neue MacBook Pro - ein Biest\" \/>\n<meta property=\"og:description\" content=\"Gestern wurde es noch als Ger\u00fccht behandelt - heute macht es Apple wahr. 32 GB RAM f\u00fcr das MacBook Pro und vieles mehr. Am Donnerstagnachmittag schickte\" \/>\n<meta property=\"og:url\" content=\"https:\/\/www.apfelpatient.de\/en\/news\/the-new-macbook-pro-a-beast\" \/>\n<meta property=\"og:site_name\" content=\"Apfelpatient\" \/>\n<meta property=\"article:publisher\" content=\"https:\/\/www.facebook.com\/apfelpatientOfficial\" \/>\n<meta property=\"article:author\" content=\"https:\/\/www.facebook.com\/apfelpatientOfficial\" \/>\n<meta property=\"article:published_time\" content=\"2018-07-12T15:00:15+00:00\" \/>\n<meta property=\"article:modified_time\" content=\"2025-02-06T06:04:01+00:00\" \/>\n<meta property=\"og:image\" content=\"https:\/\/www.apfelpatient.de\/wp-content\/uploads\/2018\/07\/1D9D9786-3AE8-4816-8D95-ACC87049A2E8.jpeg\" \/>\n\t<meta property=\"og:image:width\" content=\"1600\" \/>\n\t<meta property=\"og:image:height\" content=\"672\" \/>\n\t<meta property=\"og:image:type\" content=\"image\/jpeg\" \/>\n<meta name=\"author\" content=\"Milan\" \/>\n<meta name=\"twitter:card\" content=\"summary_large_image\" \/>\n<meta name=\"twitter:label1\" content=\"Written by\" \/>\n\t<meta name=\"twitter:data1\" content=\"Milan\" \/>\n\t<meta name=\"twitter:label2\" content=\"Est. reading time\" \/>\n\t<meta name=\"twitter:data2\" content=\"1 minute\" \/>\n<script type=\"application\/ld+json\" class=\"yoast-schema-graph\">{\"@context\":\"https:\\\/\\\/schema.org\",\"@graph\":[{\"@type\":\"NewsArticle\",\"@id\":\"https:\\\/\\\/www.apfelpatient.de\\\/news\\\/das-neue-macbook-pro-ein-biest#article\",\"isPartOf\":{\"@id\":\"https:\\\/\\\/www.apfelpatient.de\\\/news\\\/das-neue-macbook-pro-ein-biest\"},\"author\":{\"@type\":\"Organization\",\"@id\":\"https:\\\/\\\/www.apfelpatient.de\\\/en\\\/#organization\",\"name\":\"Apfelpatient\",\"url\":\"https:\\\/\\\/www.apfelpatient.de\\\/en\\\/\"},\"headline\":\"Das neue MacBook Pro &#8211; ein Biest\",\"datePublished\":\"2018-07-12T15:00:15+00:00\",\"dateModified\":\"2025-02-06T06:04:01+00:00\",\"mainEntityOfPage\":{\"@id\":\"https:\\\/\\\/www.apfelpatient.de\\\/news\\\/das-neue-macbook-pro-ein-biest\"},\"wordCount\":268,\"commentCount\":0,\"publisher\":{\"@type\":\"Organization\",\"@id\":\"https:\\\/\\\/www.apfelpatient.de\\\/en\\\/#organization\",\"name\":\"Apfelpatient\",\"url\":\"https:\\\/\\\/www.apfelpatient.de\\\/en\\\/\"},\"image\":{\"@id\":\"https:\\\/\\\/www.apfelpatient.de\\\/news\\\/das-neue-macbook-pro-ein-biest#primaryimage\"},\"thumbnailUrl\":\"https:\\\/\\\/www.apfelpatient.de\\\/wp-content\\\/uploads\\\/2018\\\/07\\\/1D9D9786-3AE8-4816-8D95-ACC87049A2E8.jpeg\",\"keywords\":[\"Mac\",\"MacBook Pro\"],\"articleSection\":\"News\",\"inLanguage\":\"en-US\",\"potentialAction\":[{\"@type\":\"CommentAction\",\"name\":\"Comment\",\"target\":[\"https:\\\/\\\/www.apfelpatient.de\\\/news\\\/das-neue-macbook-pro-ein-biest#respond\"]}],\"copyrightYear\":\"2018\",\"copyrightHolder\":{\"@id\":\"https:\\\/\\\/www.apfelpatient.de\\\/en\\\/#organization\"}},{\"@type\":\"WebPage\",\"@id\":\"https:\\\/\\\/www.apfelpatient.de\\\/news\\\/das-neue-macbook-pro-ein-biest\",\"url\":\"https:\\\/\\\/www.apfelpatient.de\\\/news\\\/das-neue-macbook-pro-ein-biest\",\"name\":\"Das neue MacBook Pro - ein Biest Apfelpatient\",\"isPartOf\":{\"@id\":\"https:\\\/\\\/www.apfelpatient.de\\\/#website\"},\"primaryImageOfPage\":{\"@id\":\"https:\\\/\\\/www.apfelpatient.de\\\/news\\\/das-neue-macbook-pro-ein-biest#primaryimage\"},\"image\":{\"@id\":\"https:\\\/\\\/www.apfelpatient.de\\\/news\\\/das-neue-macbook-pro-ein-biest#primaryimage\"},\"thumbnailUrl\":\"https:\\\/\\\/www.apfelpatient.de\\\/wp-content\\\/uploads\\\/2018\\\/07\\\/1D9D9786-3AE8-4816-8D95-ACC87049A2E8.jpeg\",\"datePublished\":\"2018-07-12T15:00:15+00:00\",\"dateModified\":\"2025-02-06T06:04:01+00:00\",\"description\":\"Gestern wurde es noch als Ger\u00fccht behandelt - heute macht es Apple wahr. 32 GB RAM f\u00fcr das MacBook Pro und vieles mehr. Am Donnerstagnachmittag schickte\",\"breadcrumb\":{\"@id\":\"https:\\\/\\\/www.apfelpatient.de\\\/news\\\/das-neue-macbook-pro-ein-biest#breadcrumb\"},\"inLanguage\":\"en-US\",\"potentialAction\":[{\"@type\":\"ReadAction\",\"target\":[\"https:\\\/\\\/www.apfelpatient.de\\\/news\\\/das-neue-macbook-pro-ein-biest\"]}]},{\"@type\":\"ImageObject\",\"inLanguage\":\"en-US\",\"@id\":\"https:\\\/\\\/www.apfelpatient.de\\\/news\\\/das-neue-macbook-pro-ein-biest#primaryimage\",\"url\":\"https:\\\/\\\/www.apfelpatient.de\\\/wp-content\\\/uploads\\\/2018\\\/07\\\/1D9D9786-3AE8-4816-8D95-ACC87049A2E8.jpeg\",\"contentUrl\":\"https:\\\/\\\/www.apfelpatient.de\\\/wp-content\\\/uploads\\\/2018\\\/07\\\/1D9D9786-3AE8-4816-8D95-ACC87049A2E8.jpeg\",\"width\":1600,\"height\":672,\"caption\":\"Bild: Apple\"},{\"@type\":\"BreadcrumbList\",\"@id\":\"https:\\\/\\\/www.apfelpatient.de\\\/news\\\/das-neue-macbook-pro-ein-biest#breadcrumb\",\"itemListElement\":[{\"@type\":\"ListItem\",\"position\":1,\"name\":\"Startseite\",\"item\":\"https:\\\/\\\/www.apfelpatient.de\\\/\"},{\"@type\":\"ListItem\",\"position\":2,\"name\":\"Das neue MacBook Pro &#8211; ein Biest\"}]},{\"@type\":\"WebSite\",\"@id\":\"https:\\\/\\\/www.apfelpatient.de\\\/#website\",\"url\":\"https:\\\/\\\/www.apfelpatient.de\\\/\",\"name\":\"Apfelpatient\",\"description\":\"Alles rund um Apple!\",\"publisher\":{\"@type\":\"Organization\",\"@id\":\"https:\\\/\\\/www.apfelpatient.de\\\/en\\\/#organization\",\"name\":\"Apfelpatient\",\"url\":\"https:\\\/\\\/www.apfelpatient.de\\\/en\\\/\"},\"alternateName\":\"Apfelpatient\",\"potentialAction\":[{\"@type\":\"SearchAction\",\"target\":{\"@type\":\"EntryPoint\",\"urlTemplate\":\"https:\\\/\\\/www.apfelpatient.de\\\/?s={search_term_string}\"},\"query-input\":{\"@type\":\"PropertyValueSpecification\",\"valueRequired\":true,\"valueName\":\"search_term_string\"}}],\"inLanguage\":\"en-US\"},{\"@type\":[\"Person\",\"Organization\"],\"@id\":\"https:\\\/\\\/www.apfelpatient.de\\\/#\\\/schema\\\/person\\\/7dc56ad6c8e9824b76d2c08d4c140e13\",\"name\":\"Milan\",\"logo\":{\"@id\":\"https:\\\/\\\/www.apfelpatient.de\\\/#\\\/schema\\\/person\\\/image\\\/\"},\"description\":\"Hallo und herzlich willkommen auf meinem Technik-Blog! Als gro\u00dfer Apple-Fan berichte ich hier \u00fcber alles, was mit Apple zu tun hat: von den neuesten News und spannenden Ger\u00fcchten \u00fcber hilfreiche Tipps und Tricks bis hin zu ausf\u00fchrlichen Produkttests. Wenn du genauso technikbegeistert bist wie ich, bist du hier genau richtig!\",\"sameAs\":[\"https:\\\/\\\/www.facebook.com\\\/apfelpatientOfficial\",\"https:\\\/\\\/www.linkedin.com\\\/in\\\/milan-jovicic-42aa0231b\"],\"url\":\"https:\\\/\\\/www.apfelpatient.de\\\/en\\\/author\\\/apfeladmin\"}]}<\/script>\n<!-- \/ Yoast SEO Premium plugin. -->","yoast_head_json":{"title":"The new MacBook Pro - a beast Apfelpatient","description":"Yesterday it was still treated as a rumor - today Apple is making it a reality. 32 GB RAM for the MacBook Pro and much more. On Thursday afternoon,","robots":{"index":"index","follow":"follow","max-snippet":"max-snippet:-1","max-image-preview":"max-image-preview:large","max-video-preview":"max-video-preview:-1"},"canonical":"https:\/\/www.apfelpatient.de\/en\/news\/the-new-macbook-pro-a-beast","og_locale":"en_US","og_type":"article","og_title":"Das neue MacBook Pro - ein Biest","og_description":"Gestern wurde es noch als Ger\u00fccht behandelt - heute macht es Apple wahr. 32 GB RAM f\u00fcr das MacBook Pro und vieles mehr. Am Donnerstagnachmittag schickte","og_url":"https:\/\/www.apfelpatient.de\/en\/news\/the-new-macbook-pro-a-beast","og_site_name":"Apfelpatient","article_publisher":"https:\/\/www.facebook.com\/apfelpatientOfficial","article_author":"https:\/\/www.facebook.com\/apfelpatientOfficial","article_published_time":"2018-07-12T15:00:15+00:00","article_modified_time":"2025-02-06T06:04:01+00:00","og_image":[{"width":1600,"height":672,"url":"https:\/\/www.apfelpatient.de\/wp-content\/uploads\/2018\/07\/1D9D9786-3AE8-4816-8D95-ACC87049A2E8.jpeg","type":"image\/jpeg"}],"author":"Milan","twitter_card":"summary_large_image","twitter_misc":{"Written by":"Milan","Est. reading time":"1 minute"},"schema":{"@context":"https:\/\/schema.org","@graph":[{"@type":"NewsArticle","@id":"https:\/\/www.apfelpatient.de\/news\/das-neue-macbook-pro-ein-biest#article","isPartOf":{"@id":"https:\/\/www.apfelpatient.de\/news\/das-neue-macbook-pro-ein-biest"},"author":{"@type":"Organization","@id":"https:\/\/www.apfelpatient.de\/en\/#organization","name":"Apfelpatient","url":"https:\/\/www.apfelpatient.de\/en\/"},"headline":"Das neue MacBook Pro &#8211; ein Biest","datePublished":"2018-07-12T15:00:15+00:00","dateModified":"2025-02-06T06:04:01+00:00","mainEntityOfPage":{"@id":"https:\/\/www.apfelpatient.de\/news\/das-neue-macbook-pro-ein-biest"},"wordCount":268,"commentCount":0,"publisher":{"@type":"Organization","@id":"https:\/\/www.apfelpatient.de\/en\/#organization","name":"Apfelpatient","url":"https:\/\/www.apfelpatient.de\/en\/"},"image":{"@id":"https:\/\/www.apfelpatient.de\/news\/das-neue-macbook-pro-ein-biest#primaryimage"},"thumbnailUrl":"https:\/\/www.apfelpatient.de\/wp-content\/uploads\/2018\/07\/1D9D9786-3AE8-4816-8D95-ACC87049A2E8.jpeg","keywords":["Mac","MacBook Pro"],"articleSection":"News","inLanguage":"en-US","potentialAction":[{"@type":"CommentAction","name":"Comment","target":["https:\/\/www.apfelpatient.de\/news\/das-neue-macbook-pro-ein-biest#respond"]}],"copyrightYear":"2018","copyrightHolder":{"@id":"https:\/\/www.apfelpatient.de\/en\/#organization"}},{"@type":"WebPage","@id":"https:\/\/www.apfelpatient.de\/news\/das-neue-macbook-pro-ein-biest","url":"https:\/\/www.apfelpatient.de\/news\/das-neue-macbook-pro-ein-biest","name":"The new MacBook Pro - a beast Apfelpatient","isPartOf":{"@id":"https:\/\/www.apfelpatient.de\/#website"},"primaryImageOfPage":{"@id":"https:\/\/www.apfelpatient.de\/news\/das-neue-macbook-pro-ein-biest#primaryimage"},"image":{"@id":"https:\/\/www.apfelpatient.de\/news\/das-neue-macbook-pro-ein-biest#primaryimage"},"thumbnailUrl":"https:\/\/www.apfelpatient.de\/wp-content\/uploads\/2018\/07\/1D9D9786-3AE8-4816-8D95-ACC87049A2E8.jpeg","datePublished":"2018-07-12T15:00:15+00:00","dateModified":"2025-02-06T06:04:01+00:00","description":"Yesterday it was still treated as a rumor - today Apple is making it a reality. 32 GB RAM for the MacBook Pro and much more. On Thursday afternoon,","breadcrumb":{"@id":"https:\/\/www.apfelpatient.de\/news\/das-neue-macbook-pro-ein-biest#breadcrumb"},"inLanguage":"en-US","potentialAction":[{"@type":"ReadAction","target":["https:\/\/www.apfelpatient.de\/news\/das-neue-macbook-pro-ein-biest"]}]},{"@type":"ImageObject","inLanguage":"en-US","@id":"https:\/\/www.apfelpatient.de\/news\/das-neue-macbook-pro-ein-biest#primaryimage","url":"https:\/\/www.apfelpatient.de\/wp-content\/uploads\/2018\/07\/1D9D9786-3AE8-4816-8D95-ACC87049A2E8.jpeg","contentUrl":"https:\/\/www.apfelpatient.de\/wp-content\/uploads\/2018\/07\/1D9D9786-3AE8-4816-8D95-ACC87049A2E8.jpeg","width":1600,"height":672,"caption":"Bild: Apple"},{"@type":"BreadcrumbList","@id":"https:\/\/www.apfelpatient.de\/news\/das-neue-macbook-pro-ein-biest#breadcrumb","itemListElement":[{"@type":"ListItem","position":1,"name":"Startseite","item":"https:\/\/www.apfelpatient.de\/"},{"@type":"ListItem","position":2,"name":"Das neue MacBook Pro &#8211; ein Biest"}]},{"@type":"WebSite","@id":"https:\/\/www.apfelpatient.de\/#website","url":"https:\/\/www.apfelpatient.de\/","name":"apple patient","description":"Everything about Apple!","publisher":{"@type":"Organization","@id":"https:\/\/www.apfelpatient.de\/en\/#organization","name":"Apfelpatient","url":"https:\/\/www.apfelpatient.de\/en\/"},"alternateName":"Apfelpatient","potentialAction":[{"@type":"SearchAction","target":{"@type":"EntryPoint","urlTemplate":"https:\/\/www.apfelpatient.de\/?s={search_term_string}"},"query-input":{"@type":"PropertyValueSpecification","valueRequired":true,"valueName":"search_term_string"}}],"inLanguage":"en-US"},{"@type":["Person","Organization"],"@id":"https:\/\/www.apfelpatient.de\/#\/schema\/person\/7dc56ad6c8e9824b76d2c08d4c140e13","name":"Milan","logo":{"@id":"https:\/\/www.apfelpatient.de\/#\/schema\/person\/image\/"},"description":"Hello and welcome to my technology blog! As a big Apple fan, I report on everything to do with Apple: from the latest news and exciting rumors to helpful tips and tricks and detailed product tests. If you are as enthusiastic about technology as I am, you have come to the right place!","sameAs":["https:\/\/www.facebook.com\/apfelpatientOfficial","https:\/\/www.linkedin.com\/in\/milan-jovicic-42aa0231b"],"url":"https:\/\/www.apfelpatient.de\/en\/author\/apfeladmin"}]}},"_links":{"self":[{"href":"https:\/\/www.apfelpatient.de\/en\/wp-json\/wp\/v2\/posts\/1059","targetHints":{"allow":["GET"]}}],"collection":[{"href":"https:\/\/www.apfelpatient.de\/en\/wp-json\/wp\/v2\/posts"}],"about":[{"href":"https:\/\/www.apfelpatient.de\/en\/wp-json\/wp\/v2\/types\/post"}],"author":[{"embeddable":true,"href":"https:\/\/www.apfelpatient.de\/en\/wp-json\/wp\/v2\/users\/2"}],"replies":[{"embeddable":true,"href":"https:\/\/www.apfelpatient.de\/en\/wp-json\/wp\/v2\/comments?post=1059"}],"version-history":[{"count":0,"href":"https:\/\/www.apfelpatient.de\/en\/wp-json\/wp\/v2\/posts\/1059\/revisions"}],"wp:featuredmedia":[{"embeddable":true,"href":"https:\/\/www.apfelpatient.de\/en\/wp-json\/wp\/v2\/media\/1064"}],"wp:attachment":[{"href":"https:\/\/www.apfelpatient.de\/en\/wp-json\/wp\/v2\/media?parent=1059"}],"wp:term":[{"taxonomy":"category","embeddable":true,"href":"https:\/\/www.apfelpatient.de\/en\/wp-json\/wp\/v2\/categories?post=1059"},{"taxonomy":"post_tag","embeddable":true,"href":"https:\/\/www.apfelpatient.de\/en\/wp-json\/wp\/v2\/tags?post=1059"}],"curies":[{"name":"wp","href":"https:\/\/api.w.org\/{rel}","templated":true}]}}