{"id":1051,"date":"2018-07-12T13:09:14","date_gmt":"2018-07-12T11:09:14","guid":{"rendered":"https:\/\/www.apfelpatient.de\/?p=1051"},"modified":"2025-04-11T09:15:28","modified_gmt":"2025-04-11T07:15:28","slug":"affinity-designer-new-for-the-ipad","status":"publish","type":"post","link":"https:\/\/www.apfelpatient.de\/en\/ipad\/affinity-designer-neu-fuer-das-ipad","title":{"rendered":"Affinity Designer: New for the iPad"},"content":{"rendered":"<p><strong>Serif\u2019s illustration tool Affinity Designer is now available for the iPad.<\/strong><\/p>\n<p>Among other things, it is possible to create vector graphics \u2013 the Apple Pencil can of course also be used.<\/p>\n<p>All important formats such as EPS, PSD, SVG, EXR, TIFF, GIF, JPEG, PNG, HDR and even PDF are directly supported \u2013 including CMYK and color management for professional prints.<\/p>\n<p>The iPad version can be synchronized with the desktop version \u2013 this guarantees a seamless transition when working.<\/p>\n<p>You can also use Affinity Designer to produce bitmap images and switch between formats.<br \/>\nThere are 100 different brushes and fonts included, and it is also possible to use up to 22 layers simultaneously. High performance should be guaranteed thanks to the support of Apple&#039;s Metal graphics layer.<\/p>\n<p>Serif has decided against a subscription and is offering the app for a one-off payment; currently even cheaper. Affinity Designer is currently available for \u20ac15. The Mac version currently costs \u20ac39.<\/p>\n<p><strong><em>To the iPad version<\/em><\/strong><br \/>\n<strong><em>To the Mac version<\/em><\/strong><\/p>","protected":false},"excerpt":{"rendered":"<p>Das Illustrationswerkzeug Affinity Designer von Serif gibt es nun f\u00fcr das iPad. M\u00f6glich ist unter anderem das Erstellen von Vektorgrafiken &#8211; der Apple Pencil kann selbstverst\u00e4ndlich auch eingesetzt werden. Es werden alle wichtigen Formate wie EPS, PSD, SVG, EXR, TIFF, GIF, JPEG, PNG, HDR und sogar PDF direkt unterst\u00fctzt \u2013 auch CMYK und Farbmanagement f\u00fcr [&hellip;]<\/p>\n","protected":false},"author":2,"featured_media":1052,"comment_status":"open","ping_status":"open","sticky":false,"template":"","format":"standard","meta":{"jnews-multi-image_gallery":[],"jnews_single_post":{"format":"standard"},"jnews_primary_category":[],"footnotes":""},"categories":[74],"tags":[18,33],"class_list":["post-1051","post","type-post","status-publish","format-standard","has-post-thumbnail","hentry","category-ipad","tag-ipad","tag-ipados"],"yoast_head":"<!-- This site is optimized with the Yoast SEO Premium plugin v27.5 (Yoast SEO v27.5) - https:\/\/yoast.com\/product\/yoast-seo-premium-wordpress\/ -->\n<title>Affinity Designer: Neu f\u00fcr das iPad Apfelpatient<\/title>\n<meta name=\"description\" content=\"Das Illustrationswerkzeug Affinity Designer von Serif gibt es nun f\u00fcr das iPad. M\u00f6glich ist unter anderem das Erstellen von Vektorgrafiken - der Apple\" \/>\n<meta name=\"robots\" content=\"index, follow, max-snippet:-1, max-image-preview:large, max-video-preview:-1\" \/>\n<link rel=\"canonical\" href=\"https:\/\/www.apfelpatient.de\/en\/ipad\/affinity-designer-new-for-the-ipad\" \/>\n<meta property=\"og:locale\" content=\"en_US\" \/>\n<meta property=\"og:type\" content=\"article\" \/>\n<meta property=\"og:title\" content=\"Affinity Designer: Neu f\u00fcr das iPad\" \/>\n<meta property=\"og:description\" content=\"Das Illustrationswerkzeug Affinity Designer von Serif gibt es nun f\u00fcr das iPad. M\u00f6glich ist unter anderem das Erstellen von Vektorgrafiken - der Apple\" \/>\n<meta property=\"og:url\" content=\"https:\/\/www.apfelpatient.de\/en\/ipad\/affinity-designer-new-for-the-ipad\" \/>\n<meta property=\"og:site_name\" content=\"Apfelpatient\" \/>\n<meta property=\"article:publisher\" content=\"https:\/\/www.facebook.com\/apfelpatientOfficial\" \/>\n<meta property=\"article:author\" content=\"https:\/\/www.facebook.com\/apfelpatientOfficial\" \/>\n<meta property=\"article:published_time\" content=\"2018-07-12T11:09:14+00:00\" \/>\n<meta property=\"article:modified_time\" content=\"2025-04-11T07:15:28+00:00\" \/>\n<meta property=\"og:image\" content=\"https:\/\/www.apfelpatient.de\/wp-content\/uploads\/2018\/07\/Layered-Compositions-in-device.png\" \/>\n\t<meta property=\"og:image:width\" content=\"1224\" \/>\n\t<meta property=\"og:image:height\" content=\"915\" \/>\n\t<meta property=\"og:image:type\" content=\"image\/png\" \/>\n<meta name=\"author\" content=\"Milan\" \/>\n<meta name=\"twitter:card\" content=\"summary_large_image\" \/>\n<meta name=\"twitter:label1\" content=\"Written by\" \/>\n\t<meta name=\"twitter:data1\" content=\"Milan\" \/>\n\t<meta name=\"twitter:label2\" content=\"Est. reading time\" \/>\n\t<meta name=\"twitter:data2\" content=\"2 minutes\" \/>\n<script type=\"application\/ld+json\" class=\"yoast-schema-graph\">{\"@context\":\"https:\\\/\\\/schema.org\",\"@graph\":[{\"@type\":\"NewsArticle\",\"@id\":\"https:\\\/\\\/www.apfelpatient.de\\\/ipad\\\/affinity-designer-neu-fuer-das-ipad#article\",\"isPartOf\":{\"@id\":\"https:\\\/\\\/www.apfelpatient.de\\\/ipad\\\/affinity-designer-neu-fuer-das-ipad\"},\"author\":{\"@type\":\"Organization\",\"@id\":\"https:\\\/\\\/www.apfelpatient.de\\\/en\\\/#organization\",\"name\":\"Apfelpatient\",\"url\":\"https:\\\/\\\/www.apfelpatient.de\\\/en\\\/\"},\"headline\":\"Affinity Designer: Neu f\u00fcr das iPad\",\"datePublished\":\"2018-07-12T11:09:14+00:00\",\"dateModified\":\"2025-04-11T07:15:28+00:00\",\"mainEntityOfPage\":{\"@id\":\"https:\\\/\\\/www.apfelpatient.de\\\/ipad\\\/affinity-designer-neu-fuer-das-ipad\"},\"wordCount\":174,\"commentCount\":0,\"publisher\":{\"@type\":\"Organization\",\"@id\":\"https:\\\/\\\/www.apfelpatient.de\\\/en\\\/#organization\",\"name\":\"Apfelpatient\",\"url\":\"https:\\\/\\\/www.apfelpatient.de\\\/en\\\/\"},\"image\":{\"@id\":\"https:\\\/\\\/www.apfelpatient.de\\\/ipad\\\/affinity-designer-neu-fuer-das-ipad#primaryimage\"},\"thumbnailUrl\":\"https:\\\/\\\/www.apfelpatient.de\\\/wp-content\\\/uploads\\\/2018\\\/07\\\/Layered-Compositions-in-device.png\",\"keywords\":[\"iPad\",\"iPadOS\"],\"articleSection\":\"iPad\",\"inLanguage\":\"en-US\",\"potentialAction\":[{\"@type\":\"CommentAction\",\"name\":\"Comment\",\"target\":[\"https:\\\/\\\/www.apfelpatient.de\\\/ipad\\\/affinity-designer-neu-fuer-das-ipad#respond\"]}],\"copyrightYear\":\"2018\",\"copyrightHolder\":{\"@id\":\"https:\\\/\\\/www.apfelpatient.de\\\/en\\\/#organization\"}},{\"@type\":\"WebPage\",\"@id\":\"https:\\\/\\\/www.apfelpatient.de\\\/ipad\\\/affinity-designer-neu-fuer-das-ipad\",\"url\":\"https:\\\/\\\/www.apfelpatient.de\\\/ipad\\\/affinity-designer-neu-fuer-das-ipad\",\"name\":\"Affinity Designer: Neu f\u00fcr das iPad Apfelpatient\",\"isPartOf\":{\"@id\":\"https:\\\/\\\/www.apfelpatient.de\\\/#website\"},\"primaryImageOfPage\":{\"@id\":\"https:\\\/\\\/www.apfelpatient.de\\\/ipad\\\/affinity-designer-neu-fuer-das-ipad#primaryimage\"},\"image\":{\"@id\":\"https:\\\/\\\/www.apfelpatient.de\\\/ipad\\\/affinity-designer-neu-fuer-das-ipad#primaryimage\"},\"thumbnailUrl\":\"https:\\\/\\\/www.apfelpatient.de\\\/wp-content\\\/uploads\\\/2018\\\/07\\\/Layered-Compositions-in-device.png\",\"datePublished\":\"2018-07-12T11:09:14+00:00\",\"dateModified\":\"2025-04-11T07:15:28+00:00\",\"description\":\"Das Illustrationswerkzeug Affinity Designer von Serif gibt es nun f\u00fcr das iPad. M\u00f6glich ist unter anderem das Erstellen von Vektorgrafiken - der Apple\",\"breadcrumb\":{\"@id\":\"https:\\\/\\\/www.apfelpatient.de\\\/ipad\\\/affinity-designer-neu-fuer-das-ipad#breadcrumb\"},\"inLanguage\":\"en-US\",\"potentialAction\":[{\"@type\":\"ReadAction\",\"target\":[\"https:\\\/\\\/www.apfelpatient.de\\\/ipad\\\/affinity-designer-neu-fuer-das-ipad\"]}]},{\"@type\":\"ImageObject\",\"inLanguage\":\"en-US\",\"@id\":\"https:\\\/\\\/www.apfelpatient.de\\\/ipad\\\/affinity-designer-neu-fuer-das-ipad#primaryimage\",\"url\":\"https:\\\/\\\/www.apfelpatient.de\\\/wp-content\\\/uploads\\\/2018\\\/07\\\/Layered-Compositions-in-device.png\",\"contentUrl\":\"https:\\\/\\\/www.apfelpatient.de\\\/wp-content\\\/uploads\\\/2018\\\/07\\\/Layered-Compositions-in-device.png\",\"width\":1224,\"height\":915},{\"@type\":\"BreadcrumbList\",\"@id\":\"https:\\\/\\\/www.apfelpatient.de\\\/ipad\\\/affinity-designer-neu-fuer-das-ipad#breadcrumb\",\"itemListElement\":[{\"@type\":\"ListItem\",\"position\":1,\"name\":\"Startseite\",\"item\":\"https:\\\/\\\/www.apfelpatient.de\\\/\"},{\"@type\":\"ListItem\",\"position\":2,\"name\":\"Affinity Designer: Neu f\u00fcr das iPad\"}]},{\"@type\":\"WebSite\",\"@id\":\"https:\\\/\\\/www.apfelpatient.de\\\/#website\",\"url\":\"https:\\\/\\\/www.apfelpatient.de\\\/\",\"name\":\"Apfelpatient\",\"description\":\"Alles rund um Apple!\",\"publisher\":{\"@type\":\"Organization\",\"@id\":\"https:\\\/\\\/www.apfelpatient.de\\\/en\\\/#organization\",\"name\":\"Apfelpatient\",\"url\":\"https:\\\/\\\/www.apfelpatient.de\\\/en\\\/\"},\"alternateName\":\"Apfelpatient\",\"potentialAction\":[{\"@type\":\"SearchAction\",\"target\":{\"@type\":\"EntryPoint\",\"urlTemplate\":\"https:\\\/\\\/www.apfelpatient.de\\\/?s={search_term_string}\"},\"query-input\":{\"@type\":\"PropertyValueSpecification\",\"valueRequired\":true,\"valueName\":\"search_term_string\"}}],\"inLanguage\":\"en-US\"},{\"@type\":[\"Person\",\"Organization\"],\"@id\":\"https:\\\/\\\/www.apfelpatient.de\\\/#\\\/schema\\\/person\\\/7dc56ad6c8e9824b76d2c08d4c140e13\",\"name\":\"Milan\",\"logo\":{\"@id\":\"https:\\\/\\\/www.apfelpatient.de\\\/#\\\/schema\\\/person\\\/image\\\/\"},\"description\":\"Hallo und herzlich willkommen auf meinem Technik-Blog! Als gro\u00dfer Apple-Fan berichte ich hier \u00fcber alles, was mit Apple zu tun hat: von den neuesten News und spannenden Ger\u00fcchten \u00fcber hilfreiche Tipps und Tricks bis hin zu ausf\u00fchrlichen Produkttests. Wenn du genauso technikbegeistert bist wie ich, bist du hier genau richtig!\",\"sameAs\":[\"https:\\\/\\\/www.facebook.com\\\/apfelpatientOfficial\",\"https:\\\/\\\/www.linkedin.com\\\/in\\\/milan-jovicic-42aa0231b\"],\"url\":\"https:\\\/\\\/www.apfelpatient.de\\\/en\\\/author\\\/apfeladmin\"}]}<\/script>\n<!-- \/ Yoast SEO Premium plugin. -->","yoast_head_json":{"title":"Affinity Designer: New for the iPad Apfelpatient","description":"Serif&#039;s Affinity Designer illustration tool is now available for the iPad. It is possible to create vector graphics, among other things - the Apple","robots":{"index":"index","follow":"follow","max-snippet":"max-snippet:-1","max-image-preview":"max-image-preview:large","max-video-preview":"max-video-preview:-1"},"canonical":"https:\/\/www.apfelpatient.de\/en\/ipad\/affinity-designer-new-for-the-ipad","og_locale":"en_US","og_type":"article","og_title":"Affinity Designer: Neu f\u00fcr das iPad","og_description":"Das Illustrationswerkzeug Affinity Designer von Serif gibt es nun f\u00fcr das iPad. M\u00f6glich ist unter anderem das Erstellen von Vektorgrafiken - der Apple","og_url":"https:\/\/www.apfelpatient.de\/en\/ipad\/affinity-designer-new-for-the-ipad","og_site_name":"Apfelpatient","article_publisher":"https:\/\/www.facebook.com\/apfelpatientOfficial","article_author":"https:\/\/www.facebook.com\/apfelpatientOfficial","article_published_time":"2018-07-12T11:09:14+00:00","article_modified_time":"2025-04-11T07:15:28+00:00","og_image":[{"width":1224,"height":915,"url":"https:\/\/www.apfelpatient.de\/wp-content\/uploads\/2018\/07\/Layered-Compositions-in-device.png","type":"image\/png"}],"author":"Milan","twitter_card":"summary_large_image","twitter_misc":{"Written by":"Milan","Est. reading time":"2 minutes"},"schema":{"@context":"https:\/\/schema.org","@graph":[{"@type":"NewsArticle","@id":"https:\/\/www.apfelpatient.de\/ipad\/affinity-designer-neu-fuer-das-ipad#article","isPartOf":{"@id":"https:\/\/www.apfelpatient.de\/ipad\/affinity-designer-neu-fuer-das-ipad"},"author":{"@type":"Organization","@id":"https:\/\/www.apfelpatient.de\/en\/#organization","name":"Apfelpatient","url":"https:\/\/www.apfelpatient.de\/en\/"},"headline":"Affinity Designer: Neu f\u00fcr das iPad","datePublished":"2018-07-12T11:09:14+00:00","dateModified":"2025-04-11T07:15:28+00:00","mainEntityOfPage":{"@id":"https:\/\/www.apfelpatient.de\/ipad\/affinity-designer-neu-fuer-das-ipad"},"wordCount":174,"commentCount":0,"publisher":{"@type":"Organization","@id":"https:\/\/www.apfelpatient.de\/en\/#organization","name":"Apfelpatient","url":"https:\/\/www.apfelpatient.de\/en\/"},"image":{"@id":"https:\/\/www.apfelpatient.de\/ipad\/affinity-designer-neu-fuer-das-ipad#primaryimage"},"thumbnailUrl":"https:\/\/www.apfelpatient.de\/wp-content\/uploads\/2018\/07\/Layered-Compositions-in-device.png","keywords":["iPad","iPadOS"],"articleSection":"iPad","inLanguage":"en-US","potentialAction":[{"@type":"CommentAction","name":"Comment","target":["https:\/\/www.apfelpatient.de\/ipad\/affinity-designer-neu-fuer-das-ipad#respond"]}],"copyrightYear":"2018","copyrightHolder":{"@id":"https:\/\/www.apfelpatient.de\/en\/#organization"}},{"@type":"WebPage","@id":"https:\/\/www.apfelpatient.de\/ipad\/affinity-designer-neu-fuer-das-ipad","url":"https:\/\/www.apfelpatient.de\/ipad\/affinity-designer-neu-fuer-das-ipad","name":"Affinity Designer: New for the iPad Apfelpatient","isPartOf":{"@id":"https:\/\/www.apfelpatient.de\/#website"},"primaryImageOfPage":{"@id":"https:\/\/www.apfelpatient.de\/ipad\/affinity-designer-neu-fuer-das-ipad#primaryimage"},"image":{"@id":"https:\/\/www.apfelpatient.de\/ipad\/affinity-designer-neu-fuer-das-ipad#primaryimage"},"thumbnailUrl":"https:\/\/www.apfelpatient.de\/wp-content\/uploads\/2018\/07\/Layered-Compositions-in-device.png","datePublished":"2018-07-12T11:09:14+00:00","dateModified":"2025-04-11T07:15:28+00:00","description":"Serif&#039;s Affinity Designer illustration tool is now available for the iPad. It is possible to create vector graphics, among other things - the Apple","breadcrumb":{"@id":"https:\/\/www.apfelpatient.de\/ipad\/affinity-designer-neu-fuer-das-ipad#breadcrumb"},"inLanguage":"en-US","potentialAction":[{"@type":"ReadAction","target":["https:\/\/www.apfelpatient.de\/ipad\/affinity-designer-neu-fuer-das-ipad"]}]},{"@type":"ImageObject","inLanguage":"en-US","@id":"https:\/\/www.apfelpatient.de\/ipad\/affinity-designer-neu-fuer-das-ipad#primaryimage","url":"https:\/\/www.apfelpatient.de\/wp-content\/uploads\/2018\/07\/Layered-Compositions-in-device.png","contentUrl":"https:\/\/www.apfelpatient.de\/wp-content\/uploads\/2018\/07\/Layered-Compositions-in-device.png","width":1224,"height":915},{"@type":"BreadcrumbList","@id":"https:\/\/www.apfelpatient.de\/ipad\/affinity-designer-neu-fuer-das-ipad#breadcrumb","itemListElement":[{"@type":"ListItem","position":1,"name":"Startseite","item":"https:\/\/www.apfelpatient.de\/"},{"@type":"ListItem","position":2,"name":"Affinity Designer: Neu f\u00fcr das iPad"}]},{"@type":"WebSite","@id":"https:\/\/www.apfelpatient.de\/#website","url":"https:\/\/www.apfelpatient.de\/","name":"apple patient","description":"Everything about Apple!","publisher":{"@type":"Organization","@id":"https:\/\/www.apfelpatient.de\/en\/#organization","name":"Apfelpatient","url":"https:\/\/www.apfelpatient.de\/en\/"},"alternateName":"Apfelpatient","potentialAction":[{"@type":"SearchAction","target":{"@type":"EntryPoint","urlTemplate":"https:\/\/www.apfelpatient.de\/?s={search_term_string}"},"query-input":{"@type":"PropertyValueSpecification","valueRequired":true,"valueName":"search_term_string"}}],"inLanguage":"en-US"},{"@type":["Person","Organization"],"@id":"https:\/\/www.apfelpatient.de\/#\/schema\/person\/7dc56ad6c8e9824b76d2c08d4c140e13","name":"Milan","logo":{"@id":"https:\/\/www.apfelpatient.de\/#\/schema\/person\/image\/"},"description":"Hello and welcome to my technology blog! As a big Apple fan, I report on everything to do with Apple: from the latest news and exciting rumors to helpful tips and tricks and detailed product tests. If you are as enthusiastic about technology as I am, you have come to the right place!","sameAs":["https:\/\/www.facebook.com\/apfelpatientOfficial","https:\/\/www.linkedin.com\/in\/milan-jovicic-42aa0231b"],"url":"https:\/\/www.apfelpatient.de\/en\/author\/apfeladmin"}]}},"_links":{"self":[{"href":"https:\/\/www.apfelpatient.de\/en\/wp-json\/wp\/v2\/posts\/1051","targetHints":{"allow":["GET"]}}],"collection":[{"href":"https:\/\/www.apfelpatient.de\/en\/wp-json\/wp\/v2\/posts"}],"about":[{"href":"https:\/\/www.apfelpatient.de\/en\/wp-json\/wp\/v2\/types\/post"}],"author":[{"embeddable":true,"href":"https:\/\/www.apfelpatient.de\/en\/wp-json\/wp\/v2\/users\/2"}],"replies":[{"embeddable":true,"href":"https:\/\/www.apfelpatient.de\/en\/wp-json\/wp\/v2\/comments?post=1051"}],"version-history":[{"count":0,"href":"https:\/\/www.apfelpatient.de\/en\/wp-json\/wp\/v2\/posts\/1051\/revisions"}],"wp:featuredmedia":[{"embeddable":true,"href":"https:\/\/www.apfelpatient.de\/en\/wp-json\/wp\/v2\/media\/1052"}],"wp:attachment":[{"href":"https:\/\/www.apfelpatient.de\/en\/wp-json\/wp\/v2\/media?parent=1051"}],"wp:term":[{"taxonomy":"category","embeddable":true,"href":"https:\/\/www.apfelpatient.de\/en\/wp-json\/wp\/v2\/categories?post=1051"},{"taxonomy":"post_tag","embeddable":true,"href":"https:\/\/www.apfelpatient.de\/en\/wp-json\/wp\/v2\/tags?post=1051"}],"curies":[{"name":"wp","href":"https:\/\/api.w.org\/{rel}","templated":true}]}}