{"id":1038,"date":"2018-07-12T00:58:40","date_gmt":"2018-07-11T22:58:40","guid":{"rendered":"https:\/\/www.apfelpatient.de\/?p=1038"},"modified":"2025-02-06T07:04:04","modified_gmt":"2025-02-06T06:04:04","slug":"these-products-await-us-in-autumn","status":"publish","type":"post","link":"https:\/\/www.apfelpatient.de\/en\/rumors\/diese-produkte-erwarten-uns-im-herbst","title":{"rendered":"These products await us in autumn (Update)"},"content":{"rendered":"<p><strong>Der gut informierte und bekannte Analyst Ming-Chi Kuo hat seine Prognose f\u00fcr 2018 erweitert. Der Inhalt reicht vom beliebten Mac Mini bis hin zur lang ersehnten QI-Ladematte AirPower.<\/strong><\/p>\n<p><strong>Wird 2018 hei\u00dfer als gedacht?<\/strong><\/p>\n<p>Ming-Chi Kuo hat seinen <a href=\"https:\/\/www.apfelpatient.de\/\">Bericht<\/a> an Investoren vom 27. Juli diesen Jahres erweitert. Sollte er sich nicht t\u00e4uschen, wird Apple nahezu alles erneuern.<\/p>\n<p>So sollen nicht nur neue iPhones, iPads und Apple Watch in die n\u00e4chste Generation gef\u00fchrt werden, sondern auch die Macs werden \u00fcberarbeitet.<\/p>\n<p><strong>iPhones und iPads<\/strong><\/p>\n<p>Das ein iPad Pro 12.9\u201c mit Face ID kommen soll, wurde bereits vermutet und von Kuo unterstrichen. Nun glaubt er aber auch an ein weiteres iPad, n\u00e4mlich ein 11\u201c Modell. Beide verzichten auf den Homebutton. Das iPhone X wird mit 5.8\u201c weitergef\u00fchrt und bekommt zus\u00e4tzlich einen gro\u00dfen Bruder mit einem satten 6.5\u201c Display &#8211; die Plus Version. Beide erhalten ein OLED Display. Ein weiteres iPhone mit 6.1\u201c LCD soll ebenfalls mit von der Partie sein.<\/p>\n<figure id=\"attachment_1043\" aria-describedby=\"caption-attachment-1043\" style=\"width: 492px\" class=\"wp-caption alignnone\"><img decoding=\"async\" class=\"size-full wp-image-1043\" src=\"https:\/\/www.apfelpatient.de\/wp-content\/uploads\/2018\/07\/IMG_7364.png\" alt=\"\" width=\"492\" height=\"314\" \/><figcaption id=\"caption-attachment-1043\" class=\"wp-caption-text\">Bild: Apple<\/figcaption><\/figure>\n<p><strong>iMac und Mac Mini<\/strong><\/p>\n<p>Der iMac soll ein Grafikperformance-Update und neue CPUs spendiert bekommen. Unklar ist um welche Chips es sich dabei handelt.<\/p>\n<p>Nach vier Jahren wird der Mac Mini ebenfalls ein Update erfahren, zum Thema Spezifikationen sagte Kuo nichts, eine schnellere CPU sowie GPU sollte sicher sein &#8211; ob sich was am Design tun wird, bleibt ebenfalls unklar.<\/p>\n<p><strong>MacBook und MacBook Pro<\/strong><\/p>\n<p>Das MacBook sowie die Pro Version sollen mit neuen Prozessoren ins Rennen gehen. Au\u00dferdem soll ein neues Einstiegsmodell in der MacBook-Flotte eingef\u00fchrt werden, dieses wird das eingestaubte MacBook Air ersetzen, so Kuo.<\/p>\n<p><strong>\u2028Apple Watch<\/strong><\/p>\n<p>Die 4. Generation soll mit gr\u00f6\u00dferen Displays erscheinen. Ein Thema das bereits viele Spekulationen erfahren durfte. Doch erstmals nannte Kuo konkrete Zahlen. Die Modelle sollen mit 1.57&#8243; und 1.78&#8243; Markteinzug erhalten. Diese kleine Vergr\u00f6\u00dferung soll vermutlich durch einen schmaleren Displayrand erm\u00f6glicht werden. Au\u00dferdem wird der Pulsmesser verbessert.<\/p>\n<p>[capthttps:\/\/www.apfelpatient.de\/wp-content\/uploads\/2018\/07\/IMG_7366.jpg&#8220; alt=&#8220;&#8220; width=&#8220;2176&#8243; height=&#8220;1632&#8243; \/&gt; Bild: Apple[\/caption]<\/p>\n<p><strong>AirPower und AirPods 2<\/strong><\/p>\n<p>Laut Ming-Chi Kuo wird Apple die Massenproduktion von AirPower und AirPods 2 im dritten Quartal starten. Der Preis von AirPower wurde zuletzt bei 150 $ gesch\u00e4tzt.<\/p>\n<figure id=\"attachment_1045\" aria-describedby=\"caption-attachment-1045\" style=\"width: 700px\" class=\"wp-caption aligncenter\"><img decoding=\"async\" class=\"wp-image-1045 size-full\" src=\"https:\/\/www.apfelpatient.de\/wp-content\/uploads\/2018\/07\/IMG_7367.jpg\" alt=\"\" width=\"700\" height=\"452\" \/><figcaption id=\"caption-attachment-1045\" class=\"wp-caption-text\">Bild: Apple<\/figcaption><\/figure>\n<p><em>Trotz aller Vorfreude sollten die Infos mit Vorsicht genossen werden &#8211; was Apple wirklich abliefern wird, sehen wir im Herbst.<\/em><\/p>\n<p>Update vom 12.07.2018<\/p>\n<p>Apple hat in Form einer Pressemitteilung zwei neue MacBook Pro Modelle vorgestellt &#8211; <a href=\"https:\/\/www.apfelpatient.de\/\">zum Artikel<\/a>!<\/p>\n","protected":false},"excerpt":{"rendered":"<p>Der gut informierte und bekannte Analyst Ming-Chi Kuo hat seine Prognose f\u00fcr 2018 erweitert. Der Inhalt reicht vom beliebten Mac Mini bis hin zur lang ersehnten QI-Ladematte AirPower. Wird 2018 hei\u00dfer als gedacht? Ming-Chi Kuo hat seinen Bericht an Investoren vom 27. Juli diesen Jahres erweitert. Sollte er sich nicht t\u00e4uschen, wird Apple nahezu alles [&hellip;]<\/p>\n","protected":false},"author":2,"featured_media":1041,"comment_status":"open","ping_status":"open","sticky":false,"template":"","format":"standard","meta":{"jnews-multi-image_gallery":[],"jnews_single_post":{"subtitle":"","format":"standard","video":"","gallery":"","source_name":"","source_url":"","via_name":"","via_url":"","override_template":"0","override":[{"template":"4","single_blog_custom":"","parallax":"1","fullscreen":"1","layout":"right-sidebar","sidebar":"default-sidebar","second_sidebar":"default-sidebar","sticky_sidebar":"1","share_position":"top","share_float_style":"share-monocrhome","show_share_counter":"0","show_view_counter":"0","show_featured":"1","show_post_meta":"1","show_post_author":"1","show_post_author_image":"1","show_post_date":"1","post_date_format":"default","post_date_format_custom":"Y\/m\/d","show_post_category":"1","show_post_reading_time":"0","post_reading_time_wpm":"300","show_zoom_button":"0","zoom_button_out_step":"2","zoom_button_in_step":"3","show_post_tag":"1","show_prev_next_post":"1","show_popup_post":"1","number_popup_post":"1","show_author_box":"0","show_post_related":"0","show_inline_post_related":"0"}],"override_image_size":"0","image_override":[{"single_post_thumbnail_size":"crop-500","single_post_gallery_size":"crop-500"}],"trending_post":"0","trending_post_position":"meta","trending_post_label":"Trending","sponsored_post":"0","sponsored_post_label":"Sponsored by","sponsored_post_name":"","sponsored_post_url":"","sponsored_post_logo_enable":"0","sponsored_post_logo":"","sponsored_post_desc":"","disable_ad":"0"},"jnews_primary_category":{"id":"","hide":""},"footnotes":""},"categories":[25],"tags":[28,11,14,72,18,8,40,73,49,50],"class_list":["post-1038","post","type-post","status-publish","format-standard","has-post-thumbnail","hentry","category-rumors","tag-airpods","tag-airpower","tag-apple-watch","tag-imac","tag-ipad","tag-iphone","tag-mac","tag-mac-mini","tag-macbook","tag-macbook-pro"],"yoast_head":"<!-- This site is optimized with the Yoast SEO Premium plugin v27.5 (Yoast SEO v27.5) - https:\/\/yoast.com\/product\/yoast-seo-premium-wordpress\/ -->\n<title>Diese Produkte erwarten uns im Herbst (Update) Apfelpatient<\/title>\n<meta name=\"description\" content=\"Der gut informierte und bekannte Analyst Ming-Chi Kuo hat seine Prognose f\u00fcr 2018 erweitert. Der Inhalt reicht vom beliebten Mac Mini bis hin zur lang\" \/>\n<meta name=\"robots\" content=\"index, follow, max-snippet:-1, max-image-preview:large, max-video-preview:-1\" \/>\n<link rel=\"canonical\" href=\"https:\/\/www.apfelpatient.de\/en\/rumors\/these-products-await-us-in-autumn\" \/>\n<meta property=\"og:locale\" content=\"en_US\" \/>\n<meta property=\"og:type\" content=\"article\" \/>\n<meta property=\"og:title\" content=\"Diese Produkte erwarten uns im Herbst (Update)\" \/>\n<meta property=\"og:description\" content=\"Der gut informierte und bekannte Analyst Ming-Chi Kuo hat seine Prognose f\u00fcr 2018 erweitert. Der Inhalt reicht vom beliebten Mac Mini bis hin zur lang\" \/>\n<meta property=\"og:url\" content=\"https:\/\/www.apfelpatient.de\/en\/rumors\/these-products-await-us-in-autumn\" \/>\n<meta property=\"og:site_name\" content=\"Apfelpatient\" \/>\n<meta property=\"article:publisher\" content=\"https:\/\/www.facebook.com\/apfelpatientOfficial\" \/>\n<meta property=\"article:author\" content=\"https:\/\/www.facebook.com\/apfelpatientOfficial\" \/>\n<meta property=\"article:published_time\" content=\"2018-07-11T22:58:40+00:00\" \/>\n<meta property=\"article:modified_time\" content=\"2025-02-06T06:04:04+00:00\" \/>\n<meta property=\"og:image\" content=\"https:\/\/www.apfelpatient.de\/wp-content\/uploads\/2018\/07\/IMG_7368.jpg\" \/>\n\t<meta property=\"og:image:width\" content=\"1024\" \/>\n\t<meta property=\"og:image:height\" content=\"576\" \/>\n\t<meta property=\"og:image:type\" content=\"image\/jpeg\" \/>\n<meta name=\"author\" content=\"Milan\" \/>\n<meta name=\"twitter:card\" content=\"summary_large_image\" \/>\n<meta name=\"twitter:label1\" content=\"Written by\" \/>\n\t<meta name=\"twitter:data1\" content=\"Milan\" \/>\n\t<meta name=\"twitter:label2\" content=\"Est. reading time\" \/>\n\t<meta name=\"twitter:data2\" content=\"3 minutes\" \/>\n<script type=\"application\/ld+json\" class=\"yoast-schema-graph\">{\"@context\":\"https:\\\/\\\/schema.org\",\"@graph\":[{\"@type\":\"NewsArticle\",\"@id\":\"https:\\\/\\\/www.apfelpatient.de\\\/rumors\\\/diese-produkte-erwarten-uns-im-herbst#article\",\"isPartOf\":{\"@id\":\"https:\\\/\\\/www.apfelpatient.de\\\/rumors\\\/diese-produkte-erwarten-uns-im-herbst\"},\"author\":{\"@type\":\"Organization\",\"@id\":\"https:\\\/\\\/www.apfelpatient.de\\\/en\\\/#organization\",\"name\":\"Apfelpatient\",\"url\":\"https:\\\/\\\/www.apfelpatient.de\\\/en\\\/\"},\"headline\":\"Diese Produkte erwarten uns im Herbst (Update)\",\"datePublished\":\"2018-07-11T22:58:40+00:00\",\"dateModified\":\"2025-02-06T06:04:04+00:00\",\"mainEntityOfPage\":{\"@id\":\"https:\\\/\\\/www.apfelpatient.de\\\/rumors\\\/diese-produkte-erwarten-uns-im-herbst\"},\"wordCount\":408,\"commentCount\":0,\"publisher\":{\"@type\":\"Organization\",\"@id\":\"https:\\\/\\\/www.apfelpatient.de\\\/en\\\/#organization\",\"name\":\"Apfelpatient\",\"url\":\"https:\\\/\\\/www.apfelpatient.de\\\/en\\\/\"},\"image\":{\"@id\":\"https:\\\/\\\/www.apfelpatient.de\\\/rumors\\\/diese-produkte-erwarten-uns-im-herbst#primaryimage\"},\"thumbnailUrl\":\"https:\\\/\\\/www.apfelpatient.de\\\/wp-content\\\/uploads\\\/2018\\\/07\\\/IMG_7368.jpg\",\"keywords\":[\"AirPods\",\"AirPower\",\"Apple Watch\",\"iMac\",\"iPad\",\"iPhone\",\"Mac\",\"Mac mini\",\"MacBook\",\"MacBook Pro\"],\"articleSection\":\"Rumors\",\"inLanguage\":\"en-US\",\"potentialAction\":[{\"@type\":\"CommentAction\",\"name\":\"Comment\",\"target\":[\"https:\\\/\\\/www.apfelpatient.de\\\/rumors\\\/diese-produkte-erwarten-uns-im-herbst#respond\"]}],\"copyrightYear\":\"2018\",\"copyrightHolder\":{\"@id\":\"https:\\\/\\\/www.apfelpatient.de\\\/en\\\/#organization\"}},{\"@type\":\"WebPage\",\"@id\":\"https:\\\/\\\/www.apfelpatient.de\\\/rumors\\\/diese-produkte-erwarten-uns-im-herbst\",\"url\":\"https:\\\/\\\/www.apfelpatient.de\\\/rumors\\\/diese-produkte-erwarten-uns-im-herbst\",\"name\":\"Diese Produkte erwarten uns im Herbst (Update) Apfelpatient\",\"isPartOf\":{\"@id\":\"https:\\\/\\\/www.apfelpatient.de\\\/#website\"},\"primaryImageOfPage\":{\"@id\":\"https:\\\/\\\/www.apfelpatient.de\\\/rumors\\\/diese-produkte-erwarten-uns-im-herbst#primaryimage\"},\"image\":{\"@id\":\"https:\\\/\\\/www.apfelpatient.de\\\/rumors\\\/diese-produkte-erwarten-uns-im-herbst#primaryimage\"},\"thumbnailUrl\":\"https:\\\/\\\/www.apfelpatient.de\\\/wp-content\\\/uploads\\\/2018\\\/07\\\/IMG_7368.jpg\",\"datePublished\":\"2018-07-11T22:58:40+00:00\",\"dateModified\":\"2025-02-06T06:04:04+00:00\",\"description\":\"Der gut informierte und bekannte Analyst Ming-Chi Kuo hat seine Prognose f\u00fcr 2018 erweitert. Der Inhalt reicht vom beliebten Mac Mini bis hin zur lang\",\"breadcrumb\":{\"@id\":\"https:\\\/\\\/www.apfelpatient.de\\\/rumors\\\/diese-produkte-erwarten-uns-im-herbst#breadcrumb\"},\"inLanguage\":\"en-US\",\"potentialAction\":[{\"@type\":\"ReadAction\",\"target\":[\"https:\\\/\\\/www.apfelpatient.de\\\/rumors\\\/diese-produkte-erwarten-uns-im-herbst\"]}]},{\"@type\":\"ImageObject\",\"inLanguage\":\"en-US\",\"@id\":\"https:\\\/\\\/www.apfelpatient.de\\\/rumors\\\/diese-produkte-erwarten-uns-im-herbst#primaryimage\",\"url\":\"https:\\\/\\\/www.apfelpatient.de\\\/wp-content\\\/uploads\\\/2018\\\/07\\\/IMG_7368.jpg\",\"contentUrl\":\"https:\\\/\\\/www.apfelpatient.de\\\/wp-content\\\/uploads\\\/2018\\\/07\\\/IMG_7368.jpg\",\"width\":3791,\"height\":2132},{\"@type\":\"BreadcrumbList\",\"@id\":\"https:\\\/\\\/www.apfelpatient.de\\\/rumors\\\/diese-produkte-erwarten-uns-im-herbst#breadcrumb\",\"itemListElement\":[{\"@type\":\"ListItem\",\"position\":1,\"name\":\"Startseite\",\"item\":\"https:\\\/\\\/www.apfelpatient.de\\\/\"},{\"@type\":\"ListItem\",\"position\":2,\"name\":\"Diese Produkte erwarten uns im Herbst (Update)\"}]},{\"@type\":\"WebSite\",\"@id\":\"https:\\\/\\\/www.apfelpatient.de\\\/#website\",\"url\":\"https:\\\/\\\/www.apfelpatient.de\\\/\",\"name\":\"Apfelpatient\",\"description\":\"Alles rund um Apple!\",\"publisher\":{\"@type\":\"Organization\",\"@id\":\"https:\\\/\\\/www.apfelpatient.de\\\/en\\\/#organization\",\"name\":\"Apfelpatient\",\"url\":\"https:\\\/\\\/www.apfelpatient.de\\\/en\\\/\"},\"alternateName\":\"Apfelpatient\",\"potentialAction\":[{\"@type\":\"SearchAction\",\"target\":{\"@type\":\"EntryPoint\",\"urlTemplate\":\"https:\\\/\\\/www.apfelpatient.de\\\/?s={search_term_string}\"},\"query-input\":{\"@type\":\"PropertyValueSpecification\",\"valueRequired\":true,\"valueName\":\"search_term_string\"}}],\"inLanguage\":\"en-US\"},{\"@type\":[\"Person\",\"Organization\"],\"@id\":\"https:\\\/\\\/www.apfelpatient.de\\\/#\\\/schema\\\/person\\\/7dc56ad6c8e9824b76d2c08d4c140e13\",\"name\":\"Milan\",\"logo\":{\"@id\":\"https:\\\/\\\/www.apfelpatient.de\\\/#\\\/schema\\\/person\\\/image\\\/\"},\"description\":\"Hallo und herzlich willkommen auf meinem Technik-Blog! Als gro\u00dfer Apple-Fan berichte ich hier \u00fcber alles, was mit Apple zu tun hat: von den neuesten News und spannenden Ger\u00fcchten \u00fcber hilfreiche Tipps und Tricks bis hin zu ausf\u00fchrlichen Produkttests. Wenn du genauso technikbegeistert bist wie ich, bist du hier genau richtig!\",\"sameAs\":[\"https:\\\/\\\/www.facebook.com\\\/apfelpatientOfficial\",\"https:\\\/\\\/www.linkedin.com\\\/in\\\/milan-jovicic-42aa0231b\"],\"url\":\"https:\\\/\\\/www.apfelpatient.de\\\/en\\\/author\\\/apfeladmin\"}]}<\/script>\n<!-- \/ Yoast SEO Premium plugin. -->","yoast_head_json":{"title":"These products await us in autumn (Update) Apfelpatient","description":"The well-informed and well-known analyst Ming-Chi Kuo has expanded his forecast for 2018. The content ranges from the popular Mac Mini to the long","robots":{"index":"index","follow":"follow","max-snippet":"max-snippet:-1","max-image-preview":"max-image-preview:large","max-video-preview":"max-video-preview:-1"},"canonical":"https:\/\/www.apfelpatient.de\/en\/rumors\/these-products-await-us-in-autumn","og_locale":"en_US","og_type":"article","og_title":"Diese Produkte erwarten uns im Herbst (Update)","og_description":"Der gut informierte und bekannte Analyst Ming-Chi Kuo hat seine Prognose f\u00fcr 2018 erweitert. Der Inhalt reicht vom beliebten Mac Mini bis hin zur lang","og_url":"https:\/\/www.apfelpatient.de\/en\/rumors\/these-products-await-us-in-autumn","og_site_name":"Apfelpatient","article_publisher":"https:\/\/www.facebook.com\/apfelpatientOfficial","article_author":"https:\/\/www.facebook.com\/apfelpatientOfficial","article_published_time":"2018-07-11T22:58:40+00:00","article_modified_time":"2025-02-06T06:04:04+00:00","og_image":[{"url":"https:\/\/www.apfelpatient.de\/wp-content\/uploads\/2018\/07\/IMG_7368.jpg","width":1024,"height":576,"type":"image\/jpeg"}],"author":"Milan","twitter_card":"summary_large_image","twitter_misc":{"Written by":"Milan","Est. reading time":"3 minutes"},"schema":{"@context":"https:\/\/schema.org","@graph":[{"@type":"NewsArticle","@id":"https:\/\/www.apfelpatient.de\/rumors\/diese-produkte-erwarten-uns-im-herbst#article","isPartOf":{"@id":"https:\/\/www.apfelpatient.de\/rumors\/diese-produkte-erwarten-uns-im-herbst"},"author":{"@type":"Organization","@id":"https:\/\/www.apfelpatient.de\/en\/#organization","name":"Apfelpatient","url":"https:\/\/www.apfelpatient.de\/en\/"},"headline":"Diese Produkte erwarten uns im Herbst (Update)","datePublished":"2018-07-11T22:58:40+00:00","dateModified":"2025-02-06T06:04:04+00:00","mainEntityOfPage":{"@id":"https:\/\/www.apfelpatient.de\/rumors\/diese-produkte-erwarten-uns-im-herbst"},"wordCount":408,"commentCount":0,"publisher":{"@type":"Organization","@id":"https:\/\/www.apfelpatient.de\/en\/#organization","name":"Apfelpatient","url":"https:\/\/www.apfelpatient.de\/en\/"},"image":{"@id":"https:\/\/www.apfelpatient.de\/rumors\/diese-produkte-erwarten-uns-im-herbst#primaryimage"},"thumbnailUrl":"https:\/\/www.apfelpatient.de\/wp-content\/uploads\/2018\/07\/IMG_7368.jpg","keywords":["AirPods","AirPower","Apple Watch","iMac","iPad","iPhone","Mac","Mac mini","MacBook","MacBook Pro"],"articleSection":"Rumors","inLanguage":"en-US","potentialAction":[{"@type":"CommentAction","name":"Comment","target":["https:\/\/www.apfelpatient.de\/rumors\/diese-produkte-erwarten-uns-im-herbst#respond"]}],"copyrightYear":"2018","copyrightHolder":{"@id":"https:\/\/www.apfelpatient.de\/en\/#organization"}},{"@type":"WebPage","@id":"https:\/\/www.apfelpatient.de\/rumors\/diese-produkte-erwarten-uns-im-herbst","url":"https:\/\/www.apfelpatient.de\/rumors\/diese-produkte-erwarten-uns-im-herbst","name":"These products await us in autumn (Update) Apfelpatient","isPartOf":{"@id":"https:\/\/www.apfelpatient.de\/#website"},"primaryImageOfPage":{"@id":"https:\/\/www.apfelpatient.de\/rumors\/diese-produkte-erwarten-uns-im-herbst#primaryimage"},"image":{"@id":"https:\/\/www.apfelpatient.de\/rumors\/diese-produkte-erwarten-uns-im-herbst#primaryimage"},"thumbnailUrl":"https:\/\/www.apfelpatient.de\/wp-content\/uploads\/2018\/07\/IMG_7368.jpg","datePublished":"2018-07-11T22:58:40+00:00","dateModified":"2025-02-06T06:04:04+00:00","description":"The well-informed and well-known analyst Ming-Chi Kuo has expanded his forecast for 2018. The content ranges from the popular Mac Mini to the long","breadcrumb":{"@id":"https:\/\/www.apfelpatient.de\/rumors\/diese-produkte-erwarten-uns-im-herbst#breadcrumb"},"inLanguage":"en-US","potentialAction":[{"@type":"ReadAction","target":["https:\/\/www.apfelpatient.de\/rumors\/diese-produkte-erwarten-uns-im-herbst"]}]},{"@type":"ImageObject","inLanguage":"en-US","@id":"https:\/\/www.apfelpatient.de\/rumors\/diese-produkte-erwarten-uns-im-herbst#primaryimage","url":"https:\/\/www.apfelpatient.de\/wp-content\/uploads\/2018\/07\/IMG_7368.jpg","contentUrl":"https:\/\/www.apfelpatient.de\/wp-content\/uploads\/2018\/07\/IMG_7368.jpg","width":3791,"height":2132},{"@type":"BreadcrumbList","@id":"https:\/\/www.apfelpatient.de\/rumors\/diese-produkte-erwarten-uns-im-herbst#breadcrumb","itemListElement":[{"@type":"ListItem","position":1,"name":"Startseite","item":"https:\/\/www.apfelpatient.de\/"},{"@type":"ListItem","position":2,"name":"Diese Produkte erwarten uns im Herbst (Update)"}]},{"@type":"WebSite","@id":"https:\/\/www.apfelpatient.de\/#website","url":"https:\/\/www.apfelpatient.de\/","name":"apple patient","description":"Everything about Apple!","publisher":{"@type":"Organization","@id":"https:\/\/www.apfelpatient.de\/en\/#organization","name":"Apfelpatient","url":"https:\/\/www.apfelpatient.de\/en\/"},"alternateName":"Apfelpatient","potentialAction":[{"@type":"SearchAction","target":{"@type":"EntryPoint","urlTemplate":"https:\/\/www.apfelpatient.de\/?s={search_term_string}"},"query-input":{"@type":"PropertyValueSpecification","valueRequired":true,"valueName":"search_term_string"}}],"inLanguage":"en-US"},{"@type":["Person","Organization"],"@id":"https:\/\/www.apfelpatient.de\/#\/schema\/person\/7dc56ad6c8e9824b76d2c08d4c140e13","name":"Milan","logo":{"@id":"https:\/\/www.apfelpatient.de\/#\/schema\/person\/image\/"},"description":"Hello and welcome to my technology blog! As a big Apple fan, I report on everything to do with Apple: from the latest news and exciting rumors to helpful tips and tricks and detailed product tests. If you are as enthusiastic about technology as I am, you have come to the right place!","sameAs":["https:\/\/www.facebook.com\/apfelpatientOfficial","https:\/\/www.linkedin.com\/in\/milan-jovicic-42aa0231b"],"url":"https:\/\/www.apfelpatient.de\/en\/author\/apfeladmin"}]}},"_links":{"self":[{"href":"https:\/\/www.apfelpatient.de\/en\/wp-json\/wp\/v2\/posts\/1038","targetHints":{"allow":["GET"]}}],"collection":[{"href":"https:\/\/www.apfelpatient.de\/en\/wp-json\/wp\/v2\/posts"}],"about":[{"href":"https:\/\/www.apfelpatient.de\/en\/wp-json\/wp\/v2\/types\/post"}],"author":[{"embeddable":true,"href":"https:\/\/www.apfelpatient.de\/en\/wp-json\/wp\/v2\/users\/2"}],"replies":[{"embeddable":true,"href":"https:\/\/www.apfelpatient.de\/en\/wp-json\/wp\/v2\/comments?post=1038"}],"version-history":[{"count":0,"href":"https:\/\/www.apfelpatient.de\/en\/wp-json\/wp\/v2\/posts\/1038\/revisions"}],"wp:featuredmedia":[{"embeddable":true,"href":"https:\/\/www.apfelpatient.de\/en\/wp-json\/wp\/v2\/media\/1041"}],"wp:attachment":[{"href":"https:\/\/www.apfelpatient.de\/en\/wp-json\/wp\/v2\/media?parent=1038"}],"wp:term":[{"taxonomy":"category","embeddable":true,"href":"https:\/\/www.apfelpatient.de\/en\/wp-json\/wp\/v2\/categories?post=1038"},{"taxonomy":"post_tag","embeddable":true,"href":"https:\/\/www.apfelpatient.de\/en\/wp-json\/wp\/v2\/tags?post=1038"}],"curies":[{"name":"wp","href":"https:\/\/api.w.org\/{rel}","templated":true}]}}