{"id":10302,"date":"2020-02-24T15:12:12","date_gmt":"2020-02-24T14:12:12","guid":{"rendered":"https:\/\/www.apfelpatient.de\/?p=10302"},"modified":"2020-02-24T15:12:12","modified_gmt":"2020-02-24T14:12:12","slug":"ipad-pro-2020-case-surfaced","status":"publish","type":"post","link":"https:\/\/www.apfelpatient.de\/en\/rumors\/ipad-pro-2020-case-aufgetaucht","title":{"rendered":"iPad Pro 2020 Case surfaced"},"content":{"rendered":"<p class=\"has-drop-cap\"><strong>The rumors about new Apple products are gaining momentum. Now pictures have been released that are supposed to show the case of the new iPad Pro.<\/strong><\/p>\n\n\n\n<p>Well-known concept designer and Apple leaker Ben Geskin has another interesting <a href=\"https:\/\/twitter.com\/BenGeskin\/status\/1231854820883075075?s=20\">Tweet<\/a> While he had previously seen a section of an Apple <a href=\"https:\/\/www.apfelpatient.de\/en\/news\/ios-14-leak-reveals-multitasking-view-for-iphone\">internal iOS 14 version<\/a> introduced, he now shared pictures of an iPad Pro 2020 case. According to this, it is a new protective case. The camera cutout is particularly striking. According to rumors, the new fourth-generation iPad Pro will have a square camera module. If the pictures are real, that would be a confirmation. However, since Geskin has a very good hit rate, there is little doubt about the authenticity. Apart from the square cutout, no further details can be found. By and large, the design, including the size of the iPad Pro 2020, should remain unchanged.<\/p>\n\n\n\n<h3 class=\"wp-block-heading\">market launch in the first half of 2020<\/h3>\n\n\n\n\n\n\n\n<p><\/p>\n\n\n\n<p>In addition to a significant performance boost, the camera of the new iPad Pro is said to be the highlight. Rumors have it that Apple is planning to use a 3D camera based on time-of-flight technology. The sensor calculates the time it takes for light to reach a surface - it can therefore determine depth information and thus create more precise images. While isolated sources believe that the new fourth-generation iPad Pro will be presented in the second half of the year, some observers claim that the device will be released in March. But the ongoing coronavirus epidemic could of course affect Apple&#039;s plans. The next keynote is currently expected to take place on <a href=\"https:\/\/www.apfelpatient.de\/en\/rumors\/apple-keynote-is-scheduled-to-take-place-on-march-31st\">March 31st<\/a> takes place \u2013 everything we know so far about the upcoming iPad Pro, we have put together in a <a href=\"https:\/\/www.apfelpatient.de\/en\/generally\/ipad-pro-2020-everything-we-know\">separate article<\/a> summarized.&nbsp;<em>(Photo by hadrian \/ Bigstockphoto)<\/em><\/p>\n\n\n\n<figure class=\"wp-block-gallery columns-2 is-cropped wp-block-gallery-1 is-layout-flex wp-block-gallery-is-layout-flex\"><ul class=\"blocks-gallery-grid\"><li class=\"blocks-gallery-item\"><figure><img decoding=\"async\" src=\"https:\/\/www.apfelpatient.de\/wp-content\/uploads\/2020\/02\/ERhtSZJX0AAtVRy-768x1024.jpeg\" alt=\"via Ben Geskin\" data-id=\"10304\" data-full-url=\"https:\/\/www.apfelpatient.de\/wp-content\/uploads\/2020\/02\/ERhtSZJX0AAtVRy.jpeg\" data-link=\"https:\/\/www.apfelpatient.de\/?attachment_id=10304\" class=\"wp-image-10304\"\/><\/figure><\/li><li class=\"blocks-gallery-item\"><figure><img decoding=\"async\" src=\"https:\/\/www.apfelpatient.de\/wp-content\/uploads\/2020\/02\/ERhtS4YWoAMLy7s-768x1024.jpeg\" alt=\"via Ben Geskin\" data-id=\"10305\" data-full-url=\"https:\/\/www.apfelpatient.de\/wp-content\/uploads\/2020\/02\/ERhtS4YWoAMLy7s.jpeg\" data-link=\"https:\/\/www.apfelpatient.de\/?attachment_id=10305\" class=\"wp-image-10305\"\/><\/figure><\/li><\/ul><figcaption class=\"blocks-gallery-caption\">via Ben Geskin<\/figcaption><\/figure>\n\n\n\n<ul class=\"wp-block-list\"><li><a href=\"https:\/\/www.apfelpatient.de\/en\/rumors\/new-apple-tv-ipod-touch-and-more-discovered\">New Apple TV, iPod touch and more discovered<\/a><\/li><\/ul>","protected":false},"excerpt":{"rendered":"<p>iPad Pro 2020 \u2013 Apparently, this is a new protective case. The camera cutout is particularly striking.<\/p>","protected":false},"author":2,"featured_media":10300,"comment_status":"closed","ping_status":"closed","sticky":false,"template":"","format":"standard","meta":{"jnews-multi-image_gallery":[],"jnews_single_post":{"subtitle":"","format":"standard","video":"","gallery":"","source_name":"","source_url":"","via_name":"","via_url":"","override":[{"single_blog_custom":"","sidebar":"","second_sidebar":"","share_position":"","share_float_style":"","post_date_format":"","post_date_format_custom":"","post_reading_time_wpm":"","zoom_button_out_step":"1","zoom_button_in_step":"1","number_popup_post":"1"}],"image_override":[{"single_post_thumbnail_size":"","single_post_gallery_size":""}],"trending_post_position":"","trending_post_label":""},"jnews_primary_category":{"id":"274"},"footnotes":""},"categories":[25],"tags":[15,18,307],"class_list":["post-10302","post","type-post","status-publish","format-standard","has-post-thumbnail","hentry","category-rumors","tag-ios-14","tag-ipad","tag-ipad-pro-2020"],"yoast_head":"<!-- This site is optimized with the Yoast SEO Premium plugin v27.5 (Yoast SEO v27.5) - https:\/\/yoast.com\/product\/yoast-seo-premium-wordpress\/ -->\n<title>iPad Pro 2020 Case aufgetaucht Apfelpatient<\/title>\n<meta name=\"description\" content=\"iPad Pro 2020 - Demnach soll es sich dabei um eine neue Schutzh\u00fclle handeln. Besonders markant ist die Kamera-Aussparung.\" \/>\n<meta name=\"robots\" content=\"index, follow, max-snippet:-1, max-image-preview:large, max-video-preview:-1\" \/>\n<link rel=\"canonical\" href=\"https:\/\/www.apfelpatient.de\/en\/rumors\/ipad-pro-2020-case-surfaced\" \/>\n<meta property=\"og:locale\" content=\"en_US\" \/>\n<meta property=\"og:type\" content=\"article\" \/>\n<meta property=\"og:title\" content=\"iPad Pro 2020 Case aufgetaucht\" \/>\n<meta property=\"og:description\" content=\"iPad Pro 2020 - Demnach soll es sich dabei um eine neue Schutzh\u00fclle handeln. Besonders markant ist die Kamera-Aussparung.\" \/>\n<meta property=\"og:url\" content=\"https:\/\/www.apfelpatient.de\/en\/rumors\/ipad-pro-2020-case-surfaced\" \/>\n<meta property=\"og:site_name\" content=\"Apfelpatient\" \/>\n<meta property=\"article:publisher\" content=\"https:\/\/www.facebook.com\/apfelpatientOfficial\" \/>\n<meta property=\"article:author\" content=\"https:\/\/www.facebook.com\/apfelpatientOfficial\" \/>\n<meta property=\"article:published_time\" content=\"2020-02-24T14:12:12+00:00\" \/>\n<meta property=\"og:image\" content=\"https:\/\/www.apfelpatient.de\/wp-content\/uploads\/2020\/02\/bigstock-Paris-France-Jun-O-336386554.jpg\" \/>\n\t<meta property=\"og:image:width\" content=\"1600\" \/>\n\t<meta property=\"og:image:height\" content=\"1067\" \/>\n\t<meta property=\"og:image:type\" content=\"image\/jpeg\" \/>\n<meta name=\"author\" content=\"Milan\" \/>\n<meta name=\"twitter:card\" content=\"summary_large_image\" \/>\n<meta name=\"twitter:description\" content=\"iPad Pro 2020 - Demnach soll es sich dabei um eine neue Schutzh\u00fclle handeln. Besonders markant ist die Kamera-Aussparung.\" \/>\n<meta name=\"twitter:label1\" content=\"Written by\" \/>\n\t<meta name=\"twitter:data1\" content=\"Milan\" \/>\n\t<meta name=\"twitter:label2\" content=\"Est. reading time\" \/>\n\t<meta name=\"twitter:data2\" content=\"2 minutes\" \/>\n<script type=\"application\/ld+json\" class=\"yoast-schema-graph\">{\"@context\":\"https:\\\/\\\/schema.org\",\"@graph\":[{\"@type\":\"NewsArticle\",\"@id\":\"https:\\\/\\\/www.apfelpatient.de\\\/rumors\\\/ipad-pro-2020-case-aufgetaucht#article\",\"isPartOf\":{\"@id\":\"https:\\\/\\\/www.apfelpatient.de\\\/rumors\\\/ipad-pro-2020-case-aufgetaucht\"},\"author\":{\"@type\":\"Organization\",\"@id\":\"https:\\\/\\\/www.apfelpatient.de\\\/en\\\/#organization\",\"name\":\"Apfelpatient\",\"url\":\"https:\\\/\\\/www.apfelpatient.de\\\/en\\\/\"},\"headline\":\"iPad Pro 2020 Case aufgetaucht\",\"datePublished\":\"2020-02-24T14:12:12+00:00\",\"mainEntityOfPage\":{\"@id\":\"https:\\\/\\\/www.apfelpatient.de\\\/rumors\\\/ipad-pro-2020-case-aufgetaucht\"},\"wordCount\":312,\"publisher\":{\"@type\":\"Organization\",\"@id\":\"https:\\\/\\\/www.apfelpatient.de\\\/en\\\/#organization\",\"name\":\"Apfelpatient\",\"url\":\"https:\\\/\\\/www.apfelpatient.de\\\/en\\\/\"},\"image\":{\"@id\":\"https:\\\/\\\/www.apfelpatient.de\\\/rumors\\\/ipad-pro-2020-case-aufgetaucht#primaryimage\"},\"thumbnailUrl\":\"https:\\\/\\\/www.apfelpatient.de\\\/wp-content\\\/uploads\\\/2020\\\/02\\\/bigstock-Paris-France-Jun-O-336386554.jpg\",\"keywords\":[\"iOS 14\",\"iPad\",\"iPad Pro 2020\"],\"articleSection\":\"Rumors\",\"inLanguage\":\"en-US\",\"copyrightYear\":\"2020\",\"copyrightHolder\":{\"@id\":\"https:\\\/\\\/www.apfelpatient.de\\\/en\\\/#organization\"}},{\"@type\":\"WebPage\",\"@id\":\"https:\\\/\\\/www.apfelpatient.de\\\/rumors\\\/ipad-pro-2020-case-aufgetaucht\",\"url\":\"https:\\\/\\\/www.apfelpatient.de\\\/rumors\\\/ipad-pro-2020-case-aufgetaucht\",\"name\":\"iPad Pro 2020 Case aufgetaucht Apfelpatient\",\"isPartOf\":{\"@id\":\"https:\\\/\\\/www.apfelpatient.de\\\/#website\"},\"primaryImageOfPage\":{\"@id\":\"https:\\\/\\\/www.apfelpatient.de\\\/rumors\\\/ipad-pro-2020-case-aufgetaucht#primaryimage\"},\"image\":{\"@id\":\"https:\\\/\\\/www.apfelpatient.de\\\/rumors\\\/ipad-pro-2020-case-aufgetaucht#primaryimage\"},\"thumbnailUrl\":\"https:\\\/\\\/www.apfelpatient.de\\\/wp-content\\\/uploads\\\/2020\\\/02\\\/bigstock-Paris-France-Jun-O-336386554.jpg\",\"datePublished\":\"2020-02-24T14:12:12+00:00\",\"description\":\"iPad Pro 2020 - Demnach soll es sich dabei um eine neue Schutzh\u00fclle handeln. Besonders markant ist die Kamera-Aussparung.\",\"breadcrumb\":{\"@id\":\"https:\\\/\\\/www.apfelpatient.de\\\/rumors\\\/ipad-pro-2020-case-aufgetaucht#breadcrumb\"},\"inLanguage\":\"en-US\",\"potentialAction\":[{\"@type\":\"ReadAction\",\"target\":[\"https:\\\/\\\/www.apfelpatient.de\\\/rumors\\\/ipad-pro-2020-case-aufgetaucht\"]}]},{\"@type\":\"ImageObject\",\"inLanguage\":\"en-US\",\"@id\":\"https:\\\/\\\/www.apfelpatient.de\\\/rumors\\\/ipad-pro-2020-case-aufgetaucht#primaryimage\",\"url\":\"https:\\\/\\\/www.apfelpatient.de\\\/wp-content\\\/uploads\\\/2020\\\/02\\\/bigstock-Paris-France-Jun-O-336386554.jpg\",\"contentUrl\":\"https:\\\/\\\/www.apfelpatient.de\\\/wp-content\\\/uploads\\\/2020\\\/02\\\/bigstock-Paris-France-Jun-O-336386554.jpg\",\"width\":1600,\"height\":1067,\"caption\":\"Paris, France - Jun 2, 2019: Overhead view of a woman reading on on Apple news app on Ipad tablet the electronic version of British The Daily Telegraph news about Brexit\"},{\"@type\":\"BreadcrumbList\",\"@id\":\"https:\\\/\\\/www.apfelpatient.de\\\/rumors\\\/ipad-pro-2020-case-aufgetaucht#breadcrumb\",\"itemListElement\":[{\"@type\":\"ListItem\",\"position\":1,\"name\":\"Startseite\",\"item\":\"https:\\\/\\\/www.apfelpatient.de\\\/\"},{\"@type\":\"ListItem\",\"position\":2,\"name\":\"iPad Pro 2020 Case aufgetaucht\"}]},{\"@type\":\"WebSite\",\"@id\":\"https:\\\/\\\/www.apfelpatient.de\\\/#website\",\"url\":\"https:\\\/\\\/www.apfelpatient.de\\\/\",\"name\":\"Apfelpatient\",\"description\":\"Alles rund um Apple!\",\"publisher\":{\"@type\":\"Organization\",\"@id\":\"https:\\\/\\\/www.apfelpatient.de\\\/en\\\/#organization\",\"name\":\"Apfelpatient\",\"url\":\"https:\\\/\\\/www.apfelpatient.de\\\/en\\\/\"},\"alternateName\":\"Apfelpatient\",\"potentialAction\":[{\"@type\":\"SearchAction\",\"target\":{\"@type\":\"EntryPoint\",\"urlTemplate\":\"https:\\\/\\\/www.apfelpatient.de\\\/?s={search_term_string}\"},\"query-input\":{\"@type\":\"PropertyValueSpecification\",\"valueRequired\":true,\"valueName\":\"search_term_string\"}}],\"inLanguage\":\"en-US\"},{\"@type\":[\"Person\",\"Organization\"],\"@id\":\"https:\\\/\\\/www.apfelpatient.de\\\/#\\\/schema\\\/person\\\/7dc56ad6c8e9824b76d2c08d4c140e13\",\"name\":\"Milan\",\"logo\":{\"@id\":\"https:\\\/\\\/www.apfelpatient.de\\\/#\\\/schema\\\/person\\\/image\\\/\"},\"description\":\"Hallo und herzlich willkommen auf meinem Technik-Blog! Als gro\u00dfer Apple-Fan berichte ich hier \u00fcber alles, was mit Apple zu tun hat: von den neuesten News und spannenden Ger\u00fcchten \u00fcber hilfreiche Tipps und Tricks bis hin zu ausf\u00fchrlichen Produkttests. Wenn du genauso technikbegeistert bist wie ich, bist du hier genau richtig!\",\"sameAs\":[\"https:\\\/\\\/www.facebook.com\\\/apfelpatientOfficial\",\"https:\\\/\\\/www.linkedin.com\\\/in\\\/milan-jovicic-42aa0231b\"],\"url\":\"https:\\\/\\\/www.apfelpatient.de\\\/en\\\/author\\\/apfeladmin\"}]}<\/script>\n<!-- \/ Yoast SEO Premium plugin. -->","yoast_head_json":{"title":"iPad Pro 2020 Case surfaced Apfelpatient","description":"iPad Pro 2020 - This is said to be a new protective case. The camera cutout is particularly striking.","robots":{"index":"index","follow":"follow","max-snippet":"max-snippet:-1","max-image-preview":"max-image-preview:large","max-video-preview":"max-video-preview:-1"},"canonical":"https:\/\/www.apfelpatient.de\/en\/rumors\/ipad-pro-2020-case-surfaced","og_locale":"en_US","og_type":"article","og_title":"iPad Pro 2020 Case aufgetaucht","og_description":"iPad Pro 2020 - Demnach soll es sich dabei um eine neue Schutzh\u00fclle handeln. Besonders markant ist die Kamera-Aussparung.","og_url":"https:\/\/www.apfelpatient.de\/en\/rumors\/ipad-pro-2020-case-surfaced","og_site_name":"Apfelpatient","article_publisher":"https:\/\/www.facebook.com\/apfelpatientOfficial","article_author":"https:\/\/www.facebook.com\/apfelpatientOfficial","article_published_time":"2020-02-24T14:12:12+00:00","og_image":[{"width":1600,"height":1067,"url":"https:\/\/www.apfelpatient.de\/wp-content\/uploads\/2020\/02\/bigstock-Paris-France-Jun-O-336386554.jpg","type":"image\/jpeg"}],"author":"Milan","twitter_card":"summary_large_image","twitter_description":"iPad Pro 2020 - Demnach soll es sich dabei um eine neue Schutzh\u00fclle handeln. Besonders markant ist die Kamera-Aussparung.","twitter_misc":{"Written by":"Milan","Est. reading time":"2 minutes"},"schema":{"@context":"https:\/\/schema.org","@graph":[{"@type":"NewsArticle","@id":"https:\/\/www.apfelpatient.de\/rumors\/ipad-pro-2020-case-aufgetaucht#article","isPartOf":{"@id":"https:\/\/www.apfelpatient.de\/rumors\/ipad-pro-2020-case-aufgetaucht"},"author":{"@type":"Organization","@id":"https:\/\/www.apfelpatient.de\/en\/#organization","name":"Apfelpatient","url":"https:\/\/www.apfelpatient.de\/en\/"},"headline":"iPad Pro 2020 Case aufgetaucht","datePublished":"2020-02-24T14:12:12+00:00","mainEntityOfPage":{"@id":"https:\/\/www.apfelpatient.de\/rumors\/ipad-pro-2020-case-aufgetaucht"},"wordCount":312,"publisher":{"@type":"Organization","@id":"https:\/\/www.apfelpatient.de\/en\/#organization","name":"Apfelpatient","url":"https:\/\/www.apfelpatient.de\/en\/"},"image":{"@id":"https:\/\/www.apfelpatient.de\/rumors\/ipad-pro-2020-case-aufgetaucht#primaryimage"},"thumbnailUrl":"https:\/\/www.apfelpatient.de\/wp-content\/uploads\/2020\/02\/bigstock-Paris-France-Jun-O-336386554.jpg","keywords":["iOS 14","iPad","iPad Pro 2020"],"articleSection":"Rumors","inLanguage":"en-US","copyrightYear":"2020","copyrightHolder":{"@id":"https:\/\/www.apfelpatient.de\/en\/#organization"}},{"@type":"WebPage","@id":"https:\/\/www.apfelpatient.de\/rumors\/ipad-pro-2020-case-aufgetaucht","url":"https:\/\/www.apfelpatient.de\/rumors\/ipad-pro-2020-case-aufgetaucht","name":"iPad Pro 2020 Case surfaced Apfelpatient","isPartOf":{"@id":"https:\/\/www.apfelpatient.de\/#website"},"primaryImageOfPage":{"@id":"https:\/\/www.apfelpatient.de\/rumors\/ipad-pro-2020-case-aufgetaucht#primaryimage"},"image":{"@id":"https:\/\/www.apfelpatient.de\/rumors\/ipad-pro-2020-case-aufgetaucht#primaryimage"},"thumbnailUrl":"https:\/\/www.apfelpatient.de\/wp-content\/uploads\/2020\/02\/bigstock-Paris-France-Jun-O-336386554.jpg","datePublished":"2020-02-24T14:12:12+00:00","description":"iPad Pro 2020 - This is said to be a new protective case. The camera cutout is particularly striking.","breadcrumb":{"@id":"https:\/\/www.apfelpatient.de\/rumors\/ipad-pro-2020-case-aufgetaucht#breadcrumb"},"inLanguage":"en-US","potentialAction":[{"@type":"ReadAction","target":["https:\/\/www.apfelpatient.de\/rumors\/ipad-pro-2020-case-aufgetaucht"]}]},{"@type":"ImageObject","inLanguage":"en-US","@id":"https:\/\/www.apfelpatient.de\/rumors\/ipad-pro-2020-case-aufgetaucht#primaryimage","url":"https:\/\/www.apfelpatient.de\/wp-content\/uploads\/2020\/02\/bigstock-Paris-France-Jun-O-336386554.jpg","contentUrl":"https:\/\/www.apfelpatient.de\/wp-content\/uploads\/2020\/02\/bigstock-Paris-France-Jun-O-336386554.jpg","width":1600,"height":1067,"caption":"Paris, France - Jun 2, 2019: Overhead view of a woman reading on on Apple news app on Ipad tablet the electronic version of British The Daily Telegraph news about Brexit"},{"@type":"BreadcrumbList","@id":"https:\/\/www.apfelpatient.de\/rumors\/ipad-pro-2020-case-aufgetaucht#breadcrumb","itemListElement":[{"@type":"ListItem","position":1,"name":"Startseite","item":"https:\/\/www.apfelpatient.de\/"},{"@type":"ListItem","position":2,"name":"iPad Pro 2020 Case aufgetaucht"}]},{"@type":"WebSite","@id":"https:\/\/www.apfelpatient.de\/#website","url":"https:\/\/www.apfelpatient.de\/","name":"apple patient","description":"Everything about Apple!","publisher":{"@type":"Organization","@id":"https:\/\/www.apfelpatient.de\/en\/#organization","name":"Apfelpatient","url":"https:\/\/www.apfelpatient.de\/en\/"},"alternateName":"Apfelpatient","potentialAction":[{"@type":"SearchAction","target":{"@type":"EntryPoint","urlTemplate":"https:\/\/www.apfelpatient.de\/?s={search_term_string}"},"query-input":{"@type":"PropertyValueSpecification","valueRequired":true,"valueName":"search_term_string"}}],"inLanguage":"en-US"},{"@type":["Person","Organization"],"@id":"https:\/\/www.apfelpatient.de\/#\/schema\/person\/7dc56ad6c8e9824b76d2c08d4c140e13","name":"Milan","logo":{"@id":"https:\/\/www.apfelpatient.de\/#\/schema\/person\/image\/"},"description":"Hello and welcome to my technology blog! As a big Apple fan, I report on everything to do with Apple: from the latest news and exciting rumors to helpful tips and tricks and detailed product tests. If you are as enthusiastic about technology as I am, you have come to the right place!","sameAs":["https:\/\/www.facebook.com\/apfelpatientOfficial","https:\/\/www.linkedin.com\/in\/milan-jovicic-42aa0231b"],"url":"https:\/\/www.apfelpatient.de\/en\/author\/apfeladmin"}]}},"_links":{"self":[{"href":"https:\/\/www.apfelpatient.de\/en\/wp-json\/wp\/v2\/posts\/10302","targetHints":{"allow":["GET"]}}],"collection":[{"href":"https:\/\/www.apfelpatient.de\/en\/wp-json\/wp\/v2\/posts"}],"about":[{"href":"https:\/\/www.apfelpatient.de\/en\/wp-json\/wp\/v2\/types\/post"}],"author":[{"embeddable":true,"href":"https:\/\/www.apfelpatient.de\/en\/wp-json\/wp\/v2\/users\/2"}],"replies":[{"embeddable":true,"href":"https:\/\/www.apfelpatient.de\/en\/wp-json\/wp\/v2\/comments?post=10302"}],"version-history":[{"count":0,"href":"https:\/\/www.apfelpatient.de\/en\/wp-json\/wp\/v2\/posts\/10302\/revisions"}],"wp:featuredmedia":[{"embeddable":true,"href":"https:\/\/www.apfelpatient.de\/en\/wp-json\/wp\/v2\/media\/10300"}],"wp:attachment":[{"href":"https:\/\/www.apfelpatient.de\/en\/wp-json\/wp\/v2\/media?parent=10302"}],"wp:term":[{"taxonomy":"category","embeddable":true,"href":"https:\/\/www.apfelpatient.de\/en\/wp-json\/wp\/v2\/categories?post=10302"},{"taxonomy":"post_tag","embeddable":true,"href":"https:\/\/www.apfelpatient.de\/en\/wp-json\/wp\/v2\/tags?post=10302"}],"curies":[{"name":"wp","href":"https:\/\/api.w.org\/{rel}","templated":true}]}}