{"id":10168,"date":"2020-02-18T00:00:14","date_gmt":"2020-02-17T23:00:14","guid":{"rendered":"https:\/\/www.apfelpatient.de\/?p=10168"},"modified":"2020-02-18T00:00:14","modified_gmt":"2020-02-17T23:00:14","slug":"apple-keynote-is-scheduled-to-take-place-on-march-31st","status":"publish","type":"post","link":"https:\/\/www.apfelpatient.de\/en\/rumors\/apple-keynote-soll-am-31-maerz-stattfinden","title":{"rendered":"Apple Keynote is scheduled for March 31"},"content":{"rendered":"<p class=\"has-drop-cap\"><strong>According to various rumors, Apple is planning to hold a keynote in March. But when exactly will this take place? According to a new report, March 31st has been reserved for it.<\/strong><\/p>\n\n\n\n<p>A spring event has become a regular feature at Apple. But when exactly could it take place? Our colleagues at iPhone-Ticker want to know the answer. Apple seems to want to hold the event on March 31st. But that&#039;s not all. The new entry-level iPhone (known as the iPhone 9 or iPhone SE 2) is set to debut on April 3rd.&nbsp;<\/p>\n\n\n\n<h3 class=\"wp-block-heading\">iPhone, iPad Pro and more<\/h3>\n\n\n\n\n\n\n\n<p><\/p>\n\n\n\n<p>The date would fit Apple&#039;s pattern, which is why the date should actually be taken seriously. In addition to the affordable iPhone, rumors say that a new iPad Pro generation will follow, as well as the leaked AirTags and a 13-inch MacBook Pro. A new Apple TV could also be presented at this event.&nbsp;<em>(Photo by Yastremska \/ Bigstockphoto)<\/em><\/p>\n\n\n\n<ul class=\"wp-block-list\"><li><a href=\"https:\/\/www.apfelpatient.de\/en\/news\/coronavirus-apple-corrects-sales-forecast\">Coronavirus: Apple revises sales forecast<\/a><\/li><\/ul>","protected":false},"excerpt":{"rendered":"<p>According to various rumors, Apple is planning to hold a keynote in March. But when exactly will it take place?<\/p>","protected":false},"author":2,"featured_media":10170,"comment_status":"closed","ping_status":"closed","sticky":false,"template":"","format":"standard","meta":{"jnews-multi-image_gallery":[],"jnews_single_post":{"subtitle":"","format":"standard","video":"","gallery":"","source_name":"iPhone-Ticker","source_url":"https:\/\/www.iphone-ticker.de\/iphone-9-vorstellung-ende-maerz-verkaufsstart-3-april-153623\/","via_name":"","via_url":"","override":[{"single_blog_custom":"","sidebar":"","second_sidebar":"","share_position":"","share_float_style":"","post_date_format":"","post_date_format_custom":"","post_reading_time_wpm":"","zoom_button_out_step":"1","zoom_button_in_step":"1","number_popup_post":"1"}],"image_override":[{"single_post_thumbnail_size":"","single_post_gallery_size":""}],"trending_post_position":"","trending_post_label":""},"jnews_primary_category":{"id":"274"},"footnotes":""},"categories":[25],"tags":[376,8,254,371,71],"class_list":["post-10168","post","type-post","status-publish","format-standard","has-post-thumbnail","hentry","category-rumors","tag-coronavirus","tag-iphone","tag-iphone-2020","tag-iphone-9","tag-iphone-se-2"],"yoast_head":"<!-- This site is optimized with the Yoast SEO Premium plugin v27.5 (Yoast SEO v27.5) - https:\/\/yoast.com\/product\/yoast-seo-premium-wordpress\/ -->\n<title>Apple Keynote soll am 31. M\u00e4rz stattfinden Apfelpatient<\/title>\n<meta name=\"description\" content=\"Diversen Ger\u00fcchten zufolge plant Apple im M\u00e4rz eine Keynote zu veranstalten. Doch wann soll diese genau stattfinden?\" \/>\n<meta name=\"robots\" content=\"index, follow, max-snippet:-1, max-image-preview:large, max-video-preview:-1\" \/>\n<link rel=\"canonical\" href=\"https:\/\/www.apfelpatient.de\/en\/rumors\/apple-keynote-is-scheduled-to-take-place-on-march-31st\" \/>\n<meta property=\"og:locale\" content=\"en_US\" \/>\n<meta property=\"og:type\" content=\"article\" \/>\n<meta property=\"og:title\" content=\"Apple Keynote soll am 31. M\u00e4rz stattfinden\" \/>\n<meta property=\"og:description\" content=\"Diversen Ger\u00fcchten zufolge plant Apple im M\u00e4rz eine Keynote zu veranstalten. Doch wann soll diese genau stattfinden?\" \/>\n<meta property=\"og:url\" content=\"https:\/\/www.apfelpatient.de\/en\/rumors\/apple-keynote-is-scheduled-to-take-place-on-march-31st\" \/>\n<meta property=\"og:site_name\" content=\"Apfelpatient\" \/>\n<meta property=\"article:publisher\" content=\"https:\/\/www.facebook.com\/apfelpatientOfficial\" \/>\n<meta property=\"article:author\" content=\"https:\/\/www.facebook.com\/apfelpatientOfficial\" \/>\n<meta property=\"article:published_time\" content=\"2020-02-17T23:00:14+00:00\" \/>\n<meta property=\"og:image\" content=\"https:\/\/www.apfelpatient.de\/wp-content\/uploads\/2020\/02\/bigstock-KYIV-UKRAINE-DECEMBER-225200629.jpg\" \/>\n\t<meta property=\"og:image:width\" content=\"1600\" \/>\n\t<meta property=\"og:image:height\" content=\"1067\" \/>\n\t<meta property=\"og:image:type\" content=\"image\/jpeg\" \/>\n<meta name=\"author\" content=\"Milan\" \/>\n<meta name=\"twitter:card\" content=\"summary_large_image\" \/>\n<meta name=\"twitter:description\" content=\"Diversen Ger\u00fcchten zufolge plant Apple im M\u00e4rz eine Keynote zu veranstalten. Doch wann soll diese genau stattfinden?\" \/>\n<meta name=\"twitter:label1\" content=\"Written by\" \/>\n\t<meta name=\"twitter:data1\" content=\"Milan\" \/>\n\t<meta name=\"twitter:label2\" content=\"Est. reading time\" \/>\n\t<meta name=\"twitter:data2\" content=\"1 minute\" \/>\n<script type=\"application\/ld+json\" class=\"yoast-schema-graph\">{\"@context\":\"https:\\\/\\\/schema.org\",\"@graph\":[{\"@type\":\"NewsArticle\",\"@id\":\"https:\\\/\\\/www.apfelpatient.de\\\/en\\\/rumors\\\/apple-keynote-soll-am-31-maerz-stattfinden#article\",\"isPartOf\":{\"@id\":\"https:\\\/\\\/www.apfelpatient.de\\\/en\\\/rumors\\\/apple-keynote-soll-am-31-maerz-stattfinden\"},\"author\":{\"@type\":\"Organization\",\"@id\":\"https:\\\/\\\/www.apfelpatient.de\\\/en\\\/#organization\",\"name\":\"Apfelpatient\",\"url\":\"https:\\\/\\\/www.apfelpatient.de\\\/en\\\/\"},\"headline\":\"Apple Keynote soll am 31. M\u00e4rz stattfinden\",\"datePublished\":\"2020-02-17T23:00:14+00:00\",\"mainEntityOfPage\":{\"@id\":\"https:\\\/\\\/www.apfelpatient.de\\\/en\\\/rumors\\\/apple-keynote-soll-am-31-maerz-stattfinden\"},\"wordCount\":163,\"publisher\":{\"@type\":\"Organization\",\"@id\":\"https:\\\/\\\/www.apfelpatient.de\\\/en\\\/#organization\",\"name\":\"Apfelpatient\",\"url\":\"https:\\\/\\\/www.apfelpatient.de\\\/en\\\/\"},\"image\":{\"@id\":\"https:\\\/\\\/www.apfelpatient.de\\\/en\\\/rumors\\\/apple-keynote-soll-am-31-maerz-stattfinden#primaryimage\"},\"thumbnailUrl\":\"https:\\\/\\\/www.apfelpatient.de\\\/wp-content\\\/uploads\\\/2020\\\/02\\\/bigstock-KYIV-UKRAINE-DECEMBER-225200629.jpg\",\"keywords\":[\"Coronavirus\",\"iPhone\",\"iPhone 2020\",\"iPhone 9\",\"iPhone SE 2\"],\"articleSection\":\"Rumors\",\"inLanguage\":\"en-US\",\"copyrightYear\":\"2020\",\"copyrightHolder\":{\"@id\":\"https:\\\/\\\/www.apfelpatient.de\\\/en\\\/#organization\"}},{\"@type\":\"WebPage\",\"@id\":\"https:\\\/\\\/www.apfelpatient.de\\\/en\\\/rumors\\\/apple-keynote-soll-am-31-maerz-stattfinden\",\"url\":\"https:\\\/\\\/www.apfelpatient.de\\\/en\\\/rumors\\\/apple-keynote-soll-am-31-maerz-stattfinden\",\"name\":\"Apple Keynote soll am 31. M\u00e4rz stattfinden Apfelpatient\",\"isPartOf\":{\"@id\":\"https:\\\/\\\/www.apfelpatient.de\\\/#website\"},\"primaryImageOfPage\":{\"@id\":\"https:\\\/\\\/www.apfelpatient.de\\\/en\\\/rumors\\\/apple-keynote-soll-am-31-maerz-stattfinden#primaryimage\"},\"image\":{\"@id\":\"https:\\\/\\\/www.apfelpatient.de\\\/en\\\/rumors\\\/apple-keynote-soll-am-31-maerz-stattfinden#primaryimage\"},\"thumbnailUrl\":\"https:\\\/\\\/www.apfelpatient.de\\\/wp-content\\\/uploads\\\/2020\\\/02\\\/bigstock-KYIV-UKRAINE-DECEMBER-225200629.jpg\",\"datePublished\":\"2020-02-17T23:00:14+00:00\",\"description\":\"Diversen Ger\u00fcchten zufolge plant Apple im M\u00e4rz eine Keynote zu veranstalten. Doch wann soll diese genau stattfinden?\",\"breadcrumb\":{\"@id\":\"https:\\\/\\\/www.apfelpatient.de\\\/en\\\/rumors\\\/apple-keynote-soll-am-31-maerz-stattfinden#breadcrumb\"},\"inLanguage\":\"en-US\",\"potentialAction\":[{\"@type\":\"ReadAction\",\"target\":[\"https:\\\/\\\/www.apfelpatient.de\\\/en\\\/rumors\\\/apple-keynote-soll-am-31-maerz-stattfinden\"]}]},{\"@type\":\"ImageObject\",\"inLanguage\":\"en-US\",\"@id\":\"https:\\\/\\\/www.apfelpatient.de\\\/en\\\/rumors\\\/apple-keynote-soll-am-31-maerz-stattfinden#primaryimage\",\"url\":\"https:\\\/\\\/www.apfelpatient.de\\\/wp-content\\\/uploads\\\/2020\\\/02\\\/bigstock-KYIV-UKRAINE-DECEMBER-225200629.jpg\",\"contentUrl\":\"https:\\\/\\\/www.apfelpatient.de\\\/wp-content\\\/uploads\\\/2020\\\/02\\\/bigstock-KYIV-UKRAINE-DECEMBER-225200629.jpg\",\"width\":1600,\"height\":1067,\"caption\":\"KYIV, UKRAINE - DECEMBER 5, 2017: Back panel of iPhone 8 Space Grey on notebook\"},{\"@type\":\"BreadcrumbList\",\"@id\":\"https:\\\/\\\/www.apfelpatient.de\\\/en\\\/rumors\\\/apple-keynote-soll-am-31-maerz-stattfinden#breadcrumb\",\"itemListElement\":[{\"@type\":\"ListItem\",\"position\":1,\"name\":\"Startseite\",\"item\":\"https:\\\/\\\/www.apfelpatient.de\\\/\"},{\"@type\":\"ListItem\",\"position\":2,\"name\":\"Apple Keynote soll am 31. M\u00e4rz stattfinden\"}]},{\"@type\":\"WebSite\",\"@id\":\"https:\\\/\\\/www.apfelpatient.de\\\/#website\",\"url\":\"https:\\\/\\\/www.apfelpatient.de\\\/\",\"name\":\"Apfelpatient\",\"description\":\"Alles rund um Apple!\",\"publisher\":{\"@type\":\"Organization\",\"@id\":\"https:\\\/\\\/www.apfelpatient.de\\\/en\\\/#organization\",\"name\":\"Apfelpatient\",\"url\":\"https:\\\/\\\/www.apfelpatient.de\\\/en\\\/\"},\"alternateName\":\"Apfelpatient\",\"potentialAction\":[{\"@type\":\"SearchAction\",\"target\":{\"@type\":\"EntryPoint\",\"urlTemplate\":\"https:\\\/\\\/www.apfelpatient.de\\\/?s={search_term_string}\"},\"query-input\":{\"@type\":\"PropertyValueSpecification\",\"valueRequired\":true,\"valueName\":\"search_term_string\"}}],\"inLanguage\":\"en-US\"},{\"@type\":[\"Person\",\"Organization\"],\"@id\":\"https:\\\/\\\/www.apfelpatient.de\\\/#\\\/schema\\\/person\\\/7dc56ad6c8e9824b76d2c08d4c140e13\",\"name\":\"Milan\",\"logo\":{\"@id\":\"https:\\\/\\\/www.apfelpatient.de\\\/#\\\/schema\\\/person\\\/image\\\/\"},\"description\":\"Hallo und herzlich willkommen auf meinem Technik-Blog! Als gro\u00dfer Apple-Fan berichte ich hier \u00fcber alles, was mit Apple zu tun hat: von den neuesten News und spannenden Ger\u00fcchten \u00fcber hilfreiche Tipps und Tricks bis hin zu ausf\u00fchrlichen Produkttests. Wenn du genauso technikbegeistert bist wie ich, bist du hier genau richtig!\",\"sameAs\":[\"https:\\\/\\\/www.facebook.com\\\/apfelpatientOfficial\",\"https:\\\/\\\/www.linkedin.com\\\/in\\\/milan-jovicic-42aa0231b\"],\"url\":\"https:\\\/\\\/www.apfelpatient.de\\\/en\\\/author\\\/apfeladmin\"}]}<\/script>\n<!-- \/ Yoast SEO Premium plugin. -->","yoast_head_json":{"title":"Apple Keynote to take place on March 31st Apfelpatient","description":"According to various rumors, Apple is planning to hold a keynote in March. But when exactly will it take place?","robots":{"index":"index","follow":"follow","max-snippet":"max-snippet:-1","max-image-preview":"max-image-preview:large","max-video-preview":"max-video-preview:-1"},"canonical":"https:\/\/www.apfelpatient.de\/en\/rumors\/apple-keynote-is-scheduled-to-take-place-on-march-31st","og_locale":"en_US","og_type":"article","og_title":"Apple Keynote soll am 31. M\u00e4rz stattfinden","og_description":"Diversen Ger\u00fcchten zufolge plant Apple im M\u00e4rz eine Keynote zu veranstalten. Doch wann soll diese genau stattfinden?","og_url":"https:\/\/www.apfelpatient.de\/en\/rumors\/apple-keynote-is-scheduled-to-take-place-on-march-31st","og_site_name":"Apfelpatient","article_publisher":"https:\/\/www.facebook.com\/apfelpatientOfficial","article_author":"https:\/\/www.facebook.com\/apfelpatientOfficial","article_published_time":"2020-02-17T23:00:14+00:00","og_image":[{"width":1600,"height":1067,"url":"https:\/\/www.apfelpatient.de\/wp-content\/uploads\/2020\/02\/bigstock-KYIV-UKRAINE-DECEMBER-225200629.jpg","type":"image\/jpeg"}],"author":"Milan","twitter_card":"summary_large_image","twitter_description":"Diversen Ger\u00fcchten zufolge plant Apple im M\u00e4rz eine Keynote zu veranstalten. Doch wann soll diese genau stattfinden?","twitter_misc":{"Written by":"Milan","Est. reading time":"1 minute"},"schema":{"@context":"https:\/\/schema.org","@graph":[{"@type":"NewsArticle","@id":"https:\/\/www.apfelpatient.de\/en\/rumors\/apple-keynote-soll-am-31-maerz-stattfinden#article","isPartOf":{"@id":"https:\/\/www.apfelpatient.de\/en\/rumors\/apple-keynote-soll-am-31-maerz-stattfinden"},"author":{"@type":"Organization","@id":"https:\/\/www.apfelpatient.de\/en\/#organization","name":"Apfelpatient","url":"https:\/\/www.apfelpatient.de\/en\/"},"headline":"Apple Keynote soll am 31. M\u00e4rz stattfinden","datePublished":"2020-02-17T23:00:14+00:00","mainEntityOfPage":{"@id":"https:\/\/www.apfelpatient.de\/en\/rumors\/apple-keynote-soll-am-31-maerz-stattfinden"},"wordCount":163,"publisher":{"@type":"Organization","@id":"https:\/\/www.apfelpatient.de\/en\/#organization","name":"Apfelpatient","url":"https:\/\/www.apfelpatient.de\/en\/"},"image":{"@id":"https:\/\/www.apfelpatient.de\/en\/rumors\/apple-keynote-soll-am-31-maerz-stattfinden#primaryimage"},"thumbnailUrl":"https:\/\/www.apfelpatient.de\/wp-content\/uploads\/2020\/02\/bigstock-KYIV-UKRAINE-DECEMBER-225200629.jpg","keywords":["Coronavirus","iPhone","iPhone 2020","iPhone 9","iPhone SE 2"],"articleSection":"Rumors","inLanguage":"en-US","copyrightYear":"2020","copyrightHolder":{"@id":"https:\/\/www.apfelpatient.de\/en\/#organization"}},{"@type":"WebPage","@id":"https:\/\/www.apfelpatient.de\/en\/rumors\/apple-keynote-soll-am-31-maerz-stattfinden","url":"https:\/\/www.apfelpatient.de\/en\/rumors\/apple-keynote-soll-am-31-maerz-stattfinden","name":"Apple Keynote to take place on March 31st Apfelpatient","isPartOf":{"@id":"https:\/\/www.apfelpatient.de\/#website"},"primaryImageOfPage":{"@id":"https:\/\/www.apfelpatient.de\/en\/rumors\/apple-keynote-soll-am-31-maerz-stattfinden#primaryimage"},"image":{"@id":"https:\/\/www.apfelpatient.de\/en\/rumors\/apple-keynote-soll-am-31-maerz-stattfinden#primaryimage"},"thumbnailUrl":"https:\/\/www.apfelpatient.de\/wp-content\/uploads\/2020\/02\/bigstock-KYIV-UKRAINE-DECEMBER-225200629.jpg","datePublished":"2020-02-17T23:00:14+00:00","description":"According to various rumors, Apple is planning to hold a keynote in March. But when exactly will it take place?","breadcrumb":{"@id":"https:\/\/www.apfelpatient.de\/en\/rumors\/apple-keynote-soll-am-31-maerz-stattfinden#breadcrumb"},"inLanguage":"en-US","potentialAction":[{"@type":"ReadAction","target":["https:\/\/www.apfelpatient.de\/en\/rumors\/apple-keynote-soll-am-31-maerz-stattfinden"]}]},{"@type":"ImageObject","inLanguage":"en-US","@id":"https:\/\/www.apfelpatient.de\/en\/rumors\/apple-keynote-soll-am-31-maerz-stattfinden#primaryimage","url":"https:\/\/www.apfelpatient.de\/wp-content\/uploads\/2020\/02\/bigstock-KYIV-UKRAINE-DECEMBER-225200629.jpg","contentUrl":"https:\/\/www.apfelpatient.de\/wp-content\/uploads\/2020\/02\/bigstock-KYIV-UKRAINE-DECEMBER-225200629.jpg","width":1600,"height":1067,"caption":"KYIV, UKRAINE - DECEMBER 5, 2017: Back panel of iPhone 8 Space Grey on notebook"},{"@type":"BreadcrumbList","@id":"https:\/\/www.apfelpatient.de\/en\/rumors\/apple-keynote-soll-am-31-maerz-stattfinden#breadcrumb","itemListElement":[{"@type":"ListItem","position":1,"name":"Startseite","item":"https:\/\/www.apfelpatient.de\/"},{"@type":"ListItem","position":2,"name":"Apple Keynote soll am 31. M\u00e4rz stattfinden"}]},{"@type":"WebSite","@id":"https:\/\/www.apfelpatient.de\/#website","url":"https:\/\/www.apfelpatient.de\/","name":"apple patient","description":"Everything about Apple!","publisher":{"@type":"Organization","@id":"https:\/\/www.apfelpatient.de\/en\/#organization","name":"Apfelpatient","url":"https:\/\/www.apfelpatient.de\/en\/"},"alternateName":"Apfelpatient","potentialAction":[{"@type":"SearchAction","target":{"@type":"EntryPoint","urlTemplate":"https:\/\/www.apfelpatient.de\/?s={search_term_string}"},"query-input":{"@type":"PropertyValueSpecification","valueRequired":true,"valueName":"search_term_string"}}],"inLanguage":"en-US"},{"@type":["Person","Organization"],"@id":"https:\/\/www.apfelpatient.de\/#\/schema\/person\/7dc56ad6c8e9824b76d2c08d4c140e13","name":"Milan","logo":{"@id":"https:\/\/www.apfelpatient.de\/#\/schema\/person\/image\/"},"description":"Hello and welcome to my technology blog! As a big Apple fan, I report on everything to do with Apple: from the latest news and exciting rumors to helpful tips and tricks and detailed product tests. If you are as enthusiastic about technology as I am, you have come to the right place!","sameAs":["https:\/\/www.facebook.com\/apfelpatientOfficial","https:\/\/www.linkedin.com\/in\/milan-jovicic-42aa0231b"],"url":"https:\/\/www.apfelpatient.de\/en\/author\/apfeladmin"}]}},"_links":{"self":[{"href":"https:\/\/www.apfelpatient.de\/en\/wp-json\/wp\/v2\/posts\/10168","targetHints":{"allow":["GET"]}}],"collection":[{"href":"https:\/\/www.apfelpatient.de\/en\/wp-json\/wp\/v2\/posts"}],"about":[{"href":"https:\/\/www.apfelpatient.de\/en\/wp-json\/wp\/v2\/types\/post"}],"author":[{"embeddable":true,"href":"https:\/\/www.apfelpatient.de\/en\/wp-json\/wp\/v2\/users\/2"}],"replies":[{"embeddable":true,"href":"https:\/\/www.apfelpatient.de\/en\/wp-json\/wp\/v2\/comments?post=10168"}],"version-history":[{"count":0,"href":"https:\/\/www.apfelpatient.de\/en\/wp-json\/wp\/v2\/posts\/10168\/revisions"}],"wp:featuredmedia":[{"embeddable":true,"href":"https:\/\/www.apfelpatient.de\/en\/wp-json\/wp\/v2\/media\/10170"}],"wp:attachment":[{"href":"https:\/\/www.apfelpatient.de\/en\/wp-json\/wp\/v2\/media?parent=10168"}],"wp:term":[{"taxonomy":"category","embeddable":true,"href":"https:\/\/www.apfelpatient.de\/en\/wp-json\/wp\/v2\/categories?post=10168"},{"taxonomy":"post_tag","embeddable":true,"href":"https:\/\/www.apfelpatient.de\/en\/wp-json\/wp\/v2\/tags?post=10168"}],"curies":[{"name":"wp","href":"https:\/\/api.w.org\/{rel}","templated":true}]}}