{"id":10153,"date":"2020-02-17T18:01:05","date_gmt":"2020-02-17T17:01:05","guid":{"rendered":"https:\/\/www.apfelpatient.de\/?p=10153"},"modified":"2020-02-17T18:01:05","modified_gmt":"2020-02-17T17:01:05","slug":"ipad-pro-2020-production-started","status":"publish","type":"post","link":"https:\/\/www.apfelpatient.de\/en\/rumors\/ipad-pro-2020-produktion-angelaufen","title":{"rendered":"iPad Pro 2020 production started"},"content":{"rendered":"<p class=\"has-drop-cap\"><strong>According to rumors, Apple plans to present the fourth generation of the iPad Pro in the first half of 2020. Now there are new details about the start of production.<\/strong><\/p>\n\n\n\n<p>The controversial DigiTimes claims to have learned that production of the new iPad Pro has started. The market launch is set for March. This would fit in with Apple&#039;s schedule, according to which the company introduces a new Pro tablet every 18 months. However, production is said to be progressing slowly, which is why there will be supply bottlenecks. The article states:<\/p>\n\n\n\n<blockquote class=\"wp-block-quote is-layout-flow wp-block-quote-is-layout-flow\"><p>Apple is expected to launch its new iPad Pro series in March, with suppliers already starting production of the model ahead of the Lunar New Year. However, after the extended Lunar New Year break in China, production has slowly started to increase, with shipments not expected to peak until after April, according to industry sources.<\/p><\/blockquote>\n\n\n\n\n\n\n\n<p><\/p>\n\n\n\n<p>Whether DigiTimes will be right remains to be seen. But in this case, the chances are relatively good, as similar reports have already been documented. It seems as if Apple is planning a product fireworks display in March. In addition to a new iPad Pro, the successor to the iPhone SE (known as the iPhone 9 or iPhone SE 2) is also expected. An updated 13-inch MacBook Pro is also expected to be presented at the event. There is also the possibility that Apple will present the leaked AirTags and other gadgets. You can find out more about this <a href=\"https:\/\/www.apfelpatient.de\/en\/rumors\/apple-airtags-ipad-pro-charging-mat-and-more-coming-soon\">here<\/a>.&nbsp;<em>(Photo by Rido81 \/ Bigstockphoto)<\/em><\/p>\n\n\n\n<ul class=\"wp-block-list\"><li><a href=\"https:\/\/www.apfelpatient.de\/en\/news\/tvos-13-4-beta-reveals-new-apple-tv-4k-hardware\">tvOS 13.4 Beta Reveals New Apple TV 4K Hardware<\/a><\/li><\/ul>","protected":false},"excerpt":{"rendered":"<p>According to rumors, Apple plans to present the fourth generation of the iPad Pro in the first half of 2020. Now there are new details about the start of production.<\/p>","protected":false},"author":2,"featured_media":10152,"comment_status":"closed","ping_status":"closed","sticky":false,"template":"","format":"standard","meta":{"jnews-multi-image_gallery":[],"jnews_single_post":{"subtitle":"","format":"standard","video":"","gallery":"","source_name":"","source_url":"","via_name":"","via_url":"","override":[{"single_blog_custom":"","sidebar":"","second_sidebar":"","share_position":"","share_float_style":"","post_date_format":"","post_date_format_custom":"","post_reading_time_wpm":"","zoom_button_out_step":"1","zoom_button_in_step":"1","number_popup_post":"1"}],"image_override":[{"single_post_thumbnail_size":"","single_post_gallery_size":""}],"trending_post_position":"","trending_post_label":""},"jnews_primary_category":{"id":"274"},"footnotes":""},"categories":[25],"tags":[18,307],"class_list":["post-10153","post","type-post","status-publish","format-standard","has-post-thumbnail","hentry","category-rumors","tag-ipad","tag-ipad-pro-2020"],"yoast_head":"<!-- This site is optimized with the Yoast SEO Premium plugin v27.5 (Yoast SEO v27.5) - https:\/\/yoast.com\/product\/yoast-seo-premium-wordpress\/ -->\n<title>iPad Pro 2020 Produktion angelaufen Apfelpatient<\/title>\n<meta name=\"description\" content=\"Ger\u00fcchten zufolge plant Apple die vierte Generation des iPad Pro in der ersten Jahresh\u00e4lfte 2020 zu pr\u00e4sentieren. Nun gibt es neue Details zum Produktionsstart.\" \/>\n<meta name=\"robots\" content=\"index, follow, max-snippet:-1, max-image-preview:large, max-video-preview:-1\" \/>\n<link rel=\"canonical\" href=\"https:\/\/www.apfelpatient.de\/en\/rumors\/ipad-pro-2020-production-started\" \/>\n<meta property=\"og:locale\" content=\"en_US\" \/>\n<meta property=\"og:type\" content=\"article\" \/>\n<meta property=\"og:title\" content=\"iPad Pro 2020 Produktion angelaufen\" \/>\n<meta property=\"og:description\" content=\"Ger\u00fcchten zufolge plant Apple die vierte Generation des iPad Pro in der ersten Jahresh\u00e4lfte 2020 zu pr\u00e4sentieren. Nun gibt es neue Details zum Produktionsstart.\" \/>\n<meta property=\"og:url\" content=\"https:\/\/www.apfelpatient.de\/en\/rumors\/ipad-pro-2020-production-started\" \/>\n<meta property=\"og:site_name\" content=\"Apfelpatient\" \/>\n<meta property=\"article:publisher\" content=\"https:\/\/www.facebook.com\/apfelpatientOfficial\" \/>\n<meta property=\"article:author\" content=\"https:\/\/www.facebook.com\/apfelpatientOfficial\" \/>\n<meta property=\"article:published_time\" content=\"2020-02-17T17:01:05+00:00\" \/>\n<meta property=\"og:image\" content=\"https:\/\/www.apfelpatient.de\/wp-content\/uploads\/2020\/02\/bigstock-Beautiful-mature-woman-sitting-275824948.jpg\" \/>\n\t<meta property=\"og:image:width\" content=\"1600\" \/>\n\t<meta property=\"og:image:height\" content=\"1063\" \/>\n\t<meta property=\"og:image:type\" content=\"image\/jpeg\" \/>\n<meta name=\"author\" content=\"Milan\" \/>\n<meta name=\"twitter:card\" content=\"summary_large_image\" \/>\n<meta name=\"twitter:description\" content=\"Ger\u00fcchten zufolge plant Apple die vierte Generation des iPad Pro in der ersten Jahresh\u00e4lfte 2020 zu pr\u00e4sentieren. Nun gibt es neue Details zum Produktionsstart.\" \/>\n<meta name=\"twitter:label1\" content=\"Written by\" \/>\n\t<meta name=\"twitter:data1\" content=\"Milan\" \/>\n\t<meta name=\"twitter:label2\" content=\"Est. reading time\" \/>\n\t<meta name=\"twitter:data2\" content=\"1 minute\" \/>\n<script type=\"application\/ld+json\" class=\"yoast-schema-graph\">{\"@context\":\"https:\\\/\\\/schema.org\",\"@graph\":[{\"@type\":\"NewsArticle\",\"@id\":\"https:\\\/\\\/www.apfelpatient.de\\\/rumors\\\/ipad-pro-2020-produktion-angelaufen#article\",\"isPartOf\":{\"@id\":\"https:\\\/\\\/www.apfelpatient.de\\\/rumors\\\/ipad-pro-2020-produktion-angelaufen\"},\"author\":{\"@type\":\"Organization\",\"@id\":\"https:\\\/\\\/www.apfelpatient.de\\\/en\\\/#organization\",\"name\":\"Apfelpatient\",\"url\":\"https:\\\/\\\/www.apfelpatient.de\\\/en\\\/\"},\"headline\":\"iPad Pro 2020 Produktion angelaufen\",\"datePublished\":\"2020-02-17T17:01:05+00:00\",\"mainEntityOfPage\":{\"@id\":\"https:\\\/\\\/www.apfelpatient.de\\\/rumors\\\/ipad-pro-2020-produktion-angelaufen\"},\"wordCount\":253,\"publisher\":{\"@type\":\"Organization\",\"@id\":\"https:\\\/\\\/www.apfelpatient.de\\\/en\\\/#organization\",\"name\":\"Apfelpatient\",\"url\":\"https:\\\/\\\/www.apfelpatient.de\\\/en\\\/\"},\"image\":{\"@id\":\"https:\\\/\\\/www.apfelpatient.de\\\/rumors\\\/ipad-pro-2020-produktion-angelaufen#primaryimage\"},\"thumbnailUrl\":\"https:\\\/\\\/www.apfelpatient.de\\\/wp-content\\\/uploads\\\/2020\\\/02\\\/bigstock-Beautiful-mature-woman-sitting-275824948.jpg\",\"keywords\":[\"iPad\",\"iPad Pro 2020\"],\"articleSection\":\"Rumors\",\"inLanguage\":\"en-US\",\"copyrightYear\":\"2020\",\"copyrightHolder\":{\"@id\":\"https:\\\/\\\/www.apfelpatient.de\\\/en\\\/#organization\"}},{\"@type\":\"WebPage\",\"@id\":\"https:\\\/\\\/www.apfelpatient.de\\\/rumors\\\/ipad-pro-2020-produktion-angelaufen\",\"url\":\"https:\\\/\\\/www.apfelpatient.de\\\/rumors\\\/ipad-pro-2020-produktion-angelaufen\",\"name\":\"iPad Pro 2020 Produktion angelaufen Apfelpatient\",\"isPartOf\":{\"@id\":\"https:\\\/\\\/www.apfelpatient.de\\\/#website\"},\"primaryImageOfPage\":{\"@id\":\"https:\\\/\\\/www.apfelpatient.de\\\/rumors\\\/ipad-pro-2020-produktion-angelaufen#primaryimage\"},\"image\":{\"@id\":\"https:\\\/\\\/www.apfelpatient.de\\\/rumors\\\/ipad-pro-2020-produktion-angelaufen#primaryimage\"},\"thumbnailUrl\":\"https:\\\/\\\/www.apfelpatient.de\\\/wp-content\\\/uploads\\\/2020\\\/02\\\/bigstock-Beautiful-mature-woman-sitting-275824948.jpg\",\"datePublished\":\"2020-02-17T17:01:05+00:00\",\"description\":\"Ger\u00fcchten zufolge plant Apple die vierte Generation des iPad Pro in der ersten Jahresh\u00e4lfte 2020 zu pr\u00e4sentieren. Nun gibt es neue Details zum Produktionsstart.\",\"breadcrumb\":{\"@id\":\"https:\\\/\\\/www.apfelpatient.de\\\/rumors\\\/ipad-pro-2020-produktion-angelaufen#breadcrumb\"},\"inLanguage\":\"en-US\",\"potentialAction\":[{\"@type\":\"ReadAction\",\"target\":[\"https:\\\/\\\/www.apfelpatient.de\\\/rumors\\\/ipad-pro-2020-produktion-angelaufen\"]}]},{\"@type\":\"ImageObject\",\"inLanguage\":\"en-US\",\"@id\":\"https:\\\/\\\/www.apfelpatient.de\\\/rumors\\\/ipad-pro-2020-produktion-angelaufen#primaryimage\",\"url\":\"https:\\\/\\\/www.apfelpatient.de\\\/wp-content\\\/uploads\\\/2020\\\/02\\\/bigstock-Beautiful-mature-woman-sitting-275824948.jpg\",\"contentUrl\":\"https:\\\/\\\/www.apfelpatient.de\\\/wp-content\\\/uploads\\\/2020\\\/02\\\/bigstock-Beautiful-mature-woman-sitting-275824948.jpg\",\"width\":1600,\"height\":1063,\"caption\":\"Beautiful mature woman sitting on couch and using digital tablet. Smiling lady browsing internet over tablet at home. Middle age woman holding computer at home.\"},{\"@type\":\"BreadcrumbList\",\"@id\":\"https:\\\/\\\/www.apfelpatient.de\\\/rumors\\\/ipad-pro-2020-produktion-angelaufen#breadcrumb\",\"itemListElement\":[{\"@type\":\"ListItem\",\"position\":1,\"name\":\"Startseite\",\"item\":\"https:\\\/\\\/www.apfelpatient.de\\\/\"},{\"@type\":\"ListItem\",\"position\":2,\"name\":\"iPad Pro 2020 Produktion angelaufen\"}]},{\"@type\":\"WebSite\",\"@id\":\"https:\\\/\\\/www.apfelpatient.de\\\/#website\",\"url\":\"https:\\\/\\\/www.apfelpatient.de\\\/\",\"name\":\"Apfelpatient\",\"description\":\"Alles rund um Apple!\",\"publisher\":{\"@type\":\"Organization\",\"@id\":\"https:\\\/\\\/www.apfelpatient.de\\\/en\\\/#organization\",\"name\":\"Apfelpatient\",\"url\":\"https:\\\/\\\/www.apfelpatient.de\\\/en\\\/\"},\"alternateName\":\"Apfelpatient\",\"potentialAction\":[{\"@type\":\"SearchAction\",\"target\":{\"@type\":\"EntryPoint\",\"urlTemplate\":\"https:\\\/\\\/www.apfelpatient.de\\\/?s={search_term_string}\"},\"query-input\":{\"@type\":\"PropertyValueSpecification\",\"valueRequired\":true,\"valueName\":\"search_term_string\"}}],\"inLanguage\":\"en-US\"},{\"@type\":[\"Person\",\"Organization\"],\"@id\":\"https:\\\/\\\/www.apfelpatient.de\\\/#\\\/schema\\\/person\\\/7dc56ad6c8e9824b76d2c08d4c140e13\",\"name\":\"Milan\",\"logo\":{\"@id\":\"https:\\\/\\\/www.apfelpatient.de\\\/#\\\/schema\\\/person\\\/image\\\/\"},\"description\":\"Hallo und herzlich willkommen auf meinem Technik-Blog! Als gro\u00dfer Apple-Fan berichte ich hier \u00fcber alles, was mit Apple zu tun hat: von den neuesten News und spannenden Ger\u00fcchten \u00fcber hilfreiche Tipps und Tricks bis hin zu ausf\u00fchrlichen Produkttests. Wenn du genauso technikbegeistert bist wie ich, bist du hier genau richtig!\",\"sameAs\":[\"https:\\\/\\\/www.facebook.com\\\/apfelpatientOfficial\",\"https:\\\/\\\/www.linkedin.com\\\/in\\\/milan-jovicic-42aa0231b\"],\"url\":\"https:\\\/\\\/www.apfelpatient.de\\\/en\\\/author\\\/apfeladmin\"}]}<\/script>\n<!-- \/ Yoast SEO Premium plugin. -->","yoast_head_json":{"title":"iPad Pro 2020 production started Apfelpatient","description":"According to rumors, Apple plans to present the fourth generation of the iPad Pro in the first half of 2020. Now there are new details about the start of production.","robots":{"index":"index","follow":"follow","max-snippet":"max-snippet:-1","max-image-preview":"max-image-preview:large","max-video-preview":"max-video-preview:-1"},"canonical":"https:\/\/www.apfelpatient.de\/en\/rumors\/ipad-pro-2020-production-started","og_locale":"en_US","og_type":"article","og_title":"iPad Pro 2020 Produktion angelaufen","og_description":"Ger\u00fcchten zufolge plant Apple die vierte Generation des iPad Pro in der ersten Jahresh\u00e4lfte 2020 zu pr\u00e4sentieren. Nun gibt es neue Details zum Produktionsstart.","og_url":"https:\/\/www.apfelpatient.de\/en\/rumors\/ipad-pro-2020-production-started","og_site_name":"Apfelpatient","article_publisher":"https:\/\/www.facebook.com\/apfelpatientOfficial","article_author":"https:\/\/www.facebook.com\/apfelpatientOfficial","article_published_time":"2020-02-17T17:01:05+00:00","og_image":[{"width":1600,"height":1063,"url":"https:\/\/www.apfelpatient.de\/wp-content\/uploads\/2020\/02\/bigstock-Beautiful-mature-woman-sitting-275824948.jpg","type":"image\/jpeg"}],"author":"Milan","twitter_card":"summary_large_image","twitter_description":"Ger\u00fcchten zufolge plant Apple die vierte Generation des iPad Pro in der ersten Jahresh\u00e4lfte 2020 zu pr\u00e4sentieren. Nun gibt es neue Details zum Produktionsstart.","twitter_misc":{"Written by":"Milan","Est. reading time":"1 minute"},"schema":{"@context":"https:\/\/schema.org","@graph":[{"@type":"NewsArticle","@id":"https:\/\/www.apfelpatient.de\/rumors\/ipad-pro-2020-produktion-angelaufen#article","isPartOf":{"@id":"https:\/\/www.apfelpatient.de\/rumors\/ipad-pro-2020-produktion-angelaufen"},"author":{"@type":"Organization","@id":"https:\/\/www.apfelpatient.de\/en\/#organization","name":"Apfelpatient","url":"https:\/\/www.apfelpatient.de\/en\/"},"headline":"iPad Pro 2020 Produktion angelaufen","datePublished":"2020-02-17T17:01:05+00:00","mainEntityOfPage":{"@id":"https:\/\/www.apfelpatient.de\/rumors\/ipad-pro-2020-produktion-angelaufen"},"wordCount":253,"publisher":{"@type":"Organization","@id":"https:\/\/www.apfelpatient.de\/en\/#organization","name":"Apfelpatient","url":"https:\/\/www.apfelpatient.de\/en\/"},"image":{"@id":"https:\/\/www.apfelpatient.de\/rumors\/ipad-pro-2020-produktion-angelaufen#primaryimage"},"thumbnailUrl":"https:\/\/www.apfelpatient.de\/wp-content\/uploads\/2020\/02\/bigstock-Beautiful-mature-woman-sitting-275824948.jpg","keywords":["iPad","iPad Pro 2020"],"articleSection":"Rumors","inLanguage":"en-US","copyrightYear":"2020","copyrightHolder":{"@id":"https:\/\/www.apfelpatient.de\/en\/#organization"}},{"@type":"WebPage","@id":"https:\/\/www.apfelpatient.de\/rumors\/ipad-pro-2020-produktion-angelaufen","url":"https:\/\/www.apfelpatient.de\/rumors\/ipad-pro-2020-produktion-angelaufen","name":"iPad Pro 2020 production started Apfelpatient","isPartOf":{"@id":"https:\/\/www.apfelpatient.de\/#website"},"primaryImageOfPage":{"@id":"https:\/\/www.apfelpatient.de\/rumors\/ipad-pro-2020-produktion-angelaufen#primaryimage"},"image":{"@id":"https:\/\/www.apfelpatient.de\/rumors\/ipad-pro-2020-produktion-angelaufen#primaryimage"},"thumbnailUrl":"https:\/\/www.apfelpatient.de\/wp-content\/uploads\/2020\/02\/bigstock-Beautiful-mature-woman-sitting-275824948.jpg","datePublished":"2020-02-17T17:01:05+00:00","description":"According to rumors, Apple plans to present the fourth generation of the iPad Pro in the first half of 2020. Now there are new details about the start of production.","breadcrumb":{"@id":"https:\/\/www.apfelpatient.de\/rumors\/ipad-pro-2020-produktion-angelaufen#breadcrumb"},"inLanguage":"en-US","potentialAction":[{"@type":"ReadAction","target":["https:\/\/www.apfelpatient.de\/rumors\/ipad-pro-2020-produktion-angelaufen"]}]},{"@type":"ImageObject","inLanguage":"en-US","@id":"https:\/\/www.apfelpatient.de\/rumors\/ipad-pro-2020-produktion-angelaufen#primaryimage","url":"https:\/\/www.apfelpatient.de\/wp-content\/uploads\/2020\/02\/bigstock-Beautiful-mature-woman-sitting-275824948.jpg","contentUrl":"https:\/\/www.apfelpatient.de\/wp-content\/uploads\/2020\/02\/bigstock-Beautiful-mature-woman-sitting-275824948.jpg","width":1600,"height":1063,"caption":"Beautiful mature woman sitting on couch and using digital tablet. Smiling lady browsing internet over tablet at home. Middle age woman holding computer at home."},{"@type":"BreadcrumbList","@id":"https:\/\/www.apfelpatient.de\/rumors\/ipad-pro-2020-produktion-angelaufen#breadcrumb","itemListElement":[{"@type":"ListItem","position":1,"name":"Startseite","item":"https:\/\/www.apfelpatient.de\/"},{"@type":"ListItem","position":2,"name":"iPad Pro 2020 Produktion angelaufen"}]},{"@type":"WebSite","@id":"https:\/\/www.apfelpatient.de\/#website","url":"https:\/\/www.apfelpatient.de\/","name":"apple patient","description":"Everything about Apple!","publisher":{"@type":"Organization","@id":"https:\/\/www.apfelpatient.de\/en\/#organization","name":"Apfelpatient","url":"https:\/\/www.apfelpatient.de\/en\/"},"alternateName":"Apfelpatient","potentialAction":[{"@type":"SearchAction","target":{"@type":"EntryPoint","urlTemplate":"https:\/\/www.apfelpatient.de\/?s={search_term_string}"},"query-input":{"@type":"PropertyValueSpecification","valueRequired":true,"valueName":"search_term_string"}}],"inLanguage":"en-US"},{"@type":["Person","Organization"],"@id":"https:\/\/www.apfelpatient.de\/#\/schema\/person\/7dc56ad6c8e9824b76d2c08d4c140e13","name":"Milan","logo":{"@id":"https:\/\/www.apfelpatient.de\/#\/schema\/person\/image\/"},"description":"Hello and welcome to my technology blog! As a big Apple fan, I report on everything to do with Apple: from the latest news and exciting rumors to helpful tips and tricks and detailed product tests. If you are as enthusiastic about technology as I am, you have come to the right place!","sameAs":["https:\/\/www.facebook.com\/apfelpatientOfficial","https:\/\/www.linkedin.com\/in\/milan-jovicic-42aa0231b"],"url":"https:\/\/www.apfelpatient.de\/en\/author\/apfeladmin"}]}},"_links":{"self":[{"href":"https:\/\/www.apfelpatient.de\/en\/wp-json\/wp\/v2\/posts\/10153","targetHints":{"allow":["GET"]}}],"collection":[{"href":"https:\/\/www.apfelpatient.de\/en\/wp-json\/wp\/v2\/posts"}],"about":[{"href":"https:\/\/www.apfelpatient.de\/en\/wp-json\/wp\/v2\/types\/post"}],"author":[{"embeddable":true,"href":"https:\/\/www.apfelpatient.de\/en\/wp-json\/wp\/v2\/users\/2"}],"replies":[{"embeddable":true,"href":"https:\/\/www.apfelpatient.de\/en\/wp-json\/wp\/v2\/comments?post=10153"}],"version-history":[{"count":0,"href":"https:\/\/www.apfelpatient.de\/en\/wp-json\/wp\/v2\/posts\/10153\/revisions"}],"wp:featuredmedia":[{"embeddable":true,"href":"https:\/\/www.apfelpatient.de\/en\/wp-json\/wp\/v2\/media\/10152"}],"wp:attachment":[{"href":"https:\/\/www.apfelpatient.de\/en\/wp-json\/wp\/v2\/media?parent=10153"}],"wp:term":[{"taxonomy":"category","embeddable":true,"href":"https:\/\/www.apfelpatient.de\/en\/wp-json\/wp\/v2\/categories?post=10153"},{"taxonomy":"post_tag","embeddable":true,"href":"https:\/\/www.apfelpatient.de\/en\/wp-json\/wp\/v2\/tags?post=10153"}],"curies":[{"name":"wp","href":"https:\/\/api.w.org\/{rel}","templated":true}]}}