{"id":10097,"date":"2020-02-13T16:56:26","date_gmt":"2020-02-13T15:56:26","guid":{"rendered":"https:\/\/www.apfelpatient.de\/?p=10097"},"modified":"2020-02-13T16:56:26","modified_gmt":"2020-02-13T15:56:26","slug":"ipad-pro-2020-will-reportedly-be-released-in-autumn","status":"publish","type":"post","link":"https:\/\/www.apfelpatient.de\/en\/rumors\/ipad-pro-2020-erscheint-angeblich-im-herbst","title":{"rendered":"iPad Pro 2020 reportedly released in fall"},"content":{"rendered":"<p class=\"has-drop-cap\"><strong>Reports about new iPad Pro models have been increasing in recent weeks. While many expect a launch in March, others believe it will be presented in the fall.<\/strong><\/p>\n\n\n\n<p>The Taiwanese news site DigiTimes has spoken out again. This time, the platform claims to have learned more details about the upcoming iPad Pro. According to the report, Apple will present the device in the fall - contrary to what many currently believe. The reason lies in the features. DigiTimes claims to have learned that the new iPad Pro series will be equipped with the A14X chip and will use 5G. The device will support mmWave and sub-6GHz. This contradicts some other reports that the device will be released in March without 5G support. This is what the <a href=\"https:\/\/www.digitimes.com\/news\/a20200213PD204.html\">report<\/a>:<\/p>\n\n\n\n<blockquote class=\"wp-block-quote is-layout-flow wp-block-quote-is-layout-flow\"><p>Based on its 5G product roadmaps, Apple is expected to launch new iOS devices, including iPhones and iPads, with sub-6GHz and mmWave specifications in September, which will significantly increase demand for the 5nm A14, the sources said.&nbsp;<\/p><\/blockquote>\n\n\n\n<p>According to this, both the iPhone 12 series and the new iPad Pro are expected to be released in September. Although Apple usually introduces new Mac and iPad devices in October, this would not be completely new, as Apple has already presented both on the same evening in the past.&nbsp;<\/p>\n\n\n\n<h3 class=\"wp-block-heading\">Rumors contradict each other<\/h3>\n\n\n\n\n\n\n\n<p><\/p>\n\n\n\n<p>Nevertheless, DigiTimes&#039; time estimates should be treated with caution. While the Taiwanese news publication was often correct in terms of features, it was not convincing in terms of the date. As already mentioned above, the rumors differ in the iPad Pro area. But the trend is heading towards March. This would also fit Apple&#039;s 18-month launch cycle, as the company has updated the iPad Pro series every 18 months since 2015. The same sources claim that the device will be equipped with a new triple camera that will rely on the new Time-of-Flight technology. At the same time, they consider the integration of 5G support to be unlikely. The well-known and accurate analyst <a href=\"https:\/\/www.apfelpatient.de\/en\/rumors\/apple-airtags-ipad-pro-charging-mat-and-more-coming-soon\">Ming-Chi Kuo<\/a> believes in a March performance.&nbsp;<em>(Photo by xMarshall \/ Bigstockphoto)<\/em><\/p>\n\n\n\n<ul class=\"wp-block-list\"><li><a href=\"https:\/\/www.apfelpatient.de\/en\/generally\/ipad-pro-2020-everything-we-know\">iPad Pro 2020: Everything we know<\/a><\/li><\/ul>","protected":false},"excerpt":{"rendered":"<p>This time, the platform claims to have learned more details about the upcoming iPad Pro. According to the report, Apple will present the device in the fall.<\/p>","protected":false},"author":2,"featured_media":10095,"comment_status":"closed","ping_status":"closed","sticky":false,"template":"","format":"standard","meta":{"jnews-multi-image_gallery":[],"jnews_single_post":{"subtitle":"","format":"standard","video":"","gallery":"","source_name":"","source_url":"","via_name":"","via_url":"","override":[{"single_blog_custom":"","sidebar":"","second_sidebar":"","share_position":"","share_float_style":"","post_date_format":"","post_date_format_custom":"","post_reading_time_wpm":"","zoom_button_out_step":"1","zoom_button_in_step":"1","number_popup_post":"1"}],"image_override":[{"single_post_thumbnail_size":"","single_post_gallery_size":""}],"trending_post_position":"","trending_post_label":""},"jnews_primary_category":{"id":"274"},"footnotes":""},"categories":[25],"tags":[18,307],"class_list":["post-10097","post","type-post","status-publish","format-standard","has-post-thumbnail","hentry","category-rumors","tag-ipad","tag-ipad-pro-2020"],"yoast_head":"<!-- This site is optimized with the Yoast SEO Premium plugin v27.5 (Yoast SEO v27.5) - https:\/\/yoast.com\/product\/yoast-seo-premium-wordpress\/ -->\n<title>iPad Pro 2020 erscheint angeblich im Herbst Apfelpatient<\/title>\n<meta name=\"description\" content=\"Dieses Mal will die Plattform weitere Details zum kommenden iPad Pro erfahren haben. Demnach wird Apple das Ger\u00e4t im Herbst vorstellen.\" \/>\n<meta name=\"robots\" content=\"index, follow, max-snippet:-1, max-image-preview:large, max-video-preview:-1\" \/>\n<link rel=\"canonical\" href=\"https:\/\/www.apfelpatient.de\/en\/rumors\/ipad-pro-2020-will-reportedly-be-released-in-autumn\" \/>\n<meta property=\"og:locale\" content=\"en_US\" \/>\n<meta property=\"og:type\" content=\"article\" \/>\n<meta property=\"og:title\" content=\"iPad Pro 2020 erscheint angeblich im Herbst\" \/>\n<meta property=\"og:description\" content=\"Dieses Mal will die Plattform weitere Details zum kommenden iPad Pro erfahren haben. Demnach wird Apple das Ger\u00e4t im Herbst vorstellen.\" \/>\n<meta property=\"og:url\" content=\"https:\/\/www.apfelpatient.de\/en\/rumors\/ipad-pro-2020-will-reportedly-be-released-in-autumn\" \/>\n<meta property=\"og:site_name\" content=\"Apfelpatient\" \/>\n<meta property=\"article:publisher\" content=\"https:\/\/www.facebook.com\/apfelpatientOfficial\" \/>\n<meta property=\"article:author\" content=\"https:\/\/www.facebook.com\/apfelpatientOfficial\" \/>\n<meta property=\"article:published_time\" content=\"2020-02-13T15:56:26+00:00\" \/>\n<meta property=\"og:image\" content=\"https:\/\/www.apfelpatient.de\/wp-content\/uploads\/2020\/02\/bigstock-Zagreb-Croatia-February-284983786.jpg\" \/>\n\t<meta property=\"og:image:width\" content=\"1600\" \/>\n\t<meta property=\"og:image:height\" content=\"1068\" \/>\n\t<meta property=\"og:image:type\" content=\"image\/jpeg\" \/>\n<meta name=\"author\" content=\"Milan\" \/>\n<meta name=\"twitter:card\" content=\"summary_large_image\" \/>\n<meta name=\"twitter:description\" content=\"Dieses Mal will die Plattform weitere Details zum kommenden iPad Pro erfahren haben. Demnach wird Apple das Ger\u00e4t im Herbst vorstellen.\" \/>\n<meta name=\"twitter:label1\" content=\"Written by\" \/>\n\t<meta name=\"twitter:data1\" content=\"Milan\" \/>\n\t<meta name=\"twitter:label2\" content=\"Est. reading time\" \/>\n\t<meta name=\"twitter:data2\" content=\"2 minutes\" \/>\n<script type=\"application\/ld+json\" class=\"yoast-schema-graph\">{\"@context\":\"https:\\\/\\\/schema.org\",\"@graph\":[{\"@type\":\"NewsArticle\",\"@id\":\"https:\\\/\\\/www.apfelpatient.de\\\/rumors\\\/ipad-pro-2020-erscheint-angeblich-im-herbst#article\",\"isPartOf\":{\"@id\":\"https:\\\/\\\/www.apfelpatient.de\\\/rumors\\\/ipad-pro-2020-erscheint-angeblich-im-herbst\"},\"author\":{\"@type\":\"Organization\",\"@id\":\"https:\\\/\\\/www.apfelpatient.de\\\/en\\\/#organization\",\"name\":\"Apfelpatient\",\"url\":\"https:\\\/\\\/www.apfelpatient.de\\\/en\\\/\"},\"headline\":\"iPad Pro 2020 erscheint angeblich im Herbst\",\"datePublished\":\"2020-02-13T15:56:26+00:00\",\"mainEntityOfPage\":{\"@id\":\"https:\\\/\\\/www.apfelpatient.de\\\/rumors\\\/ipad-pro-2020-erscheint-angeblich-im-herbst\"},\"wordCount\":366,\"publisher\":{\"@type\":\"Organization\",\"@id\":\"https:\\\/\\\/www.apfelpatient.de\\\/en\\\/#organization\",\"name\":\"Apfelpatient\",\"url\":\"https:\\\/\\\/www.apfelpatient.de\\\/en\\\/\"},\"image\":{\"@id\":\"https:\\\/\\\/www.apfelpatient.de\\\/rumors\\\/ipad-pro-2020-erscheint-angeblich-im-herbst#primaryimage\"},\"thumbnailUrl\":\"https:\\\/\\\/www.apfelpatient.de\\\/wp-content\\\/uploads\\\/2020\\\/02\\\/bigstock-Zagreb-Croatia-February-284983786.jpg\",\"keywords\":[\"iPad\",\"iPad Pro 2020\"],\"articleSection\":\"Rumors\",\"inLanguage\":\"en-US\",\"copyrightYear\":\"2020\",\"copyrightHolder\":{\"@id\":\"https:\\\/\\\/www.apfelpatient.de\\\/en\\\/#organization\"}},{\"@type\":\"WebPage\",\"@id\":\"https:\\\/\\\/www.apfelpatient.de\\\/rumors\\\/ipad-pro-2020-erscheint-angeblich-im-herbst\",\"url\":\"https:\\\/\\\/www.apfelpatient.de\\\/rumors\\\/ipad-pro-2020-erscheint-angeblich-im-herbst\",\"name\":\"iPad Pro 2020 erscheint angeblich im Herbst Apfelpatient\",\"isPartOf\":{\"@id\":\"https:\\\/\\\/www.apfelpatient.de\\\/#website\"},\"primaryImageOfPage\":{\"@id\":\"https:\\\/\\\/www.apfelpatient.de\\\/rumors\\\/ipad-pro-2020-erscheint-angeblich-im-herbst#primaryimage\"},\"image\":{\"@id\":\"https:\\\/\\\/www.apfelpatient.de\\\/rumors\\\/ipad-pro-2020-erscheint-angeblich-im-herbst#primaryimage\"},\"thumbnailUrl\":\"https:\\\/\\\/www.apfelpatient.de\\\/wp-content\\\/uploads\\\/2020\\\/02\\\/bigstock-Zagreb-Croatia-February-284983786.jpg\",\"datePublished\":\"2020-02-13T15:56:26+00:00\",\"description\":\"Dieses Mal will die Plattform weitere Details zum kommenden iPad Pro erfahren haben. Demnach wird Apple das Ger\u00e4t im Herbst vorstellen.\",\"breadcrumb\":{\"@id\":\"https:\\\/\\\/www.apfelpatient.de\\\/rumors\\\/ipad-pro-2020-erscheint-angeblich-im-herbst#breadcrumb\"},\"inLanguage\":\"en-US\",\"potentialAction\":[{\"@type\":\"ReadAction\",\"target\":[\"https:\\\/\\\/www.apfelpatient.de\\\/rumors\\\/ipad-pro-2020-erscheint-angeblich-im-herbst\"]}]},{\"@type\":\"ImageObject\",\"inLanguage\":\"en-US\",\"@id\":\"https:\\\/\\\/www.apfelpatient.de\\\/rumors\\\/ipad-pro-2020-erscheint-angeblich-im-herbst#primaryimage\",\"url\":\"https:\\\/\\\/www.apfelpatient.de\\\/wp-content\\\/uploads\\\/2020\\\/02\\\/bigstock-Zagreb-Croatia-February-284983786.jpg\",\"contentUrl\":\"https:\\\/\\\/www.apfelpatient.de\\\/wp-content\\\/uploads\\\/2020\\\/02\\\/bigstock-Zagreb-Croatia-February-284983786.jpg\",\"width\":1600,\"height\":1068,\"caption\":\"ZAGREB, CROATIA - FEBRUARY 18, 2019: The back of the Apple iPad Pro 11 inch with Apple Pencil 2 on white marble background. Newly opened silver iPad Pro 11 inch and Apple Pencil 2 surrounded by boxes.\"},{\"@type\":\"BreadcrumbList\",\"@id\":\"https:\\\/\\\/www.apfelpatient.de\\\/rumors\\\/ipad-pro-2020-erscheint-angeblich-im-herbst#breadcrumb\",\"itemListElement\":[{\"@type\":\"ListItem\",\"position\":1,\"name\":\"Startseite\",\"item\":\"https:\\\/\\\/www.apfelpatient.de\\\/\"},{\"@type\":\"ListItem\",\"position\":2,\"name\":\"iPad Pro 2020 erscheint angeblich im Herbst\"}]},{\"@type\":\"WebSite\",\"@id\":\"https:\\\/\\\/www.apfelpatient.de\\\/#website\",\"url\":\"https:\\\/\\\/www.apfelpatient.de\\\/\",\"name\":\"Apfelpatient\",\"description\":\"Alles rund um Apple!\",\"publisher\":{\"@type\":\"Organization\",\"@id\":\"https:\\\/\\\/www.apfelpatient.de\\\/en\\\/#organization\",\"name\":\"Apfelpatient\",\"url\":\"https:\\\/\\\/www.apfelpatient.de\\\/en\\\/\"},\"alternateName\":\"Apfelpatient\",\"potentialAction\":[{\"@type\":\"SearchAction\",\"target\":{\"@type\":\"EntryPoint\",\"urlTemplate\":\"https:\\\/\\\/www.apfelpatient.de\\\/?s={search_term_string}\"},\"query-input\":{\"@type\":\"PropertyValueSpecification\",\"valueRequired\":true,\"valueName\":\"search_term_string\"}}],\"inLanguage\":\"en-US\"},{\"@type\":[\"Person\",\"Organization\"],\"@id\":\"https:\\\/\\\/www.apfelpatient.de\\\/#\\\/schema\\\/person\\\/7dc56ad6c8e9824b76d2c08d4c140e13\",\"name\":\"Milan\",\"logo\":{\"@id\":\"https:\\\/\\\/www.apfelpatient.de\\\/#\\\/schema\\\/person\\\/image\\\/\"},\"description\":\"Hallo und herzlich willkommen auf meinem Technik-Blog! Als gro\u00dfer Apple-Fan berichte ich hier \u00fcber alles, was mit Apple zu tun hat: von den neuesten News und spannenden Ger\u00fcchten \u00fcber hilfreiche Tipps und Tricks bis hin zu ausf\u00fchrlichen Produkttests. Wenn du genauso technikbegeistert bist wie ich, bist du hier genau richtig!\",\"sameAs\":[\"https:\\\/\\\/www.facebook.com\\\/apfelpatientOfficial\",\"https:\\\/\\\/www.linkedin.com\\\/in\\\/milan-jovicic-42aa0231b\"],\"url\":\"https:\\\/\\\/www.apfelpatient.de\\\/en\\\/author\\\/apfeladmin\"}]}<\/script>\n<!-- \/ Yoast SEO Premium plugin. -->","yoast_head_json":{"title":"iPad Pro 2020 reportedly released in fall 2020","description":"This time, the platform claims to have learned more details about the upcoming iPad Pro. According to the report, Apple will present the device in the fall.","robots":{"index":"index","follow":"follow","max-snippet":"max-snippet:-1","max-image-preview":"max-image-preview:large","max-video-preview":"max-video-preview:-1"},"canonical":"https:\/\/www.apfelpatient.de\/en\/rumors\/ipad-pro-2020-will-reportedly-be-released-in-autumn","og_locale":"en_US","og_type":"article","og_title":"iPad Pro 2020 erscheint angeblich im Herbst","og_description":"Dieses Mal will die Plattform weitere Details zum kommenden iPad Pro erfahren haben. Demnach wird Apple das Ger\u00e4t im Herbst vorstellen.","og_url":"https:\/\/www.apfelpatient.de\/en\/rumors\/ipad-pro-2020-will-reportedly-be-released-in-autumn","og_site_name":"Apfelpatient","article_publisher":"https:\/\/www.facebook.com\/apfelpatientOfficial","article_author":"https:\/\/www.facebook.com\/apfelpatientOfficial","article_published_time":"2020-02-13T15:56:26+00:00","og_image":[{"width":1600,"height":1068,"url":"https:\/\/www.apfelpatient.de\/wp-content\/uploads\/2020\/02\/bigstock-Zagreb-Croatia-February-284983786.jpg","type":"image\/jpeg"}],"author":"Milan","twitter_card":"summary_large_image","twitter_description":"Dieses Mal will die Plattform weitere Details zum kommenden iPad Pro erfahren haben. Demnach wird Apple das Ger\u00e4t im Herbst vorstellen.","twitter_misc":{"Written by":"Milan","Est. reading time":"2 minutes"},"schema":{"@context":"https:\/\/schema.org","@graph":[{"@type":"NewsArticle","@id":"https:\/\/www.apfelpatient.de\/rumors\/ipad-pro-2020-erscheint-angeblich-im-herbst#article","isPartOf":{"@id":"https:\/\/www.apfelpatient.de\/rumors\/ipad-pro-2020-erscheint-angeblich-im-herbst"},"author":{"@type":"Organization","@id":"https:\/\/www.apfelpatient.de\/en\/#organization","name":"Apfelpatient","url":"https:\/\/www.apfelpatient.de\/en\/"},"headline":"iPad Pro 2020 erscheint angeblich im Herbst","datePublished":"2020-02-13T15:56:26+00:00","mainEntityOfPage":{"@id":"https:\/\/www.apfelpatient.de\/rumors\/ipad-pro-2020-erscheint-angeblich-im-herbst"},"wordCount":366,"publisher":{"@type":"Organization","@id":"https:\/\/www.apfelpatient.de\/en\/#organization","name":"Apfelpatient","url":"https:\/\/www.apfelpatient.de\/en\/"},"image":{"@id":"https:\/\/www.apfelpatient.de\/rumors\/ipad-pro-2020-erscheint-angeblich-im-herbst#primaryimage"},"thumbnailUrl":"https:\/\/www.apfelpatient.de\/wp-content\/uploads\/2020\/02\/bigstock-Zagreb-Croatia-February-284983786.jpg","keywords":["iPad","iPad Pro 2020"],"articleSection":"Rumors","inLanguage":"en-US","copyrightYear":"2020","copyrightHolder":{"@id":"https:\/\/www.apfelpatient.de\/en\/#organization"}},{"@type":"WebPage","@id":"https:\/\/www.apfelpatient.de\/rumors\/ipad-pro-2020-erscheint-angeblich-im-herbst","url":"https:\/\/www.apfelpatient.de\/rumors\/ipad-pro-2020-erscheint-angeblich-im-herbst","name":"iPad Pro 2020 reportedly released in fall 2020","isPartOf":{"@id":"https:\/\/www.apfelpatient.de\/#website"},"primaryImageOfPage":{"@id":"https:\/\/www.apfelpatient.de\/rumors\/ipad-pro-2020-erscheint-angeblich-im-herbst#primaryimage"},"image":{"@id":"https:\/\/www.apfelpatient.de\/rumors\/ipad-pro-2020-erscheint-angeblich-im-herbst#primaryimage"},"thumbnailUrl":"https:\/\/www.apfelpatient.de\/wp-content\/uploads\/2020\/02\/bigstock-Zagreb-Croatia-February-284983786.jpg","datePublished":"2020-02-13T15:56:26+00:00","description":"This time, the platform claims to have learned more details about the upcoming iPad Pro. According to the report, Apple will present the device in the fall.","breadcrumb":{"@id":"https:\/\/www.apfelpatient.de\/rumors\/ipad-pro-2020-erscheint-angeblich-im-herbst#breadcrumb"},"inLanguage":"en-US","potentialAction":[{"@type":"ReadAction","target":["https:\/\/www.apfelpatient.de\/rumors\/ipad-pro-2020-erscheint-angeblich-im-herbst"]}]},{"@type":"ImageObject","inLanguage":"en-US","@id":"https:\/\/www.apfelpatient.de\/rumors\/ipad-pro-2020-erscheint-angeblich-im-herbst#primaryimage","url":"https:\/\/www.apfelpatient.de\/wp-content\/uploads\/2020\/02\/bigstock-Zagreb-Croatia-February-284983786.jpg","contentUrl":"https:\/\/www.apfelpatient.de\/wp-content\/uploads\/2020\/02\/bigstock-Zagreb-Croatia-February-284983786.jpg","width":1600,"height":1068,"caption":"ZAGREB, CROATIA - FEBRUARY 18, 2019: The back of the Apple iPad Pro 11 inch with Apple Pencil 2 on white marble background. Newly opened silver iPad Pro 11 inch and Apple Pencil 2 surrounded by boxes."},{"@type":"BreadcrumbList","@id":"https:\/\/www.apfelpatient.de\/rumors\/ipad-pro-2020-erscheint-angeblich-im-herbst#breadcrumb","itemListElement":[{"@type":"ListItem","position":1,"name":"Startseite","item":"https:\/\/www.apfelpatient.de\/"},{"@type":"ListItem","position":2,"name":"iPad Pro 2020 erscheint angeblich im Herbst"}]},{"@type":"WebSite","@id":"https:\/\/www.apfelpatient.de\/#website","url":"https:\/\/www.apfelpatient.de\/","name":"apple patient","description":"Everything about Apple!","publisher":{"@type":"Organization","@id":"https:\/\/www.apfelpatient.de\/en\/#organization","name":"Apfelpatient","url":"https:\/\/www.apfelpatient.de\/en\/"},"alternateName":"Apfelpatient","potentialAction":[{"@type":"SearchAction","target":{"@type":"EntryPoint","urlTemplate":"https:\/\/www.apfelpatient.de\/?s={search_term_string}"},"query-input":{"@type":"PropertyValueSpecification","valueRequired":true,"valueName":"search_term_string"}}],"inLanguage":"en-US"},{"@type":["Person","Organization"],"@id":"https:\/\/www.apfelpatient.de\/#\/schema\/person\/7dc56ad6c8e9824b76d2c08d4c140e13","name":"Milan","logo":{"@id":"https:\/\/www.apfelpatient.de\/#\/schema\/person\/image\/"},"description":"Hello and welcome to my technology blog! As a big Apple fan, I report on everything to do with Apple: from the latest news and exciting rumors to helpful tips and tricks and detailed product tests. If you are as enthusiastic about technology as I am, you have come to the right place!","sameAs":["https:\/\/www.facebook.com\/apfelpatientOfficial","https:\/\/www.linkedin.com\/in\/milan-jovicic-42aa0231b"],"url":"https:\/\/www.apfelpatient.de\/en\/author\/apfeladmin"}]}},"_links":{"self":[{"href":"https:\/\/www.apfelpatient.de\/en\/wp-json\/wp\/v2\/posts\/10097","targetHints":{"allow":["GET"]}}],"collection":[{"href":"https:\/\/www.apfelpatient.de\/en\/wp-json\/wp\/v2\/posts"}],"about":[{"href":"https:\/\/www.apfelpatient.de\/en\/wp-json\/wp\/v2\/types\/post"}],"author":[{"embeddable":true,"href":"https:\/\/www.apfelpatient.de\/en\/wp-json\/wp\/v2\/users\/2"}],"replies":[{"embeddable":true,"href":"https:\/\/www.apfelpatient.de\/en\/wp-json\/wp\/v2\/comments?post=10097"}],"version-history":[{"count":0,"href":"https:\/\/www.apfelpatient.de\/en\/wp-json\/wp\/v2\/posts\/10097\/revisions"}],"wp:featuredmedia":[{"embeddable":true,"href":"https:\/\/www.apfelpatient.de\/en\/wp-json\/wp\/v2\/media\/10095"}],"wp:attachment":[{"href":"https:\/\/www.apfelpatient.de\/en\/wp-json\/wp\/v2\/media?parent=10097"}],"wp:term":[{"taxonomy":"category","embeddable":true,"href":"https:\/\/www.apfelpatient.de\/en\/wp-json\/wp\/v2\/categories?post=10097"},{"taxonomy":"post_tag","embeddable":true,"href":"https:\/\/www.apfelpatient.de\/en\/wp-json\/wp\/v2\/tags?post=10097"}],"curies":[{"name":"wp","href":"https:\/\/api.w.org\/{rel}","templated":true}]}}