{"id":10054,"date":"2020-02-11T22:01:31","date_gmt":"2020-02-11T21:01:31","guid":{"rendered":"https:\/\/www.apfelpatient.de\/?p=10054"},"modified":"2020-02-11T22:01:31","modified_gmt":"2020-02-11T21:01:31","slug":"ipad-pro-2020-everything-we-know","status":"publish","type":"post","link":"https:\/\/www.apfelpatient.de\/en\/allgemein\/ipad-pro-2020-alles-was-wir-wissen","title":{"rendered":"iPad Pro 2020: Everything we know"},"content":{"rendered":"<p class=\"has-drop-cap\"><strong>Now let&#039;s move on to the topic of the fourth generation iPad Pro. Today we&#039;ll summarize all the rumors so far about Apple&#039;s next professional tablet.&nbsp;<\/strong><\/p>\n\n\n\n<p>As always, our information is based on rumors only - none of this has been confirmed so far. Therefore, a healthy dose of skepticism is required. The iPad Pro was last announced in <a href=\"https:\/\/www.apfelpatient.de\/en\/news\/apple-keynote-this-is-the-new-ipad-pro\">fall of 2018<\/a> updated in two sizes: 12.9-inch and 11-inch.<\/p>\n\n\n\n<p>Last year, Apple introduced a new operating system called iPadOS and presented iPad models for the small budget - but not a new iPad Pro. But this year, it&#039;s time again. In addition to rumors, Apple&#039;s previous iPad Pro presentation cycle also suggests an upcoming update. Up until now, Apple has presented a new iPad Pro every 18 months. According to this, the fourth generation should be presented in the first half of the year. A possible March event in the Steve Jobs Theater is considered a hot candidate.&nbsp;<\/p>\n\n\n\n<h3 class=\"wp-block-heading\">iPad Pro 2020 \u2013 The design and display<\/h3>\n\n\n\n\n\n\n\n<p><\/p>\n\n\n\n<p>There will be hardly any changes in the design area - various sources agree on this. OnLeaks has also presented concept images based on rumors and its own sources. <a href=\"https:\/\/www.apfelpatient.de\/en\/rumors\/ipad-pro-2020-this-is-what-the-upcoming-ipad-pro-4-should-look-like\">OnLeaks<\/a> is known for revealing the design of the iPhone and iPad before they are released - in recent years, the concept designer has at least been right. A major change will probably be made to the camera module on the back - but more on that later. In the display area, however, something could change. Rumors say that Apple is planning to use mini-LED technology. This would make the device thinner and lighter overall. But the problem is that the rumors so far have been viewed with great skepticism.&nbsp;<\/p>\n\n\n\n<h3 class=\"wp-block-heading\">iPad Pro 2020 \u2013 The Camera<\/h3>\n\n\n\n<p>The camera area, however, is considered safe. The new fourth-generation iPad Pro is said to have a similar camera module to the iPhone 11 series - so the well-known triple camera is to be expected. But this is said to have new augmented reality functions and more. Specifically, this is about the much-discussed 3D system. The camera technology in question is said to use the so-called Time-of-Flight technology. In principle, this technology is similar to the infrared TrueDepth camera system that can be found on the front of the iPhone today and enables facial recognition. Adding a 3D sensor system to the rear camera would make detailed 3D photo recording possible. This rumor has been persistent since the middle of last year, which is why the healthy dose of skepticism is slowly but surely fading - at least with regard to the camera.&nbsp;<\/p>\n\n\n\n<h3 class=\"wp-block-heading\">iPad Pro 2020 \u2013 Specifications<\/h3>\n\n\n\n<p>There are currently few reports on the individual specifications. In general, the use of the well-known A13 chip is expected in a revised form - perhaps the A13X Bionic? It is considered unlikely that the device will have the upcoming A14 chip (expected in the iPhone 12 series), as this is not due to go into mass production until the second half of the year. However, this only applies if Apple actually presents the new iPad Pro in the spring - if the device does not appear until the fall, the A14 processor cannot be ruled out. Opinions are divided in the area of connectivity. It is generally expected that the iPhone 12 will have 5G - at least that is what various sources and leaks suggest. Now some observers believe that the new iPad Pro 4 could also have 5G connectivity, while others doubt it. Basically, there is no clear trend line in this area.&nbsp;<\/p>\n\n\n\n<h3 class=\"wp-block-heading\">iPad Pro 2020 - Smart Keyboard<\/h3>\n\n\n\n<p>In addition to an updated iPad Pro, a new Smart Keyboard is also reportedly being introduced. At least that&#039;s what some suppliers are reporting. But how could this change compared to the predecessor? The controversial DigiTimes claims that Apple wants to introduce the Smart Keyboard with backlighting for the first time - it would at least be a notable feature that has been missing so far. The use of this function would, however, result in a fundamental overhaul of the design. Since the rumor primarily comes from DigiTimes, we should definitely not leave out a healthy dose of skepticism.&nbsp;<\/p>\n\n\n\n<h3 class=\"wp-block-heading\">iPad Pro 2020 \u2013 market launch and prices&nbsp;<\/h3>\n\n\n\n\n\n\n\n<p><\/p>\n\n\n\n<p>As mentioned above, we expect an Apple keynote in March. At this event, the company plans to present a successor to the iPhone SE. This could be followed by new hardware, such as the already unveiled AirTags. The presentation of the new iPad Pro would also be a good idea. Alternatively, a presentation via press release or as part of this year&#039;s WWDC 2020 (World Wide Developer Conference) would be possible. Of course, an autumn launch cannot be completely ruled out either. There is absolutely no indication of prices, but it can be assumed that they will be in the range of the current iPad Pro generation. Anyone who is actually planning to buy an iPad Pro is advised to wait. This of course applies to those who absolutely want the latest model. Everyone else should look out for good deals, which are not uncommon at the moment. All in all, the new camera will probably be the biggest innovation - anyone hoping for a redesign will most likely have to wait even longer.&nbsp;<em>(Image: Apple)<\/em><\/p>\n\n\n\n<ul class=\"wp-block-list\"><li><a href=\"https:\/\/www.apfelpatient.de\/en\/generally\/iphone-12-everything-we-know-so-far\">iPhone 12: Everything we know so far<\/a><\/li><li><a href=\"https:\/\/www.apfelpatient.de\/en\/generally\/airtags-what-we-know-about-apples-new-product\">AirTags \u2013 What we know about Apple\u2019s new product<\/a><\/li><li><a href=\"https:\/\/www.apfelpatient.de\/en\/rumors\/apple-airtags-ipad-pro-charging-mat-and-more-coming-soon\">Apple AirTags, iPad Pro, charging mat and more coming soon<\/a><\/li><li><a href=\"https:\/\/www.apfelpatient.de\/en\/generally\/looking-into-the-future-what-we-can-expect-from-apple-in-2020\">Looking to the future: What we can expect from Apple in 2020<\/a><\/li><\/ul>","protected":false},"excerpt":{"rendered":"<p>Now let&#039;s move on to the topic of the fourth generation iPad Pro. Today we&#039;ll summarize all the rumors so far about Apple&#039;s next professional tablet. <\/p>","protected":false},"author":2,"featured_media":2476,"comment_status":"closed","ping_status":"closed","sticky":false,"template":"","format":"standard","meta":{"jnews-multi-image_gallery":[],"jnews_single_post":{"subtitle":"","format":"standard","video":"","gallery":"","source_name":"","source_url":"","via_name":"","via_url":"","override":[{"single_blog_custom":"","sidebar":"","second_sidebar":"","share_position":"","share_float_style":"","post_date_format":"","post_date_format_custom":"","post_reading_time_wpm":"","zoom_button_out_step":"1","zoom_button_in_step":"1","number_popup_post":"1"}],"image_override":[{"single_post_thumbnail_size":"","single_post_gallery_size":""}],"trending_post_position":"","trending_post_label":""},"jnews_primary_category":{"id":"1"},"footnotes":""},"categories":[2],"tags":[18,307],"class_list":["post-10054","post","type-post","status-publish","format-standard","has-post-thumbnail","hentry","category-allgemein","tag-ipad","tag-ipad-pro-2020"],"yoast_head":"<!-- This site is optimized with the Yoast SEO Premium plugin v27.5 (Yoast SEO v27.5) - https:\/\/yoast.com\/product\/yoast-seo-premium-wordpress\/ -->\n<title>iPad Pro 2020: Alles was wir wissen Apfelpatient<\/title>\n<meta name=\"description\" content=\"Kommen wir nun zum Thema iPad Pro der vierten Generation. Heute fassen wir alle bisherigen Ger\u00fcchte rund um Apples n\u00e4chstes Profi-Tablet zusammen.\" \/>\n<meta name=\"robots\" content=\"index, follow, max-snippet:-1, max-image-preview:large, max-video-preview:-1\" \/>\n<link rel=\"canonical\" href=\"https:\/\/www.apfelpatient.de\/en\/generally\/ipad-pro-2020-everything-we-know\" \/>\n<meta property=\"og:locale\" content=\"en_US\" \/>\n<meta property=\"og:type\" content=\"article\" \/>\n<meta property=\"og:title\" content=\"iPad Pro 2020: Alles was wir wissen\" \/>\n<meta property=\"og:description\" content=\"Kommen wir nun zum Thema iPad Pro der vierten Generation. Heute fassen wir alle bisherigen Ger\u00fcchte rund um Apples n\u00e4chstes Profi-Tablet zusammen.\" \/>\n<meta property=\"og:url\" content=\"https:\/\/www.apfelpatient.de\/en\/generally\/ipad-pro-2020-everything-we-know\" \/>\n<meta property=\"og:site_name\" content=\"Apfelpatient\" \/>\n<meta property=\"article:publisher\" content=\"https:\/\/www.facebook.com\/apfelpatientOfficial\" \/>\n<meta property=\"article:author\" content=\"https:\/\/www.facebook.com\/apfelpatientOfficial\" \/>\n<meta property=\"article:published_time\" content=\"2020-02-11T21:01:31+00:00\" \/>\n<meta property=\"og:image\" content=\"https:\/\/www.apfelpatient.de\/wp-content\/uploads\/2018\/10\/iPad-Pro_hand-5mm_10302018.jpg\" \/>\n\t<meta property=\"og:image:width\" content=\"1713\" \/>\n\t<meta property=\"og:image:height\" content=\"966\" \/>\n\t<meta property=\"og:image:type\" content=\"image\/jpeg\" \/>\n<meta name=\"author\" content=\"Milan\" \/>\n<meta name=\"twitter:card\" content=\"summary_large_image\" \/>\n<meta name=\"twitter:description\" content=\"Kommen wir nun zum Thema iPad Pro der vierten Generation. Heute fassen wir alle bisherigen Ger\u00fcchte rund um Apples n\u00e4chstes Profi-Tablet zusammen.\" \/>\n<meta name=\"twitter:label1\" content=\"Written by\" \/>\n\t<meta name=\"twitter:data1\" content=\"Milan\" \/>\n\t<meta name=\"twitter:label2\" content=\"Est. reading time\" \/>\n\t<meta name=\"twitter:data2\" content=\"5 minutes\" \/>\n<script type=\"application\/ld+json\" class=\"yoast-schema-graph\">{\"@context\":\"https:\\\/\\\/schema.org\",\"@graph\":[{\"@type\":\"NewsArticle\",\"@id\":\"https:\\\/\\\/www.apfelpatient.de\\\/allgemein\\\/ipad-pro-2020-alles-was-wir-wissen#article\",\"isPartOf\":{\"@id\":\"https:\\\/\\\/www.apfelpatient.de\\\/allgemein\\\/ipad-pro-2020-alles-was-wir-wissen\"},\"author\":{\"@type\":\"Organization\",\"@id\":\"https:\\\/\\\/www.apfelpatient.de\\\/en\\\/#organization\",\"name\":\"Apfelpatient\",\"url\":\"https:\\\/\\\/www.apfelpatient.de\\\/en\\\/\"},\"headline\":\"iPad Pro 2020: Alles was wir wissen\",\"datePublished\":\"2020-02-11T21:01:31+00:00\",\"mainEntityOfPage\":{\"@id\":\"https:\\\/\\\/www.apfelpatient.de\\\/allgemein\\\/ipad-pro-2020-alles-was-wir-wissen\"},\"wordCount\":936,\"publisher\":{\"@type\":\"Organization\",\"@id\":\"https:\\\/\\\/www.apfelpatient.de\\\/en\\\/#organization\",\"name\":\"Apfelpatient\",\"url\":\"https:\\\/\\\/www.apfelpatient.de\\\/en\\\/\"},\"image\":{\"@id\":\"https:\\\/\\\/www.apfelpatient.de\\\/allgemein\\\/ipad-pro-2020-alles-was-wir-wissen#primaryimage\"},\"thumbnailUrl\":\"https:\\\/\\\/www.apfelpatient.de\\\/wp-content\\\/uploads\\\/2018\\\/10\\\/iPad-Pro_hand-5mm_10302018.jpg\",\"keywords\":[\"iPad\",\"iPad Pro 2020\"],\"articleSection\":\"Allgemein\",\"inLanguage\":\"en-US\",\"copyrightYear\":\"2020\",\"copyrightHolder\":{\"@id\":\"https:\\\/\\\/www.apfelpatient.de\\\/en\\\/#organization\"}},{\"@type\":\"WebPage\",\"@id\":\"https:\\\/\\\/www.apfelpatient.de\\\/allgemein\\\/ipad-pro-2020-alles-was-wir-wissen\",\"url\":\"https:\\\/\\\/www.apfelpatient.de\\\/allgemein\\\/ipad-pro-2020-alles-was-wir-wissen\",\"name\":\"iPad Pro 2020: Alles was wir wissen Apfelpatient\",\"isPartOf\":{\"@id\":\"https:\\\/\\\/www.apfelpatient.de\\\/#website\"},\"primaryImageOfPage\":{\"@id\":\"https:\\\/\\\/www.apfelpatient.de\\\/allgemein\\\/ipad-pro-2020-alles-was-wir-wissen#primaryimage\"},\"image\":{\"@id\":\"https:\\\/\\\/www.apfelpatient.de\\\/allgemein\\\/ipad-pro-2020-alles-was-wir-wissen#primaryimage\"},\"thumbnailUrl\":\"https:\\\/\\\/www.apfelpatient.de\\\/wp-content\\\/uploads\\\/2018\\\/10\\\/iPad-Pro_hand-5mm_10302018.jpg\",\"datePublished\":\"2020-02-11T21:01:31+00:00\",\"description\":\"Kommen wir nun zum Thema iPad Pro der vierten Generation. Heute fassen wir alle bisherigen Ger\u00fcchte rund um Apples n\u00e4chstes Profi-Tablet zusammen.\",\"breadcrumb\":{\"@id\":\"https:\\\/\\\/www.apfelpatient.de\\\/allgemein\\\/ipad-pro-2020-alles-was-wir-wissen#breadcrumb\"},\"inLanguage\":\"en-US\",\"potentialAction\":[{\"@type\":\"ReadAction\",\"target\":[\"https:\\\/\\\/www.apfelpatient.de\\\/allgemein\\\/ipad-pro-2020-alles-was-wir-wissen\"]}]},{\"@type\":\"ImageObject\",\"inLanguage\":\"en-US\",\"@id\":\"https:\\\/\\\/www.apfelpatient.de\\\/allgemein\\\/ipad-pro-2020-alles-was-wir-wissen#primaryimage\",\"url\":\"https:\\\/\\\/www.apfelpatient.de\\\/wp-content\\\/uploads\\\/2018\\\/10\\\/iPad-Pro_hand-5mm_10302018.jpg\",\"contentUrl\":\"https:\\\/\\\/www.apfelpatient.de\\\/wp-content\\\/uploads\\\/2018\\\/10\\\/iPad-Pro_hand-5mm_10302018.jpg\",\"width\":1713,\"height\":966,\"caption\":\"Bild: Apple\"},{\"@type\":\"BreadcrumbList\",\"@id\":\"https:\\\/\\\/www.apfelpatient.de\\\/allgemein\\\/ipad-pro-2020-alles-was-wir-wissen#breadcrumb\",\"itemListElement\":[{\"@type\":\"ListItem\",\"position\":1,\"name\":\"Startseite\",\"item\":\"https:\\\/\\\/www.apfelpatient.de\\\/\"},{\"@type\":\"ListItem\",\"position\":2,\"name\":\"iPad Pro 2020: Alles was wir wissen\"}]},{\"@type\":\"WebSite\",\"@id\":\"https:\\\/\\\/www.apfelpatient.de\\\/#website\",\"url\":\"https:\\\/\\\/www.apfelpatient.de\\\/\",\"name\":\"Apfelpatient\",\"description\":\"Alles rund um Apple!\",\"publisher\":{\"@type\":\"Organization\",\"@id\":\"https:\\\/\\\/www.apfelpatient.de\\\/en\\\/#organization\",\"name\":\"Apfelpatient\",\"url\":\"https:\\\/\\\/www.apfelpatient.de\\\/en\\\/\"},\"alternateName\":\"Apfelpatient\",\"potentialAction\":[{\"@type\":\"SearchAction\",\"target\":{\"@type\":\"EntryPoint\",\"urlTemplate\":\"https:\\\/\\\/www.apfelpatient.de\\\/?s={search_term_string}\"},\"query-input\":{\"@type\":\"PropertyValueSpecification\",\"valueRequired\":true,\"valueName\":\"search_term_string\"}}],\"inLanguage\":\"en-US\"},{\"@type\":[\"Person\",\"Organization\"],\"@id\":\"https:\\\/\\\/www.apfelpatient.de\\\/#\\\/schema\\\/person\\\/7dc56ad6c8e9824b76d2c08d4c140e13\",\"name\":\"Milan\",\"logo\":{\"@id\":\"https:\\\/\\\/www.apfelpatient.de\\\/#\\\/schema\\\/person\\\/image\\\/\"},\"description\":\"Hallo und herzlich willkommen auf meinem Technik-Blog! Als gro\u00dfer Apple-Fan berichte ich hier \u00fcber alles, was mit Apple zu tun hat: von den neuesten News und spannenden Ger\u00fcchten \u00fcber hilfreiche Tipps und Tricks bis hin zu ausf\u00fchrlichen Produkttests. Wenn du genauso technikbegeistert bist wie ich, bist du hier genau richtig!\",\"sameAs\":[\"https:\\\/\\\/www.facebook.com\\\/apfelpatientOfficial\",\"https:\\\/\\\/www.linkedin.com\\\/in\\\/milan-jovicic-42aa0231b\"],\"url\":\"https:\\\/\\\/www.apfelpatient.de\\\/en\\\/author\\\/apfeladmin\"}]}<\/script>\n<!-- \/ Yoast SEO Premium plugin. -->","yoast_head_json":{"title":"iPad Pro 2020: Everything we know Apfelpatient","description":"Now let&#039;s move on to the topic of the fourth generation iPad Pro. Today we&#039;ll summarize all the rumors so far about Apple&#039;s next professional tablet.","robots":{"index":"index","follow":"follow","max-snippet":"max-snippet:-1","max-image-preview":"max-image-preview:large","max-video-preview":"max-video-preview:-1"},"canonical":"https:\/\/www.apfelpatient.de\/en\/generally\/ipad-pro-2020-everything-we-know","og_locale":"en_US","og_type":"article","og_title":"iPad Pro 2020: Alles was wir wissen","og_description":"Kommen wir nun zum Thema iPad Pro der vierten Generation. Heute fassen wir alle bisherigen Ger\u00fcchte rund um Apples n\u00e4chstes Profi-Tablet zusammen.","og_url":"https:\/\/www.apfelpatient.de\/en\/generally\/ipad-pro-2020-everything-we-know","og_site_name":"Apfelpatient","article_publisher":"https:\/\/www.facebook.com\/apfelpatientOfficial","article_author":"https:\/\/www.facebook.com\/apfelpatientOfficial","article_published_time":"2020-02-11T21:01:31+00:00","og_image":[{"width":1713,"height":966,"url":"https:\/\/www.apfelpatient.de\/wp-content\/uploads\/2018\/10\/iPad-Pro_hand-5mm_10302018.jpg","type":"image\/jpeg"}],"author":"Milan","twitter_card":"summary_large_image","twitter_description":"Kommen wir nun zum Thema iPad Pro der vierten Generation. Heute fassen wir alle bisherigen Ger\u00fcchte rund um Apples n\u00e4chstes Profi-Tablet zusammen.","twitter_misc":{"Written by":"Milan","Est. reading time":"5 minutes"},"schema":{"@context":"https:\/\/schema.org","@graph":[{"@type":"NewsArticle","@id":"https:\/\/www.apfelpatient.de\/allgemein\/ipad-pro-2020-alles-was-wir-wissen#article","isPartOf":{"@id":"https:\/\/www.apfelpatient.de\/allgemein\/ipad-pro-2020-alles-was-wir-wissen"},"author":{"@type":"Organization","@id":"https:\/\/www.apfelpatient.de\/en\/#organization","name":"Apfelpatient","url":"https:\/\/www.apfelpatient.de\/en\/"},"headline":"iPad Pro 2020: Alles was wir wissen","datePublished":"2020-02-11T21:01:31+00:00","mainEntityOfPage":{"@id":"https:\/\/www.apfelpatient.de\/allgemein\/ipad-pro-2020-alles-was-wir-wissen"},"wordCount":936,"publisher":{"@type":"Organization","@id":"https:\/\/www.apfelpatient.de\/en\/#organization","name":"Apfelpatient","url":"https:\/\/www.apfelpatient.de\/en\/"},"image":{"@id":"https:\/\/www.apfelpatient.de\/allgemein\/ipad-pro-2020-alles-was-wir-wissen#primaryimage"},"thumbnailUrl":"https:\/\/www.apfelpatient.de\/wp-content\/uploads\/2018\/10\/iPad-Pro_hand-5mm_10302018.jpg","keywords":["iPad","iPad Pro 2020"],"articleSection":"Allgemein","inLanguage":"en-US","copyrightYear":"2020","copyrightHolder":{"@id":"https:\/\/www.apfelpatient.de\/en\/#organization"}},{"@type":"WebPage","@id":"https:\/\/www.apfelpatient.de\/allgemein\/ipad-pro-2020-alles-was-wir-wissen","url":"https:\/\/www.apfelpatient.de\/allgemein\/ipad-pro-2020-alles-was-wir-wissen","name":"iPad Pro 2020: Everything we know Apfelpatient","isPartOf":{"@id":"https:\/\/www.apfelpatient.de\/#website"},"primaryImageOfPage":{"@id":"https:\/\/www.apfelpatient.de\/allgemein\/ipad-pro-2020-alles-was-wir-wissen#primaryimage"},"image":{"@id":"https:\/\/www.apfelpatient.de\/allgemein\/ipad-pro-2020-alles-was-wir-wissen#primaryimage"},"thumbnailUrl":"https:\/\/www.apfelpatient.de\/wp-content\/uploads\/2018\/10\/iPad-Pro_hand-5mm_10302018.jpg","datePublished":"2020-02-11T21:01:31+00:00","description":"Now let&#039;s move on to the topic of the fourth generation iPad Pro. Today we&#039;ll summarize all the rumors so far about Apple&#039;s next professional tablet.","breadcrumb":{"@id":"https:\/\/www.apfelpatient.de\/allgemein\/ipad-pro-2020-alles-was-wir-wissen#breadcrumb"},"inLanguage":"en-US","potentialAction":[{"@type":"ReadAction","target":["https:\/\/www.apfelpatient.de\/allgemein\/ipad-pro-2020-alles-was-wir-wissen"]}]},{"@type":"ImageObject","inLanguage":"en-US","@id":"https:\/\/www.apfelpatient.de\/allgemein\/ipad-pro-2020-alles-was-wir-wissen#primaryimage","url":"https:\/\/www.apfelpatient.de\/wp-content\/uploads\/2018\/10\/iPad-Pro_hand-5mm_10302018.jpg","contentUrl":"https:\/\/www.apfelpatient.de\/wp-content\/uploads\/2018\/10\/iPad-Pro_hand-5mm_10302018.jpg","width":1713,"height":966,"caption":"Bild: Apple"},{"@type":"BreadcrumbList","@id":"https:\/\/www.apfelpatient.de\/allgemein\/ipad-pro-2020-alles-was-wir-wissen#breadcrumb","itemListElement":[{"@type":"ListItem","position":1,"name":"Startseite","item":"https:\/\/www.apfelpatient.de\/"},{"@type":"ListItem","position":2,"name":"iPad Pro 2020: Alles was wir wissen"}]},{"@type":"WebSite","@id":"https:\/\/www.apfelpatient.de\/#website","url":"https:\/\/www.apfelpatient.de\/","name":"apple patient","description":"Everything about Apple!","publisher":{"@type":"Organization","@id":"https:\/\/www.apfelpatient.de\/en\/#organization","name":"Apfelpatient","url":"https:\/\/www.apfelpatient.de\/en\/"},"alternateName":"Apfelpatient","potentialAction":[{"@type":"SearchAction","target":{"@type":"EntryPoint","urlTemplate":"https:\/\/www.apfelpatient.de\/?s={search_term_string}"},"query-input":{"@type":"PropertyValueSpecification","valueRequired":true,"valueName":"search_term_string"}}],"inLanguage":"en-US"},{"@type":["Person","Organization"],"@id":"https:\/\/www.apfelpatient.de\/#\/schema\/person\/7dc56ad6c8e9824b76d2c08d4c140e13","name":"Milan","logo":{"@id":"https:\/\/www.apfelpatient.de\/#\/schema\/person\/image\/"},"description":"Hello and welcome to my technology blog! As a big Apple fan, I report on everything to do with Apple: from the latest news and exciting rumors to helpful tips and tricks and detailed product tests. If you are as enthusiastic about technology as I am, you have come to the right place!","sameAs":["https:\/\/www.facebook.com\/apfelpatientOfficial","https:\/\/www.linkedin.com\/in\/milan-jovicic-42aa0231b"],"url":"https:\/\/www.apfelpatient.de\/en\/author\/apfeladmin"}]}},"_links":{"self":[{"href":"https:\/\/www.apfelpatient.de\/en\/wp-json\/wp\/v2\/posts\/10054","targetHints":{"allow":["GET"]}}],"collection":[{"href":"https:\/\/www.apfelpatient.de\/en\/wp-json\/wp\/v2\/posts"}],"about":[{"href":"https:\/\/www.apfelpatient.de\/en\/wp-json\/wp\/v2\/types\/post"}],"author":[{"embeddable":true,"href":"https:\/\/www.apfelpatient.de\/en\/wp-json\/wp\/v2\/users\/2"}],"replies":[{"embeddable":true,"href":"https:\/\/www.apfelpatient.de\/en\/wp-json\/wp\/v2\/comments?post=10054"}],"version-history":[{"count":0,"href":"https:\/\/www.apfelpatient.de\/en\/wp-json\/wp\/v2\/posts\/10054\/revisions"}],"wp:featuredmedia":[{"embeddable":true,"href":"https:\/\/www.apfelpatient.de\/en\/wp-json\/wp\/v2\/media\/2476"}],"wp:attachment":[{"href":"https:\/\/www.apfelpatient.de\/en\/wp-json\/wp\/v2\/media?parent=10054"}],"wp:term":[{"taxonomy":"category","embeddable":true,"href":"https:\/\/www.apfelpatient.de\/en\/wp-json\/wp\/v2\/categories?post=10054"},{"taxonomy":"post_tag","embeddable":true,"href":"https:\/\/www.apfelpatient.de\/en\/wp-json\/wp\/v2\/tags?post=10054"}],"curies":[{"name":"wp","href":"https:\/\/api.w.org\/{rel}","templated":true}]}}